{"id":1011,"date":"2004-05-07T15:00:00","date_gmt":"2004-05-07T14:00:00","guid":{"rendered":"http:\/\/kotrla.com\/wordpress\/?p=1011"},"modified":"2019-11-24T18:28:50","modified_gmt":"2019-11-24T17:28:50","slug":"lidozrouti-z-obchodaku","status":"publish","type":"post","link":"https:\/\/kotrla.com\/pmpro\/2004\/05\/lidozrouti-z-obchodaku\/","title":{"rendered":"Lido\u017erouti z Obcho\u010f\u00e1ku"},"content":{"rendered":"<p><img loading=\"lazy\" decoding=\"async\" src=\"https:\/\/kotrla.com\/pmpro\/images\/uploads\/lidozrouti_z_obchodnaku.jpg\" border=\"0\" alt=\"image\" name=\"image\" width=\"150\" height=\"239\" align=\"left\" \/>&nbsp; <\/p>\n<p>\u010ctu a je to radost! Kone\u010dn\u011b jsem se do\u010dkal prvn\u00edho p\u0159\u00edb\u011bhu <b>Daniela Pennaca<\/b> z \u0159ady s ob\u011btn\u00edm ber\u00e1nkem Benjaminem Mallauss\u00e9nem v hlavn\u00ed roli. Po cenami ov\u011bn\u010den\u00fdch pr\u00f3z\u00e1ch <i>Sudi\u010dka pistolnice<\/i> a <i>Obchodnice s pr\u00f3zou<\/i>, se tak kone\u010dn\u011b dostalo na nem\u00e9n\u011b \u00fasp\u011b\u0161n\u00e9 <i>Lido\u017erouty z obcho\u010f\u00e1ku<\/i> (<a href=\"http:\/\/www.mf.cz\">MF<\/a>), kte\u0159\u00ed st\u00e1li na po\u010d\u00e1tku tohoto cyklu.<br \/>\nKnihy sice vy\u0161ly v edici <i>Detektivka<\/i>, ale Pennacovy pr\u00f3zy tento \u017e\u00e1nr p\u0159esahuj\u00ed. Rozhodn\u011b doporu\u010duji k p\u0159e\u010dten\u00ed. MF pr\u00fd t\u00e9\u017e p\u0159ipravuje k vyd\u00e1n\u00ed autorovu knihu o \u010dten\u00ed <\/p>\n<p>Odkazy:<br \/>\n<a href=\"https:\/\/web.archive.org\/web\/20111026211826\/http:\/\/www.terresdecrivains.com\/article.php3?id_article=154\">http:\/\/www.terresdecrivains.com\/article.php3?id_article=154<\/a><br \/>\n<a href=\"http:\/\/www.iliteratura.cz\/clanek.asp%3FpolozkaID%3D13475\">http:\/\/www.iliteratura.cz\/clanek.asp?polozkaID=13475<\/a><br \/>\n<a href=\"https:\/\/web.archive.org\/web\/20051026215341\/http:\/\/www.renaultrevue.cz:80\/clanek.php?di=459\">http:\/\/www.renaultrevue.cz\/clanek.php?di=459<\/a><\/p>\n","protected":false},"excerpt":{"rendered":"<p>&nbsp; \u010ctu a je to radost! Kone\u010dn\u011b jsem se do\u010dkal prvn\u00edho p\u0159\u00edb\u011bhu Daniela Pennaca z \u0159ady s ob\u011btn\u00edm ber\u00e1nkem Benjaminem Mallauss\u00e9nem v hlavn\u00ed roli. Po cenami ov\u011bn\u010den\u00fdch pr\u00f3z\u00e1ch Sudi\u010dka pistolnice a Obchodnice s pr\u00f3zou, se tak kone\u010dn\u011b dostalo na nem\u00e9n\u011b \u00fasp\u011b\u0161n\u00e9 Lido\u017erouty z obcho\u010f\u00e1ku (MF), kte\u0159\u00ed st\u00e1li na po\u010d\u00e1tku tohoto cyklu. Knihy sice vy\u0161ly v [&hellip;]<\/p>\n","protected":false},"author":1,"featured_media":0,"comment_status":"open","ping_status":"open","sticky":false,"template":"","format":"standard","meta":{"site-sidebar-layout":"default","site-content-layout":"","ast-site-content-layout":"default","site-content-style":"default","site-sidebar-style":"default","ast-global-header-display":"","ast-banner-title-visibility":"","ast-main-header-display":"","ast-hfb-above-header-display":"","ast-hfb-below-header-display":"","ast-hfb-mobile-header-display":"","site-post-title":"","ast-breadcrumbs-content":"","ast-featured-img":"","footer-sml-layout":"","ast-disable-related-posts":"","theme-transparent-header-meta":"","adv-header-id-meta":"","stick-header-meta":"","header-above-stick-meta":"","header-main-stick-meta":"","header-below-stick-meta":"","astra-migrate-meta-layouts":"default","ast-page-background-enabled":"default","ast-page-background-meta":{"desktop":{"background-color":"var(--ast-global-color-5)","background-image":"","background-repeat":"repeat","background-position":"center center","background-size":"auto","background-attachment":"scroll","background-type":"","background-media":"","overlay-type":"","overlay-color":"","overlay-opacity":"","overlay-gradient":""},"tablet":{"background-color":"","background-image":"","background-repeat":"repeat","background-position":"center center","background-size":"auto","background-attachment":"scroll","background-type":"","background-media":"","overlay-type":"","overlay-color":"","overlay-opacity":"","overlay-gradient":""},"mobile":{"background-color":"","background-image":"","background-repeat":"repeat","background-position":"center center","background-size":"auto","background-attachment":"scroll","background-type":"","background-media":"","overlay-type":"","overlay-color":"","overlay-opacity":"","overlay-gradient":""}},"ast-content-background-meta":{"desktop":{"background-color":"var(--ast-global-color-4)","background-image":"","background-repeat":"repeat","background-position":"center center","background-size":"auto","background-attachment":"scroll","background-type":"","background-media":"","overlay-type":"","overlay-color":"","overlay-opacity":"","overlay-gradient":""},"tablet":{"background-color":"var(--ast-global-color-4)","background-image":"","background-repeat":"repeat","background-position":"center center","background-size":"auto","background-attachment":"scroll","background-type":"","background-media":"","overlay-type":"","overlay-color":"","overlay-opacity":"","overlay-gradient":""},"mobile":{"background-color":"var(--ast-global-color-4)","background-image":"","background-repeat":"repeat","background-position":"center center","background-size":"auto","background-attachment":"scroll","background-type":"","background-media":"","overlay-type":"","overlay-color":"","overlay-opacity":"","overlay-gradient":""}},"jetpack_post_was_ever_published":false,"_jetpack_newsletter_access":"","_jetpack_dont_email_post_to_subs":false,"_jetpack_newsletter_tier_id":0,"_jetpack_memberships_contains_paywalled_content":false,"_jetpack_memberships_contains_paid_content":false,"footnotes":""},"categories":[1],"tags":[],"class_list":["post-1011","post","type-post","status-publish","format-standard","hentry","category-nezarazene"],"jetpack_featured_media_url":"","jetpack_shortlink":"https:\/\/wp.me\/p4mLP7-gj","jetpack-related-posts":[{"id":1378,"url":"https:\/\/kotrla.com\/pmpro\/2003\/03\/korespondence-bedricha-fucika-a-mojmira-travnicka\/","url_meta":{"origin":1011,"position":0},"title":"Korespondence Bed\u0159icha Fu\u010d\u00edka a Mojm\u00edra Tr\u00e1vn\u00ed\u010dka","author":"Pavel Kotrla","date":"31.3.2003","format":false,"excerpt":"Tak se ke mn\u011b v p\u00e1tek kone\u010dn\u011b dostala dlouho o\u010dek\u00e1van\u00e1 kniha: Listovn\u00ed p\u0159\u00edle\u017eitosti (Dopisy Bed\u0159icha Fu\u010d\u00edka Mojm\u00edru Tr\u00e1vn\u00ed\u010dkovi), kterou jako svou p\u00e1tou p\u0159\u00edlohu vydala olomouck\u00e1 Aluze. Knihu edi\u010dn\u011b p\u0159ipravil Ji\u0159\u00ed Hrabal a najdete v n\u00ed dopisy z let 1969 \u2013 1984, kter\u00e9 jsou z velk\u00e9 \u010d\u00e1sti pracovn\u00edmi z\u00e1znamy zachycuj\u00edc\u00edmi vznik\u2026","rel":"","context":"V \u201eNeza\u0159azen\u00e9\u201c","block_context":{"text":"Neza\u0159azen\u00e9","link":"https:\/\/kotrla.com\/pmpro\/category\/nezarazene\/"},"img":{"alt_text":"J. Hrabal a M. Tr\u00e1vn\u00ed\u010dek","src":"https:\/\/i0.wp.com\/kotrla.com\/pmpro\/images\/uploads\/hrabal_travnicek.jpg?resize=350%2C200&ssl=1","width":350,"height":200},"classes":[]},{"id":68,"url":"https:\/\/kotrla.com\/pmpro\/2012\/12\/tvar-ma-novy-i-tvar\/","url_meta":{"origin":1011,"position":1},"title":"Tvar m\u00e1 nov\u00fd i-tvar","author":"Pavel Kotrla","date":"2.12.2012","format":false,"excerpt":"ps\u00e1no pro Host 03\/2012; od naps\u00e1n\u00ed a zve\u0159ejn\u011bn\u00ed sloupku n\u011bjak\u00fd ten \u010das ub\u011bhl a str\u00e1nky se i d\u00e1le m\u011bnily a snad i m\u011bn\u00ed k lep\u0161\u00edmu, uvid\u00edme, kam se posunou s obm\u011bn\u011bnou redakc\u00ed Pokud sv\u00e9 internetov\u00e9 str\u00e1nky inovuje periodikum, kter\u00e9 se \u0159ad\u00ed (chce b\u00fdt \u0159azeno) k tiskovin\u00e1m v oboru k nejpresti\u017en\u011bj\u0161\u00edm,\u2026","rel":"","context":"V \u201eInternet\u201c","block_context":{"text":"Internet","link":"https:\/\/kotrla.com\/pmpro\/category\/internet\/"},"img":{"alt_text":"image","src":"https:\/\/i0.wp.com\/kotrla.com\/pmpro\/images\/uploads\/i-tvar.jpg?resize=350%2C200&ssl=1","width":350,"height":200},"classes":[]},{"id":122,"url":"https:\/\/kotrla.com\/pmpro\/2011\/12\/preklady-z-tabora-2011\/","url_meta":{"origin":1011,"position":2},"title":"P\u0159eklady z t\u00e1bora 2011","author":"Pavel Kotrla","date":"27.12.2011","format":false,"excerpt":"P\u0159edchoz\u00ed p\u0159\u00edsp\u011bvek mi p\u0159ipomenul jeden rest. \u00da\u010dastn\u00edci na\u0161eho p\u0159ekladatelsk\u00e9ho t\u00e1bora se tr\u00e1pili s pr\u00f3zami Poh\u00e1dka Bohuslava Reynka a Denatur Jana Balab\u00e1na. Tak\u017ee kone\u010dn\u011b. \u010c\u00e1st p\u0159eklad\u016f \u00fa\u010dastn\u00edk\u016f je k nalezen\u00ed na adrese: http:\/\/prekladatelskytabor.kotrla.com\/2011_prace.php","rel":"","context":"V \u201eLiteratura\u201c","block_context":{"text":"Literatura","link":"https:\/\/kotrla.com\/pmpro\/category\/literatura\/"},"img":{"alt_text":"","src":"","width":0,"height":0},"classes":[]},{"id":327,"url":"https:\/\/kotrla.com\/pmpro\/2008\/09\/kniha-k-700-vyroci-od-prvni-pisemne-zminky-o-vsetinu\/","url_meta":{"origin":1011,"position":3},"title":"Kniha k 700. v\u00fdro\u010d\u00ed od prvn\u00ed p\u00edsemn\u00e9 zm\u00ednky o Vset\u00ednu","author":"Pavel Kotrla","date":"11.9.2008","format":false,"excerpt":"Tak v\u010dera byla data kone\u010dn\u011b odesl\u00e1na do tisk\u00e1rny. O jednu no\u010dn\u00ed m\u016fru m\u00ed\u0148. V\u00edce informac\u00ed najdete ve zpr\u00e1v\u011b: Chystaj\u00ed se edice unik\u00e1tn\u00edch knih o Vset\u00ednu. Jako jeden z redaktor\u016f a spoluautor\u016f fotografi\u00ed jen dopl\u0148uji, \u017ee obs\u00e1hlej\u0161\u00ed kniha o historii tohoto m\u011bsta dosud nevznikla. Fotografie n\u011bkter\u00fdch z autor\u016f fotografi\u00ed v knize\u2026","rel":"","context":"V \u201eFotografie\u201c","block_context":{"text":"Fotografie","link":"https:\/\/kotrla.com\/pmpro\/category\/fotografie\/"},"img":{"alt_text":"image","src":"https:\/\/i0.wp.com\/kotrla.com\/pmpro\/images\/uploads\/vs_od_mostu.jpg?resize=350%2C200&ssl=1","width":350,"height":200},"classes":[]},{"id":908,"url":"https:\/\/kotrla.com\/pmpro\/2004\/10\/kdo-je-autorem-nasledujicich-versu-57\/","url_meta":{"origin":1011,"position":4},"title":"Kdo je autorem n\u00e1sleduj\u00edc\u00edch ver\u0161\u016f? (57)","author":"Pavel Kotrla","date":"4.10.2004","format":false,"excerpt":"Pond\u011bln\u00ed ot\u00e1zka: Kdo je autorem n\u00e1sleduj\u00edc\u00edho textu? *** Kdo se nech\u00e1v\u00e1 omezovat klenbou miluje prostor Na po\u010d\u00e1tku rakev pln\u00e1 star\u00fdch map schematick\u00fdch n\u00e1\u010drt\u016f du\u0161\u00ed fialov\u00fdch krys a n\u00e1kresu \u017e\u00e1rovi\u0161t\u011b v oku divok\u00e9 ko\u010dky vyzvednut\u00e1 z krypty rozdycht\u011bn\u00fdmi exhum\u00e1tory Stovky oslepl\u00fdch pokus\u016f p\u0159i hled\u00e1n\u00ed lebkose\u010dky ruce pono\u0159en\u00e9 v d\u00e1vn\u00fdch oce\u00e1nech a\u2026","rel":"","context":"V \u201eKdo je autorem?\u201c","block_context":{"text":"Kdo je autorem?","link":"https:\/\/kotrla.com\/pmpro\/category\/kdo-je-autorem\/"},"img":{"alt_text":"","src":"","width":0,"height":0},"classes":[]},{"id":1268,"url":"https:\/\/kotrla.com\/pmpro\/2003\/08\/z-rusofilova-koutku-2\/","url_meta":{"origin":1011,"position":5},"title":"Z rusofilova koutku","author":"Pavel Kotrla","date":"8.8.2003","format":false,"excerpt":"Kupodivu jsem ve Vala\u0161skomezi\u0159\u00ed\u010dsk\u00e9m knihkupectv\u00ed narazil na rom\u00e1n Milana Kundery Nesnesiteln\u00e1 lehkost byt\u00ed. Jasn\u011b, \u017ee ne v \u010de\u0161tin\u011b. Toho se snad ani nedo\u010dk\u00e1me. Ale v ru\u0161tin\u011b. Vydala Azbooka. Taky jsem kone\u010dn\u011b narazil na \u010cesko-rusk\u00fd frazeologick\u00fd slovn\u00edk (nakl. Univerzita Palack\u00e9ho, Olomouc). A\u0165 \u017eije chaotick\u00e1 kni\u017en\u00ed distribuce, v Ro\u017enov\u011b a na Vset\u00edn\u011b\u2026","rel":"","context":"V \u201eNeza\u0159azen\u00e9\u201c","block_context":{"text":"Neza\u0159azen\u00e9","link":"https:\/\/kotrla.com\/pmpro\/category\/nezarazene\/"},"img":{"alt_text":"","src":"","width":0,"height":0},"classes":[]}],"jetpack_sharing_enabled":true,"_links":{"self":[{"href":"https:\/\/kotrla.com\/pmpro\/wp-json\/wp\/v2\/posts\/1011","targetHints":{"allow":["GET"]}}],"collection":[{"href":"https:\/\/kotrla.com\/pmpro\/wp-json\/wp\/v2\/posts"}],"about":[{"href":"https:\/\/kotrla.com\/pmpro\/wp-json\/wp\/v2\/types\/post"}],"author":[{"embeddable":true,"href":"https:\/\/kotrla.com\/pmpro\/wp-json\/wp\/v2\/users\/1"}],"replies":[{"embeddable":true,"href":"https:\/\/kotrla.com\/pmpro\/wp-json\/wp\/v2\/comments?post=1011"}],"version-history":[{"count":0,"href":"https:\/\/kotrla.com\/pmpro\/wp-json\/wp\/v2\/posts\/1011\/revisions"}],"wp:attachment":[{"href":"https:\/\/kotrla.com\/pmpro\/wp-json\/wp\/v2\/media?parent=1011"}],"wp:term":[{"taxonomy":"category","embeddable":true,"href":"https:\/\/kotrla.com\/pmpro\/wp-json\/wp\/v2\/categories?post=1011"},{"taxonomy":"post_tag","embeddable":true,"href":"https:\/\/kotrla.com\/pmpro\/wp-json\/wp\/v2\/tags?post=1011"}],"curies":[{"name":"wp","href":"https:\/\/api.w.org\/{rel}","templated":true}]}}