{"id":1053,"date":"2004-03-14T01:01:00","date_gmt":"2004-03-14T00:01:00","guid":{"rendered":"http:\/\/kotrla.com\/wordpress\/?p=1053"},"modified":"2019-11-20T22:26:29","modified_gmt":"2019-11-20T21:26:29","slug":"stari-dobri-frantisek-hrubin-xxix","status":"publish","type":"post","link":"https:\/\/kotrla.com\/pmpro\/2004\/03\/stari-dobri-frantisek-hrubin-xxix\/","title":{"rendered":"STA\u0158\u00cd DOB\u0158\u00cd: Franti\u0161ek Hrub\u00edn (XXIX.)"},"content":{"rendered":"<p><b>Hiro\u0161ima: Prolog<\/b><\/p>\n<pre>Sly\u0161\u00edm, jak star\u00fd sv\u011bt se rozpad\u00e1.\nJdu jeho noc\u00ed, v\u011brn\u00fd ponocn\u00fd.\nA p\u0159ed hluch\u00fdmi domy kladu k \u00fast\u016fm\nsv\u016fj n\u011bm\u00fd roh.\n\u00d3, zm\u011b\u0148 se v jasn\u00e9 zvuky\nt\u0159e\u0161tiv\u00e9, srdnat\u00e9 - ty n\u011bmoto\nm\u00fdch slok, \u00f3, zm\u011b\u0148 se tam&#8230;tam, kde je z\u00edtra!\nChv\u00edlemi mnou ji\u017e prosvit\u00e1. A p\u0159ece\nTo Za Mnou je\u0161t\u011b potm\u011b \u010dte\u0161,\nv\u010derej\u0161\u00ed bezdomov\u010de, robotn\u00edku.\nK\u00e9\u017e tak\u00e9 j\u00e1 jsem z\u00edt\u0159ej\u0161\u00ed\na s d\u011btmi sv\u00fdmi slabikuji:\nTen-kr\u00e1t&#8230;<\/pre>\n","protected":false},"excerpt":{"rendered":"<p>Hiro\u0161ima: Prolog Sly\u0161\u00edm, jak star\u00fd sv\u011bt se rozpad\u00e1. Jdu jeho noc\u00ed, v\u011brn\u00fd ponocn\u00fd. A p\u0159ed hluch\u00fdmi domy kladu k \u00fast\u016fm sv\u016fj n\u011bm\u00fd roh. \u00d3, zm\u011b\u0148 se v jasn\u00e9 zvuky t\u0159e\u0161tiv\u00e9, srdnat\u00e9 &#8211; ty n\u011bmoto m\u00fdch slok, \u00f3, zm\u011b\u0148 se tam&#8230;tam, kde je z\u00edtra! Chv\u00edlemi mnou ji\u017e prosvit\u00e1. A p\u0159ece To Za Mnou je\u0161t\u011b potm\u011b \u010dte\u0161, [&hellip;]<\/p>\n","protected":false},"author":1,"featured_media":0,"comment_status":"open","ping_status":"open","sticky":false,"template":"","format":"standard","meta":{"site-sidebar-layout":"default","site-content-layout":"","ast-site-content-layout":"default","site-content-style":"default","site-sidebar-style":"default","ast-global-header-display":"","ast-banner-title-visibility":"","ast-main-header-display":"","ast-hfb-above-header-display":"","ast-hfb-below-header-display":"","ast-hfb-mobile-header-display":"","site-post-title":"","ast-breadcrumbs-content":"","ast-featured-img":"","footer-sml-layout":"","ast-disable-related-posts":"","theme-transparent-header-meta":"","adv-header-id-meta":"","stick-header-meta":"","header-above-stick-meta":"","header-main-stick-meta":"","header-below-stick-meta":"","astra-migrate-meta-layouts":"default","ast-page-background-enabled":"default","ast-page-background-meta":{"desktop":{"background-color":"var(--ast-global-color-5)","background-image":"","background-repeat":"repeat","background-position":"center center","background-size":"auto","background-attachment":"scroll","background-type":"","background-media":"","overlay-type":"","overlay-color":"","overlay-opacity":"","overlay-gradient":""},"tablet":{"background-color":"","background-image":"","background-repeat":"repeat","background-position":"center center","background-size":"auto","background-attachment":"scroll","background-type":"","background-media":"","overlay-type":"","overlay-color":"","overlay-opacity":"","overlay-gradient":""},"mobile":{"background-color":"","background-image":"","background-repeat":"repeat","background-position":"center center","background-size":"auto","background-attachment":"scroll","background-type":"","background-media":"","overlay-type":"","overlay-color":"","overlay-opacity":"","overlay-gradient":""}},"ast-content-background-meta":{"desktop":{"background-color":"var(--ast-global-color-4)","background-image":"","background-repeat":"repeat","background-position":"center center","background-size":"auto","background-attachment":"scroll","background-type":"","background-media":"","overlay-type":"","overlay-color":"","overlay-opacity":"","overlay-gradient":""},"tablet":{"background-color":"var(--ast-global-color-4)","background-image":"","background-repeat":"repeat","background-position":"center center","background-size":"auto","background-attachment":"scroll","background-type":"","background-media":"","overlay-type":"","overlay-color":"","overlay-opacity":"","overlay-gradient":""},"mobile":{"background-color":"var(--ast-global-color-4)","background-image":"","background-repeat":"repeat","background-position":"center center","background-size":"auto","background-attachment":"scroll","background-type":"","background-media":"","overlay-type":"","overlay-color":"","overlay-opacity":"","overlay-gradient":""}},"jetpack_post_was_ever_published":false,"_jetpack_newsletter_access":"","_jetpack_dont_email_post_to_subs":false,"_jetpack_newsletter_tier_id":0,"_jetpack_memberships_contains_paywalled_content":false,"_jetpack_memberships_contains_paid_content":false,"footnotes":""},"categories":[8],"tags":[],"class_list":["post-1053","post","type-post","status-publish","format-standard","hentry","category-stari-dobri"],"jetpack_featured_media_url":"","jetpack_shortlink":"https:\/\/wp.me\/p4mLP7-gZ","jetpack-related-posts":[{"id":1015,"url":"https:\/\/kotrla.com\/pmpro\/2004\/05\/stari-dobri-alexandr-blok-xxxvi\/","url_meta":{"origin":1053,"position":0},"title":"STA\u0158\u00cd DOB\u0158\u00cd: Alexandr Blok (XXXVI.)","author":"Pavel Kotrla","date":"2.5.2004","format":false,"excerpt":"St\u00edn Alexandra Bloka bloudil mezi n\u00e1mi\u2026 Jak divn\u00e9, \u017ee tomuto prastar\u00e9mu \u010dlov\u011bku a v\u011b\u010dn\u00e9mu hleda\u010di, kdy\u017e zem\u0159el, bylo jen \u010dty\u0159icet jedna let Franti\u0161ek Halas (*1880 - \u20201921) ST\u00cdN My dva jsme chod\u00edvali kamsi tam \u2013 po m\u011bstech \u2013 v oknech bled\u00ed lid\u00e9 byli. J\u00e1 kr\u00e1\u010del vp\u0159edu, za mnou on, on\u2026","rel":"","context":"V \u201eSta\u0159\u00ed dob\u0159\u00ed\u201c","block_context":{"text":"Sta\u0159\u00ed dob\u0159\u00ed","link":"https:\/\/kotrla.com\/pmpro\/category\/stari-dobri\/"},"img":{"alt_text":"","src":"","width":0,"height":0},"classes":[]},{"id":1005,"url":"https:\/\/kotrla.com\/pmpro\/2004\/05\/stari-dobri-sandro-penna-xxxviii\/","url_meta":{"origin":1053,"position":1},"title":"STA\u0158\u00cd DOB\u0158\u00cd: Sandro Penna (XXXVIII.)","author":"Pavel Kotrla","date":"16.5.2004","format":false,"excerpt":"Ver\u0161e tohoto b\u00e1sn\u00edka (1906 - 1977) pat\u0159\u00ed k tomu nejlep\u0161\u00edmu, co nab\u00edz\u00ed italsk\u00e1 poezie minul\u00e9ho stolet\u00ed. VENKOVSK\u00dd H\u0158BITOV Uprost\u0159ed radosti cvr\u010dk\u016f temn\u00e9 pochodn\u011b. A naho\u0159e hv\u011bzdy. V mlad\u00e9m srdci odpo\u010dat\u00fd v\u00edtr slune\u010dn\u00edch \u010din\u016f dne. Ale jak\u00e1si t\u00edse\u0148 u\u017e kal\u00ed sm\u011bj\u00edc\u00ed se o\u010di chlapci, jen\u017e p\u0159i\u0161el z radosti se mnou. z\u2026","rel":"","context":"V \u201eSta\u0159\u00ed dob\u0159\u00ed\u201c","block_context":{"text":"Sta\u0159\u00ed dob\u0159\u00ed","link":"https:\/\/kotrla.com\/pmpro\/category\/stari-dobri\/"},"img":{"alt_text":"","src":"","width":0,"height":0},"classes":[]},{"id":1156,"url":"https:\/\/kotrla.com\/pmpro\/2003\/11\/stari-dobri-czeslaw-milosz-xiv\/","url_meta":{"origin":1053,"position":2},"title":"STA\u0158\u00cd DOB\u0158\u00cd: Czes\u0142aw Mi\u0142osz (XIV.)","author":"Pavel Kotrla","date":"23.11.2003","format":false,"excerpt":"M\u00e1m r\u00e1d ver\u0161e tohoto barda polsk\u00e9 poezie, jinak dr\u017eitele Nobelovy ceny. Drze jsem se kdysi pokusil se svou mizernou znalost\u00ed pol\u0161tiny o p\u0159eklad n\u00ed\u017ee uveden\u00e9 b\u00e1sn\u011b. Zde je ale v p\u0159ekladu Vlasty Dvo\u0159\u00e1\u010dkov\u00e9, kter\u00fd najdete v odeonsk\u00e9m v\u00fdboru Mapa \u010dasu z roku 1990. TAK M\u00c1LO Tak m\u00e1lo jsem \u0159ekl, kr\u00e1tk\u00e9\u2026","rel":"","context":"V \u201eSta\u0159\u00ed dob\u0159\u00ed\u201c","block_context":{"text":"Sta\u0159\u00ed dob\u0159\u00ed","link":"https:\/\/kotrla.com\/pmpro\/category\/stari-dobri\/"},"img":{"alt_text":"","src":"","width":0,"height":0},"classes":[]},{"id":1235,"url":"https:\/\/kotrla.com\/pmpro\/2003\/09\/stari-dobri-vratislav-effenberger-iv\/","url_meta":{"origin":1053,"position":3},"title":"STA\u0158\u00cd DOB\u0158\u00cd: Vratislav Effenberger (IV.)","author":"Pavel Kotrla","date":"7.9.2003","format":false,"excerpt":"Marn\u011b \u010dek\u00e1m, kdy se objev\u00ed na kni\u017en\u00edch pultech b\u00e1sn\u011b Vratislava Effenbergera (1923 - 1986), jednoho z nejv\u00fdrazn\u011bj\u0161\u00edch z\u00e1stupc\u016f \u010desk\u00e9ho pov\u00e1le\u010dn\u00e9ho surrealismu. Dramatick\u00e9, prozaick\u00e9 i teoretick\u00e9 texty vy\u0161ly. Mo\u017en\u00e1 ne kompletn\u00ed, ale p\u0159ece. Na mysli m\u00e1m ofici\u00e1ln\u00ed nakladatelstv\u00ed. U poezie jsme odk\u00e1z\u00e1ni na exilov\u00fd v\u00fdbor Lov na \u010dern\u00e9ho \u017eraloka z roku\u2026","rel":"","context":"V \u201eSta\u0159\u00ed dob\u0159\u00ed\u201c","block_context":{"text":"Sta\u0159\u00ed dob\u0159\u00ed","link":"https:\/\/kotrla.com\/pmpro\/category\/stari-dobri\/"},"img":{"alt_text":"","src":"","width":0,"height":0},"classes":[]},{"id":1127,"url":"https:\/\/kotrla.com\/pmpro\/2003\/12\/stari-dobri-vitezslav-nezval-xviii\/","url_meta":{"origin":1053,"position":4},"title":"STA\u0158\u00cd DOB\u0158\u00cd: V\u00edt\u011bzslav Nezval (XVIII.)","author":"Pavel Kotrla","date":"21.12.2003","format":false,"excerpt":"M\u00e1m r\u00e1d tohoto b\u00e1sn\u00edka. Spousta jeho poezie sice \u010dasem notn\u011b zastarala, ale i tak se v jeho rozs\u00e1hl\u00e9m d\u00edle d\u00e1 narazit na mnoh\u00e9 p\u0159ekvapen\u00ed. B\u00e1se\u0148 je citov\u00e1na podle III. svazku D\u00edla (1951), odd\u00edl\/sb\u00edrka Hra v kostky (1927-1928). Kdysi jsem cht\u011bl vlastnit v\u0161echny svazky, ale n\u011bkde po dvac\u00e1t\u00e9m jsem to vzdal.\u2026","rel":"","context":"V \u201eSta\u0159\u00ed dob\u0159\u00ed\u201c","block_context":{"text":"Sta\u0159\u00ed dob\u0159\u00ed","link":"https:\/\/kotrla.com\/pmpro\/category\/stari-dobri\/"},"img":{"alt_text":"","src":"","width":0,"height":0},"classes":[]},{"id":1117,"url":"https:\/\/kotrla.com\/pmpro\/2004\/01\/stari-dobri-jorge-luis-borges-xx\/","url_meta":{"origin":1053,"position":5},"title":"STA\u0158\u00cd DOB\u0158\u00cd: Jorge Luis Borges (XX.)","author":"Pavel Kotrla","date":"4.1.2004","format":false,"excerpt":"Tak u tohoto autora mne mrz\u00ed, \u017ee nevlastn\u00edm \u017e\u00e1dnou knihu jeho poezie. Nikde jsem na ni nenarazil a ani nev\u00edm, zda v\u016fbec \u010desky vy\u0161la. V\u00edm ale, \u017ee jeho b\u00e1sn\u011b a eseje vych\u00e1zely ve Sv\u011btov\u00e9 literatu\u0159e. CHV\u00c1ST\u00c1N\u00cd TICHA Sv\u011bteln\u00e9 p\u00edsmo \u00fato\u010d\u00ed na st\u00edn, z\u00e1zra\u010dn\u011bj\u0161\u00ed ne\u017eli meteory. Vysok\u00e9, nerozeznateln\u00e9 m\u011bsto se zv\u011bt\u0161uje\u2026","rel":"","context":"V \u201eSta\u0159\u00ed dob\u0159\u00ed\u201c","block_context":{"text":"Sta\u0159\u00ed dob\u0159\u00ed","link":"https:\/\/kotrla.com\/pmpro\/category\/stari-dobri\/"},"img":{"alt_text":"","src":"","width":0,"height":0},"classes":[]}],"jetpack_sharing_enabled":true,"_links":{"self":[{"href":"https:\/\/kotrla.com\/pmpro\/wp-json\/wp\/v2\/posts\/1053","targetHints":{"allow":["GET"]}}],"collection":[{"href":"https:\/\/kotrla.com\/pmpro\/wp-json\/wp\/v2\/posts"}],"about":[{"href":"https:\/\/kotrla.com\/pmpro\/wp-json\/wp\/v2\/types\/post"}],"author":[{"embeddable":true,"href":"https:\/\/kotrla.com\/pmpro\/wp-json\/wp\/v2\/users\/1"}],"replies":[{"embeddable":true,"href":"https:\/\/kotrla.com\/pmpro\/wp-json\/wp\/v2\/comments?post=1053"}],"version-history":[{"count":0,"href":"https:\/\/kotrla.com\/pmpro\/wp-json\/wp\/v2\/posts\/1053\/revisions"}],"wp:attachment":[{"href":"https:\/\/kotrla.com\/pmpro\/wp-json\/wp\/v2\/media?parent=1053"}],"wp:term":[{"taxonomy":"category","embeddable":true,"href":"https:\/\/kotrla.com\/pmpro\/wp-json\/wp\/v2\/categories?post=1053"},{"taxonomy":"post_tag","embeddable":true,"href":"https:\/\/kotrla.com\/pmpro\/wp-json\/wp\/v2\/tags?post=1053"}],"curies":[{"name":"wp","href":"https:\/\/api.w.org\/{rel}","templated":true}]}}