{"id":1054,"date":"2004-03-13T20:25:14","date_gmt":"2004-03-13T19:25:14","guid":{"rendered":"http:\/\/kotrla.com\/wordpress\/?p=1054"},"modified":"2019-11-30T10:02:17","modified_gmt":"2019-11-30T09:02:17","slug":"mandrake-10-community-aneb-hraji-si-a-jsem-neverny-literature","status":"publish","type":"post","link":"https:\/\/kotrla.com\/pmpro\/2004\/03\/mandrake-10-community-aneb-hraji-si-a-jsem-neverny-literature\/","title":{"rendered":"Mandrake 10 Community aneb Hraji si a jsem nev\u011brn\u00fd literatu\u0159e"},"content":{"rendered":"<p>Tento t\u00fdden jsem byl literatu\u0159e celkem nev\u011brn\u00fd. Hned v pond\u011bl\u00ed to za\u010dalo t\u00edm, \u017ee jsem doma zkou\u0161el live CD s <b>FreeBSD<\/b>. Pod grafick\u00fdm povrchem se asi skr\u00fdv\u00e1 proti <b>Linuxu<\/b> hodn\u011b zm\u011bn, ostatn\u011b se o nich lze do\u010d\u00edst v cyklu \u010dl\u00e1nk\u016f na <a href=\"http:\/\/root.cz\">Root.cz<\/a>, ale vzhledem k tomu, \u017ee CD obsahovalo <a href=\"http:\/\/kde.org\">KDE 3.2<\/a>, tak jsem \u017e\u00e1dnou <i>\u00fajmu<\/i> nepoc\u00edtil. A bohu\u017eel tedy ani n\u011bjak\u00fd v\u00fdrazn\u011bj\u0161\u00ed rozd\u00edl, nebo\u0165 v\u0161e fungovalo, tak jak jsem o\u010dek\u00e1val. Na druhou stranu je to dob\u0159e, nebo\u0165 pokud by p\u0159ece jenom n\u00e1hodou n\u011bkdy SCO se sv\u00fdmi podivn\u00fdmi \u017ealobami proti u\u017eivatel\u016fm Linuxu usp\u011blo, tak v\u00edm, \u017ee mi sta\u010d\u00ed st\u00e1hnout si FreeBSD na DVD a op\u011bt m\u016f\u017eu pracovat v prost\u0159ed\u00ed, kter\u00e9 mi vyhovuje v\u00edc ne\u017e WindowsXP.<br \/>\nV\u010dera odpoledne jsem tedy z\u00edskal \u010dty\u0159i CD s <a href=\"http:\/\/mandrake.cz\">Mandrake 10 Community<\/a> (nebo taky dal\u0161\u00ed \u010desk\u00e9 str\u00e1nky <a href=\"https:\/\/web.archive.org\/web\/20050828181214\/http:\/\/mandrake.contactel.cz:80\/\">http:\/\/mandrake.contactel.cz<\/a> ).<br \/>\nA tak zat\u00edmco jsem po p\u0159\u00edchodu dom\u016f pokra\u010doval ve \u010dten\u00ed knihy <i>Josefa Form\u00e1nka Prsat\u00fd mu\u017e a zlod\u011bj p\u0159\u00edb\u011bh\u016f<\/i>, o kter\u00e9 se na t\u011bchto str\u00e1nk\u00e1ch je\u0161t\u011b asi zm\u00edn\u00edm, tak na m\u00e9m notebooku <i>Asus L3000D<\/i> se u\u017e v klidu instalovalo. Instalace je opravdu jednoduch\u00e1 a \u0159ekl bych, \u017ee i p\u0159\u00edjemn\u011bj\u0161\u00ed, ne\u017e v p\u0159\u00edpad\u011b WindowsXP. Za p\u0159ibli\u017en\u011b 40 minut byl MandrakeLinux a vybran\u00e9 aplikace nainstalov\u00e1n a nakonfigurov\u00e1n. Tedy za v\u00fdrazn\u011b krat\u0161\u00ed dobu, ne\u017e je tomu zapot\u0159eb\u00ed u WindowsXP.<br \/>\n<a href=\"https:\/\/kotrla.com\/pmpro\/images\/uploads\/snimek2.gif\"><img decoding=\"async\" src=\"https:\/\/kotrla.com\/pmpro\/images\/uploads\/snimek2s.gif\"><\/a><br \/>\nPot\u011b\u0161ilo mne, \u017ee nov\u00e9 j\u00e1dro u\u017e bez probl\u00e9mu rozeznalo touchpad notebooku p\u0159i instalaci. S optickou my\u0161\u00ed p\u0159ipojenou na USB nebyl \u017e\u00e1dn\u00fd probl\u00e9m, podobn\u011b jako s laserovou tisk\u00e1rnou HP LaserJet 1015, kterou Mandrake ve verzi 9.2 automaticky rozeznat neum\u011bl. Taky nastaven\u00ed integrovan\u00e9 zvukovky SiS7012 prob\u011bhlo v po\u0159\u00e1dku a po instalaci u\u017e kone\u010dn\u011b neobt\u011b\u017eoval p\u00edskot nesta\u017een\u00e9ho vstupu mikrofonu. ALSA je nyn\u00ed&nbsp; prim\u00e1rn\u00edm zvukov\u00fdm syst\u00e9mem a vyhovuje mi v\u00edce, ne\u017e p\u016fvodn\u00ed \u0159e\u0161en\u00ed zvuku.<br \/>\nProbl\u00e9mem st\u00e1le z\u016fst\u00e1v\u00e1, \u017ee ani tato verze dosud nerozezn\u00e1 integrovan\u00fd (pravd\u011bpodobn\u011b pouze softwarov\u011b \u0159e\u0161en\u00fd) modem od Intelu. Je\u0161t\u011b, \u017ee m\u00e1m i star\u00fd extern\u00ed SupraFax.<br \/>\nP\u0159\u00edjemn\u00fdm p\u0159ekvapen\u00edm je, \u017ee bez probl\u00e9m\u016f sta\u010dilo p\u0159ipojit m\u016fj digit\u00e1ln\u00ed fotoapar\u00e1t Ricoh RR30 na USB a syst\u00e9m jej proti verzi minul\u00e9 ji\u017e automaticky rozpoznal a s obr\u00e1zky jsem mohl ihned za\u010d\u00edt pracovat. Tady je trochu \u0161koda, \u017ee je\u0161t\u011b st\u00e1le se instaluje star\u0161\u00ed (a tedy stabiln\u00ed) verze programu <a href=\"http:\/\/www.gimp.org\">Gimp<\/a>. V\u00fdvojov\u00e1 verze 2 je u\u017e sv\u00fdmi mo\u017enostmi a ovl\u00e1d\u00e1n\u00edm mnohem d\u00e1l a obsahuje i tolik (t\u0159eba mnou) pot\u0159ebn\u00fd CMYK. Na\u0161t\u011bst\u00ed u\u017e fin\u00e1ln\u00ed verze klepe na dve\u0159e. A my nedo\u010dkavci se klidn\u011b sm\u00ed\u0159\u00edme i s verz\u00ed nestabiln\u00ed.<br \/>\nPokud tedy m\u016f\u017eu hodnotit prvn\u00ed dojmy s pr\u00e1ce s nov\u00fdm Mandrakem, tak p\u0159eva\u017euj\u00ed pouze kladn\u00e9 dojmy. V\u011bt\u0161ina v\u011bc\u00ed funguje tak, jak m\u00e1. Probl\u00e9mem nen\u00ed ani p\u0159ehr\u00e1v\u00e1n\u00ed videa s \u010desk\u00fdmi titulky, nebo vypalov\u00e1n\u00ed CD. <br \/>\n<a href=\"https:\/\/kotrla.com\/pmpro\/images\/uploads\/snimek3.gif\"><img decoding=\"async\" src=\"https:\/\/kotrla.com\/pmpro\/images\/uploads\/snimek3s.gif\"><\/a><br \/>\nZde jsou ale m\u00e9 drobn\u00e9 v\u00fdhrady:<br \/>\n<img decoding=\"async\" src=\"https:\/\/kotrla.com\/pmpro\/images\/uploads\/snimek4s.gif\">\n<\/p>\n<ul>\n<li>Ovl\u00e1dac\u00ed centrum se mi zd\u00e1 b\u00fdt bez postrann\u00ed li\u0161ty trochu m\u00e9n\u011b p\u0159ehledn\u00e9 a vy\u017eaduje te\u010f v\u00edce kliknut\u00ed my\u0161\u00ed, ne\u017e verze minul\u00e1.\n<li>Podpora nap\u00e1jen\u00ed a usp\u00e1n\u00ed pro notebook je\u0161t\u011b nen\u00ed zcela automatick\u00e1 a Linux APM (Advanced Power Managment) se mus\u00ed doinstalovat dodate\u010dn\u011b. Na\u0161t\u011bst\u00ed je na prvn\u00edm instala\u010dn\u00edm CD, ale ani tak se mi toto nepoda\u0159ilo zat\u00edm zprovoznit. Snad a\u017e do\u010dtu pot\u0159ebn\u00e1 HOWTO&#8230;<\/ul>\n<p>\nTaky mi p\u0159ece jenom n\u011bkter\u00e9 aplikace v distribuci chyb\u00ed. Na \u010dty\u0159i CD se ale prost\u011b v\u0161echno nevleze a z\u00e1le\u017e\u00ed zde na individu\u00e1ln\u00edm p\u0159\u00edstupu. Taky se d\u00e1 koupit verze na v\u00edce CD, \u017ee. Ale co jsem pot\u0159eboval jsem si u\u017e doinstaloval. \ud83d\ude42 Jsou to tyto aplikace:&nbsp; <a href=\"http:\/\/www.opera.com\">Opera<\/a>, <a href=\"http:\/\/www.mozilla.org\">FireFox<\/a>, Sodipodi, Krusader, Karchiver, Unrar a <a href=\"http:\/\/www.xnview.com\">XnView<\/a>. N\u011bkomu by mohl chyb\u011bt je\u0161t\u011b <a href=\"http:\/\/www.abisource.com\">Abiword<\/a>. Z posledn\u00edho Chipu se mi pomoc\u00ed klasick\u00e9ho <i>configure &#8211; make &#8211; make install<\/i> poda\u0159ilo pokusn\u011b nainstaloval i X Northern Captain.<br \/>\nPokud tou\u017e\u00edte po p\u0159\u00edjemn\u00e9m a funk\u010dn\u00edm syst\u00e9mu, tak do toho jd\u011bte. Nav\u00edc je to zadarmo.<\/p>\n","protected":false},"excerpt":{"rendered":"<p>Tento t\u00fdden jsem byl literatu\u0159e celkem nev\u011brn\u00fd. Hned v pond\u011bl\u00ed to za\u010dalo t\u00edm, \u017ee jsem doma zkou\u0161el live CD s FreeBSD. Pod grafick\u00fdm povrchem se asi skr\u00fdv\u00e1 proti Linuxu hodn\u011b zm\u011bn, ostatn\u011b se o nich lze do\u010d\u00edst v cyklu \u010dl\u00e1nk\u016f na Root.cz, ale vzhledem k tomu, \u017ee CD obsahovalo KDE 3.2, tak jsem \u017e\u00e1dnou \u00fajmu [&hellip;]<\/p>\n","protected":false},"author":1,"featured_media":0,"comment_status":"open","ping_status":"open","sticky":false,"template":"","format":"standard","meta":{"site-sidebar-layout":"default","site-content-layout":"","ast-site-content-layout":"default","site-content-style":"default","site-sidebar-style":"default","ast-global-header-display":"","ast-banner-title-visibility":"","ast-main-header-display":"","ast-hfb-above-header-display":"","ast-hfb-below-header-display":"","ast-hfb-mobile-header-display":"","site-post-title":"","ast-breadcrumbs-content":"","ast-featured-img":"","footer-sml-layout":"","ast-disable-related-posts":"","theme-transparent-header-meta":"","adv-header-id-meta":"","stick-header-meta":"","header-above-stick-meta":"","header-main-stick-meta":"","header-below-stick-meta":"","astra-migrate-meta-layouts":"default","ast-page-background-enabled":"default","ast-page-background-meta":{"desktop":{"background-color":"var(--ast-global-color-5)","background-image":"","background-repeat":"repeat","background-position":"center center","background-size":"auto","background-attachment":"scroll","background-type":"","background-media":"","overlay-type":"","overlay-color":"","overlay-opacity":"","overlay-gradient":""},"tablet":{"background-color":"","background-image":"","background-repeat":"repeat","background-position":"center center","background-size":"auto","background-attachment":"scroll","background-type":"","background-media":"","overlay-type":"","overlay-color":"","overlay-opacity":"","overlay-gradient":""},"mobile":{"background-color":"","background-image":"","background-repeat":"repeat","background-position":"center center","background-size":"auto","background-attachment":"scroll","background-type":"","background-media":"","overlay-type":"","overlay-color":"","overlay-opacity":"","overlay-gradient":""}},"ast-content-background-meta":{"desktop":{"background-color":"var(--ast-global-color-4)","background-image":"","background-repeat":"repeat","background-position":"center center","background-size":"auto","background-attachment":"scroll","background-type":"","background-media":"","overlay-type":"","overlay-color":"","overlay-opacity":"","overlay-gradient":""},"tablet":{"background-color":"var(--ast-global-color-4)","background-image":"","background-repeat":"repeat","background-position":"center center","background-size":"auto","background-attachment":"scroll","background-type":"","background-media":"","overlay-type":"","overlay-color":"","overlay-opacity":"","overlay-gradient":""},"mobile":{"background-color":"var(--ast-global-color-4)","background-image":"","background-repeat":"repeat","background-position":"center center","background-size":"auto","background-attachment":"scroll","background-type":"","background-media":"","overlay-type":"","overlay-color":"","overlay-opacity":"","overlay-gradient":""}},"jetpack_post_was_ever_published":false,"_jetpack_newsletter_access":"","_jetpack_dont_email_post_to_subs":false,"_jetpack_newsletter_tier_id":0,"_jetpack_memberships_contains_paywalled_content":false,"_jetpack_memberships_contains_paid_content":false,"footnotes":""},"categories":[1],"tags":[],"class_list":["post-1054","post","type-post","status-publish","format-standard","hentry","category-nezarazene"],"jetpack_featured_media_url":"","jetpack_shortlink":"https:\/\/wp.me\/p4mLP7-h0","jetpack-related-posts":[{"id":920,"url":"https:\/\/kotrla.com\/pmpro\/2004\/09\/casopisy-v-zari-dno-a-dno\/","url_meta":{"origin":1054,"position":0},"title":"\u010casopisy v z\u00e1\u0159\u00ed &#8211; dno a Dno","author":"Pavel Kotrla","date":"15.9.2004","format":false,"excerpt":"P\u0159ed \u010dasem jsem op\u011bt vzal na milost Liter\u00e1rn\u00ed noviny, p\u0159ece jenom n\u011bco v ne\u0161\u0165astn\u00e9 pond\u011bln\u00ed dny \u010d\u00edst mus\u00edm. Nav\u00edc kdy\u017e je v posledn\u00edm \u010d\u00edsle sloupek Libu\u0161e B\u011blunkov\u00e9 (trocha zlomyslnosti a zvr\u00e1cen\u00e9 fotografick\u00e9 perspektivy, kter\u00e1 zcela mate skute\u010dnost) o n\u00e1mi organizovan\u00e9m p\u0159ekladatelsk\u00e9m t\u00e1boru, tak jsem si je koupit musel. Nav\u00edc rozhovor\u2026","rel":"","context":"V \u201eNeza\u0159azen\u00e9\u201c","block_context":{"text":"Neza\u0159azen\u00e9","link":"https:\/\/kotrla.com\/pmpro\/category\/nezarazene\/"},"img":{"alt_text":"","src":"","width":0,"height":0},"classes":[]},{"id":1382,"url":"https:\/\/kotrla.com\/pmpro\/2003\/03\/mandrake-9-1\/","url_meta":{"origin":1054,"position":1},"title":"Mandrake 9.1","author":"Pavel Kotrla","date":"27.3.2003","format":false,"excerpt":"Moje obl\u00edben\u00e1 distribuce Linuxu se do\u010dkala dal\u0161\u00ed verze. Zat\u00edm jsem ji nainstaloval na dva po\u010d\u00edta\u010de. Prvn\u00ed zku\u0161enosti jsou celkem pozitivn\u00ed. Scanner (Microtek) rozeznal bez probl\u00e9m\u016f, tisk\u00e1rny taky. Dokonce USB dok\u00e1zalo ur\u010dit spr\u00e1vn\u011b typ m\u00e9ho digit\u00e1ln\u00edho fo\u0165\u00e1ku. Ale jak z n\u011bj dostat obr\u00e1zky do prohl\u00ed\u017ee\u010de, na to jsem zat\u00edm nep\u0159i\u0161el. Asi\u2026","rel":"","context":"V \u201eNeza\u0159azen\u00e9\u201c","block_context":{"text":"Neza\u0159azen\u00e9","link":"https:\/\/kotrla.com\/pmpro\/category\/nezarazene\/"},"img":{"alt_text":"","src":"","width":0,"height":0},"classes":[]},{"id":7140,"url":"https:\/\/kotrla.com\/pmpro\/2021\/03\/kdyz-vari-inkoust-chemik\/","url_meta":{"origin":1054,"position":2},"title":"Kdy\u017e \u201eva\u0159\u00ed\u201c inkoust chemik","author":"Pavel Kotrla","date":"9.3.2021","format":false,"excerpt":"M\u00e1m na hran\u00ed nov\u00fd vzorek inkoustu, kter\u00fd mi zaslal pan Josef Planeta (planeta@iach.cz). Jedn\u00e1 se o jeho verzi 5.2 permanentn\u00edho, neutr\u00e1ln\u00edho, syntetick\u00e9ho fero-gal\u00e1tov\u00e9ho inkoustu, p\u0159ipraven\u00e9ho bez pou\u017eit\u00ed dub\u011bnek. Dub\u011bnky jsou p\u0159\u00edrodn\u00ed produkt, a tak je ka\u017ed\u00e1 v\u00e1rka inkoustu z nich uva\u0159en\u00e1 trochu jin\u00e1. P\u0159i pou\u017eit\u00ed chemick\u00fdch l\u00e1tek by tedy m\u011bla\u2026","rel":"","context":"V \u201ePlnic\u00ed pera a inkousty\u201c","block_context":{"text":"Plnic\u00ed pera a inkousty","link":"https:\/\/kotrla.com\/pmpro\/category\/plnici-pera\/"},"img":{"alt_text":"","src":"https:\/\/i0.wp.com\/kotrla.com\/pmpro\/wp-content\/uploads\/2021\/03\/inkoust_planetaIMGP9426-150x150.jpg?resize=350%2C200&ssl=1","width":350,"height":200,"srcset":"https:\/\/i0.wp.com\/kotrla.com\/pmpro\/wp-content\/uploads\/2021\/03\/inkoust_planetaIMGP9426-150x150.jpg?resize=350%2C200&ssl=1 1x, https:\/\/i0.wp.com\/kotrla.com\/pmpro\/wp-content\/uploads\/2021\/03\/inkoust_planetaIMGP9426-150x150.jpg?resize=525%2C300&ssl=1 1.5x, https:\/\/i0.wp.com\/kotrla.com\/pmpro\/wp-content\/uploads\/2021\/03\/inkoust_planetaIMGP9426-150x150.jpg?resize=700%2C400&ssl=1 2x, https:\/\/i0.wp.com\/kotrla.com\/pmpro\/wp-content\/uploads\/2021\/03\/inkoust_planetaIMGP9426-150x150.jpg?resize=1050%2C600&ssl=1 3x, https:\/\/i0.wp.com\/kotrla.com\/pmpro\/wp-content\/uploads\/2021\/03\/inkoust_planetaIMGP9426-150x150.jpg?resize=1400%2C800&ssl=1 4x"},"classes":[]},{"id":763,"url":"https:\/\/kotrla.com\/pmpro\/2005\/05\/pout-novinovymi-stanky\/","url_meta":{"origin":1054,"position":3},"title":"Pou\u0165 novinov\u00fdmi st\u00e1nky","author":"Pavel Kotrla","date":"15.5.2005","format":false,"excerpt":"Opravdu jsem m\u011bl dobrou v\u016fli tento t\u00fdden n\u011bco napsat, ale nakonec se mi fakt necht\u011blo. Nen\u00ed to ani tak t\u00edm, \u017ee by nebylo o \u010dem. Jenom se mi necht\u011blo a nav\u00edc jsem \u010detl a \u010detl. Pro \u0161toury: ka\u017ed\u00fd den jednu knihu. Ale nov\u00e9 do\u0161ly :) Proto\u017ee jsem zahl\u00e9dl p\u0159ed \u010dasem\u2026","rel":"","context":"V \u201eNeza\u0159azen\u00e9\u201c","block_context":{"text":"Neza\u0159azen\u00e9","link":"https:\/\/kotrla.com\/pmpro\/category\/nezarazene\/"},"img":{"alt_text":"","src":"","width":0,"height":0},"classes":[]},{"id":223,"url":"https:\/\/kotrla.com\/pmpro\/2010\/02\/literarky-se-zas-daji-cist\/","url_meta":{"origin":1054,"position":4},"title":"Liter\u00e1rky se zas daj\u00ed \u010d\u00edst","author":"Pavel Kotrla","date":"19.2.2010","format":false,"excerpt":"U\u017e jsem v to ani nedoufal, ale posledn\u00ed \u010d\u00edsla Liter\u00e1rn\u00edch novin mne znovu p\u0159esv\u011bd\u010dila o tom, \u017ee si zaslou\u017e\u00ed mou pozornost. Redesign do modern\u00ed a p\u0159ehledn\u00e9 typografie periodiku jedin\u011b prosp\u011bl, stejn\u011b tak i design jejich port\u00e1lu (postaven\u00fd na Joomla) zaslou\u017e\u00ed pochvalu. Pravda, cena 35 K\u010d za \u010d\u00edslo novin nepova\u017euji za\u2026","rel":"","context":"V \u201eLiteratura\u201c","block_context":{"text":"Literatura","link":"https:\/\/kotrla.com\/pmpro\/category\/literatura\/"},"img":{"alt_text":"Ti\u0161t\u011bn\u00e1 verze Liter\u00e1rn\u00edch novin 2010","src":"https:\/\/i0.wp.com\/kotrla.com\/pmpro\/images\/uploads\/ltn_2010_print.jpg?resize=350%2C200&ssl=1","width":350,"height":200},"classes":[]},{"id":322,"url":"https:\/\/kotrla.com\/pmpro\/2008\/10\/z-bloku-04-horke-konce-leta\/","url_meta":{"origin":1054,"position":5},"title":"Z bloku 04: Ho\u0159k\u00e9 konce l\u00e9ta","author":"Pavel Kotrla","date":"22.10.2008","format":false,"excerpt":"Sloupek vy\u0161el v Tvaru \u010d. 15 (18.09.2008) P\u016fvodn\u011b jsem cht\u011bl zabrousit ke konkurenci a do oblasti designu a grafick\u00e9 \u00fapravy, proto\u017ee nov\u00e9 Ps\u00ed v\u00edno, kter\u00e9 se v pr\u016fb\u011bhu l\u00e9ta objevilo, mne zastihlo nep\u0159ipraven\u00e9ho a p\u0159ekvapilo u\u017e p\u0159i prvn\u00edm pohledu. Nov\u00e1, pon\u011bkud nesourod\u00e1 a nahodil\u00e1 \u00faprava. Elegance \u00fapravy Petra Palar\u010d\u00edka ta\u2026","rel":"","context":"V \u201eSloupky pro Tvar\u201c","block_context":{"text":"Sloupky pro Tvar","link":"https:\/\/kotrla.com\/pmpro\/category\/sloupky-pro-tvar\/"},"img":{"alt_text":"","src":"","width":0,"height":0},"classes":[]}],"jetpack_sharing_enabled":true,"_links":{"self":[{"href":"https:\/\/kotrla.com\/pmpro\/wp-json\/wp\/v2\/posts\/1054","targetHints":{"allow":["GET"]}}],"collection":[{"href":"https:\/\/kotrla.com\/pmpro\/wp-json\/wp\/v2\/posts"}],"about":[{"href":"https:\/\/kotrla.com\/pmpro\/wp-json\/wp\/v2\/types\/post"}],"author":[{"embeddable":true,"href":"https:\/\/kotrla.com\/pmpro\/wp-json\/wp\/v2\/users\/1"}],"replies":[{"embeddable":true,"href":"https:\/\/kotrla.com\/pmpro\/wp-json\/wp\/v2\/comments?post=1054"}],"version-history":[{"count":0,"href":"https:\/\/kotrla.com\/pmpro\/wp-json\/wp\/v2\/posts\/1054\/revisions"}],"wp:attachment":[{"href":"https:\/\/kotrla.com\/pmpro\/wp-json\/wp\/v2\/media?parent=1054"}],"wp:term":[{"taxonomy":"category","embeddable":true,"href":"https:\/\/kotrla.com\/pmpro\/wp-json\/wp\/v2\/categories?post=1054"},{"taxonomy":"post_tag","embeddable":true,"href":"https:\/\/kotrla.com\/pmpro\/wp-json\/wp\/v2\/tags?post=1054"}],"curies":[{"name":"wp","href":"https:\/\/api.w.org\/{rel}","templated":true}]}}