{"id":10720,"date":"2023-08-31T20:25:16","date_gmt":"2023-08-31T19:25:16","guid":{"rendered":"http:\/\/kotrla.com\/pmpro\/?p=10720"},"modified":"2023-08-31T20:27:23","modified_gmt":"2023-08-31T19:27:23","slug":"letni-cteni-na-strese-2023","status":"publish","type":"post","link":"https:\/\/kotrla.com\/pmpro\/2023\/08\/letni-cteni-na-strese-2023\/","title":{"rendered":"Letn\u00ed \u010dten\u00ed na st\u0159e\u0161e 2023"},"content":{"rendered":"<figure id=\"attachment_10695\" aria-describedby=\"caption-attachment-10695\" style=\"width: 1600px\" class=\"wp-caption alignnone\"><a href=\"https:\/\/kotrla.com\/pmpro\/wp-content\/uploads\/2023\/08\/cteni_na_strese_2023_IMGP8815.jpg\"><img loading=\"lazy\" decoding=\"async\" class=\"wp-image-10695 size-full\" src=\"https:\/\/kotrla.com\/pmpro\/wp-content\/uploads\/2023\/08\/cteni_na_strese_2023_IMGP8815.jpg\" alt=\"Jakub Chrob\u00e1k &amp; Pavel Kotrla\" width=\"1600\" height=\"1067\" srcset=\"https:\/\/kotrla.com\/pmpro\/wp-content\/uploads\/2023\/08\/cteni_na_strese_2023_IMGP8815.jpg 1600w, https:\/\/kotrla.com\/pmpro\/wp-content\/uploads\/2023\/08\/cteni_na_strese_2023_IMGP8815-300x200.jpg 300w, https:\/\/kotrla.com\/pmpro\/wp-content\/uploads\/2023\/08\/cteni_na_strese_2023_IMGP8815-1024x683.jpg 1024w, https:\/\/kotrla.com\/pmpro\/wp-content\/uploads\/2023\/08\/cteni_na_strese_2023_IMGP8815-1536x1024.jpg 1536w\" sizes=\"auto, (max-width: 1600px) 100vw, 1600px\" \/><\/a><figcaption id=\"caption-attachment-10695\" class=\"wp-caption-text\">Jakub Chrob\u00e1k &amp; Pavel Kotrla<\/figcaption><\/figure>\n<figure id=\"attachment_10694\" aria-describedby=\"caption-attachment-10694\" style=\"width: 1600px\" class=\"wp-caption alignnone\"><a href=\"https:\/\/kotrla.com\/pmpro\/wp-content\/uploads\/2023\/08\/cteni_na_strese_2023__IMG-20230830-WA0051.jpg\"><img loading=\"lazy\" decoding=\"async\" class=\"wp-image-10694 size-full\" src=\"https:\/\/kotrla.com\/pmpro\/wp-content\/uploads\/2023\/08\/cteni_na_strese_2023__IMG-20230830-WA0051.jpg\" alt=\"\u017dambo\u0161i\" width=\"1600\" height=\"1067\" srcset=\"https:\/\/kotrla.com\/pmpro\/wp-content\/uploads\/2023\/08\/cteni_na_strese_2023__IMG-20230830-WA0051.jpg 1600w, https:\/\/kotrla.com\/pmpro\/wp-content\/uploads\/2023\/08\/cteni_na_strese_2023__IMG-20230830-WA0051-300x200.jpg 300w, https:\/\/kotrla.com\/pmpro\/wp-content\/uploads\/2023\/08\/cteni_na_strese_2023__IMG-20230830-WA0051-1024x683.jpg 1024w, https:\/\/kotrla.com\/pmpro\/wp-content\/uploads\/2023\/08\/cteni_na_strese_2023__IMG-20230830-WA0051-1536x1024.jpg 1536w\" sizes=\"auto, (max-width: 1600px) 100vw, 1600px\" \/><\/a><figcaption id=\"caption-attachment-10694\" class=\"wp-caption-text\">\u017dambo\u0161i<\/figcaption><\/figure>\n<p>Ud\u011blali jsme si v\u010dera radost. Jakub Chrob\u00e1k, Honza \u017damboch, <a href=\"http:\/\/www.zambosi.cz\">\u017dambo\u0161i<\/a> (Honza \u017damboch, Jura Nedava\u0161ka, Ale\u0161 Mrnu\u0161t\u00edk) a j\u00e1. A snad jsme ud\u011blali radost i t\u011bm, co dorazili na na\u0161e \u010dten\u00ed do <a href=\"https:\/\/www.mvk.cz\">vset\u00ednsk\u00e9 knihovny<\/a>. Bylo plno, ale tentokr\u00e1t jsme na\u0161li \u00fato\u010di\u0161t\u011b uvnit\u0159, pod st\u0159echou. Od roku 2014 jsme se k tomuto kroku museli uch\u00fdlit teprve podruh\u00e9. Poprv\u00e9 jsme v\u0161ak \u010detli po cel\u00fd ve\u010der pouze svoje v\u011bci. J\u00e1 s Kubou \u010d\u00e1ste\u010dn\u011b z posledn\u00edch sb\u00edrek, n\u00e1sledn\u011b pov\u00eddky z nov\u00fdch rukopis\u016f. Pro Honzu pak byl ve\u010der b\u00e1snickou premi\u00e9rou. Tak\u017ee d\u011bkujeme, \u017ee jste p\u0159i\u0161li. D\u011bkujeme i knihovn\u011b. A za rok zas t\u0159eba na st\u0159e\u0161e.<\/p>\n<div id='gallery-1' class='gallery galleryid-10720 gallery-columns-3 gallery-size-thumbnail'><figure class='gallery-item'>\n\t\t\t<div class='gallery-icon landscape'>\n\t\t\t\t<a href='https:\/\/kotrla.com\/pmpro\/cteni_na_strese_2023_imgp8818\/'><img loading=\"lazy\" decoding=\"async\" width=\"150\" height=\"150\" src=\"https:\/\/kotrla.com\/pmpro\/wp-content\/uploads\/2023\/08\/cteni_na_strese_2023_IMGP8818-150x150.jpg\" class=\"attachment-thumbnail size-thumbnail\" alt=\"\" aria-describedby=\"gallery-1-10696\" \/><\/a>\n\t\t\t<\/div>\n\t\t\t\t<figcaption class='wp-caption-text gallery-caption' id='gallery-1-10696'>\n\t\t\t\tJura Nedava\u0161ka\n\t\t\t\t<\/figcaption><\/figure><figure class='gallery-item'>\n\t\t\t<div class='gallery-icon landscape'>\n\t\t\t\t<a href='https:\/\/kotrla.com\/pmpro\/cteni_na_strese_2023_imgp8972\/'><img loading=\"lazy\" decoding=\"async\" width=\"150\" height=\"150\" src=\"https:\/\/kotrla.com\/pmpro\/wp-content\/uploads\/2023\/08\/cteni_na_strese_2023_IMGP8972-150x150.jpg\" class=\"attachment-thumbnail size-thumbnail\" alt=\"\" aria-describedby=\"gallery-1-10719\" \/><\/a>\n\t\t\t<\/div>\n\t\t\t\t<figcaption class='wp-caption-text gallery-caption' id='gallery-1-10719'>\n\t\t\t\tJan \u017damboch\n\t\t\t\t<\/figcaption><\/figure><figure class='gallery-item'>\n\t\t\t<div class='gallery-icon portrait'>\n\t\t\t\t<a href='https:\/\/kotrla.com\/pmpro\/cteni_na_strese_2023_imgp8969\/'><img loading=\"lazy\" decoding=\"async\" width=\"150\" height=\"150\" src=\"https:\/\/kotrla.com\/pmpro\/wp-content\/uploads\/2023\/08\/cteni_na_strese_2023_IMGP8969-150x150.jpg\" class=\"attachment-thumbnail size-thumbnail\" alt=\"\" aria-describedby=\"gallery-1-10718\" \/><\/a>\n\t\t\t<\/div>\n\t\t\t\t<figcaption class='wp-caption-text gallery-caption' id='gallery-1-10718'>\n\t\t\t\tPavel Kotrla\n\t\t\t\t<\/figcaption><\/figure><figure class='gallery-item'>\n\t\t\t<div class='gallery-icon portrait'>\n\t\t\t\t<a href='https:\/\/kotrla.com\/pmpro\/cteni_na_strese_2023_imgp8965\/'><img loading=\"lazy\" decoding=\"async\" width=\"150\" height=\"150\" src=\"https:\/\/kotrla.com\/pmpro\/wp-content\/uploads\/2023\/08\/cteni_na_strese_2023_IMGP8965-150x150.jpg\" class=\"attachment-thumbnail size-thumbnail\" alt=\"\" aria-describedby=\"gallery-1-10717\" \/><\/a>\n\t\t\t<\/div>\n\t\t\t\t<figcaption class='wp-caption-text gallery-caption' id='gallery-1-10717'>\n\t\t\t\tJakub Chrob\u00e1k\n\t\t\t\t<\/figcaption><\/figure><figure class='gallery-item'>\n\t\t\t<div class='gallery-icon portrait'>\n\t\t\t\t<a href='https:\/\/kotrla.com\/pmpro\/cteni_na_strese_2023_imgp8963\/'><img loading=\"lazy\" decoding=\"async\" width=\"150\" height=\"150\" src=\"https:\/\/kotrla.com\/pmpro\/wp-content\/uploads\/2023\/08\/cteni_na_strese_2023_IMGP8963-150x150.jpg\" class=\"attachment-thumbnail size-thumbnail\" alt=\"\" aria-describedby=\"gallery-1-10716\" \/><\/a>\n\t\t\t<\/div>\n\t\t\t\t<figcaption class='wp-caption-text gallery-caption' id='gallery-1-10716'>\n\t\t\t\tJakub Chrob\u00e1k\n\t\t\t\t<\/figcaption><\/figure><figure class='gallery-item'>\n\t\t\t<div class='gallery-icon landscape'>\n\t\t\t\t<a href='https:\/\/kotrla.com\/pmpro\/cteni_na_strese_2023_imgp8948\/'><img loading=\"lazy\" decoding=\"async\" width=\"150\" height=\"150\" src=\"https:\/\/kotrla.com\/pmpro\/wp-content\/uploads\/2023\/08\/cteni_na_strese_2023_IMGP8948-150x150.jpg\" class=\"attachment-thumbnail size-thumbnail\" alt=\"\" aria-describedby=\"gallery-1-10715\" \/><\/a>\n\t\t\t<\/div>\n\t\t\t\t<figcaption class='wp-caption-text gallery-caption' id='gallery-1-10715'>\n\t\t\t\tJan \u017damboch\n\t\t\t\t<\/figcaption><\/figure><figure class='gallery-item'>\n\t\t\t<div class='gallery-icon portrait'>\n\t\t\t\t<a href='https:\/\/kotrla.com\/pmpro\/cteni_na_strese_2023_imgp8944\/'><img loading=\"lazy\" decoding=\"async\" width=\"150\" height=\"150\" src=\"https:\/\/kotrla.com\/pmpro\/wp-content\/uploads\/2023\/08\/cteni_na_strese_2023_IMGP8944-150x150.jpg\" class=\"attachment-thumbnail size-thumbnail\" alt=\"\" aria-describedby=\"gallery-1-10714\" \/><\/a>\n\t\t\t<\/div>\n\t\t\t\t<figcaption class='wp-caption-text gallery-caption' id='gallery-1-10714'>\n\t\t\t\tAle\u0161 Mrnu\u0161t\u00edk\n\t\t\t\t<\/figcaption><\/figure><figure class='gallery-item'>\n\t\t\t<div class='gallery-icon landscape'>\n\t\t\t\t<a href='https:\/\/kotrla.com\/pmpro\/cteni_na_strese_2023_imgp8938\/'><img loading=\"lazy\" decoding=\"async\" width=\"150\" height=\"150\" src=\"https:\/\/kotrla.com\/pmpro\/wp-content\/uploads\/2023\/08\/cteni_na_strese_2023_IMGP8938-150x150.jpg\" class=\"attachment-thumbnail size-thumbnail\" alt=\"\" aria-describedby=\"gallery-1-10713\" \/><\/a>\n\t\t\t<\/div>\n\t\t\t\t<figcaption class='wp-caption-text gallery-caption' id='gallery-1-10713'>\n\t\t\t\tJura Nedava\u0161ka\n\t\t\t\t<\/figcaption><\/figure><figure class='gallery-item'>\n\t\t\t<div class='gallery-icon portrait'>\n\t\t\t\t<a href='https:\/\/kotrla.com\/pmpro\/cteni_na_strese_2023_imgp8929\/'><img loading=\"lazy\" decoding=\"async\" width=\"150\" height=\"150\" src=\"https:\/\/kotrla.com\/pmpro\/wp-content\/uploads\/2023\/08\/cteni_na_strese_2023_IMGP8929-150x150.jpg\" class=\"attachment-thumbnail size-thumbnail\" alt=\"\" aria-describedby=\"gallery-1-10712\" \/><\/a>\n\t\t\t<\/div>\n\t\t\t\t<figcaption class='wp-caption-text gallery-caption' id='gallery-1-10712'>\n\t\t\t\tPavel Kotrla\n\t\t\t\t<\/figcaption><\/figure><figure class='gallery-item'>\n\t\t\t<div class='gallery-icon portrait'>\n\t\t\t\t<a href='https:\/\/kotrla.com\/pmpro\/cteni_na_strese_2023_imgp8920\/'><img loading=\"lazy\" decoding=\"async\" width=\"150\" height=\"150\" src=\"https:\/\/kotrla.com\/pmpro\/wp-content\/uploads\/2023\/08\/cteni_na_strese_2023_IMGP8920-150x150.jpg\" class=\"attachment-thumbnail size-thumbnail\" alt=\"\" aria-describedby=\"gallery-1-10711\" \/><\/a>\n\t\t\t<\/div>\n\t\t\t\t<figcaption class='wp-caption-text gallery-caption' id='gallery-1-10711'>\n\t\t\t\tJakub Chrob\u00e1k\n\t\t\t\t<\/figcaption><\/figure><figure class='gallery-item'>\n\t\t\t<div class='gallery-icon landscape'>\n\t\t\t\t<a href='https:\/\/kotrla.com\/pmpro\/cteni_na_strese_2023_imgp8917\/'><img loading=\"lazy\" decoding=\"async\" width=\"150\" height=\"150\" src=\"https:\/\/kotrla.com\/pmpro\/wp-content\/uploads\/2023\/08\/cteni_na_strese_2023_IMGP8917-150x150.jpg\" class=\"attachment-thumbnail size-thumbnail\" alt=\"\" aria-describedby=\"gallery-1-10710\" \/><\/a>\n\t\t\t<\/div>\n\t\t\t\t<figcaption class='wp-caption-text gallery-caption' id='gallery-1-10710'>\n\t\t\t\tJakub Chrob\u00e1k\n\t\t\t\t<\/figcaption><\/figure><figure class='gallery-item'>\n\t\t\t<div class='gallery-icon landscape'>\n\t\t\t\t<a href='https:\/\/kotrla.com\/pmpro\/cteni_na_strese_2023_imgp8882\/'><img loading=\"lazy\" decoding=\"async\" width=\"150\" height=\"150\" src=\"https:\/\/kotrla.com\/pmpro\/wp-content\/uploads\/2023\/08\/cteni_na_strese_2023_IMGP8882-150x150.jpg\" class=\"attachment-thumbnail size-thumbnail\" alt=\"\" aria-describedby=\"gallery-1-10709\" \/><\/a>\n\t\t\t<\/div>\n\t\t\t\t<figcaption class='wp-caption-text gallery-caption' id='gallery-1-10709'>\n\t\t\t\tJan \u017damboch\n\t\t\t\t<\/figcaption><\/figure><figure class='gallery-item'>\n\t\t\t<div class='gallery-icon portrait'>\n\t\t\t\t<a href='https:\/\/kotrla.com\/pmpro\/cteni_na_strese_2023_imgp8876\/'><img loading=\"lazy\" decoding=\"async\" width=\"150\" height=\"150\" src=\"https:\/\/kotrla.com\/pmpro\/wp-content\/uploads\/2023\/08\/cteni_na_strese_2023_IMGP8876-150x150.jpg\" class=\"attachment-thumbnail size-thumbnail\" alt=\"\" aria-describedby=\"gallery-1-10708\" \/><\/a>\n\t\t\t<\/div>\n\t\t\t\t<figcaption class='wp-caption-text gallery-caption' id='gallery-1-10708'>\n\t\t\t\tJan \u017damboch\n\t\t\t\t<\/figcaption><\/figure><figure class='gallery-item'>\n\t\t\t<div class='gallery-icon landscape'>\n\t\t\t\t<a href='https:\/\/kotrla.com\/pmpro\/cteni_na_strese_2023_imgp8871\/'><img loading=\"lazy\" decoding=\"async\" width=\"150\" height=\"150\" src=\"https:\/\/kotrla.com\/pmpro\/wp-content\/uploads\/2023\/08\/cteni_na_strese_2023_IMGP8871-150x150.jpg\" class=\"attachment-thumbnail size-thumbnail\" alt=\"\" aria-describedby=\"gallery-1-10707\" \/><\/a>\n\t\t\t<\/div>\n\t\t\t\t<figcaption class='wp-caption-text gallery-caption' id='gallery-1-10707'>\n\t\t\t\tPavel Kotrla\n\t\t\t\t<\/figcaption><\/figure><figure class='gallery-item'>\n\t\t\t<div class='gallery-icon portrait'>\n\t\t\t\t<a href='https:\/\/kotrla.com\/pmpro\/cteni_na_strese_2023_imgp8870\/'><img loading=\"lazy\" decoding=\"async\" width=\"150\" height=\"150\" src=\"https:\/\/kotrla.com\/pmpro\/wp-content\/uploads\/2023\/08\/cteni_na_strese_2023_IMGP8870-150x150.jpg\" class=\"attachment-thumbnail size-thumbnail\" alt=\"\" aria-describedby=\"gallery-1-10706\" \/><\/a>\n\t\t\t<\/div>\n\t\t\t\t<figcaption class='wp-caption-text gallery-caption' id='gallery-1-10706'>\n\t\t\t\tPavel Kotrla\n\t\t\t\t<\/figcaption><\/figure><figure class='gallery-item'>\n\t\t\t<div class='gallery-icon landscape'>\n\t\t\t\t<a href='https:\/\/kotrla.com\/pmpro\/cteni_na_strese_2023_imgp8863\/'><img loading=\"lazy\" decoding=\"async\" width=\"150\" height=\"150\" src=\"https:\/\/kotrla.com\/pmpro\/wp-content\/uploads\/2023\/08\/cteni_na_strese_2023_IMGP8863-150x150.jpg\" class=\"attachment-thumbnail size-thumbnail\" alt=\"\" aria-describedby=\"gallery-1-10705\" \/><\/a>\n\t\t\t<\/div>\n\t\t\t\t<figcaption class='wp-caption-text gallery-caption' id='gallery-1-10705'>\n\t\t\t\tPavel Kotrla\n\t\t\t\t<\/figcaption><\/figure><figure class='gallery-item'>\n\t\t\t<div class='gallery-icon portrait'>\n\t\t\t\t<a href='https:\/\/kotrla.com\/pmpro\/cteni_na_strese_2023_imgp8860\/'><img loading=\"lazy\" decoding=\"async\" width=\"150\" height=\"150\" src=\"https:\/\/kotrla.com\/pmpro\/wp-content\/uploads\/2023\/08\/cteni_na_strese_2023_IMGP8860-150x150.jpg\" class=\"attachment-thumbnail size-thumbnail\" alt=\"\" aria-describedby=\"gallery-1-10704\" \/><\/a>\n\t\t\t<\/div>\n\t\t\t\t<figcaption class='wp-caption-text gallery-caption' id='gallery-1-10704'>\n\t\t\t\tJakub Chrob\u00e1k\n\t\t\t\t<\/figcaption><\/figure><figure class='gallery-item'>\n\t\t\t<div class='gallery-icon landscape'>\n\t\t\t\t<a href='https:\/\/kotrla.com\/pmpro\/cteni_na_strese_2023_imgp8859\/'><img loading=\"lazy\" decoding=\"async\" width=\"150\" height=\"150\" src=\"https:\/\/kotrla.com\/pmpro\/wp-content\/uploads\/2023\/08\/cteni_na_strese_2023_IMGP8859-150x150.jpg\" class=\"attachment-thumbnail size-thumbnail\" alt=\"\" aria-describedby=\"gallery-1-10703\" \/><\/a>\n\t\t\t<\/div>\n\t\t\t\t<figcaption class='wp-caption-text gallery-caption' id='gallery-1-10703'>\n\t\t\t\tPavel Kotrla\n\t\t\t\t<\/figcaption><\/figure><figure class='gallery-item'>\n\t\t\t<div class='gallery-icon portrait'>\n\t\t\t\t<a href='https:\/\/kotrla.com\/pmpro\/cteni_na_strese_2023_imgp8842\/'><img loading=\"lazy\" decoding=\"async\" width=\"150\" height=\"150\" src=\"https:\/\/kotrla.com\/pmpro\/wp-content\/uploads\/2023\/08\/cteni_na_strese_2023_IMGP8842-150x150.jpg\" class=\"attachment-thumbnail size-thumbnail\" alt=\"\" aria-describedby=\"gallery-1-10702\" \/><\/a>\n\t\t\t<\/div>\n\t\t\t\t<figcaption class='wp-caption-text gallery-caption' id='gallery-1-10702'>\n\t\t\t\tKatka Jano\u0161kov\u00e1\n\t\t\t\t<\/figcaption><\/figure><figure class='gallery-item'>\n\t\t\t<div class='gallery-icon portrait'>\n\t\t\t\t<a href='https:\/\/kotrla.com\/pmpro\/cteni_na_strese_2023_imgp8833\/'><img loading=\"lazy\" decoding=\"async\" width=\"150\" height=\"150\" src=\"https:\/\/kotrla.com\/pmpro\/wp-content\/uploads\/2023\/08\/cteni_na_strese_2023_IMGP8833-150x150.jpg\" class=\"attachment-thumbnail size-thumbnail\" alt=\"\" aria-describedby=\"gallery-1-10701\" \/><\/a>\n\t\t\t<\/div>\n\t\t\t\t<figcaption class='wp-caption-text gallery-caption' id='gallery-1-10701'>\n\t\t\t\tJura Nedava\u0161ka\n\t\t\t\t<\/figcaption><\/figure><figure class='gallery-item'>\n\t\t\t<div class='gallery-icon portrait'>\n\t\t\t\t<a href='https:\/\/kotrla.com\/pmpro\/cteni_na_strese_2023_imgp8829\/'><img loading=\"lazy\" decoding=\"async\" width=\"150\" height=\"150\" src=\"https:\/\/kotrla.com\/pmpro\/wp-content\/uploads\/2023\/08\/cteni_na_strese_2023_IMGP8829-150x150.jpg\" class=\"attachment-thumbnail size-thumbnail\" alt=\"\" aria-describedby=\"gallery-1-10700\" \/><\/a>\n\t\t\t<\/div>\n\t\t\t\t<figcaption class='wp-caption-text gallery-caption' id='gallery-1-10700'>\n\t\t\t\tAle\u0161 Mrnu\u0161t\u00edk\n\t\t\t\t<\/figcaption><\/figure><figure class='gallery-item'>\n\t\t\t<div class='gallery-icon portrait'>\n\t\t\t\t<a href='https:\/\/kotrla.com\/pmpro\/cteni_na_strese_2023_imgp8826\/'><img loading=\"lazy\" decoding=\"async\" width=\"150\" height=\"150\" src=\"https:\/\/kotrla.com\/pmpro\/wp-content\/uploads\/2023\/08\/cteni_na_strese_2023_IMGP8826-150x150.jpg\" class=\"attachment-thumbnail size-thumbnail\" alt=\"\" aria-describedby=\"gallery-1-10699\" \/><\/a>\n\t\t\t<\/div>\n\t\t\t\t<figcaption class='wp-caption-text gallery-caption' id='gallery-1-10699'>\n\t\t\t\tJan \u017damboch\n\t\t\t\t<\/figcaption><\/figure><figure class='gallery-item'>\n\t\t\t<div class='gallery-icon portrait'>\n\t\t\t\t<a href='https:\/\/kotrla.com\/pmpro\/cteni_na_strese_2023_imgp8822\/'><img loading=\"lazy\" decoding=\"async\" width=\"150\" height=\"150\" src=\"https:\/\/kotrla.com\/pmpro\/wp-content\/uploads\/2023\/08\/cteni_na_strese_2023_IMGP8822-150x150.jpg\" class=\"attachment-thumbnail size-thumbnail\" alt=\"\" aria-describedby=\"gallery-1-10698\" \/><\/a>\n\t\t\t<\/div>\n\t\t\t\t<figcaption class='wp-caption-text gallery-caption' id='gallery-1-10698'>\n\t\t\t\tJan \u017damboch\n\t\t\t\t<\/figcaption><\/figure><figure class='gallery-item'>\n\t\t\t<div class='gallery-icon landscape'>\n\t\t\t\t<a href='https:\/\/kotrla.com\/pmpro\/cteni_na_strese_2023_imgp8819\/'><img loading=\"lazy\" decoding=\"async\" width=\"150\" height=\"150\" src=\"https:\/\/kotrla.com\/pmpro\/wp-content\/uploads\/2023\/08\/cteni_na_strese_2023_IMGP8819-150x150.jpg\" class=\"attachment-thumbnail size-thumbnail\" alt=\"\" aria-describedby=\"gallery-1-10697\" \/><\/a>\n\t\t\t<\/div>\n\t\t\t\t<figcaption class='wp-caption-text gallery-caption' id='gallery-1-10697'>\n\t\t\t\tAle\u0161 Mrnu\u0161t\u00edk\n\t\t\t\t<\/figcaption><\/figure>\n\t\t<\/div>\n\n","protected":false},"excerpt":{"rendered":"<p>Ud\u011blali jsme si v\u010dera radost. Jakub Chrob\u00e1k, Honza \u017damboch, \u017dambo\u0161i (Honza \u017damboch, Jura Nedava\u0161ka, Ale\u0161 Mrnu\u0161t\u00edk) a j\u00e1. A snad jsme ud\u011blali radost i t\u011bm, co dorazili na na\u0161e \u010dten\u00ed do vset\u00ednsk\u00e9 knihovny. Bylo plno, ale tentokr\u00e1t jsme na\u0161li \u00fato\u010di\u0161t\u011b uvnit\u0159, pod st\u0159echou. Od roku 2014 jsme se k tomuto kroku museli uch\u00fdlit teprve podruh\u00e9. [&hellip;]<\/p>\n","protected":false},"author":1,"featured_media":0,"comment_status":"open","ping_status":"open","sticky":false,"template":"","format":"standard","meta":{"site-sidebar-layout":"default","site-content-layout":"","ast-site-content-layout":"default","site-content-style":"default","site-sidebar-style":"default","ast-global-header-display":"","ast-banner-title-visibility":"","ast-main-header-display":"","ast-hfb-above-header-display":"","ast-hfb-below-header-display":"","ast-hfb-mobile-header-display":"","site-post-title":"","ast-breadcrumbs-content":"","ast-featured-img":"","footer-sml-layout":"","ast-disable-related-posts":"","theme-transparent-header-meta":"default","adv-header-id-meta":"","stick-header-meta":"","header-above-stick-meta":"","header-main-stick-meta":"","header-below-stick-meta":"","astra-migrate-meta-layouts":"set","ast-page-background-enabled":"default","ast-page-background-meta":{"desktop":{"background-color":"var(--ast-global-color-5)","background-image":"","background-repeat":"repeat","background-position":"center center","background-size":"auto","background-attachment":"scroll","background-type":"","background-media":"","overlay-type":"","overlay-color":"","overlay-opacity":"","overlay-gradient":""},"tablet":{"background-color":"","background-image":"","background-repeat":"repeat","background-position":"center center","background-size":"auto","background-attachment":"scroll","background-type":"","background-media":"","overlay-type":"","overlay-color":"","overlay-opacity":"","overlay-gradient":""},"mobile":{"background-color":"","background-image":"","background-repeat":"repeat","background-position":"center center","background-size":"auto","background-attachment":"scroll","background-type":"","background-media":"","overlay-type":"","overlay-color":"","overlay-opacity":"","overlay-gradient":""}},"ast-content-background-meta":{"desktop":{"background-color":"var(--ast-global-color-4)","background-image":"","background-repeat":"repeat","background-position":"center center","background-size":"auto","background-attachment":"scroll","background-type":"","background-media":"","overlay-type":"","overlay-color":"","overlay-opacity":"","overlay-gradient":""},"tablet":{"background-color":"var(--ast-global-color-4)","background-image":"","background-repeat":"repeat","background-position":"center center","background-size":"auto","background-attachment":"scroll","background-type":"","background-media":"","overlay-type":"","overlay-color":"","overlay-opacity":"","overlay-gradient":""},"mobile":{"background-color":"var(--ast-global-color-4)","background-image":"","background-repeat":"repeat","background-position":"center center","background-size":"auto","background-attachment":"scroll","background-type":"","background-media":"","overlay-type":"","overlay-color":"","overlay-opacity":"","overlay-gradient":""}},"jetpack_post_was_ever_published":false,"_jetpack_newsletter_access":"","_jetpack_dont_email_post_to_subs":false,"_jetpack_newsletter_tier_id":0,"_jetpack_memberships_contains_paywalled_content":false,"_jetpack_memberships_contains_paid_content":false,"footnotes":""},"categories":[2,3],"tags":[],"class_list":["post-10720","post","type-post","status-publish","format-standard","hentry","category-literatura","category-osobni"],"jetpack_featured_media_url":"","jetpack_shortlink":"https:\/\/wp.me\/p4mLP7-2MU","jetpack-related-posts":[{"id":1961,"url":"https:\/\/kotrla.com\/pmpro\/2014\/05\/par-fotek-ze-zlinskeho-cteni\/","url_meta":{"origin":10720,"position":0},"title":"P\u00e1r fotek ze zl\u00ednsk\u00e9ho \u010dten\u00ed","author":"Pavel Kotrla","date":"19.5.2014","format":false,"excerpt":"Dal\u0161\u00ed fotky z na\u0161eho \u010dten\u00ed z 23. 4. najdete na str\u00e1nk\u00e1ch festivalu Liter\u00e1rn\u00ed jaro Zl\u00edn 2014 a na Facebooku Ond\u0159eje Hlo\u017eka. Festivalu jsem se \u00fa\u010dastnil u\u017e i v roce 2003 (a pak je\u0161t\u011b jednoho ro\u010dn\u00edku), v knihovn\u011b jsme pak s Kubou \u010detli i v roce 2005.","rel":"","context":"V \u201eFotografie\u201c","block_context":{"text":"Fotografie","link":"https:\/\/kotrla.com\/pmpro\/category\/fotografie\/"},"img":{"alt_text":"","src":"https:\/\/i0.wp.com\/kotrla.com\/pmpro\/wp-content\/uploads\/2014\/05\/IMG5749_up.jpg?resize=350%2C200&ssl=1","width":350,"height":200,"srcset":"https:\/\/i0.wp.com\/kotrla.com\/pmpro\/wp-content\/uploads\/2014\/05\/IMG5749_up.jpg?resize=350%2C200&ssl=1 1x, https:\/\/i0.wp.com\/kotrla.com\/pmpro\/wp-content\/uploads\/2014\/05\/IMG5749_up.jpg?resize=525%2C300&ssl=1 1.5x"},"classes":[]},{"id":9690,"url":"https:\/\/kotrla.com\/pmpro\/2022\/06\/cetli-jsme-ve-zline\/","url_meta":{"origin":10720,"position":1},"title":"\u010cetli jsme ve Zl\u00edn\u011b","author":"Pavel Kotrla","date":"6.6.2022","format":false,"excerpt":"A \u010detli jsme s Kubou Chrob\u00e1kem i ve Zl\u00edn\u011b. Velkokav\u00e1rna Gulliver m\u00e1 skv\u011blou atmosf\u00e9ru a fajn majitele! N\u00e1v\u0161t\u011bvu doporu\u010duju!","rel":"","context":"V \u201eLiteratura\u201c","block_context":{"text":"Literatura","link":"https:\/\/kotrla.com\/pmpro\/category\/literatura\/"},"img":{"alt_text":"","src":"https:\/\/i0.wp.com\/kotrla.com\/pmpro\/wp-content\/uploads\/2022\/06\/cteni_zlin_IMGP0907.jpg?resize=350%2C200&ssl=1","width":350,"height":200,"srcset":"https:\/\/i0.wp.com\/kotrla.com\/pmpro\/wp-content\/uploads\/2022\/06\/cteni_zlin_IMGP0907.jpg?resize=350%2C200&ssl=1 1x, https:\/\/i0.wp.com\/kotrla.com\/pmpro\/wp-content\/uploads\/2022\/06\/cteni_zlin_IMGP0907.jpg?resize=525%2C300&ssl=1 1.5x, https:\/\/i0.wp.com\/kotrla.com\/pmpro\/wp-content\/uploads\/2022\/06\/cteni_zlin_IMGP0907.jpg?resize=700%2C400&ssl=1 2x, https:\/\/i0.wp.com\/kotrla.com\/pmpro\/wp-content\/uploads\/2022\/06\/cteni_zlin_IMGP0907.jpg?resize=1050%2C600&ssl=1 3x, https:\/\/i0.wp.com\/kotrla.com\/pmpro\/wp-content\/uploads\/2022\/06\/cteni_zlin_IMGP0907.jpg?resize=1400%2C800&ssl=1 4x"},"classes":[]},{"id":11594,"url":"https:\/\/kotrla.com\/pmpro\/2024\/04\/jak-vznikala-nase-bibliofilie-synonymum-krajiny\/","url_meta":{"origin":10720,"position":2},"title":"Jak vznikala na\u0161e bibliofilie Synonymum krajiny","author":"Pavel Kotrla","date":"30.4.2024","format":false,"excerpt":"Spole\u010dn\u011b s Liborem So\u0161\u0165\u00e1kem jsme si ud\u011blali radost. Snad je na n\u00e1s vid\u011bt. Bibliofilii Synonymum krajina, kterou vydalo m\u00e9 jednomu\u017en\u00e9 nakladatelstv\u00ed Klenov, uvedeme ve st\u0159edu 8. kv\u011btna v 18:00 v r\u00e1mci stejnojmenn\u00e9 v\u00fdstavy Libora So\u0161\u0165\u00e1ka ve vset\u00ednsk\u00e9m kin\u011b Vatra. Prohl\u00e9dn\u011bte si, jak vznikala.","rel":"","context":"V \u201eBibliofilie\u201c","block_context":{"text":"Bibliofilie","link":"https:\/\/kotrla.com\/pmpro\/category\/bibliofilie\/"},"img":{"alt_text":"","src":"https:\/\/i0.wp.com\/kotrla.com\/pmpro\/wp-content\/uploads\/2024\/04\/synonymum_krajina_IMGP1637-150x150.jpg?resize=350%2C200&ssl=1","width":350,"height":200,"srcset":"https:\/\/i0.wp.com\/kotrla.com\/pmpro\/wp-content\/uploads\/2024\/04\/synonymum_krajina_IMGP1637-150x150.jpg?resize=350%2C200&ssl=1 1x, https:\/\/i0.wp.com\/kotrla.com\/pmpro\/wp-content\/uploads\/2024\/04\/synonymum_krajina_IMGP1637-150x150.jpg?resize=525%2C300&ssl=1 1.5x, https:\/\/i0.wp.com\/kotrla.com\/pmpro\/wp-content\/uploads\/2024\/04\/synonymum_krajina_IMGP1637-150x150.jpg?resize=700%2C400&ssl=1 2x, https:\/\/i0.wp.com\/kotrla.com\/pmpro\/wp-content\/uploads\/2024\/04\/synonymum_krajina_IMGP1637-150x150.jpg?resize=1050%2C600&ssl=1 3x, https:\/\/i0.wp.com\/kotrla.com\/pmpro\/wp-content\/uploads\/2024\/04\/synonymum_krajina_IMGP1637-150x150.jpg?resize=1400%2C800&ssl=1 4x"},"classes":[]},{"id":474,"url":"https:\/\/kotrla.com\/pmpro\/2007\/03\/osobnost-mojmira-travnicka-v-ceske-literature-ebook-zdarma\/","url_meta":{"origin":10720,"position":3},"title":"Osobnost Mojm\u00edra Tr\u00e1vn\u00ed\u010dka v \u010desk\u00e9 literatu\u0159e (ebook zdarma)","author":"Pavel Kotrla","date":"11.3.2007","format":false,"excerpt":"V p\u00e1tek jsme v r\u00e1mci ve\u010d\u00edrku Text\u016f slavnostn\u011b pok\u0159tili sborn\u00edk z konference Osobnost Mojm\u00edra Tr\u00e1vn\u00ed\u010dka v \u010desk\u00e9 literatu\u0159e, kter\u00e1 se uskute\u010dnila ve dnech 18.-19. \u0159\u00edjna 2006 ve Vset\u00edn\u011b. Zbyly ji\u017e jen posledn\u00ed v\u00fdtisky. Ale pokud m\u00e1te o sborn\u00edk z\u00e1jem, je zde dobr\u00e1 zpr\u00e1va. Kompletn\u00ed sborn\u00edk si m\u016f\u017eete nyn\u00ed st\u00e1hnout: zde\u2026","rel":"","context":"V \u201eLiteratura\u201c","block_context":{"text":"Literatura","link":"https:\/\/kotrla.com\/pmpro\/category\/literatura\/"},"img":{"alt_text":"Osobnost Mojm\u00edra Tr\u00e1vn\u00ed\u010dka v \u010desk\u00e9 literatu\u0159e","src":"https:\/\/i0.wp.com\/kotrla.com\/pmpro\/images\/uploads\/osobnost_mojmira_travnicka.gif?resize=350%2C200&ssl=1","width":350,"height":200},"classes":[]},{"id":252,"url":"https:\/\/kotrla.com\/pmpro\/2009\/09\/prave-jsme-vydali-texty-48-leto-2009\/","url_meta":{"origin":10720,"position":4},"title":"Pr\u00e1v\u011b jsme vydali Texty 48 (l\u00e9to 2009)","author":"Pavel Kotrla","date":"8.9.2009","format":false,"excerpt":"Posledn\u00ed Texty v PDF m\u016f\u017eete stahovat zde: http:\/\/casopis-texty.cz\/pdf\/texty_48.pdf Obsah \u010d\u00edsla: \u00favodn\u00edk Ren\u00e9 Ko\u010d\u00edk: L\u00e1grimas blancas___2 poezie Romana Dita: * * *___8_10 Radek \u0160t\u011bp\u00e1nek: * * *___20_21 pr\u00f3za Mojm\u00edr Tr\u00e1vn\u00ed\u010dek: Prvn\u00ed \u010dten\u00ed___11_19 Tom\u00e1\u0161 Martinec: Osta\u0161___23_27 p\u0159eklad Jurij Andruchovy\u010d: Jak jsme zabili Pjatrase___4_7 jen tak Jakub Gromb\u00ed\u0159: Str\u00e1nka ze star\u00e9ho den\u00edku___22_23 recenze\u2026","rel":"","context":"V \u201eLiteratura\u201c","block_context":{"text":"Literatura","link":"https:\/\/kotrla.com\/pmpro\/category\/literatura\/"},"img":{"alt_text":"","src":"","width":0,"height":0},"classes":[]},{"id":3101,"url":"https:\/\/kotrla.com\/pmpro\/2017\/03\/texty-71-zima-20162017\/","url_meta":{"origin":10720,"position":5},"title":"Texty 71 (zima 2016\/2017)","author":"Pavel Kotrla","date":"6.3.2017","format":false,"excerpt":"Vydali jsme nov\u00e9 \u010d\u00edslo. Naleznete jej k p\u0159e\u010dten\u00ed na http:\/\/casopis-texty.cz\/\u00a0A brzy bude k dispozici tradi\u010dn\u011b i v ti\u0161t\u011bn\u00e9 podob\u011b. OBSAH \u010c\u00cdSLA \u00favodn\u00edk Dalibor Malina: Jepice na sn\u011bhu pr\u00f3za Pavel Kotrla: Zimn\u00ed proch\u00e1zka Zbyn\u011bk Vyb\u00edral:V kav\u00e1rn\u011b; Dove poezie Jana Sovov\u00e1: * * * Tom\u00e1\u0161 Va\u0161ut: Vlnov\u00e1 d\u00e9lka Lucie Schindlerov\u00e1: * *\u2026","rel":"","context":"V \u201eLiteratura\u201c","block_context":{"text":"Literatura","link":"https:\/\/kotrla.com\/pmpro\/category\/literatura\/"},"img":{"alt_text":"","src":"","width":0,"height":0},"classes":[]}],"jetpack_sharing_enabled":true,"_links":{"self":[{"href":"https:\/\/kotrla.com\/pmpro\/wp-json\/wp\/v2\/posts\/10720","targetHints":{"allow":["GET"]}}],"collection":[{"href":"https:\/\/kotrla.com\/pmpro\/wp-json\/wp\/v2\/posts"}],"about":[{"href":"https:\/\/kotrla.com\/pmpro\/wp-json\/wp\/v2\/types\/post"}],"author":[{"embeddable":true,"href":"https:\/\/kotrla.com\/pmpro\/wp-json\/wp\/v2\/users\/1"}],"replies":[{"embeddable":true,"href":"https:\/\/kotrla.com\/pmpro\/wp-json\/wp\/v2\/comments?post=10720"}],"version-history":[{"count":0,"href":"https:\/\/kotrla.com\/pmpro\/wp-json\/wp\/v2\/posts\/10720\/revisions"}],"wp:attachment":[{"href":"https:\/\/kotrla.com\/pmpro\/wp-json\/wp\/v2\/media?parent=10720"}],"wp:term":[{"taxonomy":"category","embeddable":true,"href":"https:\/\/kotrla.com\/pmpro\/wp-json\/wp\/v2\/categories?post=10720"},{"taxonomy":"post_tag","embeddable":true,"href":"https:\/\/kotrla.com\/pmpro\/wp-json\/wp\/v2\/tags?post=10720"}],"curies":[{"name":"wp","href":"https:\/\/api.w.org\/{rel}","templated":true}]}}