{"id":10780,"date":"2023-09-11T13:01:30","date_gmt":"2023-09-11T12:01:30","guid":{"rendered":"http:\/\/kotrla.com\/pmpro\/?p=10780"},"modified":"2023-09-12T06:04:40","modified_gmt":"2023-09-12T05:04:40","slug":"ludvik-schneiderka-navraty","status":"publish","type":"post","link":"https:\/\/kotrla.com\/pmpro\/2023\/09\/ludvik-schneiderka-navraty\/","title":{"rendered":"Ludv\u00edk Schneiderka: N\u00e1vraty"},"content":{"rendered":"<p>Ve st\u0159edu st\u0159eda 6. z\u00e1\u0159\u00ed 2023 prob\u011bhla ve Vala\u0161sk\u00e9m Mezi\u0159\u00ed\u010d\u00ed v z\u00e1mku \u017derot\u00edn\u016f v<a href=\"https:\/\/magc.kzvalmez.cz\"> Muzejn\u00edm a galerijn\u00edm centru<\/a> vernis\u00e1\u017e reprezentativn\u00ed v\u00fdstavy Ludv\u00edka Schneiderky, kter\u00e1 byla uspo\u0159\u00e1d\u00e1na u p\u0159\u00edle\u017eitosti 120. v\u00fdro\u010d\u00ed narozen\u00ed mal\u00ed\u0159e, rod\u00e1ka z Vala\u0161sk\u00e9ho Mezi\u0159\u00ed\u010d\u00ed. Na v\u00fdstav\u011b, kterou m\u016f\u017eete nav\u0161t\u00edvit do ned\u011ble 5. listopadu 2023, najdete v\u00edce ne\u017e 80 pl\u00e1ten rozd\u011blen\u00fdch do p\u011bti tematick\u00fdch okruh\u016f. V\u00fdstava uvedli Dalibor Malina, autor <a href=\"https:\/\/www.databazeknih.cz\/knihy\/maliri-bratri-schneiderkove-424441\">monografie o bratrech Schneiderkov\u00fdch<\/a>, a mal\u00ed\u0159\u016fv syn Petr Schneiderka.<\/p>\n<figure id=\"attachment_10777\" aria-describedby=\"caption-attachment-10777\" style=\"width: 1600px\" class=\"wp-caption alignnone\"><a href=\"https:\/\/kotrla.com\/pmpro\/wp-content\/uploads\/2023\/09\/ludvik_schneiderka_IMGP9141.jpg\"><img loading=\"lazy\" decoding=\"async\" class=\"wp-image-10777 size-full\" src=\"https:\/\/kotrla.com\/pmpro\/wp-content\/uploads\/2023\/09\/ludvik_schneiderka_IMGP9141.jpg\" alt=\"Dalibor Malina\" width=\"1600\" height=\"1067\" srcset=\"https:\/\/kotrla.com\/pmpro\/wp-content\/uploads\/2023\/09\/ludvik_schneiderka_IMGP9141.jpg 1600w, https:\/\/kotrla.com\/pmpro\/wp-content\/uploads\/2023\/09\/ludvik_schneiderka_IMGP9141-300x200.jpg 300w, https:\/\/kotrla.com\/pmpro\/wp-content\/uploads\/2023\/09\/ludvik_schneiderka_IMGP9141-1024x683.jpg 1024w, https:\/\/kotrla.com\/pmpro\/wp-content\/uploads\/2023\/09\/ludvik_schneiderka_IMGP9141-1536x1024.jpg 1536w\" sizes=\"auto, (max-width: 1600px) 100vw, 1600px\" \/><\/a><figcaption id=\"caption-attachment-10777\" class=\"wp-caption-text\">Dalibor Malina<\/figcaption><\/figure>\n<figure id=\"attachment_10778\" aria-describedby=\"caption-attachment-10778\" style=\"width: 1600px\" class=\"wp-caption alignnone\"><a href=\"https:\/\/kotrla.com\/pmpro\/wp-content\/uploads\/2023\/09\/ludvik_schneiderka_IMGP9154.jpg\"><img loading=\"lazy\" decoding=\"async\" class=\"wp-image-10778 size-full\" src=\"https:\/\/kotrla.com\/pmpro\/wp-content\/uploads\/2023\/09\/ludvik_schneiderka_IMGP9154.jpg\" alt=\"Petr Schneiderka\" width=\"1600\" height=\"1067\" srcset=\"https:\/\/kotrla.com\/pmpro\/wp-content\/uploads\/2023\/09\/ludvik_schneiderka_IMGP9154.jpg 1600w, https:\/\/kotrla.com\/pmpro\/wp-content\/uploads\/2023\/09\/ludvik_schneiderka_IMGP9154-300x200.jpg 300w, https:\/\/kotrla.com\/pmpro\/wp-content\/uploads\/2023\/09\/ludvik_schneiderka_IMGP9154-1024x683.jpg 1024w, https:\/\/kotrla.com\/pmpro\/wp-content\/uploads\/2023\/09\/ludvik_schneiderka_IMGP9154-1536x1024.jpg 1536w\" sizes=\"auto, (max-width: 1600px) 100vw, 1600px\" \/><\/a><figcaption id=\"caption-attachment-10778\" class=\"wp-caption-text\">Petr Schneiderka<\/figcaption><\/figure>\n<p><a href=\"https:\/\/kotrla.com\/pmpro\/wp-content\/uploads\/2023\/09\/ludvik_schneiderka_IMGP9134.jpg\"><img loading=\"lazy\" decoding=\"async\" class=\"alignnone size-full wp-image-10776\" src=\"https:\/\/kotrla.com\/pmpro\/wp-content\/uploads\/2023\/09\/ludvik_schneiderka_IMGP9134.jpg\" alt=\"\" width=\"1600\" height=\"1067\" srcset=\"https:\/\/kotrla.com\/pmpro\/wp-content\/uploads\/2023\/09\/ludvik_schneiderka_IMGP9134.jpg 1600w, https:\/\/kotrla.com\/pmpro\/wp-content\/uploads\/2023\/09\/ludvik_schneiderka_IMGP9134-300x200.jpg 300w, https:\/\/kotrla.com\/pmpro\/wp-content\/uploads\/2023\/09\/ludvik_schneiderka_IMGP9134-1024x683.jpg 1024w, https:\/\/kotrla.com\/pmpro\/wp-content\/uploads\/2023\/09\/ludvik_schneiderka_IMGP9134-1536x1024.jpg 1536w\" sizes=\"auto, (max-width: 1600px) 100vw, 1600px\" \/><\/a><\/p>\n<p><a href=\"https:\/\/kotrla.com\/pmpro\/wp-content\/uploads\/2023\/09\/ludvik_schneiderka_IMGP9132.jpg\"><img loading=\"lazy\" decoding=\"async\" class=\"alignnone size-full wp-image-10775\" src=\"https:\/\/kotrla.com\/pmpro\/wp-content\/uploads\/2023\/09\/ludvik_schneiderka_IMGP9132.jpg\" alt=\"\" width=\"1600\" height=\"1067\" srcset=\"https:\/\/kotrla.com\/pmpro\/wp-content\/uploads\/2023\/09\/ludvik_schneiderka_IMGP9132.jpg 1600w, https:\/\/kotrla.com\/pmpro\/wp-content\/uploads\/2023\/09\/ludvik_schneiderka_IMGP9132-300x200.jpg 300w, https:\/\/kotrla.com\/pmpro\/wp-content\/uploads\/2023\/09\/ludvik_schneiderka_IMGP9132-1024x683.jpg 1024w, https:\/\/kotrla.com\/pmpro\/wp-content\/uploads\/2023\/09\/ludvik_schneiderka_IMGP9132-1536x1024.jpg 1536w\" sizes=\"auto, (max-width: 1600px) 100vw, 1600px\" \/><\/a><\/p>\n<p>&nbsp;<\/p>\n","protected":false},"excerpt":{"rendered":"<p>Ve st\u0159edu st\u0159eda 6. z\u00e1\u0159\u00ed 2023 prob\u011bhla ve Vala\u0161sk\u00e9m Mezi\u0159\u00ed\u010d\u00ed v z\u00e1mku \u017derot\u00edn\u016f v Muzejn\u00edm a galerijn\u00edm centru vernis\u00e1\u017e reprezentativn\u00ed v\u00fdstavy Ludv\u00edka Schneiderky, kter\u00e1 byla uspo\u0159\u00e1d\u00e1na u p\u0159\u00edle\u017eitosti 120. v\u00fdro\u010d\u00ed narozen\u00ed mal\u00ed\u0159e, rod\u00e1ka z Vala\u0161sk\u00e9ho Mezi\u0159\u00ed\u010d\u00ed. Na v\u00fdstav\u011b, kterou m\u016f\u017eete nav\u0161t\u00edvit do ned\u011ble 5. listopadu 2023, najdete v\u00edce ne\u017e 80 pl\u00e1ten rozd\u011blen\u00fdch do p\u011bti tematick\u00fdch [&hellip;]<\/p>\n","protected":false},"author":1,"featured_media":0,"comment_status":"open","ping_status":"open","sticky":false,"template":"","format":"standard","meta":{"site-sidebar-layout":"default","site-content-layout":"","ast-site-content-layout":"default","site-content-style":"default","site-sidebar-style":"default","ast-global-header-display":"","ast-banner-title-visibility":"","ast-main-header-display":"","ast-hfb-above-header-display":"","ast-hfb-below-header-display":"","ast-hfb-mobile-header-display":"","site-post-title":"","ast-breadcrumbs-content":"","ast-featured-img":"","footer-sml-layout":"","ast-disable-related-posts":"","theme-transparent-header-meta":"default","adv-header-id-meta":"","stick-header-meta":"","header-above-stick-meta":"","header-main-stick-meta":"","header-below-stick-meta":"","astra-migrate-meta-layouts":"set","ast-page-background-enabled":"default","ast-page-background-meta":{"desktop":{"background-color":"var(--ast-global-color-5)","background-image":"","background-repeat":"repeat","background-position":"center center","background-size":"auto","background-attachment":"scroll","background-type":"","background-media":"","overlay-type":"","overlay-color":"","overlay-opacity":"","overlay-gradient":""},"tablet":{"background-color":"","background-image":"","background-repeat":"repeat","background-position":"center center","background-size":"auto","background-attachment":"scroll","background-type":"","background-media":"","overlay-type":"","overlay-color":"","overlay-opacity":"","overlay-gradient":""},"mobile":{"background-color":"","background-image":"","background-repeat":"repeat","background-position":"center center","background-size":"auto","background-attachment":"scroll","background-type":"","background-media":"","overlay-type":"","overlay-color":"","overlay-opacity":"","overlay-gradient":""}},"ast-content-background-meta":{"desktop":{"background-color":"var(--ast-global-color-4)","background-image":"","background-repeat":"repeat","background-position":"center center","background-size":"auto","background-attachment":"scroll","background-type":"","background-media":"","overlay-type":"","overlay-color":"","overlay-opacity":"","overlay-gradient":""},"tablet":{"background-color":"var(--ast-global-color-4)","background-image":"","background-repeat":"repeat","background-position":"center center","background-size":"auto","background-attachment":"scroll","background-type":"","background-media":"","overlay-type":"","overlay-color":"","overlay-opacity":"","overlay-gradient":""},"mobile":{"background-color":"var(--ast-global-color-4)","background-image":"","background-repeat":"repeat","background-position":"center center","background-size":"auto","background-attachment":"scroll","background-type":"","background-media":"","overlay-type":"","overlay-color":"","overlay-opacity":"","overlay-gradient":""}},"jetpack_post_was_ever_published":false,"_jetpack_newsletter_access":"","_jetpack_dont_email_post_to_subs":false,"_jetpack_newsletter_tier_id":0,"_jetpack_memberships_contains_paywalled_content":false,"_jetpack_memberships_contains_paid_content":false,"footnotes":""},"categories":[61,4],"tags":[],"class_list":["post-10780","post","type-post","status-publish","format-standard","hentry","category-hudba","category-ostatni"],"jetpack_featured_media_url":"","jetpack_shortlink":"https:\/\/wp.me\/p4mLP7-2NS","jetpack-related-posts":[{"id":9201,"url":"https:\/\/kotrla.com\/pmpro\/2021\/11\/obrazy-ludvika-schneiderky\/","url_meta":{"origin":10780,"position":0},"title":"Obrazy Ludv\u00edka Schneiderky","author":"Pavel Kotrla","date":"26.11.2021","format":false,"excerpt":"V posledn\u00edch dvou t\u00fddnech jsem v okol\u00ed n\u011bjak\u00e9 ty v\u00fdstavy absolvoval. Jen nebyl \u010das se o nich zm\u00ednit (tak aspo\u0148 Tade\u00e1\u0161 Kotrba v Kapli a Jana Hojstri\u010dov\u00e1 v S\u00fdpce ve Vala\u0161sk\u00e9m Mezi\u0159\u00ed\u010d\u00ed nebo Kl\u00e1ra Sedlo v ro\u017enovsk\u00e9 Crears). Ale o t\u00e9 v\u010derej\u0161\u00ed se zastav\u00edm. U\u017e jen pro ten nostalgick\u00fd n\u00e1vrat\u2026","rel":"","context":"V \u201eOsobn\u00ed\u201c","block_context":{"text":"Osobn\u00ed","link":"https:\/\/kotrla.com\/pmpro\/category\/osobni\/"},"img":{"alt_text":"","src":"https:\/\/i0.wp.com\/kotrla.com\/pmpro\/wp-content\/uploads\/2021\/11\/v_podkrovi_schneiderka_IMGP3640-150x150.jpg?resize=350%2C200&ssl=1","width":350,"height":200,"srcset":"https:\/\/i0.wp.com\/kotrla.com\/pmpro\/wp-content\/uploads\/2021\/11\/v_podkrovi_schneiderka_IMGP3640-150x150.jpg?resize=350%2C200&ssl=1 1x, https:\/\/i0.wp.com\/kotrla.com\/pmpro\/wp-content\/uploads\/2021\/11\/v_podkrovi_schneiderka_IMGP3640-150x150.jpg?resize=525%2C300&ssl=1 1.5x, https:\/\/i0.wp.com\/kotrla.com\/pmpro\/wp-content\/uploads\/2021\/11\/v_podkrovi_schneiderka_IMGP3640-150x150.jpg?resize=700%2C400&ssl=1 2x, https:\/\/i0.wp.com\/kotrla.com\/pmpro\/wp-content\/uploads\/2021\/11\/v_podkrovi_schneiderka_IMGP3640-150x150.jpg?resize=1050%2C600&ssl=1 3x, https:\/\/i0.wp.com\/kotrla.com\/pmpro\/wp-content\/uploads\/2021\/11\/v_podkrovi_schneiderka_IMGP3640-150x150.jpg?resize=1400%2C800&ssl=1 4x"},"classes":[]},{"id":9979,"url":"https:\/\/kotrla.com\/pmpro\/2022\/10\/dalibor-malina-80\/","url_meta":{"origin":10780,"position":1},"title":"Dalibor Malina: 80","author":"Pavel Kotrla","date":"18.10.2022","format":false,"excerpt":"M\u016fj p\u0159\u00edtel Dalibor Malina\u00a0slav\u00ed neuv\u011b\u0159iteln\u00fdch 80! Tak p\u0159eju pevn\u00e9 zdrav\u00ed a dobrou mysl!","rel":"","context":"V \u201eLiteratura\u201c","block_context":{"text":"Literatura","link":"https:\/\/kotrla.com\/pmpro\/category\/literatura\/"},"img":{"alt_text":"","src":"https:\/\/i0.wp.com\/kotrla.com\/pmpro\/wp-content\/uploads\/2022\/10\/dalibor_mailna_podesvovi_IMGP3407.jpg?resize=350%2C200&ssl=1","width":350,"height":200,"srcset":"https:\/\/i0.wp.com\/kotrla.com\/pmpro\/wp-content\/uploads\/2022\/10\/dalibor_mailna_podesvovi_IMGP3407.jpg?resize=350%2C200&ssl=1 1x, https:\/\/i0.wp.com\/kotrla.com\/pmpro\/wp-content\/uploads\/2022\/10\/dalibor_mailna_podesvovi_IMGP3407.jpg?resize=525%2C300&ssl=1 1.5x, https:\/\/i0.wp.com\/kotrla.com\/pmpro\/wp-content\/uploads\/2022\/10\/dalibor_mailna_podesvovi_IMGP3407.jpg?resize=700%2C400&ssl=1 2x, https:\/\/i0.wp.com\/kotrla.com\/pmpro\/wp-content\/uploads\/2022\/10\/dalibor_mailna_podesvovi_IMGP3407.jpg?resize=1050%2C600&ssl=1 3x, https:\/\/i0.wp.com\/kotrla.com\/pmpro\/wp-content\/uploads\/2022\/10\/dalibor_mailna_podesvovi_IMGP3407.jpg?resize=1400%2C800&ssl=1 4x"},"classes":[]},{"id":4600,"url":"https:\/\/kotrla.com\/pmpro\/2019\/08\/osahavani\/","url_meta":{"origin":10780,"position":2},"title":"Osah\u00e1v\u00e1n\u00ed","author":"Pavel Kotrla","date":"23.8.2019","format":false,"excerpt":"Autor a jeho nov\u00e9 d\u00edt\u011b. Dalibor Malina a dal\u0161\u00ed monografie V\u011bd\u011bl jsem, \u017ee tady budu jednou \u017e\u00edt. Tentokr\u00e1t v\u011bnovan\u00e1 man\u017eel\u016fm Pode\u0161vov\u00fdm. Mal\u00ed\u0159 a spisovatelka. K\u0159est knihy bude sice a\u017e v z\u00e1\u0159\u00ed, ale kdy\u017e m\u00e1te tu mo\u017enost pokochat se d\u0159\u00edv... (Dnes dorazilo nov\u00e9 ryb\u00ed oko (PENTAX 10-17 mm f\/3,5-4,5 HD DA\u2026","rel":"","context":"V \u201eFotografie\u201c","block_context":{"text":"Fotografie","link":"https:\/\/kotrla.com\/pmpro\/category\/fotografie\/"},"img":{"alt_text":"","src":"https:\/\/i0.wp.com\/kotrla.com\/pmpro\/wp-content\/uploads\/2019\/08\/dmIMGP3144.jpg?resize=350%2C200&ssl=1","width":350,"height":200,"srcset":"https:\/\/i0.wp.com\/kotrla.com\/pmpro\/wp-content\/uploads\/2019\/08\/dmIMGP3144.jpg?resize=350%2C200&ssl=1 1x, https:\/\/i0.wp.com\/kotrla.com\/pmpro\/wp-content\/uploads\/2019\/08\/dmIMGP3144.jpg?resize=525%2C300&ssl=1 1.5x, https:\/\/i0.wp.com\/kotrla.com\/pmpro\/wp-content\/uploads\/2019\/08\/dmIMGP3144.jpg?resize=700%2C400&ssl=1 2x, https:\/\/i0.wp.com\/kotrla.com\/pmpro\/wp-content\/uploads\/2019\/08\/dmIMGP3144.jpg?resize=1050%2C600&ssl=1 3x, https:\/\/i0.wp.com\/kotrla.com\/pmpro\/wp-content\/uploads\/2019\/08\/dmIMGP3144.jpg?resize=1400%2C800&ssl=1 4x"},"classes":[]},{"id":4626,"url":"https:\/\/kotrla.com\/pmpro\/2019\/09\/dalibor-malina-vedel-jsem-ze-tady-jednou-budu-zit\/","url_meta":{"origin":10780,"position":3},"title":"Dalibor Malina: V\u011bd\u011bl jsem, \u017ee tady jednou budu \u017e\u00edt","author":"Pavel Kotrla","date":"3.9.2019","format":false,"excerpt":"Ji\u017e po\u017e\u00edt\u0159\u00ed","rel":"","context":"V \u201eKnihy\u201c","block_context":{"text":"Knihy","link":"https:\/\/kotrla.com\/pmpro\/category\/knihy\/"},"img":{"alt_text":"Dalibor Malina: V\u011bd\u011bl jsem, \u017ee tady jednou budu \u017e\u00edt","src":"https:\/\/i0.wp.com\/kotrla.com\/pmpro\/wp-content\/uploads\/2019\/09\/dalibor_malina_vedel_jsem_ze_tady_jednou_budu_zit.jpg?resize=350%2C200&ssl=1","width":350,"height":200,"srcset":"https:\/\/i0.wp.com\/kotrla.com\/pmpro\/wp-content\/uploads\/2019\/09\/dalibor_malina_vedel_jsem_ze_tady_jednou_budu_zit.jpg?resize=350%2C200&ssl=1 1x, https:\/\/i0.wp.com\/kotrla.com\/pmpro\/wp-content\/uploads\/2019\/09\/dalibor_malina_vedel_jsem_ze_tady_jednou_budu_zit.jpg?resize=525%2C300&ssl=1 1.5x, https:\/\/i0.wp.com\/kotrla.com\/pmpro\/wp-content\/uploads\/2019\/09\/dalibor_malina_vedel_jsem_ze_tady_jednou_budu_zit.jpg?resize=700%2C400&ssl=1 2x, https:\/\/i0.wp.com\/kotrla.com\/pmpro\/wp-content\/uploads\/2019\/09\/dalibor_malina_vedel_jsem_ze_tady_jednou_budu_zit.jpg?resize=1050%2C600&ssl=1 3x, https:\/\/i0.wp.com\/kotrla.com\/pmpro\/wp-content\/uploads\/2019\/09\/dalibor_malina_vedel_jsem_ze_tady_jednou_budu_zit.jpg?resize=1400%2C800&ssl=1 4x"},"classes":[]},{"id":2645,"url":"https:\/\/kotrla.com\/pmpro\/2015\/12\/ze-sobotniho-krtu\/","url_meta":{"origin":10780,"position":4},"title":"Ze sobotn\u00edho k\u0159tu","author":"Pavel Kotrla","date":"17.12.2015","format":false,"excerpt":"Dalibor Malina a jeho nov\u00e1 kniha","rel":"","context":"V \u201eFotografie\u201c","block_context":{"text":"Fotografie","link":"https:\/\/kotrla.com\/pmpro\/category\/fotografie\/"},"img":{"alt_text":"","src":"https:\/\/i0.wp.com\/kotrla.com\/pmpro\/wp-content\/uploads\/2015\/12\/dm_IMGP2431.jpg?resize=350%2C200&ssl=1","width":350,"height":200,"srcset":"https:\/\/i0.wp.com\/kotrla.com\/pmpro\/wp-content\/uploads\/2015\/12\/dm_IMGP2431.jpg?resize=350%2C200&ssl=1 1x, https:\/\/i0.wp.com\/kotrla.com\/pmpro\/wp-content\/uploads\/2015\/12\/dm_IMGP2431.jpg?resize=525%2C300&ssl=1 1.5x, https:\/\/i0.wp.com\/kotrla.com\/pmpro\/wp-content\/uploads\/2015\/12\/dm_IMGP2431.jpg?resize=700%2C400&ssl=1 2x, https:\/\/i0.wp.com\/kotrla.com\/pmpro\/wp-content\/uploads\/2015\/12\/dm_IMGP2431.jpg?resize=1050%2C600&ssl=1 3x"},"classes":[]},{"id":97,"url":"https:\/\/kotrla.com\/pmpro\/2012\/06\/kulturni-dedictvi-solane-a-jeho-okoli\/","url_meta":{"origin":10780,"position":5},"title":"Kulturn\u00ed d\u011bdictv\u00ed Sol\u00e1n\u011b a jeho okol\u00ed","author":"Pavel Kotrla","date":"2.6.2012","format":false,"excerpt":"Rozs\u00e1hl\u00e1 obrazov\u00e1 publikace (300 stran A4), kterou edi\u010dn\u011b p\u0159ipravil Dalibor Malina a kterou jsem s\u00e1zel pro Sdru\u017een\u00ed pro rozvoj Sol\u00e1n\u011b. Aspo\u0148 nakouknut\u00ed do obsahu: Ji\u0159\u00ed Langer \u2014 Vojt\u011bch Bajer: Polid\u0161\u0165ov\u00e1n\u00ed krajiny Ji\u0159\u00ed Langer: Architektura zdob\u00edc\u00ed Sol\u00e1\u0148 Jaroslav Jur\u010d\u00e1k: Fl\u00f3ra oblasti Velk\u00fdch Karlovic Karel Pavelka: \u017divo\u010dichov\u00e9 Sol\u00e1n\u011b a okol\u00ed V\u00e1clav Michali\u010dka:\u2026","rel":"","context":"V \u201eLiteratura\u201c","block_context":{"text":"Literatura","link":"https:\/\/kotrla.com\/pmpro\/category\/literatura\/"},"img":{"alt_text":"image","src":"https:\/\/i0.wp.com\/kotrla.com\/pmpro\/images\/uploads\/solan1.jpg?resize=350%2C200&ssl=1","width":350,"height":200},"classes":[]}],"jetpack_sharing_enabled":true,"_links":{"self":[{"href":"https:\/\/kotrla.com\/pmpro\/wp-json\/wp\/v2\/posts\/10780","targetHints":{"allow":["GET"]}}],"collection":[{"href":"https:\/\/kotrla.com\/pmpro\/wp-json\/wp\/v2\/posts"}],"about":[{"href":"https:\/\/kotrla.com\/pmpro\/wp-json\/wp\/v2\/types\/post"}],"author":[{"embeddable":true,"href":"https:\/\/kotrla.com\/pmpro\/wp-json\/wp\/v2\/users\/1"}],"replies":[{"embeddable":true,"href":"https:\/\/kotrla.com\/pmpro\/wp-json\/wp\/v2\/comments?post=10780"}],"version-history":[{"count":0,"href":"https:\/\/kotrla.com\/pmpro\/wp-json\/wp\/v2\/posts\/10780\/revisions"}],"wp:attachment":[{"href":"https:\/\/kotrla.com\/pmpro\/wp-json\/wp\/v2\/media?parent=10780"}],"wp:term":[{"taxonomy":"category","embeddable":true,"href":"https:\/\/kotrla.com\/pmpro\/wp-json\/wp\/v2\/categories?post=10780"},{"taxonomy":"post_tag","embeddable":true,"href":"https:\/\/kotrla.com\/pmpro\/wp-json\/wp\/v2\/tags?post=10780"}],"curies":[{"name":"wp","href":"https:\/\/api.w.org\/{rel}","templated":true}]}}