{"id":1116,"date":"2004-01-04T20:06:49","date_gmt":"2004-01-04T19:06:49","guid":{"rendered":"http:\/\/kotrla.com\/wordpress\/?p=1116"},"modified":"2019-11-20T22:26:35","modified_gmt":"2019-11-20T21:26:35","slug":"dnes-se-narodil-jan-karafiat","status":"publish","type":"post","link":"https:\/\/kotrla.com\/pmpro\/2004\/01\/dnes-se-narodil-jan-karafiat\/","title":{"rendered":"Dnes se narodil Jan Karafi\u00e1t"},"content":{"rendered":"<p>Zn\u00e1m\u00fdch liter\u00e1t\u016f p\u016fsob\u00edc\u00edch v okol\u00ed m\u00e9ho rodi\u0161t\u011b nen\u00ed mnoho. K t\u011bm nejv\u00fdznamn\u011bj\u0161\u00edm zcela jist\u011b pat\u0159\u00ed <a href=\"http:\/\/velkalhota.cz\/karafiat.php\">Jan Karafi\u00e1t<\/a>, kter\u00fd se narodil dnes, pouze v roce 1846. Jeho <a href=\"http:\/\/velkalhota.cz\/broucci.php\">Brou\u010dci<\/a> se stali jednou z nejprod\u00e1van\u011bj\u0161\u00edch knih, m\u00e1lokdo u\u017e ale v\u00ed, \u017ee a\u017e do roku 1912 vych\u00e1zeli bez ud\u00e1n\u00ed jm\u00e9na autora.<\/p>\n","protected":false},"excerpt":{"rendered":"<p>Zn\u00e1m\u00fdch liter\u00e1t\u016f p\u016fsob\u00edc\u00edch v okol\u00ed m\u00e9ho rodi\u0161t\u011b nen\u00ed mnoho. K t\u011bm nejv\u00fdznamn\u011bj\u0161\u00edm zcela jist\u011b pat\u0159\u00ed Jan Karafi\u00e1t, kter\u00fd se narodil dnes, pouze v roce 1846. Jeho Brou\u010dci se stali jednou z nejprod\u00e1van\u011bj\u0161\u00edch knih, m\u00e1lokdo u\u017e ale v\u00ed, \u017ee a\u017e do roku 1912 vych\u00e1zeli bez ud\u00e1n\u00ed jm\u00e9na autora.<\/p>\n","protected":false},"author":1,"featured_media":0,"comment_status":"open","ping_status":"open","sticky":false,"template":"","format":"standard","meta":{"site-sidebar-layout":"default","site-content-layout":"","ast-site-content-layout":"default","site-content-style":"default","site-sidebar-style":"default","ast-global-header-display":"","ast-banner-title-visibility":"","ast-main-header-display":"","ast-hfb-above-header-display":"","ast-hfb-below-header-display":"","ast-hfb-mobile-header-display":"","site-post-title":"","ast-breadcrumbs-content":"","ast-featured-img":"","footer-sml-layout":"","ast-disable-related-posts":"","theme-transparent-header-meta":"","adv-header-id-meta":"","stick-header-meta":"","header-above-stick-meta":"","header-main-stick-meta":"","header-below-stick-meta":"","astra-migrate-meta-layouts":"default","ast-page-background-enabled":"default","ast-page-background-meta":{"desktop":{"background-color":"var(--ast-global-color-5)","background-image":"","background-repeat":"repeat","background-position":"center center","background-size":"auto","background-attachment":"scroll","background-type":"","background-media":"","overlay-type":"","overlay-color":"","overlay-opacity":"","overlay-gradient":""},"tablet":{"background-color":"","background-image":"","background-repeat":"repeat","background-position":"center center","background-size":"auto","background-attachment":"scroll","background-type":"","background-media":"","overlay-type":"","overlay-color":"","overlay-opacity":"","overlay-gradient":""},"mobile":{"background-color":"","background-image":"","background-repeat":"repeat","background-position":"center center","background-size":"auto","background-attachment":"scroll","background-type":"","background-media":"","overlay-type":"","overlay-color":"","overlay-opacity":"","overlay-gradient":""}},"ast-content-background-meta":{"desktop":{"background-color":"var(--ast-global-color-4)","background-image":"","background-repeat":"repeat","background-position":"center center","background-size":"auto","background-attachment":"scroll","background-type":"","background-media":"","overlay-type":"","overlay-color":"","overlay-opacity":"","overlay-gradient":""},"tablet":{"background-color":"var(--ast-global-color-4)","background-image":"","background-repeat":"repeat","background-position":"center center","background-size":"auto","background-attachment":"scroll","background-type":"","background-media":"","overlay-type":"","overlay-color":"","overlay-opacity":"","overlay-gradient":""},"mobile":{"background-color":"var(--ast-global-color-4)","background-image":"","background-repeat":"repeat","background-position":"center center","background-size":"auto","background-attachment":"scroll","background-type":"","background-media":"","overlay-type":"","overlay-color":"","overlay-opacity":"","overlay-gradient":""}},"jetpack_post_was_ever_published":false,"_jetpack_newsletter_access":"","_jetpack_dont_email_post_to_subs":false,"_jetpack_newsletter_tier_id":0,"_jetpack_memberships_contains_paywalled_content":false,"_jetpack_memberships_contains_paid_content":false,"footnotes":""},"categories":[1],"tags":[],"class_list":["post-1116","post","type-post","status-publish","format-standard","hentry","category-nezarazene"],"jetpack_featured_media_url":"","jetpack_shortlink":"https:\/\/wp.me\/p4mLP7-i0","jetpack-related-posts":[{"id":819,"url":"https:\/\/kotrla.com\/pmpro\/2005\/02\/100-let-od-narozeni-zdenka-buriana\/","url_meta":{"origin":1116,"position":0},"title":"100 let od narozen\u00ed Zde\u0148ka Buriana","author":"Pavel Kotrla","date":"11.2.2005","format":false,"excerpt":"Dnes je to 100 let, co se v nedalek\u00e9 Kop\u0159ivnici (11. 2. 1905) narodil slavn\u00fd ilustr\u00e1tor knih Zden\u011bk Burian. Pov\u011bt\u0161inou m\u00e1me jeho jm\u00e9no spojeno s ilustracemi knih Eduarda \u0160torcha. V\u0161em doporu\u010duji n\u00e1v\u0161t\u011bvu Muzeum Zde\u0148ka Buriana ve \u0160tramberku, kde jsou k vid\u011bn\u00ed i m\u00e9n\u011b zn\u00e1m\u00e9 kni\u017en\u00ed ob\u00e1lky a pr\u00e1ce. Muzeum nen\u00ed\u2026","rel":"","context":"V \u201eNeza\u0159azen\u00e9\u201c","block_context":{"text":"Neza\u0159azen\u00e9","link":"https:\/\/kotrla.com\/pmpro\/category\/nezarazene\/"},"img":{"alt_text":"","src":"","width":0,"height":0},"classes":[]},{"id":1263,"url":"https:\/\/kotrla.com\/pmpro\/2003\/08\/google-alfred-hitchcock\/","url_meta":{"origin":1116,"position":1},"title":"Google: Alfred Hitchcock","author":"Pavel Kotrla","date":"13.8.2003","format":false,"excerpt":"I Google si n\u011bkdy vzpomene na literaturu. T\u0159eba dnes, kdy je ikonka v\u011bnov\u00e1na Alfredu Hitchcockovi (narodil se 13. 8. 1899). Je sice zn\u00e1m p\u0159edev\u0161\u00edm jako re\u017eis\u00e9r, ale napsal tak\u00e9 \u0159adu sc\u00e9n\u00e1\u0159\u016f a n\u011bjak\u00e9 pr\u00f3zy. Tak\u017ee hledejte: http:\/\/www.google.com\/search?q=alfred+hitchcock","rel":"","context":"V \u201eNeza\u0159azen\u00e9\u201c","block_context":{"text":"Neza\u0159azen\u00e9","link":"https:\/\/kotrla.com\/pmpro\/category\/nezarazene\/"},"img":{"alt_text":"","src":"","width":0,"height":0},"classes":[]},{"id":9264,"url":"https:\/\/kotrla.com\/pmpro\/2022\/01\/umberto-e\/","url_meta":{"origin":1116,"position":2},"title":"Umberto E.","author":"Pavel Kotrla","date":"5.1.2022","format":false,"excerpt":"P\u0159ed devades\u00e1ti lety se narodil Umberto Eco. Trochu jinak si toto v\u00fdro\u010d\u00ed m\u016f\u017eete p\u0159ipomenut d\u00edky comicsu Jmenuji se Umberto E., kter\u00fd pro na\u0161e Texty v letech 1999-2003 kreslil Michal Jare\u0161: http:\/\/casopis-texty.cz\/texty\/knihovnicka\/umberto_e.pdf","rel":"","context":"V \u201eOstatn\u00ed\u201c","block_context":{"text":"Ostatn\u00ed","link":"https:\/\/kotrla.com\/pmpro\/category\/ostatni\/"},"img":{"alt_text":"","src":"https:\/\/i0.wp.com\/kotrla.com\/pmpro\/wp-content\/uploads\/2022\/01\/umberto_e.jpg?resize=350%2C200&ssl=1","width":350,"height":200,"srcset":"https:\/\/i0.wp.com\/kotrla.com\/pmpro\/wp-content\/uploads\/2022\/01\/umberto_e.jpg?resize=350%2C200&ssl=1 1x, https:\/\/i0.wp.com\/kotrla.com\/pmpro\/wp-content\/uploads\/2022\/01\/umberto_e.jpg?resize=525%2C300&ssl=1 1.5x, https:\/\/i0.wp.com\/kotrla.com\/pmpro\/wp-content\/uploads\/2022\/01\/umberto_e.jpg?resize=700%2C400&ssl=1 2x"},"classes":[]},{"id":9204,"url":"https:\/\/kotrla.com\/pmpro\/2021\/11\/dnes-vecer\/","url_meta":{"origin":1116,"position":3},"title":"Dnes ve\u010der","author":"Pavel Kotrla","date":"28.11.2021","format":false,"excerpt":"Mimo jin\u00e9 dnes ve\u010der v Lese: Rozhovor Moniky Hors\u00e1kov\u00e9 a Pavla Hru\u0161ky s liter\u00e1rn\u00edm historikem a b\u00e1sn\u00edkem Jakubem Chrob\u00e1kem a nakladatelem Pavlem Kotrlou a k\u0159est b\u00e1snick\u00e9 sb\u00edrky Jakuba Chrob\u00e1ka V krvavin\u00e1ch.","rel":"","context":"V \u201eKnihy\u201c","block_context":{"text":"Knihy","link":"https:\/\/kotrla.com\/pmpro\/category\/knihy\/"},"img":{"alt_text":"","src":"https:\/\/i0.wp.com\/kotrla.com\/pmpro\/wp-content\/uploads\/2021\/11\/radio_les_20211128.jpg?resize=350%2C200&ssl=1","width":350,"height":200,"srcset":"https:\/\/i0.wp.com\/kotrla.com\/pmpro\/wp-content\/uploads\/2021\/11\/radio_les_20211128.jpg?resize=350%2C200&ssl=1 1x, https:\/\/i0.wp.com\/kotrla.com\/pmpro\/wp-content\/uploads\/2021\/11\/radio_les_20211128.jpg?resize=525%2C300&ssl=1 1.5x, https:\/\/i0.wp.com\/kotrla.com\/pmpro\/wp-content\/uploads\/2021\/11\/radio_les_20211128.jpg?resize=700%2C400&ssl=1 2x, https:\/\/i0.wp.com\/kotrla.com\/pmpro\/wp-content\/uploads\/2021\/11\/radio_les_20211128.jpg?resize=1050%2C600&ssl=1 3x, https:\/\/i0.wp.com\/kotrla.com\/pmpro\/wp-content\/uploads\/2021\/11\/radio_les_20211128.jpg?resize=1400%2C800&ssl=1 4x"},"classes":[]},{"id":670,"url":"https:\/\/kotrla.com\/pmpro\/2005\/10\/dny-kdy-odchazi-pratele\/","url_meta":{"origin":1116,"position":4},"title":"Dny, kdy odch\u00e1z\u00ed p\u0159\u00e1tel\u00e9","author":"Pavel Kotrla","date":"13.10.2005","format":false,"excerpt":"Dnes jsme naposled doprovodili jednoho z p\u0159\u00e1tel, jeho\u017e ver\u0161e jste n\u011bkolikr\u00e1t mohli \u010d\u00edst i v na\u0161em \u010dasopise. JAN V\u00c1LEK Hmyz na trnech rozk\u0159\u00eddlil se pt\u00e1k na ostnit\u00e9 trnce co p\u011bnou kv\u011bt\u016f st\u00fdsk\u00e1 trpce jeden r\u00e1z do roka rozzp\u00edval se pt\u00e1k na trnce plan\u00e9 jak prvn\u00ed, druh\u00e9, prv\u00e9 zas, dan\u00e9 sh\u016fry\u2026","rel":"","context":"V \u201eLiteratura\u201c","block_context":{"text":"Literatura","link":"https:\/\/kotrla.com\/pmpro\/category\/literatura\/"},"img":{"alt_text":"","src":"","width":0,"height":0},"classes":[]},{"id":367,"url":"https:\/\/kotrla.com\/pmpro\/2008\/03\/valasska-krajina-tri-jizvy\/","url_meta":{"origin":1116,"position":5},"title":"Vala\u0161sk\u00e1 krajina: t\u0159i jizvy","author":"Pavel Kotrla","date":"7.3.2008","format":false,"excerpt":"Dnes jsme s kamar\u00e1dy provedli intern\u00ed volbu t\u0159\u00ed nejhor\u0161\u00edch jizev na krajin\u011b Vala\u0161ska. Dv\u011b jsem zde u\u017e zmi\u0148oval, posledn\u00ed je tak v\u00fdrazn\u00e1 a obludn\u00e1, \u017ee jsem si ji u\u017e p\u0159estal vn\u00edmat. Tak\u017ee n\u00e1\u0161 \u017eeb\u0159\u00ed\u010dek, bez n\u00e1roku na p\u0159esn\u00e9 po\u0159ad\u00ed: 1) Roz\u0161i\u0159uj\u00edc\u00ed se kamenolom v ho\u0159e Klenov 2) Vznikaj\u00edc\u00ed rychlostn\u00ed komunikace\u2026","rel":"","context":"V \u201eOsobn\u00ed\u201c","block_context":{"text":"Osobn\u00ed","link":"https:\/\/kotrla.com\/pmpro\/category\/osobni\/"},"img":{"alt_text":"","src":"","width":0,"height":0},"classes":[]}],"jetpack_sharing_enabled":true,"_links":{"self":[{"href":"https:\/\/kotrla.com\/pmpro\/wp-json\/wp\/v2\/posts\/1116","targetHints":{"allow":["GET"]}}],"collection":[{"href":"https:\/\/kotrla.com\/pmpro\/wp-json\/wp\/v2\/posts"}],"about":[{"href":"https:\/\/kotrla.com\/pmpro\/wp-json\/wp\/v2\/types\/post"}],"author":[{"embeddable":true,"href":"https:\/\/kotrla.com\/pmpro\/wp-json\/wp\/v2\/users\/1"}],"replies":[{"embeddable":true,"href":"https:\/\/kotrla.com\/pmpro\/wp-json\/wp\/v2\/comments?post=1116"}],"version-history":[{"count":0,"href":"https:\/\/kotrla.com\/pmpro\/wp-json\/wp\/v2\/posts\/1116\/revisions"}],"wp:attachment":[{"href":"https:\/\/kotrla.com\/pmpro\/wp-json\/wp\/v2\/media?parent=1116"}],"wp:term":[{"taxonomy":"category","embeddable":true,"href":"https:\/\/kotrla.com\/pmpro\/wp-json\/wp\/v2\/categories?post=1116"},{"taxonomy":"post_tag","embeddable":true,"href":"https:\/\/kotrla.com\/pmpro\/wp-json\/wp\/v2\/tags?post=1116"}],"curies":[{"name":"wp","href":"https:\/\/api.w.org\/{rel}","templated":true}]}}