{"id":1135,"date":"2003-12-14T00:01:00","date_gmt":"2003-12-13T23:01:00","guid":{"rendered":"http:\/\/kotrla.com\/wordpress\/?p=1135"},"modified":"2019-11-20T22:26:36","modified_gmt":"2019-11-20T21:26:36","slug":"stari-dobri-frederico-garcia-lorca-xvii","status":"publish","type":"post","link":"https:\/\/kotrla.com\/pmpro\/2003\/12\/stari-dobri-frederico-garcia-lorca-xvii\/","title":{"rendered":"STA\u0158\u00cd DOB\u0158\u00cd: Frederico Garc\u00eda Lorca (XVII.)"},"content":{"rendered":"<p>M\u00e1m doma dva v\u00fdbory z tvorby tohoto b\u00e1sn\u00edka, ale n\u00e1sleduj\u00edc\u00ed b\u00e1se\u0148 tam nena\u0161el. Najdete ji ve <i>V\u011bt\u0161\u00edm poetick\u00e9m slovn\u00edku<\/i> Josefa Bruknera a Ji\u0159\u00edho Filipa (co\u017e je ostatn\u011b st\u00e1le jeden z nejlep\u0161\u00edch \u010desk\u00fdch liter\u00e1rn\u00edch slovn\u00edk\u016f).<\/p>\n<p><b>Pob\u0159e\u017en\u00ed<\/b><br \/>\n\/s doprovodem zvon\u016f\/<\/p>\n<p>\u0158\u00edkaj\u00ed, \u017ee pr\u00fd m\u00e1\u0161 l\u00edce<br \/>\n(bimbambim)<br \/>\nod \u00fapl\u0148ku luny<br \/>\n(mimbambam)<br \/>\nSly\u0161\u00ed\u0161, kterak vyzv\u00e1n\u00ed se?<br \/>\n(bimbambim)<br \/>\nTo mi nedovol\u00ed.<br \/>\n(bimbambam)<br \/>\nAle ta tv\u00e1 o\u010di\u010dka!<br \/>\n(bimbambim)<br \/>\n&#8230;promi\u0148, kr\u00e1sn\u00e9 o\u010di!<br \/>\n(bimbambam)<br \/>\na ta zlat\u00e1 r\u016f\u017ei\u010dka<br \/>\n(bimbambim)<br \/>\na ta tvoje&#8230; promi\u0148&#8230;<br \/>\n(bimbambam)<br \/>\nO tu jej\u00ed krinol\u00ednu<br \/>\nsrdce zvon\u016f zvon\u00ed.<\/p>\n<p>Tvoje tajn\u00e9 kouzlo&#8230; tv\u00e1&#8230;<br \/>\n(bimbambim<br \/>\nbim<br \/>\nbim<br \/>\nbim&#8230;)<\/p>\n<p>Promi\u0148.<\/p>\n<p>(p\u0159elo\u017eil Lum\u00edr \u010civrn\u00fd)<\/p>\n","protected":false},"excerpt":{"rendered":"<p>M\u00e1m doma dva v\u00fdbory z tvorby tohoto b\u00e1sn\u00edka, ale n\u00e1sleduj\u00edc\u00ed b\u00e1se\u0148 tam nena\u0161el. Najdete ji ve V\u011bt\u0161\u00edm poetick\u00e9m slovn\u00edku Josefa Bruknera a Ji\u0159\u00edho Filipa (co\u017e je ostatn\u011b st\u00e1le jeden z nejlep\u0161\u00edch \u010desk\u00fdch liter\u00e1rn\u00edch slovn\u00edk\u016f). Pob\u0159e\u017en\u00ed \/s doprovodem zvon\u016f\/ \u0158\u00edkaj\u00ed, \u017ee pr\u00fd m\u00e1\u0161 l\u00edce (bimbambim) od \u00fapl\u0148ku luny (mimbambam) Sly\u0161\u00ed\u0161, kterak vyzv\u00e1n\u00ed se? (bimbambim) To mi [&hellip;]<\/p>\n","protected":false},"author":1,"featured_media":0,"comment_status":"open","ping_status":"open","sticky":false,"template":"","format":"standard","meta":{"site-sidebar-layout":"default","site-content-layout":"","ast-site-content-layout":"default","site-content-style":"default","site-sidebar-style":"default","ast-global-header-display":"","ast-banner-title-visibility":"","ast-main-header-display":"","ast-hfb-above-header-display":"","ast-hfb-below-header-display":"","ast-hfb-mobile-header-display":"","site-post-title":"","ast-breadcrumbs-content":"","ast-featured-img":"","footer-sml-layout":"","ast-disable-related-posts":"","theme-transparent-header-meta":"","adv-header-id-meta":"","stick-header-meta":"","header-above-stick-meta":"","header-main-stick-meta":"","header-below-stick-meta":"","astra-migrate-meta-layouts":"default","ast-page-background-enabled":"default","ast-page-background-meta":{"desktop":{"background-color":"var(--ast-global-color-5)","background-image":"","background-repeat":"repeat","background-position":"center center","background-size":"auto","background-attachment":"scroll","background-type":"","background-media":"","overlay-type":"","overlay-color":"","overlay-opacity":"","overlay-gradient":""},"tablet":{"background-color":"","background-image":"","background-repeat":"repeat","background-position":"center center","background-size":"auto","background-attachment":"scroll","background-type":"","background-media":"","overlay-type":"","overlay-color":"","overlay-opacity":"","overlay-gradient":""},"mobile":{"background-color":"","background-image":"","background-repeat":"repeat","background-position":"center center","background-size":"auto","background-attachment":"scroll","background-type":"","background-media":"","overlay-type":"","overlay-color":"","overlay-opacity":"","overlay-gradient":""}},"ast-content-background-meta":{"desktop":{"background-color":"var(--ast-global-color-4)","background-image":"","background-repeat":"repeat","background-position":"center center","background-size":"auto","background-attachment":"scroll","background-type":"","background-media":"","overlay-type":"","overlay-color":"","overlay-opacity":"","overlay-gradient":""},"tablet":{"background-color":"var(--ast-global-color-4)","background-image":"","background-repeat":"repeat","background-position":"center center","background-size":"auto","background-attachment":"scroll","background-type":"","background-media":"","overlay-type":"","overlay-color":"","overlay-opacity":"","overlay-gradient":""},"mobile":{"background-color":"var(--ast-global-color-4)","background-image":"","background-repeat":"repeat","background-position":"center center","background-size":"auto","background-attachment":"scroll","background-type":"","background-media":"","overlay-type":"","overlay-color":"","overlay-opacity":"","overlay-gradient":""}},"jetpack_post_was_ever_published":false,"_jetpack_newsletter_access":"","_jetpack_dont_email_post_to_subs":false,"_jetpack_newsletter_tier_id":0,"_jetpack_memberships_contains_paywalled_content":false,"_jetpack_memberships_contains_paid_content":false,"footnotes":""},"categories":[8],"tags":[],"class_list":["post-1135","post","type-post","status-publish","format-standard","hentry","category-stari-dobri"],"jetpack_featured_media_url":"","jetpack_shortlink":"https:\/\/wp.me\/p4mLP7-ij","jetpack-related-posts":[{"id":782,"url":"https:\/\/kotrla.com\/pmpro\/2005\/04\/stari-dobri-pierre-reverdy-lxxix\/","url_meta":{"origin":1135,"position":0},"title":"STA\u0158\u00cd DOB\u0158\u00cd: Pierre Reverdy (LXXIX.)","author":"Pavel Kotrla","date":"3.4.2005","format":false,"excerpt":"Francouzsk\u00fd b\u00e1sn\u00edk, bl\u00ed\u017eenec surrealismu (* 13. 9. 1889 - \u2020 17. 6. 1960) Tma Velik\u00e1 jehla probod\u00e1v\u00e1 kruh Strom Prst A luna jednook\u00e1 Okno je\u017e na n\u00e1s mrk\u00e1 D\u016fm unaven\u00fd us\u00edn\u00e1 U vody v\u00fdk\u0159ik jen\u017e se ztr\u00e1c\u00ed Proud st\u0159\u00edbra vroub\u00ed oboru Tvoje tv\u00e1\u0159 je kus mramoru Kam pod\u011bli se v\u0161ichni\u2026","rel":"","context":"V \u201eSta\u0159\u00ed dob\u0159\u00ed\u201c","block_context":{"text":"Sta\u0159\u00ed dob\u0159\u00ed","link":"https:\/\/kotrla.com\/pmpro\/category\/stari-dobri\/"},"img":{"alt_text":"","src":"","width":0,"height":0},"classes":[]},{"id":768,"url":"https:\/\/kotrla.com\/pmpro\/2005\/05\/stari-dobri-frantisek-gellner-lxxxi\/","url_meta":{"origin":1135,"position":1},"title":"STA\u0158\u00cd DOB\u0158\u00cd: Franti\u0161ek Gellner (LXXXI.)","author":"Pavel Kotrla","date":"1.5.2005","format":false,"excerpt":"Trocha optimismu v rozkvetl\u00e9m jaru z pera rebela neza\u0161kod\u00ed (* 19. 6. 1881, \u2020 asi z\u00e1\u0159\u00ed 1914). POSLEDN\u00cd V\u011aCI Po \u010dem kdy srdce v touze bilo z toho se nic nesplnilo. Kde moje nad\u011bje jsou dnes? S\u00e1m jsem je v\u0161echny k hrobu nes. Minula \u017eit\u00ed polovice - a bezpochyby n\u011bco\u2026","rel":"","context":"V \u201eSta\u0159\u00ed dob\u0159\u00ed\u201c","block_context":{"text":"Sta\u0159\u00ed dob\u0159\u00ed","link":"https:\/\/kotrla.com\/pmpro\/category\/stari-dobri\/"},"img":{"alt_text":"","src":"","width":0,"height":0},"classes":[]},{"id":886,"url":"https:\/\/kotrla.com\/pmpro\/2004\/11\/kdo-je-autorem-nasledujicich-versu-62\/","url_meta":{"origin":1135,"position":2},"title":"Kdo je autorem n\u00e1sleduj\u00edc\u00edch ver\u0161\u016f? (62)","author":"Pavel Kotrla","date":"8.11.2004","format":false,"excerpt":"Pond\u011bln\u00ed r\u00e1no v\u00e1s v\u00edt\u00e1 novou h\u00e1dankou. Tak\u017ee: Kdo je autorem n\u00e1sleduj\u00edc\u00ed b\u00e1sn\u011b? N\u011bjak\u00e1 n\u00e1pov\u011bda? Ale ano: mu\u017e, cizinec. L\u00e1ska krv\u00e1c\u00ed a taje Kytka v kv\u011btin\u00e1\u010di na okn\u011b sklonila hlavu pod n\u00e1porem prosince. V\u0161echno v na\u0161em dom\u011b rostlo, rostlo a nakonec zvadlo. Je to neuv\u011b\u0159iteln\u00e9, \u017ee u\u017e p\u0159ed rokem jsi \u0159ekla:\u2026","rel":"","context":"V \u201eKdo je autorem?\u201c","block_context":{"text":"Kdo je autorem?","link":"https:\/\/kotrla.com\/pmpro\/category\/kdo-je-autorem\/"},"img":{"alt_text":"","src":"","width":0,"height":0},"classes":[]},{"id":1223,"url":"https:\/\/kotrla.com\/pmpro\/2003\/09\/stari-dobri-omar-chajjam-v\/","url_meta":{"origin":1135,"position":3},"title":"STA\u0158\u00cd DOB\u0158\u00cd: Omar Chajj\u00e1m (V.)","author":"Pavel Kotrla","date":"14.9.2003","format":false,"excerpt":"Kniha \u010cty\u0159ver\u0161\u00ed Omara Chajj\u00e1ma z roku 1947 je m\u016fj d\u00e1vn\u00fd \u00falovek z antikvari\u00e1tu. Vy\u0161la jako 3. svazek edice Du\u0161e v\u00fdchodu nakladatelstv\u00ed Symposion. \u010cty\u0159ver\u0161\u00ed tohoto persk\u00e9ho matematika, fyzika a b\u00e1sn\u00edka (* 18. 5. 1048, \u2020 4. 12. 1131), kter\u00e9 se vyzna\u010duj\u00ed specifickou formou rub\u00e1\u2019\u00ed, ani po stalet\u00edm neztratila na aktu\u00e1lnosti. Z\u2026","rel":"","context":"V \u201eSta\u0159\u00ed dob\u0159\u00ed\u201c","block_context":{"text":"Sta\u0159\u00ed dob\u0159\u00ed","link":"https:\/\/kotrla.com\/pmpro\/category\/stari-dobri\/"},"img":{"alt_text":"","src":"","width":0,"height":0},"classes":[]},{"id":524,"url":"https:\/\/kotrla.com\/pmpro\/2006\/09\/stari-dobri-rudyard-kipling-cxii\/","url_meta":{"origin":1135,"position":4},"title":"STA\u0158\u00cd DOB\u0158\u00cd: Rudyard Kipling (CXII.)","author":"Pavel Kotrla","date":"10.9.2006","format":false,"excerpt":"Tento anglick\u00fd b\u00e1sn\u00edk (* 30. 12. 1865, \u2020 18. 1. 1936) je historicky prvn\u00edm britsk\u00fdm nositelem Nobelovy ceny za literaturu. Jeho d\u00edlo je sice n\u011bkdy odm\u00edt\u00e1no pro sv\u016fj kolonialismus, ale to mu nic neub\u00edr\u00e1 na velikosti. U n\u00e1s je zn\u00e1m p\u0159edev\u0161\u00edm d\u00edky sv\u00fdm Knih\u00e1m d\u017eungl\u00ed, ale v anglosask\u00e9m sv\u011bt\u011b pat\u0159\u00ed\u2026","rel":"","context":"V \u201eSta\u0159\u00ed dob\u0159\u00ed\u201c","block_context":{"text":"Sta\u0159\u00ed dob\u0159\u00ed","link":"https:\/\/kotrla.com\/pmpro\/category\/stari-dobri\/"},"img":{"alt_text":"Rudyard Kipling","src":"https:\/\/i0.wp.com\/kotrla.com\/pmpro\/images\/uploads\/kipling.jpg?resize=350%2C200&ssl=1","width":350,"height":200},"classes":[]},{"id":459,"url":"https:\/\/kotrla.com\/pmpro\/2007\/04\/stari-dobri-cesare-pavese-cxvii\/","url_meta":{"origin":1135,"position":5},"title":"STA\u0158\u00cd DOB\u0158\u00cd: Cesare Pavese (CXVII.)","author":"Pavel Kotrla","date":"29.4.2007","format":false,"excerpt":"Italsk\u00fd b\u00e1sn\u00edk a p\u0159ekladatel (1908 - 1950). Pro mne prost\u011b jedno z uhranut\u00ed poezi\u00ed. P\u0159ijde smrt a bude m\u00edt tv\u00e9 o\u010di, P\u0159ijde smrt a bude m\u00edt tv\u00e9 o\u010di. Je v tob\u011b krev a dech. Jsi stvo\u0159ena z masa, vlas\u016f a pohled\u016f. Zem\u011b a rostliny, b\u0159eznov\u00e1 obloha, sv\u011btlo chv\u011bj\u00ed se a\u2026","rel":"","context":"V \u201eSta\u0159\u00ed dob\u0159\u00ed\u201c","block_context":{"text":"Sta\u0159\u00ed dob\u0159\u00ed","link":"https:\/\/kotrla.com\/pmpro\/category\/stari-dobri\/"},"img":{"alt_text":"","src":"","width":0,"height":0},"classes":[]}],"jetpack_sharing_enabled":true,"_links":{"self":[{"href":"https:\/\/kotrla.com\/pmpro\/wp-json\/wp\/v2\/posts\/1135","targetHints":{"allow":["GET"]}}],"collection":[{"href":"https:\/\/kotrla.com\/pmpro\/wp-json\/wp\/v2\/posts"}],"about":[{"href":"https:\/\/kotrla.com\/pmpro\/wp-json\/wp\/v2\/types\/post"}],"author":[{"embeddable":true,"href":"https:\/\/kotrla.com\/pmpro\/wp-json\/wp\/v2\/users\/1"}],"replies":[{"embeddable":true,"href":"https:\/\/kotrla.com\/pmpro\/wp-json\/wp\/v2\/comments?post=1135"}],"version-history":[{"count":0,"href":"https:\/\/kotrla.com\/pmpro\/wp-json\/wp\/v2\/posts\/1135\/revisions"}],"wp:attachment":[{"href":"https:\/\/kotrla.com\/pmpro\/wp-json\/wp\/v2\/media?parent=1135"}],"wp:term":[{"taxonomy":"category","embeddable":true,"href":"https:\/\/kotrla.com\/pmpro\/wp-json\/wp\/v2\/categories?post=1135"},{"taxonomy":"post_tag","embeddable":true,"href":"https:\/\/kotrla.com\/pmpro\/wp-json\/wp\/v2\/tags?post=1135"}],"curies":[{"name":"wp","href":"https:\/\/api.w.org\/{rel}","templated":true}]}}