{"id":1136,"date":"2003-12-13T19:20:01","date_gmt":"2003-12-13T18:20:01","guid":{"rendered":"http:\/\/kotrla.com\/wordpress\/?p=1136"},"modified":"2019-11-20T22:24:34","modified_gmt":"2019-11-20T21:24:34","slug":"kdo-je-autorem-nasledujicich-versu-17","status":"publish","type":"post","link":"https:\/\/kotrla.com\/pmpro\/2003\/12\/kdo-je-autorem-nasledujicich-versu-17\/","title":{"rendered":"Kdo je autorem n\u00e1sleduj\u00edc\u00edch ver\u0161\u016f? (17)"},"content":{"rendered":"<p>Minul\u00e1 h\u00e1danka byla zodpov\u011bzena. Je \u010das na dal\u0161\u00ed. Ot\u00e1zka je st\u00e1le stejn\u00e1: <b>Kdo je autorem n\u00e1sleduj\u00edch ver\u0161\u016f?<\/b><\/p>\n<p><b>N\u00e1\u0159ek nad mrtv\u00fdm<\/b><\/p>\n<p>ombula<br \/>\ntake<br \/>\nbity<br \/>\nsolunkola<br \/>\ntabla tokta tokta takabla<br \/>\ntaka tak<br \/>\nBabula m&#180;balam<br \/>\ntak tru-h\u00fd<br \/>\nvo-um<\/p>\n<p>biba bimbl<br \/>\no kla \u00f3 a\u00fav<br \/>\nkla \u00f3 a\u00fava<br \/>\nla-a\u00fama<br \/>\no kla \u00f3 h\u00fd<br \/>\nla \u00f3 a\u00fama<br \/>\nklinga &#8211; \u00f3 &#8211; e &#8211; a\u00fava<br \/>\nome \u00f3-a\u00fava<br \/>\nklinga inga Mao-A\u00fava<br \/>\nomba dyj omuff pomo-a\u00fava<br \/>\ntru-h\u00fd<br \/>\ntro-u-h\u00fd o-a-o-h\u00fd<br \/>\nmo-a\u00fava<br \/>\ngomum guma cangaga gago blagaga<br \/>\nscagaglugi m ba-\u00f3-a\u00fama<br \/>\nscaga scago<br \/>\nscaga la m&#180;blama<br \/>\np\u0161igi p\u0161igo<br \/>\np\u0161igi p\u0161igi<br \/>\np\u0161iggo p\u0161iggo<br \/>\ngoggo goggo<br \/>\nogoggo<br \/>\na-\u00f3-a\u00fama<\/p>\n","protected":false},"excerpt":{"rendered":"<p>Minul\u00e1 h\u00e1danka byla zodpov\u011bzena. Je \u010das na dal\u0161\u00ed. Ot\u00e1zka je st\u00e1le stejn\u00e1: Kdo je autorem n\u00e1sleduj\u00edch ver\u0161\u016f? N\u00e1\u0159ek nad mrtv\u00fdm ombula take bity solunkola tabla tokta tokta takabla taka tak Babula m&#180;balam tak tru-h\u00fd vo-um biba bimbl o kla \u00f3 a\u00fav kla \u00f3 a\u00fava la-a\u00fama o kla \u00f3 h\u00fd la \u00f3 a\u00fama klinga &#8211; \u00f3 [&hellip;]<\/p>\n","protected":false},"author":1,"featured_media":0,"comment_status":"open","ping_status":"open","sticky":false,"template":"","format":"standard","meta":{"site-sidebar-layout":"default","site-content-layout":"","ast-site-content-layout":"default","site-content-style":"default","site-sidebar-style":"default","ast-global-header-display":"","ast-banner-title-visibility":"","ast-main-header-display":"","ast-hfb-above-header-display":"","ast-hfb-below-header-display":"","ast-hfb-mobile-header-display":"","site-post-title":"","ast-breadcrumbs-content":"","ast-featured-img":"","footer-sml-layout":"","ast-disable-related-posts":"","theme-transparent-header-meta":"","adv-header-id-meta":"","stick-header-meta":"","header-above-stick-meta":"","header-main-stick-meta":"","header-below-stick-meta":"","astra-migrate-meta-layouts":"default","ast-page-background-enabled":"default","ast-page-background-meta":{"desktop":{"background-color":"var(--ast-global-color-5)","background-image":"","background-repeat":"repeat","background-position":"center center","background-size":"auto","background-attachment":"scroll","background-type":"","background-media":"","overlay-type":"","overlay-color":"","overlay-opacity":"","overlay-gradient":""},"tablet":{"background-color":"","background-image":"","background-repeat":"repeat","background-position":"center center","background-size":"auto","background-attachment":"scroll","background-type":"","background-media":"","overlay-type":"","overlay-color":"","overlay-opacity":"","overlay-gradient":""},"mobile":{"background-color":"","background-image":"","background-repeat":"repeat","background-position":"center center","background-size":"auto","background-attachment":"scroll","background-type":"","background-media":"","overlay-type":"","overlay-color":"","overlay-opacity":"","overlay-gradient":""}},"ast-content-background-meta":{"desktop":{"background-color":"var(--ast-global-color-4)","background-image":"","background-repeat":"repeat","background-position":"center center","background-size":"auto","background-attachment":"scroll","background-type":"","background-media":"","overlay-type":"","overlay-color":"","overlay-opacity":"","overlay-gradient":""},"tablet":{"background-color":"var(--ast-global-color-4)","background-image":"","background-repeat":"repeat","background-position":"center center","background-size":"auto","background-attachment":"scroll","background-type":"","background-media":"","overlay-type":"","overlay-color":"","overlay-opacity":"","overlay-gradient":""},"mobile":{"background-color":"var(--ast-global-color-4)","background-image":"","background-repeat":"repeat","background-position":"center center","background-size":"auto","background-attachment":"scroll","background-type":"","background-media":"","overlay-type":"","overlay-color":"","overlay-opacity":"","overlay-gradient":""}},"jetpack_post_was_ever_published":false,"_jetpack_newsletter_access":"","_jetpack_dont_email_post_to_subs":false,"_jetpack_newsletter_tier_id":0,"_jetpack_memberships_contains_paywalled_content":false,"_jetpack_memberships_contains_paid_content":false,"footnotes":""},"categories":[17],"tags":[],"class_list":["post-1136","post","type-post","status-publish","format-standard","hentry","category-kdo-je-autorem"],"jetpack_featured_media_url":"","jetpack_shortlink":"https:\/\/wp.me\/p4mLP7-ik","jetpack-related-posts":[{"id":790,"url":"https:\/\/kotrla.com\/pmpro\/2005\/03\/kdo-je-autorem-nasledujicich-versu-81\/","url_meta":{"origin":1136,"position":0},"title":"Kdo je autorem n\u00e1sleduj\u00edc\u00edch ver\u0161\u016f? (81)","author":"Pavel Kotrla","date":"21.3.2005","format":false,"excerpt":"Tak dneska jedna t\u011b\u017ek\u00e1. Mysl\u00edm, \u017ee hodn\u011b. Uvid\u00edme. Autorem je \u010cech, b\u00e1se\u0148 vy\u0161la kni\u017en\u011b. Tak, kdo je autorem? MAL\u00c1 NO\u010cN\u00cd Rozhn\u011bvat ticho (m\u017eitky sv\u00edce) Adam si s\u00e1hl na \u017eebra Ty posb\u00edr\u00e1\u0161 v\u0161e do krabice: Je p\u016flnoc U\u017e se ne\u017eebr\u00e1","rel":"","context":"V \u201eKdo je autorem?\u201c","block_context":{"text":"Kdo je autorem?","link":"https:\/\/kotrla.com\/pmpro\/category\/kdo-je-autorem\/"},"img":{"alt_text":"","src":"","width":0,"height":0},"classes":[]},{"id":1052,"url":"https:\/\/kotrla.com\/pmpro\/2004\/03\/kdo-je-autorem-nasledujicich-versu-28\/","url_meta":{"origin":1136,"position":1},"title":"Kdo je autorem n\u00e1sleduj\u00edc\u00edch ver\u0161\u016f? (28)","author":"Pavel Kotrla","date":"15.3.2004","format":false,"excerpt":"Ot\u00e1zka je stejn\u00e1: Kdo je autorem n\u00e1sleduj\u00edc\u00edch ver\u0161\u016f? Vyhled\u00e1va\u010de nechejte sp\u00e1t, kdy\u017e tak se objev\u00ed n\u00e1pov\u011bda. ;-) *** Bo\u017ee k \u010demu zkou\u0161en\u00ed a krvav\u00e9 plody v\u017edy\u0165 jdeme jak ovce kam je n\u00e1m j\u00edt Kr\u00e1vy je\u017e klop\u00fdtly v\u011b\u0161\u00ed a zvedaj\u00ed za nohy a\u017e praskaj\u00ed klouby dny a dny tolik bolesti v\u2026","rel":"","context":"V \u201eKdo je autorem?\u201c","block_context":{"text":"Kdo je autorem?","link":"https:\/\/kotrla.com\/pmpro\/category\/kdo-je-autorem\/"},"img":{"alt_text":"","src":"","width":0,"height":0},"classes":[]},{"id":1143,"url":"https:\/\/kotrla.com\/pmpro\/2003\/12\/kdo-je-autorem-nasledujicich-versu-16\/","url_meta":{"origin":1136,"position":2},"title":"Kdo je autorem n\u00e1sleduj\u00edc\u00edch ver\u0161\u016f? (16)","author":"Pavel Kotrla","date":"5.12.2003","format":false,"excerpt":"Tak to jsem zv\u011bdav! Ot\u00e1zka je tradi\u010dn\u00ed: Kdo je autorem n\u00e1sleduj\u00edch ver\u0161\u016f? POLEDNE Vzduch l\u00edn\u011b pod oparem plyne, \u0159eka je l\u00edn\u011b plouhav\u00e1, v plamenech \u010dir\u00e9 klenby l\u00edn\u011b sled bled\u00fdch oblak rozt\u00e1v\u00e1. Mlhav\u011b pad\u00e1 \u017e\u00e1rn\u00fd sen, p\u0159\u00edrodu celou v n\u00e1ru\u010d\u00ed m\u00e1. S\u00e1m velk\u00fd Pan je unaven, pokojn\u011b v sluji nymf si\u2026","rel":"","context":"V \u201eKdo je autorem?\u201c","block_context":{"text":"Kdo je autorem?","link":"https:\/\/kotrla.com\/pmpro\/category\/kdo-je-autorem\/"},"img":{"alt_text":"","src":"","width":0,"height":0},"classes":[]},{"id":1082,"url":"https:\/\/kotrla.com\/pmpro\/2004\/02\/kdo-je-autorem-nasledujicich-versu-23\/","url_meta":{"origin":1136,"position":3},"title":"Kdo je autorem n\u00e1sleduj\u00edc\u00edch ver\u0161\u016f? (23)","author":"Pavel Kotrla","date":"12.2.2004","format":false,"excerpt":"Dnes je to bez n\u00e1pov\u011bdy. Ale i tak, nechejte chytr\u00e9 stroje sp\u00e1t\u2026 Bavte se. Ot\u00e1zka je st\u00e1le stejn\u00e1: Kdo je autorem n\u00e1sleduj\u00edc\u00edch ver\u0161\u016f? *** N\u011bkde tam kousek p\u0159ed brankou kde bl\u00e1to\u00a0\u00a0\u00a0kde voda\u00a0\u00a0\u00a0kde sn\u00edh p\u016flnoc si p\u0159i\u0161la s h\u00e1dankou co zlato\u00a0\u00a0\u00a0co hlod\u00e1\u00a0\u00a0\u00a0co sn\u00ed N\u011bkde tam kousek za stolem co zlato \u017e\u00edlu\u2026","rel":"","context":"V \u201eKdo je autorem?\u201c","block_context":{"text":"Kdo je autorem?","link":"https:\/\/kotrla.com\/pmpro\/category\/kdo-je-autorem\/"},"img":{"alt_text":"","src":"","width":0,"height":0},"classes":[]},{"id":1231,"url":"https:\/\/kotrla.com\/pmpro\/2003\/09\/kdo-je-autorem-nasledujicich-versu-3\/","url_meta":{"origin":1136,"position":4},"title":"Kdo je autorem n\u00e1sleduj\u00edc\u00edch ver\u0161\u016f? (3)","author":"Pavel Kotrla","date":"9.9.2003","format":false,"excerpt":"A je tu nov\u00fd nov\u00e1 ot\u00e1zka. Zat\u00edmco p\u0159i t\u00e9 minul\u00e9 jsem nechal pootev\u0159en\u00e1 vr\u00e1tka a Jyxo mohlo pomoci, tak nyn\u00ed si budete muset vysta\u010dit sami. Tak\u017ee: Kdo je autorem n\u00e1sleduj\u00edc\u00edch ver\u0161\u016f? Z lusthauzu srdce M\u011bli jsme b\u00edl\u00fd traktor, rybu v podpa\u017ed\u00ed a jeli jsme do Lustr\u00e1lie, zem\u011b ostrovn\u00ed \u2014 A\u2026","rel":"","context":"V \u201eKdo je autorem?\u201c","block_context":{"text":"Kdo je autorem?","link":"https:\/\/kotrla.com\/pmpro\/category\/kdo-je-autorem\/"},"img":{"alt_text":"","src":"","width":0,"height":0},"classes":[]},{"id":1000,"url":"https:\/\/kotrla.com\/pmpro\/2004\/05\/kdo-je-autorem-nasledujicich-versu-38\/","url_meta":{"origin":1136,"position":5},"title":"Kdo je autorem n\u00e1sleduj\u00edc\u00edch ver\u0161\u016f? (38)","author":"Pavel Kotrla","date":"24.5.2004","format":false,"excerpt":"Ot\u00e1zka je to sice pon\u011bkud ohran\u00e1, ale st\u00e1le aktu\u00e1ln\u00ed. Tak se sna\u017ete! Kdo je autorem n\u00e1sleduj\u00edc\u00edch ver\u0161\u016f? * * * \u0164ukla ryba o k\u00e1noj \u00a0\u00a0\u00a0Ze smute\u010dn\u00edch vrb vystoupili \u00a0\u00a0\u00a0sloni Na v\u00fdchod\u011b se shroma\u017e\u010fuj\u00ed \u00a0\u00a0\u00a0sloni Sv\u00e9 zuby jsem d\u00e1vno zasela do br\u00e1zdy \u00farodn\u00e9 M\u00e9 b\u00edl\u00e9 vlasy zelenaj\u00ed M\u00e9 b\u00edl\u00e9 vlasy \u0159eka\u2026","rel":"","context":"V \u201eKdo je autorem?\u201c","block_context":{"text":"Kdo je autorem?","link":"https:\/\/kotrla.com\/pmpro\/category\/kdo-je-autorem\/"},"img":{"alt_text":"","src":"","width":0,"height":0},"classes":[]}],"jetpack_sharing_enabled":true,"_links":{"self":[{"href":"https:\/\/kotrla.com\/pmpro\/wp-json\/wp\/v2\/posts\/1136","targetHints":{"allow":["GET"]}}],"collection":[{"href":"https:\/\/kotrla.com\/pmpro\/wp-json\/wp\/v2\/posts"}],"about":[{"href":"https:\/\/kotrla.com\/pmpro\/wp-json\/wp\/v2\/types\/post"}],"author":[{"embeddable":true,"href":"https:\/\/kotrla.com\/pmpro\/wp-json\/wp\/v2\/users\/1"}],"replies":[{"embeddable":true,"href":"https:\/\/kotrla.com\/pmpro\/wp-json\/wp\/v2\/comments?post=1136"}],"version-history":[{"count":0,"href":"https:\/\/kotrla.com\/pmpro\/wp-json\/wp\/v2\/posts\/1136\/revisions"}],"wp:attachment":[{"href":"https:\/\/kotrla.com\/pmpro\/wp-json\/wp\/v2\/media?parent=1136"}],"wp:term":[{"taxonomy":"category","embeddable":true,"href":"https:\/\/kotrla.com\/pmpro\/wp-json\/wp\/v2\/categories?post=1136"},{"taxonomy":"post_tag","embeddable":true,"href":"https:\/\/kotrla.com\/pmpro\/wp-json\/wp\/v2\/tags?post=1136"}],"curies":[{"name":"wp","href":"https:\/\/api.w.org\/{rel}","templated":true}]}}