{"id":11716,"date":"2024-06-12T07:37:59","date_gmt":"2024-06-12T06:37:59","guid":{"rendered":"https:\/\/kotrla.com\/pmpro\/?p=11716"},"modified":"2024-06-12T07:37:59","modified_gmt":"2024-06-12T06:37:59","slug":"uterni-vecer-ve-spolecnosti-spisovatele-jana-nemce","status":"publish","type":"post","link":"https:\/\/kotrla.com\/pmpro\/2024\/06\/uterni-vecer-ve-spolecnosti-spisovatele-jana-nemce\/","title":{"rendered":"\u00datern\u00ed ve\u010der ve spole\u010dnosti spisovatele Jana N\u011bmce"},"content":{"rendered":"<p>Dal\u0161\u00ed ze setk\u00e1n\u00ed\u00a0ve <a href=\"https:\/\/www.mekvalmez.cz\/\">vala\u0161skomezi\u0159\u00ed\u010dsk\u00e9 knihovn\u011b<\/a> v r\u00e1mci\u00a0projektu <a href=\"https:\/\/asociacespisovatelu.cz\/\">Asociace spisovatel\u016f<\/a> <a href=\"http:\/\/spisovateledoknihoven.cz\/\">Spisovatel\u00e9 do knihoven<\/a>.<\/p>\n<figure id=\"attachment_11712\" aria-describedby=\"caption-attachment-11712\" style=\"width: 1600px\" class=\"wp-caption alignnone\"><a href=\"https:\/\/kotrla.com\/pmpro\/wp-content\/uploads\/2024\/06\/jan_nemec_bw_IMGP2539.jpg\"><img loading=\"lazy\" decoding=\"async\" class=\"size-full wp-image-11712\" src=\"https:\/\/kotrla.com\/pmpro\/wp-content\/uploads\/2024\/06\/jan_nemec_bw_IMGP2539.jpg\" alt=\"\" width=\"1600\" height=\"1067\" srcset=\"https:\/\/kotrla.com\/pmpro\/wp-content\/uploads\/2024\/06\/jan_nemec_bw_IMGP2539.jpg 1600w, https:\/\/kotrla.com\/pmpro\/wp-content\/uploads\/2024\/06\/jan_nemec_bw_IMGP2539-300x200.jpg 300w, https:\/\/kotrla.com\/pmpro\/wp-content\/uploads\/2024\/06\/jan_nemec_bw_IMGP2539-1024x683.jpg 1024w, https:\/\/kotrla.com\/pmpro\/wp-content\/uploads\/2024\/06\/jan_nemec_bw_IMGP2539-1536x1024.jpg 1536w\" sizes=\"auto, (max-width: 1600px) 100vw, 1600px\" \/><\/a><figcaption id=\"caption-attachment-11712\" class=\"wp-caption-text\">Jan N\u011bmec<\/figcaption><\/figure>\n<div id='gallery-1' class='gallery galleryid-11716 gallery-columns-3 gallery-size-thumbnail'><figure class='gallery-item'>\n\t\t\t<div class='gallery-icon landscape'>\n\t\t\t\t<a href='https:\/\/kotrla.com\/pmpro\/jan-nemec-2\/'><img loading=\"lazy\" decoding=\"async\" width=\"150\" height=\"150\" src=\"https:\/\/kotrla.com\/pmpro\/wp-content\/uploads\/2024\/06\/jan_nemec_bw_IMGP2542-150x150.jpg\" class=\"attachment-thumbnail size-thumbnail\" alt=\"\" aria-describedby=\"gallery-1-11713\" \/><\/a>\n\t\t\t<\/div>\n\t\t\t\t<figcaption class='wp-caption-text gallery-caption' id='gallery-1-11713'>\n\t\t\t\tJan N\u011bmec\n\t\t\t\t<\/figcaption><\/figure><figure class='gallery-item'>\n\t\t\t<div class='gallery-icon landscape'>\n\t\t\t\t<a href='https:\/\/kotrla.com\/pmpro\/jan-nemec-3\/'><img loading=\"lazy\" decoding=\"async\" width=\"150\" height=\"150\" src=\"https:\/\/kotrla.com\/pmpro\/wp-content\/uploads\/2024\/06\/jan_nemec_bw_IMGP2544-150x150.jpg\" class=\"attachment-thumbnail size-thumbnail\" alt=\"\" aria-describedby=\"gallery-1-11714\" \/><\/a>\n\t\t\t<\/div>\n\t\t\t\t<figcaption class='wp-caption-text gallery-caption' id='gallery-1-11714'>\n\t\t\t\tJan N\u011bmec\n\t\t\t\t<\/figcaption><\/figure><figure class='gallery-item'>\n\t\t\t<div class='gallery-icon landscape'>\n\t\t\t\t<a href='https:\/\/kotrla.com\/pmpro\/jan-nemec-4\/'><img loading=\"lazy\" decoding=\"async\" width=\"150\" height=\"150\" src=\"https:\/\/kotrla.com\/pmpro\/wp-content\/uploads\/2024\/06\/jan_nemec_bw_IMGP2559-150x150.jpg\" class=\"attachment-thumbnail size-thumbnail\" alt=\"\" aria-describedby=\"gallery-1-11715\" \/><\/a>\n\t\t\t<\/div>\n\t\t\t\t<figcaption class='wp-caption-text gallery-caption' id='gallery-1-11715'>\n\t\t\t\tJan N\u011bmec\n\t\t\t\t<\/figcaption><\/figure>\n\t\t<\/div>\n\n","protected":false},"excerpt":{"rendered":"<p>Dal\u0161\u00ed ze setk\u00e1n\u00ed\u00a0ve vala\u0161skomezi\u0159\u00ed\u010dsk\u00e9 knihovn\u011b v r\u00e1mci\u00a0projektu Asociace spisovatel\u016f Spisovatel\u00e9 do knihoven.<\/p>\n","protected":false},"author":1,"featured_media":0,"comment_status":"open","ping_status":"open","sticky":false,"template":"","format":"standard","meta":{"site-sidebar-layout":"default","site-content-layout":"","ast-site-content-layout":"default","site-content-style":"default","site-sidebar-style":"default","ast-global-header-display":"","ast-banner-title-visibility":"","ast-main-header-display":"","ast-hfb-above-header-display":"","ast-hfb-below-header-display":"","ast-hfb-mobile-header-display":"","site-post-title":"","ast-breadcrumbs-content":"","ast-featured-img":"","footer-sml-layout":"","ast-disable-related-posts":"","theme-transparent-header-meta":"default","adv-header-id-meta":"","stick-header-meta":"","header-above-stick-meta":"","header-main-stick-meta":"","header-below-stick-meta":"","astra-migrate-meta-layouts":"set","ast-page-background-enabled":"default","ast-page-background-meta":{"desktop":{"background-color":"var(--ast-global-color-5)","background-image":"","background-repeat":"repeat","background-position":"center center","background-size":"auto","background-attachment":"scroll","background-type":"","background-media":"","overlay-type":"","overlay-color":"","overlay-opacity":"","overlay-gradient":""},"tablet":{"background-color":"","background-image":"","background-repeat":"repeat","background-position":"center center","background-size":"auto","background-attachment":"scroll","background-type":"","background-media":"","overlay-type":"","overlay-color":"","overlay-opacity":"","overlay-gradient":""},"mobile":{"background-color":"","background-image":"","background-repeat":"repeat","background-position":"center center","background-size":"auto","background-attachment":"scroll","background-type":"","background-media":"","overlay-type":"","overlay-color":"","overlay-opacity":"","overlay-gradient":""}},"ast-content-background-meta":{"desktop":{"background-color":"var(--ast-global-color-4)","background-image":"","background-repeat":"repeat","background-position":"center center","background-size":"auto","background-attachment":"scroll","background-type":"","background-media":"","overlay-type":"","overlay-color":"","overlay-opacity":"","overlay-gradient":""},"tablet":{"background-color":"var(--ast-global-color-4)","background-image":"","background-repeat":"repeat","background-position":"center center","background-size":"auto","background-attachment":"scroll","background-type":"","background-media":"","overlay-type":"","overlay-color":"","overlay-opacity":"","overlay-gradient":""},"mobile":{"background-color":"var(--ast-global-color-4)","background-image":"","background-repeat":"repeat","background-position":"center center","background-size":"auto","background-attachment":"scroll","background-type":"","background-media":"","overlay-type":"","overlay-color":"","overlay-opacity":"","overlay-gradient":""}},"jetpack_post_was_ever_published":false,"_jetpack_newsletter_access":"","_jetpack_dont_email_post_to_subs":false,"_jetpack_newsletter_tier_id":0,"_jetpack_memberships_contains_paywalled_content":false,"_jetpack_memberships_contains_paid_content":false,"footnotes":""},"categories":[7,19,2],"tags":[],"class_list":["post-11716","post","type-post","status-publish","format-standard","hentry","category-fotografie","category-knihy","category-literatura"],"jetpack_featured_media_url":"","jetpack_shortlink":"https:\/\/wp.me\/p4mLP7-32Y","jetpack-related-posts":[{"id":11642,"url":"https:\/\/kotrla.com\/pmpro\/2024\/05\/stanislav-biler\/","url_meta":{"origin":11716,"position":0},"title":"Stanislav Biler","author":"Pavel Kotrla","date":"23.5.2024","format":false,"excerpt":"Ze v\u010derej\u0161\u00edho \u010dten\u00ed spisovatele, publicisty a sociologa Stanislava Bilera. Dal\u0161\u00ed ze setk\u00e1n\u00ed\u00a0ve vala\u0161skomezi\u0159\u00ed\u010dsk\u00e9 knihovn\u011b v r\u00e1mci\u00a0projektu Asociace spisovatel\u016f Spisovatel\u00e9 do knihoven. Jako n\u00e1v\u0161t\u011bvn\u00edk\u016f mohlo b\u00fdt v\u00edc...","rel":"","context":"V \u201eFotografie\u201c","block_context":{"text":"Fotografie","link":"https:\/\/kotrla.com\/pmpro\/category\/fotografie\/"},"img":{"alt_text":"","src":"https:\/\/i0.wp.com\/kotrla.com\/pmpro\/wp-content\/uploads\/2024\/05\/stanislav_biler_IMGP2400cs6.jpg?resize=350%2C200&ssl=1","width":350,"height":200,"srcset":"https:\/\/i0.wp.com\/kotrla.com\/pmpro\/wp-content\/uploads\/2024\/05\/stanislav_biler_IMGP2400cs6.jpg?resize=350%2C200&ssl=1 1x, https:\/\/i0.wp.com\/kotrla.com\/pmpro\/wp-content\/uploads\/2024\/05\/stanislav_biler_IMGP2400cs6.jpg?resize=525%2C300&ssl=1 1.5x, https:\/\/i0.wp.com\/kotrla.com\/pmpro\/wp-content\/uploads\/2024\/05\/stanislav_biler_IMGP2400cs6.jpg?resize=700%2C400&ssl=1 2x, https:\/\/i0.wp.com\/kotrla.com\/pmpro\/wp-content\/uploads\/2024\/05\/stanislav_biler_IMGP2400cs6.jpg?resize=1050%2C600&ssl=1 3x, https:\/\/i0.wp.com\/kotrla.com\/pmpro\/wp-content\/uploads\/2024\/05\/stanislav_biler_IMGP2400cs6.jpg?resize=1400%2C800&ssl=1 4x"},"classes":[]},{"id":1752,"url":"https:\/\/kotrla.com\/pmpro\/2014\/03\/spisovatele-literati-spol\/","url_meta":{"origin":11716,"position":1},"title":"Spisovatel\u00e9, liter\u00e1ti &#038; spol.","author":"Pavel Kotrla","date":"19.3.2014","format":false,"excerpt":"Tak aspo\u0148 prvotn\u00ed p\u0159evod a \u010d\u00e1ste\u010dn\u00e1 aktualizace galerie spisovatel\u016f a liter\u00e1t\u016f z Copermine bude nov\u011b k nalezen\u00ed na str\u00e1nce\u00a0Spisovatel\u00e9, liter\u00e1ti & spol.","rel":"","context":"V \u201eFotografie\u201c","block_context":{"text":"Fotografie","link":"https:\/\/kotrla.com\/pmpro\/category\/fotografie\/"},"img":{"alt_text":"","src":"","width":0,"height":0},"classes":[]},{"id":13195,"url":"https:\/\/kotrla.com\/pmpro\/2025\/09\/ze-zapisniku-zcestovaleho-spisovatele\/","url_meta":{"origin":11716,"position":2},"title":"Ze z\u00e1pisn\u00edku zcestoval\u00e9ho spisovatele","author":"Pavel Kotrla","date":"5.9.2025","format":false,"excerpt":"Recenze Michala Jare\u0161e na sb\u00edrku Ji\u0159\u00edho Dynky Zdrhnout CZ (Klenov 2025) v T\u00fdneck\u00fdch listech. Michal Jare\u0161: Ze z\u00e1pisn\u00edku zcestoval\u00e9ho spisovatele. T\u00fdneck\u00e9 listy 8\/2025, s. 7 (PDF)","rel":"","context":"V \u201eKnihy\u201c","block_context":{"text":"Knihy","link":"https:\/\/kotrla.com\/pmpro\/category\/knihy\/"},"img":{"alt_text":"","src":"https:\/\/i0.wp.com\/kotrla.com\/pmpro\/wp-content\/uploads\/2025\/09\/jares_tynecke_listy_2025_08.jpg?resize=350%2C200&ssl=1","width":350,"height":200,"srcset":"https:\/\/i0.wp.com\/kotrla.com\/pmpro\/wp-content\/uploads\/2025\/09\/jares_tynecke_listy_2025_08.jpg?resize=350%2C200&ssl=1 1x, https:\/\/i0.wp.com\/kotrla.com\/pmpro\/wp-content\/uploads\/2025\/09\/jares_tynecke_listy_2025_08.jpg?resize=525%2C300&ssl=1 1.5x, https:\/\/i0.wp.com\/kotrla.com\/pmpro\/wp-content\/uploads\/2025\/09\/jares_tynecke_listy_2025_08.jpg?resize=700%2C400&ssl=1 2x, https:\/\/i0.wp.com\/kotrla.com\/pmpro\/wp-content\/uploads\/2025\/09\/jares_tynecke_listy_2025_08.jpg?resize=1050%2C600&ssl=1 3x, https:\/\/i0.wp.com\/kotrla.com\/pmpro\/wp-content\/uploads\/2025\/09\/jares_tynecke_listy_2025_08.jpg?resize=1400%2C800&ssl=1 4x"},"classes":[]},{"id":10838,"url":"https:\/\/kotrla.com\/pmpro\/2023\/09\/zuzana-kultanova-spisovatele-do-knihoven\/","url_meta":{"origin":11716,"position":3},"title":"Zuzana Kult\u00e1nov\u00e1 (Spisovatel\u00e9 do knihoven)","author":"Pavel Kotrla","date":"20.9.2023","format":false,"excerpt":"Tak\u00e9 v leto\u0161n\u00edm roce pokra\u010duje projekt Asociace spisovatel\u016f Spisovatel\u00e9 do knihoven. Jednou ze zapojen\u00fdch knihoven je i M\u011bstsk\u00e1 knihovna Vala\u0161sk\u00e9 Mezi\u0159\u00ed\u010d\u00ed, kde se v\u010dera uskute\u010dnilo prvn\u00ed \u010dten\u00ed a beseda z cyklu. Hostem byla tentokr\u00e1t Zuzana Kult\u00e1nov\u00e1, autorka pr\u00f3z Augustin Zimmermann (2016) a Zp\u00edv\u00e1\u0161 jako bys plakala (2022). Je to u\u017e\u2026","rel":"","context":"V \u201eFotografie\u201c","block_context":{"text":"Fotografie","link":"https:\/\/kotrla.com\/pmpro\/category\/fotografie\/"},"img":{"alt_text":"","src":"https:\/\/i0.wp.com\/kotrla.com\/pmpro\/wp-content\/uploads\/2023\/09\/zuzana_kultanova_IMGP9489-150x150.jpg?resize=350%2C200&ssl=1","width":350,"height":200,"srcset":"https:\/\/i0.wp.com\/kotrla.com\/pmpro\/wp-content\/uploads\/2023\/09\/zuzana_kultanova_IMGP9489-150x150.jpg?resize=350%2C200&ssl=1 1x, https:\/\/i0.wp.com\/kotrla.com\/pmpro\/wp-content\/uploads\/2023\/09\/zuzana_kultanova_IMGP9489-150x150.jpg?resize=525%2C300&ssl=1 1.5x, https:\/\/i0.wp.com\/kotrla.com\/pmpro\/wp-content\/uploads\/2023\/09\/zuzana_kultanova_IMGP9489-150x150.jpg?resize=700%2C400&ssl=1 2x, https:\/\/i0.wp.com\/kotrla.com\/pmpro\/wp-content\/uploads\/2023\/09\/zuzana_kultanova_IMGP9489-150x150.jpg?resize=1050%2C600&ssl=1 3x, https:\/\/i0.wp.com\/kotrla.com\/pmpro\/wp-content\/uploads\/2023\/09\/zuzana_kultanova_IMGP9489-150x150.jpg?resize=1400%2C800&ssl=1 4x"},"classes":[]},{"id":11101,"url":"https:\/\/kotrla.com\/pmpro\/2023\/12\/vojtech-vacek\/","url_meta":{"origin":11716,"position":4},"title":"Vojt\u011bch Vacek","author":"Pavel Kotrla","date":"6.12.2023","format":false,"excerpt":"Dal\u0161\u00ed ve\u010der z projektu Spisovatel\u00e9 do knihoven\u00a0Asociace spisovatel\u016f\u00a0ve vala\u0161skomezi\u0159\u00ed\u010dsk\u00e9 knihovn\u011b pat\u0159il tentokr\u00e1t Vojt\u011bchu Vackovi.","rel":"","context":"V \u201eFotografie\u201c","block_context":{"text":"Fotografie","link":"https:\/\/kotrla.com\/pmpro\/category\/fotografie\/"},"img":{"alt_text":"","src":"https:\/\/i0.wp.com\/kotrla.com\/pmpro\/wp-content\/uploads\/2023\/12\/vacek_IMG_20231205_182847119-150x150.jpg?resize=350%2C200&ssl=1","width":350,"height":200,"srcset":"https:\/\/i0.wp.com\/kotrla.com\/pmpro\/wp-content\/uploads\/2023\/12\/vacek_IMG_20231205_182847119-150x150.jpg?resize=350%2C200&ssl=1 1x, https:\/\/i0.wp.com\/kotrla.com\/pmpro\/wp-content\/uploads\/2023\/12\/vacek_IMG_20231205_182847119-150x150.jpg?resize=525%2C300&ssl=1 1.5x, https:\/\/i0.wp.com\/kotrla.com\/pmpro\/wp-content\/uploads\/2023\/12\/vacek_IMG_20231205_182847119-150x150.jpg?resize=700%2C400&ssl=1 2x, https:\/\/i0.wp.com\/kotrla.com\/pmpro\/wp-content\/uploads\/2023\/12\/vacek_IMG_20231205_182847119-150x150.jpg?resize=1050%2C600&ssl=1 3x, https:\/\/i0.wp.com\/kotrla.com\/pmpro\/wp-content\/uploads\/2023\/12\/vacek_IMG_20231205_182847119-150x150.jpg?resize=1400%2C800&ssl=1 4x"},"classes":[]},{"id":3337,"url":"https:\/\/kotrla.com\/pmpro\/2017\/09\/kam-za-literaturou-podzim-2017\/","url_meta":{"origin":11716,"position":5},"title":"Kam za literaturou (podzim 2017)?","author":"Pavel Kotrla","date":"25.9.2017","format":false,"excerpt":"Bez n\u00e1rok\u016f na \u00faplnost, p\u0159ehled liter\u00e1rn\u00edch akci na Vala\u0161sku a v bl\u00edzk\u00e9m okol\u00ed. Na \u00favod tedy pozv\u00e1n\u00ed na jednu moji akci\u010dku, pak u\u017e v \u010dasov\u00e9 posloupnosti. JAK FILMOV\u00dd RE\u017dIS\u00c9R FRANTI\u0160EK \u010c\u00c1P K BESKYD\u00c1M A SLOVINSKU P\u0158I\u0160EL (BESEDY) 10. 10. 17 17:00, Spole\u010densk\u00fd s\u00e1l knihovny, Masarykova knihovna Vset\u00edn Komponovan\u00fd podve\u010der u\u2026","rel":"","context":"V \u201eLiteratura\u201c","block_context":{"text":"Literatura","link":"https:\/\/kotrla.com\/pmpro\/category\/literatura\/"},"img":{"alt_text":"","src":"","width":0,"height":0},"classes":[]}],"jetpack_sharing_enabled":true,"_links":{"self":[{"href":"https:\/\/kotrla.com\/pmpro\/wp-json\/wp\/v2\/posts\/11716","targetHints":{"allow":["GET"]}}],"collection":[{"href":"https:\/\/kotrla.com\/pmpro\/wp-json\/wp\/v2\/posts"}],"about":[{"href":"https:\/\/kotrla.com\/pmpro\/wp-json\/wp\/v2\/types\/post"}],"author":[{"embeddable":true,"href":"https:\/\/kotrla.com\/pmpro\/wp-json\/wp\/v2\/users\/1"}],"replies":[{"embeddable":true,"href":"https:\/\/kotrla.com\/pmpro\/wp-json\/wp\/v2\/comments?post=11716"}],"version-history":[{"count":0,"href":"https:\/\/kotrla.com\/pmpro\/wp-json\/wp\/v2\/posts\/11716\/revisions"}],"wp:attachment":[{"href":"https:\/\/kotrla.com\/pmpro\/wp-json\/wp\/v2\/media?parent=11716"}],"wp:term":[{"taxonomy":"category","embeddable":true,"href":"https:\/\/kotrla.com\/pmpro\/wp-json\/wp\/v2\/categories?post=11716"},{"taxonomy":"post_tag","embeddable":true,"href":"https:\/\/kotrla.com\/pmpro\/wp-json\/wp\/v2\/tags?post=11716"}],"curies":[{"name":"wp","href":"https:\/\/api.w.org\/{rel}","templated":true}]}}