{"id":1172,"date":"2003-11-06T11:08:21","date_gmt":"2003-11-06T10:08:21","guid":{"rendered":"http:\/\/kotrla.com\/wordpress\/?p=1172"},"modified":"2019-11-20T22:24:37","modified_gmt":"2019-11-20T21:24:37","slug":"hlad","status":"publish","type":"post","link":"https:\/\/kotrla.com\/pmpro\/2003\/11\/hlad\/","title":{"rendered":"Hlad"},"content":{"rendered":"<p>Na adrese <a href=\"http:\/\/mikee.aktualne.cz\/finepix\/index.php%3Ftyp%3Djezek\">http:\/\/mikee.aktualne.cz\/finepix\/index.php?typ=jezek<\/a>&nbsp; zve\u0159ejnil m\u016fj kamar\u00e1d Michal fotografie hladov\u00e9ho pred\u00e1tora.<\/p>\n","protected":false},"excerpt":{"rendered":"<p>Na adrese http:\/\/mikee.aktualne.cz\/finepix\/index.php?typ=jezek&nbsp; zve\u0159ejnil m\u016fj kamar\u00e1d Michal fotografie hladov\u00e9ho pred\u00e1tora.<\/p>\n","protected":false},"author":1,"featured_media":0,"comment_status":"open","ping_status":"open","sticky":false,"template":"","format":"standard","meta":{"site-sidebar-layout":"default","site-content-layout":"","ast-site-content-layout":"default","site-content-style":"default","site-sidebar-style":"default","ast-global-header-display":"","ast-banner-title-visibility":"","ast-main-header-display":"","ast-hfb-above-header-display":"","ast-hfb-below-header-display":"","ast-hfb-mobile-header-display":"","site-post-title":"","ast-breadcrumbs-content":"","ast-featured-img":"","footer-sml-layout":"","ast-disable-related-posts":"","theme-transparent-header-meta":"","adv-header-id-meta":"","stick-header-meta":"","header-above-stick-meta":"","header-main-stick-meta":"","header-below-stick-meta":"","astra-migrate-meta-layouts":"default","ast-page-background-enabled":"default","ast-page-background-meta":{"desktop":{"background-color":"var(--ast-global-color-5)","background-image":"","background-repeat":"repeat","background-position":"center center","background-size":"auto","background-attachment":"scroll","background-type":"","background-media":"","overlay-type":"","overlay-color":"","overlay-opacity":"","overlay-gradient":""},"tablet":{"background-color":"","background-image":"","background-repeat":"repeat","background-position":"center center","background-size":"auto","background-attachment":"scroll","background-type":"","background-media":"","overlay-type":"","overlay-color":"","overlay-opacity":"","overlay-gradient":""},"mobile":{"background-color":"","background-image":"","background-repeat":"repeat","background-position":"center center","background-size":"auto","background-attachment":"scroll","background-type":"","background-media":"","overlay-type":"","overlay-color":"","overlay-opacity":"","overlay-gradient":""}},"ast-content-background-meta":{"desktop":{"background-color":"var(--ast-global-color-4)","background-image":"","background-repeat":"repeat","background-position":"center center","background-size":"auto","background-attachment":"scroll","background-type":"","background-media":"","overlay-type":"","overlay-color":"","overlay-opacity":"","overlay-gradient":""},"tablet":{"background-color":"var(--ast-global-color-4)","background-image":"","background-repeat":"repeat","background-position":"center center","background-size":"auto","background-attachment":"scroll","background-type":"","background-media":"","overlay-type":"","overlay-color":"","overlay-opacity":"","overlay-gradient":""},"mobile":{"background-color":"var(--ast-global-color-4)","background-image":"","background-repeat":"repeat","background-position":"center center","background-size":"auto","background-attachment":"scroll","background-type":"","background-media":"","overlay-type":"","overlay-color":"","overlay-opacity":"","overlay-gradient":""}},"jetpack_post_was_ever_published":false,"_jetpack_newsletter_access":"","_jetpack_dont_email_post_to_subs":false,"_jetpack_newsletter_tier_id":0,"_jetpack_memberships_contains_paywalled_content":false,"_jetpack_memberships_contains_paid_content":false,"footnotes":""},"categories":[1],"tags":[],"class_list":["post-1172","post","type-post","status-publish","format-standard","hentry","category-nezarazene"],"jetpack_featured_media_url":"","jetpack_shortlink":"https:\/\/wp.me\/s4mLP7-hlad","jetpack-related-posts":[{"id":1120,"url":"https:\/\/kotrla.com\/pmpro\/2004\/01\/hermeneutika-v-kazdodennim-zivote\/","url_meta":{"origin":1172,"position":0},"title":"Hermeneutika v ka\u017edodenn\u00edm \u017eivot\u011b","author":"Pavel Kotrla","date":"1.1.2004","format":false,"excerpt":"Snad pot\u011b\u0161\u00ed mil\u00fd text na adrese http:\/\/www.fit.vutbr.cz\/~michal\/kr\/hermeneutika.htm","rel":"","context":"V \u201eNeza\u0159azen\u00e9\u201c","block_context":{"text":"Neza\u0159azen\u00e9","link":"https:\/\/kotrla.com\/pmpro\/category\/nezarazene\/"},"img":{"alt_text":"","src":"","width":0,"height":0},"classes":[]},{"id":1184,"url":"https:\/\/kotrla.com\/pmpro\/2003\/10\/nova-povidka-zdeny-kolacka\/","url_meta":{"origin":1172,"position":1},"title":"Nov\u00e1 pov\u00eddka Zdeny Kol\u00e1\u010dka","author":"Pavel Kotrla","date":"23.10.2003","format":false,"excerpt":"M\u016f\u017eete si ji p\u0159e\u010d\u00edst na adrese http:\/\/www.hostbrno.cz\/autor\/index.php?body=tip N\u011bkter\u00e9 akt\u00e9ry budou pravideln\u00ed \u010dten\u00e1\u0159i blogu pravd\u011bpodobn\u011b zn\u00e1t.","rel":"","context":"V \u201eNeza\u0159azen\u00e9\u201c","block_context":{"text":"Neza\u0159azen\u00e9","link":"https:\/\/kotrla.com\/pmpro\/category\/nezarazene\/"},"img":{"alt_text":"","src":"","width":0,"height":0},"classes":[]},{"id":1186,"url":"https:\/\/kotrla.com\/pmpro\/2003\/10\/jiri-hrabal-utocici\/","url_meta":{"origin":1172,"position":2},"title":"Ji\u0159\u00ed Hrabal \u00fato\u010d\u00edc\u00ed","author":"Pavel Kotrla","date":"20.10.2003","format":false,"excerpt":"M\u016fj redak\u010dn\u00ed kolega z Text\u016f a \u0161\u00e9fredaktor Aluze, ale p\u0159edev\u0161\u00edm m\u016fj kamar\u00e1d Ji\u0159\u00ed Hrabal vyrazil do \u00fatoku. V posledn\u00edm \u010d\u00edsle Tvaru si vzal na pa\u0161k\u00e1l Lexikon liter\u00e1rn\u00edch pojm\u016f Libora Pavery a Franti\u0161ka V\u0161eti\u010dky. Vzhledem k tomu, \u017ee opravdu dob\u0159e v\u00edm, jak je t\u011b\u017ek\u00e9 z Jirky vym\u00e1mit p\u0159\u00edsp\u011bvek, tak impuls k\u2026","rel":"","context":"V \u201eNeza\u0159azen\u00e9\u201c","block_context":{"text":"Neza\u0159azen\u00e9","link":"https:\/\/kotrla.com\/pmpro\/category\/nezarazene\/"},"img":{"alt_text":"","src":"","width":0,"height":0},"classes":[]},{"id":1185,"url":"https:\/\/kotrla.com\/pmpro\/2003\/10\/cteni-pro-tyto-osklive-dny\/","url_meta":{"origin":1172,"position":3},"title":"\u010cten\u00ed pro tyto o\u0161kliv\u00e9 dny","author":"Pavel Kotrla","date":"22.10.2003","format":false,"excerpt":"No, t\u00fdden neza\u010dal nejl\u00e9pe. Do v\u011b\u010dn\u00fdch lovi\u0161\u0165 ode\u0161el m\u016fj obl\u00edben\u00fd letit\u00fd pevn\u00fd disk. Bohu\u017eel ten, kter\u00fd jsem zpravidla p\u0159en\u00e1\u0161el. Co se d\u00e1 d\u011blat. P\u0159i\u0161el jsem sice asi o dva dny pr\u00e1ce, ale mohlo to b\u00fdt hor\u0161\u00ed. Z hlubin prachu, kabel\u016f a dal\u0161\u00edch vnit\u0159nost\u00ed po\u010d\u00edta\u010de jsem nakonec vykuchal jin\u00fd disk. Uvid\u00edme.\u2026","rel":"","context":"V \u201eNeza\u0159azen\u00e9\u201c","block_context":{"text":"Neza\u0159azen\u00e9","link":"https:\/\/kotrla.com\/pmpro\/category\/nezarazene\/"},"img":{"alt_text":"","src":"","width":0,"height":0},"classes":[]},{"id":1205,"url":"https:\/\/kotrla.com\/pmpro\/2003\/09\/bystricska-olympiada\/","url_meta":{"origin":1172,"position":4},"title":"Byst\u0159i\u010dsk\u00e1 olympi\u00e1da","author":"Pavel Kotrla","date":"29.9.2003","format":false,"excerpt":"Na adrese http:\/\/www.bystricka.cz\/foto\/index.php si m\u016f\u017eete prohl\u00e9dnout fotografie ze sobotn\u00ed Byst\u0159i\u010dsk\u00e9 olympi\u00e1dy, se kterou se p\u0159ehrada rozlou\u010dila se sv\u00fdmi n\u00e1v\u0161t\u011bvn\u00edky. Tedy jenom do\u010dasn\u011b, tak na dva roky ji vypust\u00ed. Na\u0161e sta\u0159enka pot\u0159ebuje gener\u00e1ln\u00ed opravu.","rel":"","context":"V \u201eByst\u0159i\u010dka\u201c","block_context":{"text":"Byst\u0159i\u010dka","link":"https:\/\/kotrla.com\/pmpro\/category\/bystricka\/"},"img":{"alt_text":"P\u0159ehrada Byst\u0159i\u010dka","src":"https:\/\/i0.wp.com\/kotrla.com\/pmpro\/images\/uploads\/prazdna_prehrada.jpg?resize=350%2C200&ssl=1","width":350,"height":200},"classes":[]},{"id":794,"url":"https:\/\/kotrla.com\/pmpro\/2005\/03\/treti-rok\/","url_meta":{"origin":1172,"position":5},"title":"T\u0159et\u00ed rok&#8230;","author":"Pavel Kotrla","date":"17.3.2005","format":false,"excerpt":"A\u017e dnes jsem si uv\u011bdomil, \u017ee u\u017e bloguju t\u0159et\u00ed rok. Za\u010dal jsem v b\u0159eznu 2003. Jak ned\u00e1vno \u0159ekl m\u016fj kamar\u00e1d Te\u010dka, tak ne\u010dekal, \u017ee mi to vydr\u017e\u00ed tak dlouho. No, ani j\u00e1 ne.","rel":"","context":"V \u201eNeza\u0159azen\u00e9\u201c","block_context":{"text":"Neza\u0159azen\u00e9","link":"https:\/\/kotrla.com\/pmpro\/category\/nezarazene\/"},"img":{"alt_text":"","src":"","width":0,"height":0},"classes":[]}],"jetpack_sharing_enabled":true,"_links":{"self":[{"href":"https:\/\/kotrla.com\/pmpro\/wp-json\/wp\/v2\/posts\/1172","targetHints":{"allow":["GET"]}}],"collection":[{"href":"https:\/\/kotrla.com\/pmpro\/wp-json\/wp\/v2\/posts"}],"about":[{"href":"https:\/\/kotrla.com\/pmpro\/wp-json\/wp\/v2\/types\/post"}],"author":[{"embeddable":true,"href":"https:\/\/kotrla.com\/pmpro\/wp-json\/wp\/v2\/users\/1"}],"replies":[{"embeddable":true,"href":"https:\/\/kotrla.com\/pmpro\/wp-json\/wp\/v2\/comments?post=1172"}],"version-history":[{"count":0,"href":"https:\/\/kotrla.com\/pmpro\/wp-json\/wp\/v2\/posts\/1172\/revisions"}],"wp:attachment":[{"href":"https:\/\/kotrla.com\/pmpro\/wp-json\/wp\/v2\/media?parent=1172"}],"wp:term":[{"taxonomy":"category","embeddable":true,"href":"https:\/\/kotrla.com\/pmpro\/wp-json\/wp\/v2\/categories?post=1172"},{"taxonomy":"post_tag","embeddable":true,"href":"https:\/\/kotrla.com\/pmpro\/wp-json\/wp\/v2\/tags?post=1172"}],"curies":[{"name":"wp","href":"https:\/\/api.w.org\/{rel}","templated":true}]}}