{"id":1202,"date":"2003-10-07T05:00:01","date_gmt":"2003-10-07T04:00:01","guid":{"rendered":"http:\/\/kotrla.com\/wordpress\/?p=1202"},"modified":"2019-11-20T22:24:40","modified_gmt":"2019-11-20T21:24:40","slug":"kdo-je-autorem-nasledujicich-versu-10","status":"publish","type":"post","link":"https:\/\/kotrla.com\/pmpro\/2003\/10\/kdo-je-autorem-nasledujicich-versu-10\/","title":{"rendered":"Kdo je autorem n\u00e1sleduj\u00edc\u00edch ver\u0161\u016f? (10)"},"content":{"rendered":"<p>Je\u0161t\u011b st\u00e1le tu nejsem. \ud83d\ude42 Ale pro povahy hr\u00e1\u010dsk\u00e9 tu m\u00e1me dal\u0161\u00ed h\u00e1dane\u010dku. To jsem zv\u011bdav. Autor nen\u00ed za b\u00e1sn\u00edka p\u0159\u00edli\u0161 pova\u017eov\u00e1n. Aspo\u0148 v\u011bt\u0161ina u\u010debnic o t\u00e9to skute\u010dnosti ml\u010d\u00ed. Uvid\u00edme, jak se s t\u00edm poperete.<br \/>\nOt\u00e1zka z\u016fst\u00e1v\u00e1 st\u00e1le stejn\u00e1: <b>Kdo je autorem n\u00e1sleduj\u00edc\u00edch ver\u0161\u016f?<\/b><\/p>\n<p><b>\u010cernej pad\u00e1k<\/b><\/p>\n<p>Kdo nem\u00e1 kam se schovat,<br \/>\nnem\u00e1 krov pro sv\u016fj sen,<br \/>\nmus\u00ed se nechat prov\u00e1t<br \/>\npod star\u00fdm de\u0161tn\u00edkem.<br \/>\nSt\u0159echa tam b\u00fdv\u00e1 vratk\u00e1,<br \/>\no st\u011bn\u011b d\u00e1lka v\u00ed,<br \/>\na star\u00e1 \u0159\u00eddk\u00e1 l\u00e1tka<br \/>\nhv\u011bzdama d\u011brav\u00ed.<\/p>\n<p>De\u0161tn\u00edk je \u010dernej pad\u00e1k<br \/>\npro p\u00e1dy do oblak.<br \/>\nNem\u00edt tu cosi r\u00e1da,<br \/>\nodlet\u00edm jako pt\u00e1k.<\/p>\n<p>Kdyby ta chv\u00edle p\u0159i\u0161la, <br \/>\nkdyby se v\u00edtr zved,<br \/>\nvznesu se cel\u00e1 py\u0161n\u00e1,<br \/>\nopust\u00edm tento sv\u011bt.<br \/>\nNa neshledanou, m\u011bsta<br \/>\nod prachu, od \u0161p\u00edny,<br \/>\n\u010dek\u00e1 m\u011b vzdu\u0161n\u00e1 cesta<br \/>\ndo hez\u010d\u00ed krajiny.<\/p>\n<p>De\u0161tn\u00edk je \u010dernej pad\u00e1k<br \/>\npro p\u00e1dy do oblak.<br \/>\nKdy\u017e tu nic nem\u00e1m r\u00e1da,<br \/>\nodlet\u00edm jako pt\u00e1k.<\/p>\n<p>Kdy\u017e nem\u00e1m kam se schovat,<br \/>\nnem\u00e1m krov pro sv\u016fj sen,<br \/>\np\u0159ece se nech\u00e1m prov\u00e1t<br \/>\npod star\u00fdm de\u0161tn\u00edkem.<br \/>\nSt\u0159echa je cel\u00e1 vratk\u00e1,<br \/>\no st\u011bn\u011b d\u00e1lka v\u00ed,<br \/>\na star\u00e1 \u0159\u00eddk\u00e1 l\u00e1tka<br \/>\nhv\u011bzdama d\u011brav\u00ed.<\/p>\n<p>De\u0161tn\u00edk je \u010dernej pad\u00e1k<br \/>\npro p\u00e1dy do oblak.<br \/>\nJ\u00e1 tu m\u00e1m cosi r\u00e1da,<br \/>\na tak ho nech\u00e1m tak.<\/p>\n","protected":false},"excerpt":{"rendered":"<p>Je\u0161t\u011b st\u00e1le tu nejsem. \ud83d\ude42 Ale pro povahy hr\u00e1\u010dsk\u00e9 tu m\u00e1me dal\u0161\u00ed h\u00e1dane\u010dku. To jsem zv\u011bdav. Autor nen\u00ed za b\u00e1sn\u00edka p\u0159\u00edli\u0161 pova\u017eov\u00e1n. Aspo\u0148 v\u011bt\u0161ina u\u010debnic o t\u00e9to skute\u010dnosti ml\u010d\u00ed. Uvid\u00edme, jak se s t\u00edm poperete. Ot\u00e1zka z\u016fst\u00e1v\u00e1 st\u00e1le stejn\u00e1: Kdo je autorem n\u00e1sleduj\u00edc\u00edch ver\u0161\u016f? \u010cernej pad\u00e1k Kdo nem\u00e1 kam se schovat, nem\u00e1 krov pro sv\u016fj [&hellip;]<\/p>\n","protected":false},"author":1,"featured_media":0,"comment_status":"open","ping_status":"open","sticky":false,"template":"","format":"standard","meta":{"site-sidebar-layout":"default","site-content-layout":"","ast-site-content-layout":"default","site-content-style":"default","site-sidebar-style":"default","ast-global-header-display":"","ast-banner-title-visibility":"","ast-main-header-display":"","ast-hfb-above-header-display":"","ast-hfb-below-header-display":"","ast-hfb-mobile-header-display":"","site-post-title":"","ast-breadcrumbs-content":"","ast-featured-img":"","footer-sml-layout":"","ast-disable-related-posts":"","theme-transparent-header-meta":"","adv-header-id-meta":"","stick-header-meta":"","header-above-stick-meta":"","header-main-stick-meta":"","header-below-stick-meta":"","astra-migrate-meta-layouts":"default","ast-page-background-enabled":"default","ast-page-background-meta":{"desktop":{"background-color":"var(--ast-global-color-5)","background-image":"","background-repeat":"repeat","background-position":"center center","background-size":"auto","background-attachment":"scroll","background-type":"","background-media":"","overlay-type":"","overlay-color":"","overlay-opacity":"","overlay-gradient":""},"tablet":{"background-color":"","background-image":"","background-repeat":"repeat","background-position":"center center","background-size":"auto","background-attachment":"scroll","background-type":"","background-media":"","overlay-type":"","overlay-color":"","overlay-opacity":"","overlay-gradient":""},"mobile":{"background-color":"","background-image":"","background-repeat":"repeat","background-position":"center center","background-size":"auto","background-attachment":"scroll","background-type":"","background-media":"","overlay-type":"","overlay-color":"","overlay-opacity":"","overlay-gradient":""}},"ast-content-background-meta":{"desktop":{"background-color":"var(--ast-global-color-4)","background-image":"","background-repeat":"repeat","background-position":"center center","background-size":"auto","background-attachment":"scroll","background-type":"","background-media":"","overlay-type":"","overlay-color":"","overlay-opacity":"","overlay-gradient":""},"tablet":{"background-color":"var(--ast-global-color-4)","background-image":"","background-repeat":"repeat","background-position":"center center","background-size":"auto","background-attachment":"scroll","background-type":"","background-media":"","overlay-type":"","overlay-color":"","overlay-opacity":"","overlay-gradient":""},"mobile":{"background-color":"var(--ast-global-color-4)","background-image":"","background-repeat":"repeat","background-position":"center center","background-size":"auto","background-attachment":"scroll","background-type":"","background-media":"","overlay-type":"","overlay-color":"","overlay-opacity":"","overlay-gradient":""}},"jetpack_post_was_ever_published":false,"_jetpack_newsletter_access":"","_jetpack_dont_email_post_to_subs":false,"_jetpack_newsletter_tier_id":0,"_jetpack_memberships_contains_paywalled_content":false,"_jetpack_memberships_contains_paid_content":false,"footnotes":""},"categories":[17],"tags":[],"class_list":["post-1202","post","type-post","status-publish","format-standard","hentry","category-kdo-je-autorem"],"jetpack_featured_media_url":"","jetpack_shortlink":"https:\/\/wp.me\/p4mLP7-jo","jetpack-related-posts":[{"id":886,"url":"https:\/\/kotrla.com\/pmpro\/2004\/11\/kdo-je-autorem-nasledujicich-versu-62\/","url_meta":{"origin":1202,"position":0},"title":"Kdo je autorem n\u00e1sleduj\u00edc\u00edch ver\u0161\u016f? (62)","author":"Pavel Kotrla","date":"8.11.2004","format":false,"excerpt":"Pond\u011bln\u00ed r\u00e1no v\u00e1s v\u00edt\u00e1 novou h\u00e1dankou. Tak\u017ee: Kdo je autorem n\u00e1sleduj\u00edc\u00ed b\u00e1sn\u011b? N\u011bjak\u00e1 n\u00e1pov\u011bda? Ale ano: mu\u017e, cizinec. L\u00e1ska krv\u00e1c\u00ed a taje Kytka v kv\u011btin\u00e1\u010di na okn\u011b sklonila hlavu pod n\u00e1porem prosince. V\u0161echno v na\u0161em dom\u011b rostlo, rostlo a nakonec zvadlo. Je to neuv\u011b\u0159iteln\u00e9, \u017ee u\u017e p\u0159ed rokem jsi \u0159ekla:\u2026","rel":"","context":"V \u201eKdo je autorem?\u201c","block_context":{"text":"Kdo je autorem?","link":"https:\/\/kotrla.com\/pmpro\/category\/kdo-je-autorem\/"},"img":{"alt_text":"","src":"","width":0,"height":0},"classes":[]},{"id":868,"url":"https:\/\/kotrla.com\/pmpro\/2004\/12\/kdo-je-autorem-nasledujicich-versu-66\/","url_meta":{"origin":1202,"position":1},"title":"Kdo je autorem n\u00e1sleduj\u00edc\u00edch ver\u0161\u016f? (66)","author":"Pavel Kotrla","date":"6.12.2004","format":false,"excerpt":"Za oknem op\u011bt hnusn\u011b. Tak sp\u00ed\u0161 n\u011bco pro zasm\u00e1n\u00ed. Uhodnete, kdo je autorem n\u00e1sleduj\u00edc\u00ed b\u00e1sn\u011b? \u010cas l\u00e1sky Ve\u010der, a\u017e bude po pr\u016fvodu a m\u011bs\u00edc pro vltavskou vodu vno\u0159\u00ed sv\u016fj d\u017eb\u00e1nek do jez\u016f, vyjdeme spolu na n\u00e1b\u0159e\u017e\u00ed, zamilovan\u00ed, kr\u00e1sn\u00ed, sv\u011b\u017e\u00ed, nu prost\u011b - d\u011bti v\u00edt\u011bz\u016f. Kolem n\u00e1s polo\u017e\u00ed se na m\u011bsto\u2026","rel":"","context":"V \u201eKdo je autorem?\u201c","block_context":{"text":"Kdo je autorem?","link":"https:\/\/kotrla.com\/pmpro\/category\/kdo-je-autorem\/"},"img":{"alt_text":"","src":"","width":0,"height":0},"classes":[]},{"id":893,"url":"https:\/\/kotrla.com\/pmpro\/2004\/10\/kdo-je-autorem-nasledujicich-versu-60\/","url_meta":{"origin":1202,"position":2},"title":"Kdo je autorem n\u00e1sleduj\u00edc\u00edch ver\u0161\u016f? (60)","author":"Pavel Kotrla","date":"25.10.2004","format":false,"excerpt":"Dne\u0161n\u00ed r\u00e1no vzd\u00e1len jsem od kl\u00e1vesnice, ale pravideln\u00e1 pond\u011bln\u00ed ot\u00e1zka je tu: Kdo je autorem n\u00e1sleduj\u00edc\u00ed b\u00e1sn\u011b? * * * Tato slova p\u00ed\u0161u tesa\u0159skou tu\u017ekou nem\u00e1m jinou ve sv\u00e9m d\u0159ev\u011bn\u00e9m dom\u011b bol\u00ed m\u011b z toho ruce","rel":"","context":"V \u201eKdo je autorem?\u201c","block_context":{"text":"Kdo je autorem?","link":"https:\/\/kotrla.com\/pmpro\/category\/kdo-je-autorem\/"},"img":{"alt_text":"","src":"","width":0,"height":0},"classes":[]},{"id":847,"url":"https:\/\/kotrla.com\/pmpro\/2005\/01\/kdo-je-autorem-nasledujicich-versu-70\/","url_meta":{"origin":1202,"position":3},"title":"Kdo je autorem n\u00e1sleduj\u00edc\u00edch ver\u0161\u016f? (70)","author":"Pavel Kotrla","date":"3.1.2005","format":false,"excerpt":"Zat\u00edm \u017e\u00e1dn\u00e1 odpov\u011b\u010f na ot\u00e1zku minulou. Porad\u00edme: str\u00fdc jednoho ze spr\u00e1vn\u00fdch lu\u0161titel\u016f minul\u00fdch ot\u00e1zek. :) No, a m\u00e1me tu novou b\u00e1se\u0148: Kdo je autorem? Rovnou napov\u00edd\u00e1m: autorem je \u017eena, \u010ce\u0161ka. V\u00e1noce pro dceru Lucii Obratem ruky si m\u011b tahle tepl\u00e1 zima z\u00edsk\u00e1 U\u017e ani nev\u00edm, jak vypad\u00e1 sn\u00edh b\u00edl\u00fd A\u017e\u2026","rel":"","context":"V \u201eKdo je autorem?\u201c","block_context":{"text":"Kdo je autorem?","link":"https:\/\/kotrla.com\/pmpro\/category\/kdo-je-autorem\/"},"img":{"alt_text":"","src":"","width":0,"height":0},"classes":[]},{"id":947,"url":"https:\/\/kotrla.com\/pmpro\/2004\/08\/kdo-je-autorem-nasledujicich-versu-49\/","url_meta":{"origin":1202,"position":4},"title":"Kdo je autorem n\u00e1sleduj\u00edc\u00edch ver\u0161\u016f? (49)","author":"Pavel Kotrla","date":"9.8.2004","format":false,"excerpt":"Tak\u017ee (pro ty, co mi napsali e-mailem, kde\u017ee je pond\u011bln\u00ed ot\u00e1zka): Kdo je autorem n\u00e1sleduj\u00edch ver\u0161\u016f? \u010casem \u010dasem \u010dlov\u011bk z\u0161ediv\u00ed \u010dasem krov i s krokv\u00ed spadne \u010d\u00e1p zest\u00e1rne (neoml\u00e1dne) a \u010derpadlo zreziv\u00ed \u010dasem voda proud\u00edc\u00ed tlakem st\u00e1le nezdoln\u011bj\u0161\u00edm \u010din\u00ed k\u00e1men povoln\u011bj\u0161\u00edm ne\u017eli p\u00edsek v sanici \u010dasem hora chocholat\u00e1 zp\u00e1tky ve\u2026","rel":"","context":"V \u201eKdo je autorem?\u201c","block_context":{"text":"Kdo je autorem?","link":"https:\/\/kotrla.com\/pmpro\/category\/kdo-je-autorem\/"},"img":{"alt_text":"","src":"","width":0,"height":0},"classes":[]},{"id":702,"url":"https:\/\/kotrla.com\/pmpro\/2005\/08\/kdo-je-autorem-nasledujicich-versu-102\/","url_meta":{"origin":1202,"position":5},"title":"Kdo je autorem n\u00e1sleduj\u00edc\u00edch ver\u0161\u016f? (102)","author":"Pavel Kotrla","date":"15.8.2005","format":false,"excerpt":"Minul\u00e1 stolet\u00ed u mne p\u0159\u00edli\u0161 nostalgie nevyvol\u00e1vaj\u00ed, ale \u010das od \u010dasu je t\u0159eba nakouknout i do nich. Kdy\u017e u\u017e byl tak p\u011bkn\u011b uhodnut minule Alois Jir\u00e1sek, tak je tu dal\u0161\u00ed d\u0159evn\u00ed kousek z \u010desk\u00fdh luh\u016f a h\u00e1j\u016f. Kdopak n\u00e1m to jenom napsal? Klas. Ju\u017e rychle zraji, dob\u0159e v\u00edm, a brzy\u2026","rel":"","context":"V \u201eKdo je autorem?\u201c","block_context":{"text":"Kdo je autorem?","link":"https:\/\/kotrla.com\/pmpro\/category\/kdo-je-autorem\/"},"img":{"alt_text":"","src":"","width":0,"height":0},"classes":[]}],"jetpack_sharing_enabled":true,"_links":{"self":[{"href":"https:\/\/kotrla.com\/pmpro\/wp-json\/wp\/v2\/posts\/1202","targetHints":{"allow":["GET"]}}],"collection":[{"href":"https:\/\/kotrla.com\/pmpro\/wp-json\/wp\/v2\/posts"}],"about":[{"href":"https:\/\/kotrla.com\/pmpro\/wp-json\/wp\/v2\/types\/post"}],"author":[{"embeddable":true,"href":"https:\/\/kotrla.com\/pmpro\/wp-json\/wp\/v2\/users\/1"}],"replies":[{"embeddable":true,"href":"https:\/\/kotrla.com\/pmpro\/wp-json\/wp\/v2\/comments?post=1202"}],"version-history":[{"count":0,"href":"https:\/\/kotrla.com\/pmpro\/wp-json\/wp\/v2\/posts\/1202\/revisions"}],"wp:attachment":[{"href":"https:\/\/kotrla.com\/pmpro\/wp-json\/wp\/v2\/media?parent=1202"}],"wp:term":[{"taxonomy":"category","embeddable":true,"href":"https:\/\/kotrla.com\/pmpro\/wp-json\/wp\/v2\/categories?post=1202"},{"taxonomy":"post_tag","embeddable":true,"href":"https:\/\/kotrla.com\/pmpro\/wp-json\/wp\/v2\/tags?post=1202"}],"curies":[{"name":"wp","href":"https:\/\/api.w.org\/{rel}","templated":true}]}}