{"id":1209,"date":"2003-09-25T14:29:01","date_gmt":"2003-09-25T13:29:01","guid":{"rendered":"http:\/\/kotrla.com\/wordpress\/?p=1209"},"modified":"2019-11-20T22:24:40","modified_gmt":"2019-11-20T21:24:40","slug":"kdo-je-autorem-nasledujicich-versu-8","status":"publish","type":"post","link":"https:\/\/kotrla.com\/pmpro\/2003\/09\/kdo-je-autorem-nasledujicich-versu-8\/","title":{"rendered":"Kdo je autorem n\u00e1sleduj\u00edc\u00edch ver\u0161\u016f? (8)"},"content":{"rendered":"<p>Ot\u00e1zka z\u016fst\u00e1v\u00e1 st\u00e1le stejn\u00e1: <b>Kdo je autorem n\u00e1sleduj\u00edc\u00edch ver\u0161\u016f?<\/b><br \/>\nH\u00c1DEJTE a BAVTE SE! Literatura nen\u00ed o vyhled\u00e1v\u00e1n\u00ed pomoc\u00ed Googlu, Jyxa a jin\u00fdch! Literatura je o n\u011b\u010dem zcela jin\u00e9m.<\/p>\n<p><b>Dopis Ann\u011b Achmatovov\u00e9<\/b><\/p>\n<p>\tV\u00e1\u017een\u00e1 Anno Andrejevno<\/p>\n<p>a\u010d je u\u017e pozd\u011b a nen\u00ed vlastn\u011b kam<br \/>\nmus\u00edm V\u00e1m napsat \u017ee na V\u00e1s \u010dasto mysl\u00edv\u00e1m<br \/>\n\u010cetl jsem v b\u00e1sni N\u00e1vrat star\u00e9 p\u0159es t\u0159icet let<br \/>\n\u017ee nikoho na zemi nem\u00e1te \u017ee se V\u00e1m z\u0159\u00edtil sv\u011bt<br \/>\ndu\u0161e v\u0161ech Va\u0161ich mil\u00fdch na hv\u011bzd\u00e1ch p\u0159eb\u00fdvaj\u00ed<br \/>\na Vy se toul\u00e1te po carskoselsk\u00e9m h\u00e1ji<br \/>\nvdechuj\u00edc s de\u0161t\u011bm pu\u0161kinovsk\u00fd t\u0159pyt<br \/>\nv touze svou lyru na strom zav\u011bsit<br \/>\nBl\u00e1hov\u011b chci se vyznat \u017ee V\u00e1s v du\u0161i m\u00e1m<br \/>\nt\u0159eba\u017ee nejsem Blok a nejsem Mandel\u0161tam<br \/>\nTo jaro m\u011b navedlo k sm\u011bl\u00e9mu pokusu<br \/>\npolo\u017eit psan\u00ed do tr\u00e1vy k prvn\u00edmu krokusu<br \/>\nKde jsou ty koketn\u00ed \u010dasy kdy jste m\u011bla tolik sil<br \/>\nv kabelce nosit modrou \u0161\u0148\u016frku na n\u00ed\u017e se kdosi ob\u011bsil<br \/>\nB\u00e1sn\u00ed\u0159ko Jitrocele zn\u00e1m d\u016fm v n\u011bm\u017e za blok\u00e1dy<br \/>\nmilovan\u00e9ho m\u011bsta nechv\u011bla jste se l\u00e1skou ale hlady<br \/>\nV \u0161\u00e1lu a se\u0161lapan\u00fdch bot\u00e1ch \u0161la jste i do \u0159\u00ed\u0161e Persefony<br \/>\nv ten nehostinn\u00fd \u00fajezd kam nezalehnou rusk\u00e9 zvony<br \/>\nKde staru\u0161ka Marfa sed\u00ed s vnukem Nikolajem<br \/>\na s nimi \u0161est set tis\u00edc nad vystydl\u00fdm \u010dajem<br \/>\nJsou jizvy star\u00e9 t\u0159icet let a te\u010f teprve bol\u00ed . . .<br \/>\nV\u010dera pochoval jsem otce dnes c\u00edt\u00edm mu\u010div\u00fd vztlak pol\u00ed<br \/>\na jako ten kdo d\u00e1vno nem\u00e1 matku k V\u00e1m se ut\u00edk\u00e1m<br \/>\na\u010d je u\u017e pozd\u011b drah\u00e1 Anno a vlastn\u011b nen\u00ed kam<br \/>\nZ d\u011btstv\u00ed m\u00e1m b\u00edlou pastelku<br \/>\ntichou jak sn\u011bhy dlouh\u00fdch zim<br \/>\nTou d\u00e1 se namalovat pohrobek<br \/>\ni nikdy nespat\u0159en\u00fd<br \/>\nAnonym<\/p>\n","protected":false},"excerpt":{"rendered":"<p>Ot\u00e1zka z\u016fst\u00e1v\u00e1 st\u00e1le stejn\u00e1: Kdo je autorem n\u00e1sleduj\u00edc\u00edch ver\u0161\u016f? H\u00c1DEJTE a BAVTE SE! Literatura nen\u00ed o vyhled\u00e1v\u00e1n\u00ed pomoc\u00ed Googlu, Jyxa a jin\u00fdch! Literatura je o n\u011b\u010dem zcela jin\u00e9m. Dopis Ann\u011b Achmatovov\u00e9 V\u00e1\u017een\u00e1 Anno Andrejevno a\u010d je u\u017e pozd\u011b a nen\u00ed vlastn\u011b kam mus\u00edm V\u00e1m napsat \u017ee na V\u00e1s \u010dasto mysl\u00edv\u00e1m \u010cetl jsem v b\u00e1sni N\u00e1vrat [&hellip;]<\/p>\n","protected":false},"author":1,"featured_media":0,"comment_status":"open","ping_status":"open","sticky":false,"template":"","format":"standard","meta":{"site-sidebar-layout":"default","site-content-layout":"","ast-site-content-layout":"default","site-content-style":"default","site-sidebar-style":"default","ast-global-header-display":"","ast-banner-title-visibility":"","ast-main-header-display":"","ast-hfb-above-header-display":"","ast-hfb-below-header-display":"","ast-hfb-mobile-header-display":"","site-post-title":"","ast-breadcrumbs-content":"","ast-featured-img":"","footer-sml-layout":"","ast-disable-related-posts":"","theme-transparent-header-meta":"","adv-header-id-meta":"","stick-header-meta":"","header-above-stick-meta":"","header-main-stick-meta":"","header-below-stick-meta":"","astra-migrate-meta-layouts":"default","ast-page-background-enabled":"default","ast-page-background-meta":{"desktop":{"background-color":"var(--ast-global-color-5)","background-image":"","background-repeat":"repeat","background-position":"center center","background-size":"auto","background-attachment":"scroll","background-type":"","background-media":"","overlay-type":"","overlay-color":"","overlay-opacity":"","overlay-gradient":""},"tablet":{"background-color":"","background-image":"","background-repeat":"repeat","background-position":"center center","background-size":"auto","background-attachment":"scroll","background-type":"","background-media":"","overlay-type":"","overlay-color":"","overlay-opacity":"","overlay-gradient":""},"mobile":{"background-color":"","background-image":"","background-repeat":"repeat","background-position":"center center","background-size":"auto","background-attachment":"scroll","background-type":"","background-media":"","overlay-type":"","overlay-color":"","overlay-opacity":"","overlay-gradient":""}},"ast-content-background-meta":{"desktop":{"background-color":"var(--ast-global-color-4)","background-image":"","background-repeat":"repeat","background-position":"center center","background-size":"auto","background-attachment":"scroll","background-type":"","background-media":"","overlay-type":"","overlay-color":"","overlay-opacity":"","overlay-gradient":""},"tablet":{"background-color":"var(--ast-global-color-4)","background-image":"","background-repeat":"repeat","background-position":"center center","background-size":"auto","background-attachment":"scroll","background-type":"","background-media":"","overlay-type":"","overlay-color":"","overlay-opacity":"","overlay-gradient":""},"mobile":{"background-color":"var(--ast-global-color-4)","background-image":"","background-repeat":"repeat","background-position":"center center","background-size":"auto","background-attachment":"scroll","background-type":"","background-media":"","overlay-type":"","overlay-color":"","overlay-opacity":"","overlay-gradient":""}},"jetpack_post_was_ever_published":false,"_jetpack_newsletter_access":"","_jetpack_dont_email_post_to_subs":false,"_jetpack_newsletter_tier_id":0,"_jetpack_memberships_contains_paywalled_content":false,"_jetpack_memberships_contains_paid_content":false,"footnotes":""},"categories":[17],"tags":[],"class_list":["post-1209","post","type-post","status-publish","format-standard","hentry","category-kdo-je-autorem"],"jetpack_featured_media_url":"","jetpack_shortlink":"https:\/\/wp.me\/p4mLP7-jv","jetpack-related-posts":[{"id":752,"url":"https:\/\/kotrla.com\/pmpro\/2005\/05\/kdo-je-autorem-nasledujicich-versu-91\/","url_meta":{"origin":1209,"position":0},"title":"Kdo je autorem n\u00e1sleduj\u00edc\u00edch ver\u0161\u016f? (91)","author":"Pavel Kotrla","date":"30.5.2005","format":false,"excerpt":"P\u0159i \u010dek\u00e1n\u00ed na d\u00e9\u0161\u0165, teda tam, kde je\u0161t\u011b nebyl, snad pot\u011b\u0161\u00ed trocha ciz\u00edho ne\u0161t\u011bst\u00ed. Kdopak je autorem n\u00e1sleduj\u00edc\u00edho textu? P\u00cdSE\u0147 O MARN\u00c9 TOUZE Maje nohy v lav\u00f3\u0159e mus\u00edm myslet na m\u00f3\u0159e, kter\u00e9 jsem nikdy nevid\u011bl: Z pohlednic z\u00e1\u0159\u00ed tu ultramar\u00edn blankytu, za n\u011bj\u017e by se mal\u00ed\u0159 nestyd\u011bl. M\u00edv\u00e1 pro mne\u2026","rel":"","context":"V \u201eKdo je autorem?\u201c","block_context":{"text":"Kdo je autorem?","link":"https:\/\/kotrla.com\/pmpro\/category\/kdo-je-autorem\/"},"img":{"alt_text":"","src":"","width":0,"height":0},"classes":[]},{"id":1204,"url":"https:\/\/kotrla.com\/pmpro\/2003\/10\/kdo-je-autorem-nasledujicich-versu-9\/","url_meta":{"origin":1209,"position":1},"title":"Kdo je autorem n\u00e1sleduj\u00edc\u00edch ver\u0161\u016f? (9)","author":"Pavel Kotrla","date":"1.10.2003","format":false,"excerpt":"Vypad\u00e1 to, \u017ee h\u00e1danka \u010d. 8 je\/byla t\u011b\u017ek\u00e1. Proto n\u011bco leh\u010d\u00edho. Tedy dle m\u00e9ho n\u00e1zoru. Ot\u00e1zka z\u016fst\u00e1v\u00e1 st\u00e1le stejn\u00e1: Kdo je autorem n\u00e1sleduj\u00edc\u00edch ver\u0161\u016f? H\u00c1DEJTE a BAVTE SE! Literatura nen\u00ed o vyhled\u00e1v\u00e1n\u00ed pomoc\u00ed Googlu, Jyxa a jin\u00fdch! Literatura je o n\u011b\u010dem zcela jin\u00e9m. Bylo k zalknut\u00ed Nikoli nar\u00e1z nikoli v\u0161ichni\u2026","rel":"","context":"V \u201eKdo je autorem?\u201c","block_context":{"text":"Kdo je autorem?","link":"https:\/\/kotrla.com\/pmpro\/category\/kdo-je-autorem\/"},"img":{"alt_text":"","src":"","width":0,"height":0},"classes":[]},{"id":1173,"url":"https:\/\/kotrla.com\/pmpro\/2003\/11\/kdo-je-autorem-nasledujicich-versu-13\/","url_meta":{"origin":1209,"position":2},"title":"Kdo je autorem n\u00e1sleduj\u00edc\u00edch ver\u0161\u016f? (13)","author":"Pavel Kotrla","date":"5.11.2003","format":false,"excerpt":"P\u0159\u00e1tel\u00e9, pln\u00edm resty, a tak nen\u00ed \u010dasu nazbyt. P\u0159esto je zde ale nov\u00e1 h\u00e1danka. Snad se V\u00e1m tentokr\u00e1t poda\u0159\u00ed uh\u00e1dnout autora. Zapojte hlavu a bavte se. Vyhled\u00e1va\u010de nechte odpo\u010d\u00edtat. Defil\u00e9 Kdy\u017e Helmut sed\u00ed v tamtom takov\u00e9m k\u0159esle, defiluje mu p\u0159ed o\u010dima pr\u016fvod nah\u00fdch zajatky\u0148. Jsou \u00fatlounk\u00e9 a maj\u00ed velk\u00e9, pru\u017en\u00e9,\u2026","rel":"","context":"V \u201eKdo je autorem?\u201c","block_context":{"text":"Kdo je autorem?","link":"https:\/\/kotrla.com\/pmpro\/category\/kdo-je-autorem\/"},"img":{"alt_text":"","src":"","width":0,"height":0},"classes":[]},{"id":904,"url":"https:\/\/kotrla.com\/pmpro\/2004\/10\/kdo-je-autorem-nasledujicich-versu-58\/","url_meta":{"origin":1209,"position":3},"title":"Kdo je autorem n\u00e1sleduj\u00edc\u00edch ver\u0161\u016f? (58)","author":"Pavel Kotrla","date":"11.10.2004","format":false,"excerpt":"Je pond\u011bl\u00ed, ach! Tady m\u00e1te ot\u00e1zku: Kdo je autorem n\u00e1sleduj\u00edc\u00edho textu? po\u0159\u00e1d p\u00ed\u0161u m\u00e1m skv\u011bl\u00fd kalhoty v\u016fbec sem skv\u011blej ka\u017edej to \u0159\u00edk\u00e1 moje milenka se na m\u011b v\u0161ude vypt\u00e1v\u00e1 je\u0161t\u011b se moc nezn\u00e1me a v\u0161ude m\u011b chv\u00e1lej produkuju kila p\u0159\u00ed\u0161ern\u00fdho psan\u00ed v\u0161e to p\u00e1l\u00edm v okam\u017een\u00ed vypiju 14 piv kdy\u017e\u2026","rel":"","context":"V \u201eKdo je autorem?\u201c","block_context":{"text":"Kdo je autorem?","link":"https:\/\/kotrla.com\/pmpro\/category\/kdo-je-autorem\/"},"img":{"alt_text":"","src":"","width":0,"height":0},"classes":[]},{"id":331,"url":"https:\/\/kotrla.com\/pmpro\/2008\/08\/kdo-je-autorem-nasledujicich-versu-115\/","url_meta":{"origin":1209,"position":4},"title":"Kdo je autorem n\u00e1sleduj\u00edc\u00edch ver\u0161\u016f? (115)","author":"Pavel Kotrla","date":"19.8.2008","format":false,"excerpt":"Tak v t\u00e9to rubrice jsem naposledy zve\u0159ejnil n\u011bco p\u0159ed rokem a p\u016fl. Ne, \u017ee bych za dobu \u017e\u00e1dnou poezii ne\u010detl, nebo ji zcela zanedb\u00e1val. Pravda, mo\u017en\u00e1 ji u\u017e nen\u00ed tolik, jako kdysi. Ale dnes ale dostal jsem sb\u00edrku, na kterou jsem se t\u011b\u0161il. Von\u00ed novotou. St\u0159\u00eddm\u00e1 \u00faprava, st\u0159\u00eddm\u00e9 proveden\u00ed. Tak\u017ee\u2026","rel":"","context":"V \u201eKdo je autorem?\u201c","block_context":{"text":"Kdo je autorem?","link":"https:\/\/kotrla.com\/pmpro\/category\/kdo-je-autorem\/"},"img":{"alt_text":"","src":"","width":0,"height":0},"classes":[]},{"id":1221,"url":"https:\/\/kotrla.com\/pmpro\/2003\/09\/kdo-je-autorem-nasledujicich-versu-6\/","url_meta":{"origin":1209,"position":5},"title":"Kdo je autorem n\u00e1sleduj\u00edc\u00edch ver\u0161\u016f? (6)","author":"Pavel Kotrla","date":"19.9.2003","format":false,"excerpt":"Dne\u0161n\u00ed \u00fakol nen\u00ed p\u0159\u00edli\u0161 obt\u00ed\u017en\u00fd, mo\u017en\u00e1 je lehou\u010dk\u00fd. Uvid\u00edme. Ot\u00e1zka z\u016fst\u00e1v\u00e1 st\u00e1le stejn\u00e1: Kdo je autorem n\u00e1sleduj\u00edc\u00edch ver\u0161\u016f? H\u00c1DEJTE! Nen\u00ed to o vyhled\u00e1v\u00e1n\u00ed pomoc\u00ed Googlu, Jyxa a jin\u00fdch! Je to o literatu\u0159e. ZA\u0158\u00cdK\u00c1V\u00c1N\u00cd MU\u017d\u016e A byly doby, k pl\u00e1\u010di bez podoby. A byly d\u011bje, k pl\u00e1\u010di bez nad\u011bje. A zima\u2026","rel":"","context":"V \u201eKdo je autorem?\u201c","block_context":{"text":"Kdo je autorem?","link":"https:\/\/kotrla.com\/pmpro\/category\/kdo-je-autorem\/"},"img":{"alt_text":"","src":"","width":0,"height":0},"classes":[]}],"jetpack_sharing_enabled":true,"_links":{"self":[{"href":"https:\/\/kotrla.com\/pmpro\/wp-json\/wp\/v2\/posts\/1209","targetHints":{"allow":["GET"]}}],"collection":[{"href":"https:\/\/kotrla.com\/pmpro\/wp-json\/wp\/v2\/posts"}],"about":[{"href":"https:\/\/kotrla.com\/pmpro\/wp-json\/wp\/v2\/types\/post"}],"author":[{"embeddable":true,"href":"https:\/\/kotrla.com\/pmpro\/wp-json\/wp\/v2\/users\/1"}],"replies":[{"embeddable":true,"href":"https:\/\/kotrla.com\/pmpro\/wp-json\/wp\/v2\/comments?post=1209"}],"version-history":[{"count":0,"href":"https:\/\/kotrla.com\/pmpro\/wp-json\/wp\/v2\/posts\/1209\/revisions"}],"wp:attachment":[{"href":"https:\/\/kotrla.com\/pmpro\/wp-json\/wp\/v2\/media?parent=1209"}],"wp:term":[{"taxonomy":"category","embeddable":true,"href":"https:\/\/kotrla.com\/pmpro\/wp-json\/wp\/v2\/categories?post=1209"},{"taxonomy":"post_tag","embeddable":true,"href":"https:\/\/kotrla.com\/pmpro\/wp-json\/wp\/v2\/tags?post=1209"}],"curies":[{"name":"wp","href":"https:\/\/api.w.org\/{rel}","templated":true}]}}