{"id":1225,"date":"2003-09-13T09:51:44","date_gmt":"2003-09-13T08:51:44","guid":{"rendered":"http:\/\/kotrla.com\/wordpress\/?p=1225"},"modified":"2020-05-05T09:42:08","modified_gmt":"2020-05-05T08:42:08","slug":"chysta-se-zfilmovani-alchymisty","status":"publish","type":"post","link":"https:\/\/kotrla.com\/pmpro\/2003\/09\/chysta-se-zfilmovani-alchymisty\/","title":{"rendered":"Chyst\u00e1 se zfilmov\u00e1n\u00ed Alchymisty"},"content":{"rendered":"<p>V sobotu zpravidla netrp\u00edm p\u00edsmenkovou depres\u00ed a absenc\u00ed, ale p\u0159esto jsem si jenom tak listoval reklamn\u00edmi novinami Kauflandu, kter\u00e9 le\u017eely na hromad\u011b let\u00e1k\u016f ur\u010den\u00e9 k vyhozen\u00ed. A najednou kouk\u00e1m na titulek <b>Madonna, Irons, Alchymista<\/b>. Je to tak! Nejhor\u0161\u00ed obavy se napl\u0148uj\u00ed. V chystan\u00e9 filmov\u00e9 adaptaci proslaven\u00e9ho rom\u00e1nu <a href=\"https:\/\/web.archive.org\/web\/20110525210007\/http:\/\/www.paulocoelho.com.br:80\/\">Paolo Coelha<\/a> m\u00e1 jednu z hlavn\u00edch rol\u00ed obsadit pr\u00e1v\u011b tato zp\u011bva\u010dka. P\u0159e\u010detl jsem v\u011bt\u0161inu Coelhov\u00fdch pr\u00f3z a na n\u011bkter\u00e9 i napsal <a href=\"http:\/\/recenze.kotrla.com\">recenze<\/a>, ale nev\u00edm, zda si zaslou\u017e\u00ed pr\u00e1v\u011b toto. S\u00e1m Coelho pr\u00fd kategoricky odm\u00edt\u00e1 zpracov\u00e1n\u00ed sv\u00fdch dal\u0161\u00edch knih, nebo\u0165 se jedn\u00e1 o odli\u0161n\u00e1 m\u00e9dia.<\/p>\n","protected":false},"excerpt":{"rendered":"<p>V sobotu zpravidla netrp\u00edm p\u00edsmenkovou depres\u00ed a absenc\u00ed, ale p\u0159esto jsem si jenom tak listoval reklamn\u00edmi novinami Kauflandu, kter\u00e9 le\u017eely na hromad\u011b let\u00e1k\u016f ur\u010den\u00e9 k vyhozen\u00ed. A najednou kouk\u00e1m na titulek Madonna, Irons, Alchymista. Je to tak! Nejhor\u0161\u00ed obavy se napl\u0148uj\u00ed. V chystan\u00e9 filmov\u00e9 adaptaci proslaven\u00e9ho rom\u00e1nu Paolo Coelha m\u00e1 jednu z hlavn\u00edch rol\u00ed obsadit [&hellip;]<\/p>\n","protected":false},"author":1,"featured_media":0,"comment_status":"open","ping_status":"open","sticky":false,"template":"","format":"standard","meta":{"site-sidebar-layout":"default","site-content-layout":"","ast-site-content-layout":"default","site-content-style":"default","site-sidebar-style":"default","ast-global-header-display":"","ast-banner-title-visibility":"","ast-main-header-display":"","ast-hfb-above-header-display":"","ast-hfb-below-header-display":"","ast-hfb-mobile-header-display":"","site-post-title":"","ast-breadcrumbs-content":"","ast-featured-img":"","footer-sml-layout":"","ast-disable-related-posts":"","theme-transparent-header-meta":"","adv-header-id-meta":"","stick-header-meta":"","header-above-stick-meta":"","header-main-stick-meta":"","header-below-stick-meta":"","astra-migrate-meta-layouts":"default","ast-page-background-enabled":"default","ast-page-background-meta":{"desktop":{"background-color":"var(--ast-global-color-5)","background-image":"","background-repeat":"repeat","background-position":"center center","background-size":"auto","background-attachment":"scroll","background-type":"","background-media":"","overlay-type":"","overlay-color":"","overlay-opacity":"","overlay-gradient":""},"tablet":{"background-color":"","background-image":"","background-repeat":"repeat","background-position":"center center","background-size":"auto","background-attachment":"scroll","background-type":"","background-media":"","overlay-type":"","overlay-color":"","overlay-opacity":"","overlay-gradient":""},"mobile":{"background-color":"","background-image":"","background-repeat":"repeat","background-position":"center center","background-size":"auto","background-attachment":"scroll","background-type":"","background-media":"","overlay-type":"","overlay-color":"","overlay-opacity":"","overlay-gradient":""}},"ast-content-background-meta":{"desktop":{"background-color":"var(--ast-global-color-4)","background-image":"","background-repeat":"repeat","background-position":"center center","background-size":"auto","background-attachment":"scroll","background-type":"","background-media":"","overlay-type":"","overlay-color":"","overlay-opacity":"","overlay-gradient":""},"tablet":{"background-color":"var(--ast-global-color-4)","background-image":"","background-repeat":"repeat","background-position":"center center","background-size":"auto","background-attachment":"scroll","background-type":"","background-media":"","overlay-type":"","overlay-color":"","overlay-opacity":"","overlay-gradient":""},"mobile":{"background-color":"var(--ast-global-color-4)","background-image":"","background-repeat":"repeat","background-position":"center center","background-size":"auto","background-attachment":"scroll","background-type":"","background-media":"","overlay-type":"","overlay-color":"","overlay-opacity":"","overlay-gradient":""}},"jetpack_post_was_ever_published":false,"_jetpack_newsletter_access":"","_jetpack_dont_email_post_to_subs":false,"_jetpack_newsletter_tier_id":0,"_jetpack_memberships_contains_paywalled_content":false,"_jetpack_memberships_contains_paid_content":false,"footnotes":""},"categories":[1],"tags":[],"class_list":["post-1225","post","type-post","status-publish","format-standard","hentry","category-nezarazene"],"jetpack_featured_media_url":"","jetpack_shortlink":"https:\/\/wp.me\/p4mLP7-jL","jetpack-related-posts":[{"id":36,"url":"https:\/\/kotrla.com\/pmpro\/2013\/06\/k-vs-k\/","url_meta":{"origin":1225,"position":0},"title":"K. vs. K.","author":"Pavel Kotrla","date":"13.6.2013","format":false,"excerpt":"V minul\u00e9m p\u0159\u00edsp\u011bvku jsem p\u016fvodn\u011b cht\u011bl tak\u00e9 p\u0159ipsat, kdy\u017e jsem zahl\u00e9d v tir\u00e1\u017ei, \u017ee Romboid vyd\u00e1va Asoci\u00e1cia organiz\u00e1ci\u00ed spisovate\u013eov Slovenska, \u017ee je to ten typ \u010dasopisu, kter\u00fd si dovedu p\u0159edstavit, \u017ee by mohl b\u00fdt vyd\u00e1v\u00e1n Obc\u00ed spisovatel\u016f i u n\u00e1s. To mne donutilo, po fakt dlouh\u00e9m \u010dase, pod\u00edvat se na\u2026","rel":"","context":"V \u201eLiteratura\u201c","block_context":{"text":"Literatura","link":"https:\/\/kotrla.com\/pmpro\/category\/literatura\/"},"img":{"alt_text":"","src":"","width":0,"height":0},"classes":[]},{"id":2193,"url":"https:\/\/kotrla.com\/pmpro\/2014\/11\/nove-stare-jan-kunze-vitrholc\/","url_meta":{"origin":1225,"position":1},"title":"Nov\u00e9 a star\u00e9: Jan Kunze a V\u00edtrholc","author":"Pavel Kotrla","date":"1.11.2014","format":false,"excerpt":"V\u010derej\u0161ek byl ve znamen\u00ed vala\u0161skomezi\u0159\u00ed\u010dsk\u00e9 M-klubu, nejsen, \u017ee jsem v n\u011bm byl, ale je\u0161t\u011b jsem pak sta\u010dil sledovat na st\u00e1le podivn\u011b nevyhran\u011bn\u00e9m kan\u00e1lu \u010cT Art ve\u010der s jeho nejzn\u00e1m\u011bj\u0161\u00edmi tv\u00e1\u0159emi. Mo\u017en\u00e1 pr\u00e1v\u011b proto v\u010dera v klubu \u00fapln\u011b nabito nebylo. Jan Kunze a Hi\u010dhaikum projekt jsem sly\u0161el na\u017eivo poprv\u00e9. Sice zahr\u00e1li\u2026","rel":"","context":"V \u201eLiteratura\u201c","block_context":{"text":"Literatura","link":"https:\/\/kotrla.com\/pmpro\/category\/literatura\/"},"img":{"alt_text":"","src":"https:\/\/i0.wp.com\/kotrla.com\/pmpro\/wp-content\/uploads\/2014\/11\/IMG7565.jpg?resize=350%2C200&ssl=1","width":350,"height":200,"srcset":"https:\/\/i0.wp.com\/kotrla.com\/pmpro\/wp-content\/uploads\/2014\/11\/IMG7565.jpg?resize=350%2C200&ssl=1 1x, https:\/\/i0.wp.com\/kotrla.com\/pmpro\/wp-content\/uploads\/2014\/11\/IMG7565.jpg?resize=525%2C300&ssl=1 1.5x, https:\/\/i0.wp.com\/kotrla.com\/pmpro\/wp-content\/uploads\/2014\/11\/IMG7565.jpg?resize=700%2C400&ssl=1 2x"},"classes":[]},{"id":12418,"url":"https:\/\/kotrla.com\/pmpro\/2025\/01\/vcera-na-skok-v-arkadii\/","url_meta":{"origin":1225,"position":2},"title":"V\u010dera na skok v Ark\u00e1dii","author":"Pavel Kotrla","date":"19.1.2025","format":false,"excerpt":"B\u00e1sn\u00edk a kur\u00e1tor Pavel Petr v ohro\u017een\u00ed! Doch\u00e1zel mu m\u016fj dub\u011bnkov\u00fd inkoust. Ale nebezpe\u010d\u00ed bylo za\u017eehn\u00e1no a jedny z posledn\u00edch lahvi\u010dek inkoustu\u00a0 Jsem tma jsem mu v\u010dera p\u0159edal. Autor\u016fv cyklus hrad\u016f vid\u011bn\u00fdch, kter\u00fd je kreslen\u00fd pr\u00e1v\u011b t\u00edmto inkoustem a kter\u00fd autor zve\u0159ej\u0148uje na sv\u00e9m facebookov\u00e9m profilu, tak m\u016f\u017ee d\u00e1l pokra\u010dovat.\u2026","rel":"","context":"V \u201eFotografie\u201c","block_context":{"text":"Fotografie","link":"https:\/\/kotrla.com\/pmpro\/category\/fotografie\/"},"img":{"alt_text":"","src":"https:\/\/i0.wp.com\/kotrla.com\/pmpro\/wp-content\/uploads\/2025\/01\/pavel_petr_vrsatec_1.jpg?resize=350%2C200&ssl=1","width":350,"height":200,"srcset":"https:\/\/i0.wp.com\/kotrla.com\/pmpro\/wp-content\/uploads\/2025\/01\/pavel_petr_vrsatec_1.jpg?resize=350%2C200&ssl=1 1x, https:\/\/i0.wp.com\/kotrla.com\/pmpro\/wp-content\/uploads\/2025\/01\/pavel_petr_vrsatec_1.jpg?resize=525%2C300&ssl=1 1.5x, https:\/\/i0.wp.com\/kotrla.com\/pmpro\/wp-content\/uploads\/2025\/01\/pavel_petr_vrsatec_1.jpg?resize=700%2C400&ssl=1 2x, https:\/\/i0.wp.com\/kotrla.com\/pmpro\/wp-content\/uploads\/2025\/01\/pavel_petr_vrsatec_1.jpg?resize=1050%2C600&ssl=1 3x, https:\/\/i0.wp.com\/kotrla.com\/pmpro\/wp-content\/uploads\/2025\/01\/pavel_petr_vrsatec_1.jpg?resize=1400%2C800&ssl=1 4x"},"classes":[]},{"id":229,"url":"https:\/\/kotrla.com\/pmpro\/2010\/01\/nejlepsi-fotograficky-a-nejlepsi-literarni-casopis-roku-2009\/","url_meta":{"origin":1225,"position":3},"title":"Nejlep\u0161\u00ed fotografick\u00fd a nejlep\u0161\u00ed liter\u00e1rn\u00ed \u010dasopis roku 2009","author":"Pavel Kotrla","date":"13.1.2010","format":false,"excerpt":"\u017deb\u0159\u00ed\u010dky popul\u00e1rnosti jsou v\u017edycky o\u0161emetn\u00e9. Ale koneckonc\u016f, kde jinde bych m\u011bl prezentovat sv\u016fj n\u00e1zor ne\u017e zde ;) Shodou okolnost\u00ed je to pro mne jeden a t\u00fd\u017e \u010dasopis: Host. Po z\u00e1niku \u010dasopis\u016f PhotoArt a Magaz\u00ednu Fotografie se portfolio \u010dasopis\u016f smrsklo, a tak m\u00e1me DigiFoto, FotoVideo, Digit\u00e1ln\u00ed foto a PhotoLife. V\u011bt\u0161\u00ed \u010d\u00e1st\u2026","rel":"","context":"V \u201e\u010cten\u00e1\u0159sk\u00fd den\u00edk\u201c","block_context":{"text":"\u010cten\u00e1\u0159sk\u00fd den\u00edk","link":"https:\/\/kotrla.com\/pmpro\/category\/ctenarsky-denik\/"},"img":{"alt_text":"\u010dasopis Host","src":"https:\/\/i0.wp.com\/kotrla.com\/pmpro\/images\/uploads\/host_2010_10.jpg?resize=350%2C200&ssl=1","width":350,"height":200},"classes":[]},{"id":1181,"url":"https:\/\/kotrla.com\/pmpro\/2003\/10\/vcely\/","url_meta":{"origin":1225,"position":4},"title":"V\u010dely","author":"Pavel Kotrla","date":"24.10.2003","format":false,"excerpt":"P\u0159ed l\u00e9ty jsem nad sv\u00fdm bratrem vyhr\u00e1l s\u00e1zku. Vyhr\u00e1l. Ale nebyla to nejchyt\u0159ej\u0161\u00ed s\u00e1zka, nebo\u0165 spo\u010d\u00edvala v tom, \u017ee projdu nah\u00fd v\u010del\u00ednem, kde pr\u00e1v\u011b d\u011bde\u010dek to\u010dil med. Je s podivem, \u017ee mne p\u00edchla pouze v\u010delka jedin\u00e1. Zato v\u0161ak do n\u011bjak\u00e9ho nervu na hlav\u011b, kter\u00fd zp\u016fsobil, \u017ee jsem \u010d\u00e1ste\u010dn\u011b asi na\u2026","rel":"","context":"V \u201eNeza\u0159azen\u00e9\u201c","block_context":{"text":"Neza\u0159azen\u00e9","link":"https:\/\/kotrla.com\/pmpro\/category\/nezarazene\/"},"img":{"alt_text":"","src":"","width":0,"height":0},"classes":[]},{"id":936,"url":"https:\/\/kotrla.com\/pmpro\/2004\/08\/puskin-a-onegin-skutecnost-a-fikce\/","url_meta":{"origin":1225,"position":5},"title":"Pu\u0161kin a On\u011bgin: skute\u010dnost a fikce","author":"Pavel Kotrla","date":"20.8.2004","format":false,"excerpt":"Pr\u00e1v\u011b jsem do\u010detl Exotiku - V\u00fdbor z prac\u00ed tartusk\u00e9 \u0161koly, jinak 11. svazek Strukturalistick\u00e9 knihovny, kterou vyd\u00e1v\u00e1 nakladatelstv\u00ed Host. N\u011bkter\u00e9 svazky t\u00e9to \u0159ady nebyly p\u0159ij\u00edm\u00e1ny pr\u00e1v\u011b s nad\u0161en\u00edm a n\u011bkter\u00e9 v\u00fdtky jsou adresov\u00e1ny i tomuto svazku. N\u011bkomu se zd\u00e1 m\u00e1lo reprezentativn\u00ed a v\u00fdb\u011br zahrnut\u00fdch stat\u00ed chaotick\u00fd. Mo\u017en\u00e1 je na t\u011bchto\u2026","rel":"","context":"V \u201eNeza\u0159azen\u00e9\u201c","block_context":{"text":"Neza\u0159azen\u00e9","link":"https:\/\/kotrla.com\/pmpro\/category\/nezarazene\/"},"img":{"alt_text":"","src":"","width":0,"height":0},"classes":[]}],"jetpack_sharing_enabled":true,"_links":{"self":[{"href":"https:\/\/kotrla.com\/pmpro\/wp-json\/wp\/v2\/posts\/1225","targetHints":{"allow":["GET"]}}],"collection":[{"href":"https:\/\/kotrla.com\/pmpro\/wp-json\/wp\/v2\/posts"}],"about":[{"href":"https:\/\/kotrla.com\/pmpro\/wp-json\/wp\/v2\/types\/post"}],"author":[{"embeddable":true,"href":"https:\/\/kotrla.com\/pmpro\/wp-json\/wp\/v2\/users\/1"}],"replies":[{"embeddable":true,"href":"https:\/\/kotrla.com\/pmpro\/wp-json\/wp\/v2\/comments?post=1225"}],"version-history":[{"count":0,"href":"https:\/\/kotrla.com\/pmpro\/wp-json\/wp\/v2\/posts\/1225\/revisions"}],"wp:attachment":[{"href":"https:\/\/kotrla.com\/pmpro\/wp-json\/wp\/v2\/media?parent=1225"}],"wp:term":[{"taxonomy":"category","embeddable":true,"href":"https:\/\/kotrla.com\/pmpro\/wp-json\/wp\/v2\/categories?post=1225"},{"taxonomy":"post_tag","embeddable":true,"href":"https:\/\/kotrla.com\/pmpro\/wp-json\/wp\/v2\/tags?post=1225"}],"curies":[{"name":"wp","href":"https:\/\/api.w.org\/{rel}","templated":true}]}}