{"id":1226,"date":"2003-09-12T13:36:40","date_gmt":"2003-09-12T12:36:40","guid":{"rendered":"http:\/\/kotrla.com\/wordpress\/?p=1226"},"modified":"2019-11-20T22:24:41","modified_gmt":"2019-11-20T21:24:41","slug":"cteni-do-kapsy","status":"publish","type":"post","link":"https:\/\/kotrla.com\/pmpro\/2003\/09\/cteni-do-kapsy\/","title":{"rendered":"\u010cten\u00ed do kapsy"},"content":{"rendered":"<p>M\u00e1m to \u0161t\u011bst\u00ed, \u017ee d\u00edky laskavosti autor\u016f <i>Pavla Jan\u00e1\u010dka<\/i> a <i><a href=\"https:\/\/web.archive.org\/web\/20070621145205\/http:\/\/poeticno.kotrla.com\/weblog.php\">Michala Jare\u0161e<\/a><\/i> si mohu listovat v publikaci <b>Sv\u011bt rodokapsu<\/b>, kterou vydalo nakladatelstv\u00ed Karolinum. Jedn\u00e1 se o 450 stran siln\u00fd <i>komentovan\u00fd soupis se\u0161itov\u00fdch rom\u00e1nov\u00fdch edic 30. a 40. let 20. stolet\u00ed<\/i>, jak zn\u00ed podtitul knihy.<br \/>\nU\u017eite\u010dn\u00fd a chv\u00e1lyhodn\u00fd po\u010din. Sv\u011bd\u010d\u00ed p\u0159inejmen\u0161\u00edm o tom, \u017ee i v \u010desk\u00e9m kontextu se za\u010d\u00edn\u00e1 v\u011bnovat pozornost nejenom &#8222;vysok\u00e9&#8220; literatu\u0159e. Objevily se u\u017e pokusy o zhodnocen\u00ed comicsu a literatury sci-fi, nyn\u00ed se kone\u010dn\u011b tedy do\u010dkalo i \u010dtivo, kter\u00e9 doprov\u00e1zelo dosp\u00edv\u00e1n\u00ed velk\u00e9 \u010d\u00e1sti populace. Tedy p\u0159inejmen\u0161\u00edm moje ano.<br \/>\nP\u0159\u00ednos publikace je nepopirateln\u00fd, p\u0159inejmen\u0161\u00edm jako uchov\u00e1n\u00ed pam\u011bti. Ony se n\u00e1m toti\u017e ty rodokapsy po p\u00e1r letech v\u011bt\u0161inou rozpadnou d\u00edky nekvalitn\u00edmu pap\u00edru. M\u00e1m slabost pro tuto n\u00edzkou kulturu a jej\u00ed reflexi. Mrz\u00ed mne pouze skute\u010dnost, \u017ee publikace kon\u010d\u00ed l\u00e9ty \u010dty\u0159ic\u00e1t\u00fdmi. R\u00e1d bych si n\u011bkdy p\u0159e\u010detl hodnot\u00edc\u00ed sta\u0165 o dosud existuj\u00edc\u00ed edici Karavana nakladatelstv\u00ed <a href=\"http:\/\/www.albatros.cz\">Albatros<\/a>, kter\u00e1 pro moji generaci byla zcela jist\u011b dostupn\u011bj\u0161\u00ed ne\u017e p\u0159edv\u00e1le\u010dn\u00e9 rodokapsy. Pravda, \u010dten\u00ed to bylo o n\u011bco kvalitn\u011bj\u0161\u00ed, ale vizu\u00e1ln\u00ed podoba u svazk\u016f p\u0159ibli\u017en\u00e9 velikosti A4 zde existuje. A toho dobrodru\u017estv\u00ed, co zprost\u0159edkovala!<\/p>\n","protected":false},"excerpt":{"rendered":"<p>M\u00e1m to \u0161t\u011bst\u00ed, \u017ee d\u00edky laskavosti autor\u016f Pavla Jan\u00e1\u010dka a Michala Jare\u0161e si mohu listovat v publikaci Sv\u011bt rodokapsu, kterou vydalo nakladatelstv\u00ed Karolinum. Jedn\u00e1 se o 450 stran siln\u00fd komentovan\u00fd soupis se\u0161itov\u00fdch rom\u00e1nov\u00fdch edic 30. a 40. let 20. stolet\u00ed, jak zn\u00ed podtitul knihy. U\u017eite\u010dn\u00fd a chv\u00e1lyhodn\u00fd po\u010din. Sv\u011bd\u010d\u00ed p\u0159inejmen\u0161\u00edm o tom, \u017ee i v [&hellip;]<\/p>\n","protected":false},"author":1,"featured_media":0,"comment_status":"open","ping_status":"open","sticky":false,"template":"","format":"standard","meta":{"site-sidebar-layout":"default","site-content-layout":"","ast-site-content-layout":"default","site-content-style":"default","site-sidebar-style":"default","ast-global-header-display":"","ast-banner-title-visibility":"","ast-main-header-display":"","ast-hfb-above-header-display":"","ast-hfb-below-header-display":"","ast-hfb-mobile-header-display":"","site-post-title":"","ast-breadcrumbs-content":"","ast-featured-img":"","footer-sml-layout":"","ast-disable-related-posts":"","theme-transparent-header-meta":"","adv-header-id-meta":"","stick-header-meta":"","header-above-stick-meta":"","header-main-stick-meta":"","header-below-stick-meta":"","astra-migrate-meta-layouts":"default","ast-page-background-enabled":"default","ast-page-background-meta":{"desktop":{"background-color":"var(--ast-global-color-5)","background-image":"","background-repeat":"repeat","background-position":"center center","background-size":"auto","background-attachment":"scroll","background-type":"","background-media":"","overlay-type":"","overlay-color":"","overlay-opacity":"","overlay-gradient":""},"tablet":{"background-color":"","background-image":"","background-repeat":"repeat","background-position":"center center","background-size":"auto","background-attachment":"scroll","background-type":"","background-media":"","overlay-type":"","overlay-color":"","overlay-opacity":"","overlay-gradient":""},"mobile":{"background-color":"","background-image":"","background-repeat":"repeat","background-position":"center center","background-size":"auto","background-attachment":"scroll","background-type":"","background-media":"","overlay-type":"","overlay-color":"","overlay-opacity":"","overlay-gradient":""}},"ast-content-background-meta":{"desktop":{"background-color":"var(--ast-global-color-4)","background-image":"","background-repeat":"repeat","background-position":"center center","background-size":"auto","background-attachment":"scroll","background-type":"","background-media":"","overlay-type":"","overlay-color":"","overlay-opacity":"","overlay-gradient":""},"tablet":{"background-color":"var(--ast-global-color-4)","background-image":"","background-repeat":"repeat","background-position":"center center","background-size":"auto","background-attachment":"scroll","background-type":"","background-media":"","overlay-type":"","overlay-color":"","overlay-opacity":"","overlay-gradient":""},"mobile":{"background-color":"var(--ast-global-color-4)","background-image":"","background-repeat":"repeat","background-position":"center center","background-size":"auto","background-attachment":"scroll","background-type":"","background-media":"","overlay-type":"","overlay-color":"","overlay-opacity":"","overlay-gradient":""}},"jetpack_post_was_ever_published":false,"_jetpack_newsletter_access":"","_jetpack_dont_email_post_to_subs":false,"_jetpack_newsletter_tier_id":0,"_jetpack_memberships_contains_paywalled_content":false,"_jetpack_memberships_contains_paid_content":false,"footnotes":""},"categories":[1],"tags":[],"class_list":["post-1226","post","type-post","status-publish","format-standard","hentry","category-nezarazene"],"jetpack_featured_media_url":"","jetpack_shortlink":"https:\/\/wp.me\/p4mLP7-jM","jetpack-related-posts":[{"id":1041,"url":"https:\/\/kotrla.com\/pmpro\/2004\/03\/rss-point-pochvala\/","url_meta":{"origin":1226,"position":0},"title":"RSS Point: pochvala!","author":"Pavel Kotrla","date":"30.3.2004","format":false,"excerpt":"Dobr\u00e1 pr\u00e1ce si zaslou\u017e\u00ed pochvalu. Tentokr\u00e1t m\u00e1m na mysli \u010deskou \u010dte\u010dku RSS Point. Hlavn\u00ed v\u00fdhodou tohoto programu nen\u00ed jenom skute\u010dnost, \u017ee je zadarmo, ale tak\u00e9 \u017ee um\u00ed to, co pot\u0159ebuju a bez probl\u00e9m\u016f zvl\u00e1d\u00e1 \u010de\u0161tinu. Autor je nav\u00edc komunikativn\u00ed a postupn\u011b zapracov\u00e1v\u00e1 p\u0159ipom\u00ednky k dosud v\u00fdvojov\u00fdm verz\u00edm. Zd\u00e1 se tedy,\u2026","rel":"","context":"V \u201eNeza\u0159azen\u00e9\u201c","block_context":{"text":"Neza\u0159azen\u00e9","link":"https:\/\/kotrla.com\/pmpro\/category\/nezarazene\/"},"img":{"alt_text":"image","src":"https:\/\/i0.wp.com\/kotrla.com\/pmpro\/images\/uploads\/rsspoints.gif?resize=350%2C200&ssl=1","width":350,"height":200},"classes":[]},{"id":150,"url":"https:\/\/kotrla.com\/pmpro\/2011\/06\/martin-pecina-knihy-a-typografie\/","url_meta":{"origin":1226,"position":1},"title":"Martin Pecina: Knihy a typografie","author":"Pavel Kotrla","date":"6.6.2011","format":false,"excerpt":"Minul\u00fd t\u00fdden byl na \u00falovky bohat\u00fd podobn\u011b jako ty p\u0159edchoz\u00ed a nov\u00fdch knih se se\u0161lo hned n\u011bkolik. Jednou z nich je i mnou o\u010dek\u00e1van\u00e1 nov\u00e1 kniha Knihy a typografie Martina Peciny. Vy\u0161la jako 500. publikace nakladatelstv\u00ed Host. T\u011b\u0161il jsem se na ni a o v\u00edkendu ji do\u010detl. Vzhledem k tomu,\u2026","rel":"","context":"V \u201e\u010cten\u00e1\u0159sk\u00fd den\u00edk\u201c","block_context":{"text":"\u010cten\u00e1\u0159sk\u00fd den\u00edk","link":"https:\/\/kotrla.com\/pmpro\/category\/ctenarsky-denik\/"},"img":{"alt_text":"Martin Pecina - Knihy a typografie","src":"https:\/\/i0.wp.com\/kotrla.com\/pmpro\/images\/uploads\/martin_pecina_knihy_a_typografie.jpg?resize=350%2C200&ssl=1","width":350,"height":200},"classes":[]},{"id":1353,"url":"https:\/\/kotrla.com\/pmpro\/2003\/05\/wernisch-wernisch\/","url_meta":{"origin":1226,"position":2},"title":"Wernisch, Wernisch&#8230;","author":"Pavel Kotrla","date":"7.5.2003","format":false,"excerpt":"Tak jsem se kone\u010dn\u011b stal \u0161\u0165astn\u00fdm vlastn\u00edkem Blbeck\u00e9 poezie Ivana Wernische. Svazek je to \u00factyhodn\u011b rozs\u00e1hl\u00fd a shrnuje autorovu poezii ze sedmdes\u00e1t\u00fdch a osmdes\u00e1t\u00fdch let, tedy z obdob\u00ed, kdy nemohl ofici\u00e1ln\u011b publikovat. Pravda, kniha to nen\u00ed nejlevn\u011bj\u0161\u00ed (cca 630,- K\u010d), ale asi by nem\u011bla chyb\u011bt v knihovni\u010dce. P\u0159inejmen\u0161\u00edm toho, kdo\u2026","rel":"","context":"V \u201eNeza\u0159azen\u00e9\u201c","block_context":{"text":"Neza\u0159azen\u00e9","link":"https:\/\/kotrla.com\/pmpro\/category\/nezarazene\/"},"img":{"alt_text":"","src":"","width":0,"height":0},"classes":[]},{"id":22,"url":"https:\/\/kotrla.com\/pmpro\/2013\/09\/valassko-historie-a-kultura\/","url_meta":{"origin":1226,"position":3},"title":"Vala\u0161sko &#8211; historie a kultura","author":"Pavel Kotrla","date":"21.9.2013","format":false,"excerpt":"M\u00e1m dojem, \u017ee konference Vala\u0161sko \u2013 historie a kultura byla v mnoh\u00e9m p\u0159elomov\u00e1 a mysl\u00edm si, \u017ee \u0159ada z n\u00e1s se k n\u00ed bude je\u0161t\u011b vracet. Revize n\u011bkter\u00fdch teori\u00ed v\u0161ak bude cht\u00edt \u010das na vst\u0159eb\u00e1n\u00ed (vala\u0161sk\u00e9 kolonizace). Ale jsem p\u0159esv\u011bd\u010den\u00fd, \u017ee chystan\u00e1 publikace bude zcela jist\u011b p\u0159\u00ednosem. Skv\u011bl\u00e9 je, \u017ee\u2026","rel":"","context":"V \u201eLiteratura\u201c","block_context":{"text":"Literatura","link":"https:\/\/kotrla.com\/pmpro\/category\/literatura\/"},"img":{"alt_text":"image","src":"https:\/\/i0.wp.com\/kotrla.com\/pmpro\/images\/uploads\/01.jpg?resize=350%2C200&ssl=1","width":350,"height":200},"classes":[]},{"id":202,"url":"https:\/\/kotrla.com\/pmpro\/2010\/06\/ostravska-bila-kniha\/","url_meta":{"origin":1226,"position":4},"title":"Ostravsk\u00e1 B\u00edl\u00e1 kniha","author":"Pavel Kotrla","date":"18.6.2010","format":false,"excerpt":"Nejsem m\u011bstsk\u00fd typ. Prahu r\u00e1d nem\u00e1m, Olomouc mi k srdci p\u0159\u00edli\u0161 nep\u0159irostla, ostan\u00edmi s\u00eddly jen proj\u00ed\u017ed\u00edm, malom\u011bsta nepo\u010d\u00edt\u00e1m. Mo\u017en\u00e1 tak je\u0161t\u011b z m\u00e9ho pohledu toleruju venkovsky rustik\u00e1ln\u00ed Brno. Nakonec je (\u010di sp\u00ed\u0161e byla) Ostrava asi jedin\u00e9 velk\u00e9 m\u011bsto, se kter\u00fdm jsem byl ochoten se sm\u00ed\u0159it (Amsterodam tu nem\u00e1me). Asi hlavn\u011b\u2026","rel":"","context":"V \u201eLiteratura\u201c","block_context":{"text":"Literatura","link":"https:\/\/kotrla.com\/pmpro\/category\/literatura\/"},"img":{"alt_text":"B\u00edl\u00e1 kniha ostravsk\u00e9 kultury","src":"https:\/\/i0.wp.com\/kotrla.com\/pmpro\/images\/uploads\/bila_kniha_ostravske_kultury.jpg?resize=350%2C200&ssl=1","width":350,"height":200},"classes":[]},{"id":1541,"url":"https:\/\/kotrla.com\/pmpro\/2014\/03\/za-ostravskym-kniznim-veletrhem\/","url_meta":{"origin":1226,"position":5},"title":"Za ostravsk\u00fdm kni\u017en\u00edm veletrhem","author":"Pavel Kotrla","date":"10.3.2014","format":false,"excerpt":"Ze \u010dty\u0159 ostravsk\u00fdch kni\u017en\u00edch veletrh\u016f jsem vynechal jen ten lo\u0148sk\u00fd, kter\u00fd se mi pracovn\u011b kryl s moskevsk\u00fdm veletrhem vzduchotechniky (co\u017e je akce monstr\u00f3zn\u011bj\u0161\u00edch rozm\u011br\u016f). \u010cty\u0159i ro\u010dn\u00edky a po\u0159\u00e1d to nen\u00ed \u00fapln\u011b ono. Na kni\u017en\u00edm veletrhu bylo sice pom\u011brn\u011b hodn\u011b lid\u00ed. Aspo\u0148 pap\u00edrov\u011b to tedy bude vypadat OK, ale m\u00e1m siln\u00fd\u2026","rel":"","context":"V \u201eKnihy\u201c","block_context":{"text":"Knihy","link":"https:\/\/kotrla.com\/pmpro\/category\/knihy\/"},"img":{"alt_text":"","src":"https:\/\/i0.wp.com\/kotrla.com\/pmpro\/wp-content\/uploads\/2014\/03\/ostravaci_IMG5481.jpg?resize=350%2C200&ssl=1","width":350,"height":200,"srcset":"https:\/\/i0.wp.com\/kotrla.com\/pmpro\/wp-content\/uploads\/2014\/03\/ostravaci_IMG5481.jpg?resize=350%2C200&ssl=1 1x, https:\/\/i0.wp.com\/kotrla.com\/pmpro\/wp-content\/uploads\/2014\/03\/ostravaci_IMG5481.jpg?resize=525%2C300&ssl=1 1.5x"},"classes":[]}],"jetpack_sharing_enabled":true,"_links":{"self":[{"href":"https:\/\/kotrla.com\/pmpro\/wp-json\/wp\/v2\/posts\/1226","targetHints":{"allow":["GET"]}}],"collection":[{"href":"https:\/\/kotrla.com\/pmpro\/wp-json\/wp\/v2\/posts"}],"about":[{"href":"https:\/\/kotrla.com\/pmpro\/wp-json\/wp\/v2\/types\/post"}],"author":[{"embeddable":true,"href":"https:\/\/kotrla.com\/pmpro\/wp-json\/wp\/v2\/users\/1"}],"replies":[{"embeddable":true,"href":"https:\/\/kotrla.com\/pmpro\/wp-json\/wp\/v2\/comments?post=1226"}],"version-history":[{"count":0,"href":"https:\/\/kotrla.com\/pmpro\/wp-json\/wp\/v2\/posts\/1226\/revisions"}],"wp:attachment":[{"href":"https:\/\/kotrla.com\/pmpro\/wp-json\/wp\/v2\/media?parent=1226"}],"wp:term":[{"taxonomy":"category","embeddable":true,"href":"https:\/\/kotrla.com\/pmpro\/wp-json\/wp\/v2\/categories?post=1226"},{"taxonomy":"post_tag","embeddable":true,"href":"https:\/\/kotrla.com\/pmpro\/wp-json\/wp\/v2\/tags?post=1226"}],"curies":[{"name":"wp","href":"https:\/\/api.w.org\/{rel}","templated":true}]}}