{"id":1231,"date":"2003-09-09T12:00:00","date_gmt":"2003-09-09T11:00:00","guid":{"rendered":"http:\/\/kotrla.com\/wordpress\/?p=1231"},"modified":"2019-11-30T08:55:52","modified_gmt":"2019-11-30T07:55:52","slug":"kdo-je-autorem-nasledujicich-versu-3","status":"publish","type":"post","link":"https:\/\/kotrla.com\/pmpro\/2003\/09\/kdo-je-autorem-nasledujicich-versu-3\/","title":{"rendered":"Kdo je autorem n\u00e1sleduj\u00edc\u00edch ver\u0161\u016f? (3)"},"content":{"rendered":"<p>A je tu nov\u00fd nov\u00e1 ot\u00e1zka. Zat\u00edmco p\u0159i t\u00e9 minul\u00e9 jsem nechal pootev\u0159en\u00e1 vr\u00e1tka a <a href=\"https:\/\/web.archive.org\/web\/20100328064610\/http:\/\/jyxo.cz\/\">Jyxo<\/a> mohlo pomoci, tak nyn\u00ed si budete muset vysta\u010dit sami. <\/p>\n<p>Tak\u017ee: <b>Kdo je autorem n\u00e1sleduj\u00edc\u00edch ver\u0161\u016f?<\/b><\/p>\n<p><b>Z lusthauzu srdce<\/b><\/p>\n<p>M\u011bli jsme b\u00edl\u00fd traktor,<br \/>\nrybu v podpa\u017ed\u00ed<br \/>\na jeli jsme do Lustr\u00e1lie, zem\u011b ostrovn\u00ed<\/p>\n<p>&#8212; A jsi u\u017e starej, tat\u00ednku?<br \/>\n&#8212; U\u017e skoro, pane \u0161of\u00e9r.<br \/>\n&#8212; Jo. Tak spi. J\u00e1 te\u010f budu sn\u00edh a za\u010dnu padat<br \/>\na ty si na mn\u011b p\u011bkn\u011b zas\u00e1\u0148kuj.<\/p>\n<p>\u010cty\u0159icet dn\u00ed pak ti\u0161e chumelili<br \/>\nna Lustr\u00e1lii, zemi ostrovn\u00ed.<\/p>\n<p>\n<b>Dopln\u011bno:<br \/>\nAutorem ver\u0161\u016f, kter\u00e9 poch\u00e1z\u00ed se sb\u00edrky Co a jak je Ji\u0159\u00ed \u0160otola (1924-1989). Spr\u00e1vn\u00e9 odpov\u011bdi se nejv\u00edce p\u0159ibl\u00ed\u017eil -r\u00e9\u00e9-.<\/b><\/p>\n","protected":false},"excerpt":{"rendered":"<p>A je tu nov\u00fd nov\u00e1 ot\u00e1zka. Zat\u00edmco p\u0159i t\u00e9 minul\u00e9 jsem nechal pootev\u0159en\u00e1 vr\u00e1tka a Jyxo mohlo pomoci, tak nyn\u00ed si budete muset vysta\u010dit sami. Tak\u017ee: Kdo je autorem n\u00e1sleduj\u00edc\u00edch ver\u0161\u016f? Z lusthauzu srdce M\u011bli jsme b\u00edl\u00fd traktor, rybu v podpa\u017ed\u00ed a jeli jsme do Lustr\u00e1lie, zem\u011b ostrovn\u00ed &#8212; A jsi u\u017e starej, tat\u00ednku? &#8212; [&hellip;]<\/p>\n","protected":false},"author":1,"featured_media":0,"comment_status":"open","ping_status":"open","sticky":false,"template":"","format":"standard","meta":{"site-sidebar-layout":"default","site-content-layout":"","ast-site-content-layout":"default","site-content-style":"default","site-sidebar-style":"default","ast-global-header-display":"","ast-banner-title-visibility":"","ast-main-header-display":"","ast-hfb-above-header-display":"","ast-hfb-below-header-display":"","ast-hfb-mobile-header-display":"","site-post-title":"","ast-breadcrumbs-content":"","ast-featured-img":"","footer-sml-layout":"","ast-disable-related-posts":"","theme-transparent-header-meta":"","adv-header-id-meta":"","stick-header-meta":"","header-above-stick-meta":"","header-main-stick-meta":"","header-below-stick-meta":"","astra-migrate-meta-layouts":"default","ast-page-background-enabled":"default","ast-page-background-meta":{"desktop":{"background-color":"var(--ast-global-color-5)","background-image":"","background-repeat":"repeat","background-position":"center center","background-size":"auto","background-attachment":"scroll","background-type":"","background-media":"","overlay-type":"","overlay-color":"","overlay-opacity":"","overlay-gradient":""},"tablet":{"background-color":"","background-image":"","background-repeat":"repeat","background-position":"center center","background-size":"auto","background-attachment":"scroll","background-type":"","background-media":"","overlay-type":"","overlay-color":"","overlay-opacity":"","overlay-gradient":""},"mobile":{"background-color":"","background-image":"","background-repeat":"repeat","background-position":"center center","background-size":"auto","background-attachment":"scroll","background-type":"","background-media":"","overlay-type":"","overlay-color":"","overlay-opacity":"","overlay-gradient":""}},"ast-content-background-meta":{"desktop":{"background-color":"var(--ast-global-color-4)","background-image":"","background-repeat":"repeat","background-position":"center center","background-size":"auto","background-attachment":"scroll","background-type":"","background-media":"","overlay-type":"","overlay-color":"","overlay-opacity":"","overlay-gradient":""},"tablet":{"background-color":"var(--ast-global-color-4)","background-image":"","background-repeat":"repeat","background-position":"center center","background-size":"auto","background-attachment":"scroll","background-type":"","background-media":"","overlay-type":"","overlay-color":"","overlay-opacity":"","overlay-gradient":""},"mobile":{"background-color":"var(--ast-global-color-4)","background-image":"","background-repeat":"repeat","background-position":"center center","background-size":"auto","background-attachment":"scroll","background-type":"","background-media":"","overlay-type":"","overlay-color":"","overlay-opacity":"","overlay-gradient":""}},"_jetpack_newsletter_access":"","_jetpack_dont_email_post_to_subs":false,"_jetpack_newsletter_tier_id":0,"_jetpack_memberships_contains_paywalled_content":false,"_jetpack_feature_clip_id":0,"_jetpack_memberships_contains_paid_content":false,"footnotes":"","jetpack_post_was_ever_published":false},"categories":[17],"tags":[],"class_list":["post-1231","post","type-post","status-publish","format-standard","hentry","category-kdo-je-autorem"],"jetpack_shortlink":"https:\/\/wp.me\/p4mLP7-jR","jetpack-related-posts":[{"id":817,"url":"https:\/\/kotrla.com\/pmpro\/2005\/02\/kdo-je-autorem-nasledujicich-versu-76\/","url_meta":{"origin":1231,"position":0},"title":"Kdo je autorem n\u00e1sleduj\u00edc\u00edch ver\u0161\u016f? (76)","author":"Pavel Kotrla","date":"14.2.2005","format":false,"excerpt":"Po v\u00edkendov\u00fdch oblev\u00e1ch vypad\u00e1 krajina n\u011bjak posmutn\u011ble. Tak aspo\u0148 jednu veselou. :) Kdopak n\u00e1m ji napsal? * * * Zn\u00e1m jednu \u017eenu sch\u00e1z\u00edme spolu pod Bulovku do libe\u0148sk\u00e9ho p\u0159\u00edstavu kde jsou remork\u00e9ry na kr\u00e1tk\u00e9m \u00favazu nem\u00e1m sv\u016fj byt beru ji za ruku kli\u010dkuje mezi lou\u017eemi u\u017e m\u011bs\u00edc ji dob\u00fdv\u00e1m ml\u010d\u00ed\u2026","rel":"","context":"V \u201eKdo je autorem?\u201c","block_context":{"text":"Kdo je autorem?","link":"https:\/\/kotrla.com\/pmpro\/category\/kdo-je-autorem\/"},"img":{"alt_text":"","src":"","width":0,"height":0},"classes":[]},{"id":331,"url":"https:\/\/kotrla.com\/pmpro\/2008\/08\/kdo-je-autorem-nasledujicich-versu-115\/","url_meta":{"origin":1231,"position":1},"title":"Kdo je autorem n\u00e1sleduj\u00edc\u00edch ver\u0161\u016f? (115)","author":"Pavel Kotrla","date":"19.8.2008","format":false,"excerpt":"Tak v t\u00e9to rubrice jsem naposledy zve\u0159ejnil n\u011bco p\u0159ed rokem a p\u016fl. Ne, \u017ee bych za dobu \u017e\u00e1dnou poezii ne\u010detl, nebo ji zcela zanedb\u00e1val. Pravda, mo\u017en\u00e1 ji u\u017e nen\u00ed tolik, jako kdysi. Ale dnes ale dostal jsem sb\u00edrku, na kterou jsem se t\u011b\u0161il. Von\u00ed novotou. St\u0159\u00eddm\u00e1 \u00faprava, st\u0159\u00eddm\u00e9 proveden\u00ed. Tak\u017ee\u2026","rel":"","context":"V \u201eKdo je autorem?\u201c","block_context":{"text":"Kdo je autorem?","link":"https:\/\/kotrla.com\/pmpro\/category\/kdo-je-autorem\/"},"img":{"alt_text":"","src":"","width":0,"height":0},"classes":[]},{"id":790,"url":"https:\/\/kotrla.com\/pmpro\/2005\/03\/kdo-je-autorem-nasledujicich-versu-81\/","url_meta":{"origin":1231,"position":2},"title":"Kdo je autorem n\u00e1sleduj\u00edc\u00edch ver\u0161\u016f? (81)","author":"Pavel Kotrla","date":"21.3.2005","format":false,"excerpt":"Tak dneska jedna t\u011b\u017ek\u00e1. Mysl\u00edm, \u017ee hodn\u011b. Uvid\u00edme. Autorem je \u010cech, b\u00e1se\u0148 vy\u0161la kni\u017en\u011b. Tak, kdo je autorem? MAL\u00c1 NO\u010cN\u00cd Rozhn\u011bvat ticho (m\u017eitky sv\u00edce) Adam si s\u00e1hl na \u017eebra Ty posb\u00edr\u00e1\u0161 v\u0161e do krabice: Je p\u016flnoc U\u017e se ne\u017eebr\u00e1","rel":"","context":"V \u201eKdo je autorem?\u201c","block_context":{"text":"Kdo je autorem?","link":"https:\/\/kotrla.com\/pmpro\/category\/kdo-je-autorem\/"},"img":{"alt_text":"","src":"","width":0,"height":0},"classes":[]},{"id":828,"url":"https:\/\/kotrla.com\/pmpro\/2005\/01\/kdo-je-autorem-nasledujicich-versu-74\/","url_meta":{"origin":1231,"position":3},"title":"Kdo je autorem n\u00e1sleduj\u00edc\u00edch ver\u0161\u016f? (74)","author":"Pavel Kotrla","date":"31.1.2005","format":false,"excerpt":"Dnes jedna \u010dasopiseck\u00e1. N\u00e1pov\u011bda? Ver\u0161e napsal m\u016fj kamar\u00e1d a najdete je v dosud posledn\u00edm \u010d\u00edsle jednoho \u010desk\u00e9ho liter\u00e1rn\u00edho \u010dasopisu.\u00a0 NOCLEH tir\u00e1ky \u0159valy jak hladov\u00e1 no\u010dn\u00ed zv\u011b\u0159 volala jsi na mne cenu pokoje pro dva chl\u00e1pek od pumpy kostnat\u00fd nevysp\u00e1n\u00edm n\u00e1s pak vedl po strm\u00e9m schodi\u0161ti Berl\u00edn Krakov Terst v\u0161echno Toru\u0148\u2026","rel":"","context":"V \u201eKdo je autorem?\u201c","block_context":{"text":"Kdo je autorem?","link":"https:\/\/kotrla.com\/pmpro\/category\/kdo-je-autorem\/"},"img":{"alt_text":"","src":"","width":0,"height":0},"classes":[]},{"id":1014,"url":"https:\/\/kotrla.com\/pmpro\/2004\/05\/kdo-je-autorem-nasledujicich-versu-35\/","url_meta":{"origin":1231,"position":4},"title":"Kdo je autorem n\u00e1sleduj\u00edc\u00edch ver\u0161\u016f? (35)","author":"Pavel Kotrla","date":"3.5.2004","format":false,"excerpt":"Toho r\u00e1na jsme vid\u011bli smrt T\u00e1hla na provaze mlad\u00e9ho b\u00fd\u010dka Nekopal nebo\u010dil jenom se odkl\u00e1n\u011bl jen kolik musel up\u00edral ji svou hlavu s vyt\u0159e\u0161t\u011bn\u00fdma o\u010dima A pak je\u0161t\u011b jednou kam pat\u0159\u00ed skr\u00fdt se v zelen\u00e9m ke\u0159i\u2026 Koukali jsme na to A \u0159eznick\u00fd u\u010de\u0148 za n\u00e1mi \u0159ekl: \u201eWenn wir mal dran\u2026","rel":"","context":"V \u201eKdo je autorem?\u201c","block_context":{"text":"Kdo je autorem?","link":"https:\/\/kotrla.com\/pmpro\/category\/kdo-je-autorem\/"},"img":{"alt_text":"","src":"","width":0,"height":0},"classes":[]},{"id":797,"url":"https:\/\/kotrla.com\/pmpro\/2005\/03\/kdo-je-autorem-nasledujicich-versu-80\/","url_meta":{"origin":1231,"position":5},"title":"Kdo je autorem n\u00e1sleduj\u00edc\u00edch ver\u0161\u016f? (80)","author":"Pavel Kotrla","date":"14.3.2005","format":false,"excerpt":"Proto\u017ee jsme v sobotu shazovali stolet\u00e9 dubisko, tak si dneska d\u00e1me jednu tematickou. Kdopak je tedy autorem? VYRUBAN\u00dd LES M\u00e9 srdce poruban\u00fd les M\u00fdtina vykotlan\u00fdch pa\u0159ez\u016f sv\u011bt\u00e9lkuj\u00edc\u00edch na \u00fapat\u00ed noci Kde jsou m\u00e9 kr\u00e1sn\u00e9 stromy hu\u010d\u00edc\u00ed snov\u00e9 ml\u00e1d\u00ed s korunami u nebes? Post\u00edn\u00e1ny dole u zem\u011b Ko\u0159eny v\u0161ak sv\u00fdmi pa\u0159\u00e1ty\u2026","rel":"","context":"V \u201eKdo je autorem?\u201c","block_context":{"text":"Kdo je autorem?","link":"https:\/\/kotrla.com\/pmpro\/category\/kdo-je-autorem\/"},"img":{"alt_text":"","src":"","width":0,"height":0},"classes":[]}],"jetpack_sharing_enabled":true,"jetpack_featured_media_url":"","_links":{"self":[{"href":"https:\/\/kotrla.com\/pmpro\/wp-json\/wp\/v2\/posts\/1231","targetHints":{"allow":["GET"]}}],"collection":[{"href":"https:\/\/kotrla.com\/pmpro\/wp-json\/wp\/v2\/posts"}],"about":[{"href":"https:\/\/kotrla.com\/pmpro\/wp-json\/wp\/v2\/types\/post"}],"author":[{"embeddable":true,"href":"https:\/\/kotrla.com\/pmpro\/wp-json\/wp\/v2\/users\/1"}],"replies":[{"embeddable":true,"href":"https:\/\/kotrla.com\/pmpro\/wp-json\/wp\/v2\/comments?post=1231"}],"version-history":[{"count":0,"href":"https:\/\/kotrla.com\/pmpro\/wp-json\/wp\/v2\/posts\/1231\/revisions"}],"wp:attachment":[{"href":"https:\/\/kotrla.com\/pmpro\/wp-json\/wp\/v2\/media?parent=1231"}],"wp:term":[{"taxonomy":"category","embeddable":true,"href":"https:\/\/kotrla.com\/pmpro\/wp-json\/wp\/v2\/categories?post=1231"},{"taxonomy":"post_tag","embeddable":true,"href":"https:\/\/kotrla.com\/pmpro\/wp-json\/wp\/v2\/tags?post=1231"}],"curies":[{"name":"wp","href":"https:\/\/api.w.org\/{rel}","templated":true}]}}