{"id":1251,"date":"2003-08-25T07:00:07","date_gmt":"2003-08-25T06:00:07","guid":{"rendered":"http:\/\/kotrla.com\/wordpress\/?p=1251"},"modified":"2019-11-20T22:24:44","modified_gmt":"2019-11-20T21:24:44","slug":"vystava-evy-fukove-na-vsetine","status":"publish","type":"post","link":"https:\/\/kotrla.com\/pmpro\/2003\/08\/vystava-evy-fukove-na-vsetine\/","title":{"rendered":"V\u00fdstava Evy Fukov\u00e9 na Vset\u00edn\u011b"},"content":{"rendered":"<p>Budete-li m\u00edt v t\u011bchto dnech cestu okolo Vset\u00edna, pak se nazapome\u0148te na chv\u00edli zastavit na n\u00e1m\u011bst\u00ed, kde v galerii V poschod\u00ed, kde je k vid\u011bn\u00ed v\u00fdstava fotografi\u00ed Evy Fukov\u00e9.<br \/>\nEva Fukov\u00e1 se dok\u00e1zala prosadit i v zahrani\u010d\u00ed. Zde jsou vystaveny p\u0159edev\u0161\u00edm portr\u00e9ty liter\u00e1n\u00edch osobnost\u00ed z okruhu Ji\u0159\u00edho Kol\u00e1\u0159e. <\/p>\n<p>Odkazy:<br \/>\n<a href=\"http:\/\/www.grafika.cz\/art\/spolecnost\/newyork_jakybyval.html\">http:\/\/www.grafika.cz\/art\/spolecnost\/newyork_jakybyval.html<\/a><br \/>\n<a href=\"http:\/\/www.knir.cz\/galerie\/fukova.htm\">http:\/\/www.knir.cz\/galerie\/fukova.htm<\/a><br \/>\n<a href=\"http:\/\/revue.idnes.cz\/vytvarneum.asp%3Fr%3Dvytvarneum%26c%3DA010924_192648_vytvarneum_kne%26l%3D1%26t%3DA010924_192648_vytvarneum_kne%26r2%3Dvytvarneum\">http:\/\/revue.idnes.cz\/<\/a><\/p>\n","protected":false},"excerpt":{"rendered":"<p>Budete-li m\u00edt v t\u011bchto dnech cestu okolo Vset\u00edna, pak se nazapome\u0148te na chv\u00edli zastavit na n\u00e1m\u011bst\u00ed, kde v galerii V poschod\u00ed, kde je k vid\u011bn\u00ed v\u00fdstava fotografi\u00ed Evy Fukov\u00e9. Eva Fukov\u00e1 se dok\u00e1zala prosadit i v zahrani\u010d\u00ed. Zde jsou vystaveny p\u0159edev\u0161\u00edm portr\u00e9ty liter\u00e1n\u00edch osobnost\u00ed z okruhu Ji\u0159\u00edho Kol\u00e1\u0159e. Odkazy: http:\/\/www.grafika.cz\/art\/spolecnost\/newyork_jakybyval.html http:\/\/www.knir.cz\/galerie\/fukova.htm http:\/\/revue.idnes.cz\/<\/p>\n","protected":false},"author":1,"featured_media":0,"comment_status":"open","ping_status":"open","sticky":false,"template":"","format":"standard","meta":{"site-sidebar-layout":"default","site-content-layout":"","ast-site-content-layout":"default","site-content-style":"default","site-sidebar-style":"default","ast-global-header-display":"","ast-banner-title-visibility":"","ast-main-header-display":"","ast-hfb-above-header-display":"","ast-hfb-below-header-display":"","ast-hfb-mobile-header-display":"","site-post-title":"","ast-breadcrumbs-content":"","ast-featured-img":"","footer-sml-layout":"","ast-disable-related-posts":"","theme-transparent-header-meta":"","adv-header-id-meta":"","stick-header-meta":"","header-above-stick-meta":"","header-main-stick-meta":"","header-below-stick-meta":"","astra-migrate-meta-layouts":"default","ast-page-background-enabled":"default","ast-page-background-meta":{"desktop":{"background-color":"var(--ast-global-color-5)","background-image":"","background-repeat":"repeat","background-position":"center center","background-size":"auto","background-attachment":"scroll","background-type":"","background-media":"","overlay-type":"","overlay-color":"","overlay-opacity":"","overlay-gradient":""},"tablet":{"background-color":"","background-image":"","background-repeat":"repeat","background-position":"center center","background-size":"auto","background-attachment":"scroll","background-type":"","background-media":"","overlay-type":"","overlay-color":"","overlay-opacity":"","overlay-gradient":""},"mobile":{"background-color":"","background-image":"","background-repeat":"repeat","background-position":"center center","background-size":"auto","background-attachment":"scroll","background-type":"","background-media":"","overlay-type":"","overlay-color":"","overlay-opacity":"","overlay-gradient":""}},"ast-content-background-meta":{"desktop":{"background-color":"var(--ast-global-color-4)","background-image":"","background-repeat":"repeat","background-position":"center center","background-size":"auto","background-attachment":"scroll","background-type":"","background-media":"","overlay-type":"","overlay-color":"","overlay-opacity":"","overlay-gradient":""},"tablet":{"background-color":"var(--ast-global-color-4)","background-image":"","background-repeat":"repeat","background-position":"center center","background-size":"auto","background-attachment":"scroll","background-type":"","background-media":"","overlay-type":"","overlay-color":"","overlay-opacity":"","overlay-gradient":""},"mobile":{"background-color":"var(--ast-global-color-4)","background-image":"","background-repeat":"repeat","background-position":"center center","background-size":"auto","background-attachment":"scroll","background-type":"","background-media":"","overlay-type":"","overlay-color":"","overlay-opacity":"","overlay-gradient":""}},"jetpack_post_was_ever_published":false,"_jetpack_newsletter_access":"","_jetpack_dont_email_post_to_subs":false,"_jetpack_newsletter_tier_id":0,"_jetpack_memberships_contains_paywalled_content":false,"_jetpack_memberships_contains_paid_content":false,"footnotes":""},"categories":[1],"tags":[],"class_list":["post-1251","post","type-post","status-publish","format-standard","hentry","category-nezarazene"],"jetpack_featured_media_url":"","jetpack_shortlink":"https:\/\/wp.me\/p4mLP7-kb","jetpack-related-posts":[{"id":1179,"url":"https:\/\/kotrla.com\/pmpro\/2003\/10\/valasska-krajina-vystava-fotografii\/","url_meta":{"origin":1251,"position":0},"title":"Vala\u0161sk\u00e1 krajina &#8211; V\u00fdstava fotografi\u00ed","author":"Pavel Kotrla","date":"27.10.2003","format":false,"excerpt":"\u010cist\u011b n\u00e1hodou jsem narazil na plak\u00e1t 2. ro\u010dn\u00edku v\u00fdstavy Vala\u0161sk\u00e1 krajina, kterou do 31. 10. 2003 m\u016f\u017eete shl\u00e9dnout v muzeu ve Velk\u00fdch Karlovic\u00edch. Nejvy\u0161\u0161\u00ed \u010das. (Pokud si zv\u011bt\u0161\u00edte plak\u00e1t v\u00fdstavy, tak asi zjist\u00edte, \u017ee jedna z fotografi\u00ed se podob\u00e1 t\u00e9 v z\u00e1hlav\u00ed p\u0159\u00edsp\u011bvku. Vala\u0161sko prost\u011b nen\u00ed nijak velk\u00e9, \u017ee. Prost\u011b\u2026","rel":"","context":"V \u201eNeza\u0159azen\u00e9\u201c","block_context":{"text":"Neza\u0159azen\u00e9","link":"https:\/\/kotrla.com\/pmpro\/category\/nezarazene\/"},"img":{"alt_text":"image","src":"https:\/\/i0.wp.com\/kotrla.com\/pmpro\/images\/uploads\/valasska_krajina.jpg?resize=350%2C200&ssl=1","width":350,"height":200},"classes":[]},{"id":80,"url":"https:\/\/kotrla.com\/pmpro\/2012\/09\/vladci-slov-vystava-mych-fotografii\/","url_meta":{"origin":1251,"position":1},"title":"Vl\u00e1dci slov (v\u00fdstava m\u00fdch fotografi\u00ed)","author":"Pavel Kotrla","date":"30.9.2012","format":false,"excerpt":"Je\u0161t\u011b st\u00e1le jsem v\u00e1\u0161niv\u00fd \u010dten\u00e1\u0159. L\u00e1ska ke \u010dten\u00ed a knih\u00e1m a ke \u010dten\u00ed mne nakonec dovedla i k tomu, \u017ee literaturu jsem vystudoval a o knih\u00e1ch za\u010dal i ps\u00e1t. A m\u00e1m to \u0161t\u011bst\u00ed, \u017ee postupn\u011b jsem se setkal a setk\u00e1v\u00e1m s \u0159adou zaj\u00edmav\u00fdch osob, kter\u00e9 se pod\u00edl\u00ed nejenom na \u010desk\u00e9m\u2026","rel":"","context":"V \u201eFotografie\u201c","block_context":{"text":"Fotografie","link":"https:\/\/kotrla.com\/pmpro\/category\/fotografie\/"},"img":{"alt_text":"","src":"","width":0,"height":0},"classes":[]},{"id":9000,"url":"https:\/\/kotrla.com\/pmpro\/2021\/09\/literarni-pamet-regionu-vystava-o-dusi-kraje\/","url_meta":{"origin":1251,"position":2},"title":"Liter\u00e1rn\u00ed pam\u011b\u0165 regionu \u2013 v\u00fdstava o du\u0161i kraje","author":"Pavel Kotrla","date":"9.9.2021","format":false,"excerpt":"V\u010derej\u0161\u00ed ve\u010der s literaturou a vernis\u00e1\u017e v\u00fdstavy v opavsk\u00e9m Pam\u00e1tn\u00edku Petra Bezru\u010de. O v\u00fdstav\u011b samotn\u00e9 v\u00edce na str\u00e1nk\u00e1ch Katedry \u010desk\u00e9 literatury a liter\u00e1rn\u00ed v\u011bdy Ostravsk\u00e9 univerzity. \u00a0","rel":"","context":"V \u201eFotografie\u201c","block_context":{"text":"Fotografie","link":"https:\/\/kotrla.com\/pmpro\/category\/fotografie\/"},"img":{"alt_text":"","src":"https:\/\/i0.wp.com\/kotrla.com\/pmpro\/wp-content\/uploads\/2021\/09\/opava_IMGP2527-150x150.jpg?resize=350%2C200&ssl=1","width":350,"height":200,"srcset":"https:\/\/i0.wp.com\/kotrla.com\/pmpro\/wp-content\/uploads\/2021\/09\/opava_IMGP2527-150x150.jpg?resize=350%2C200&ssl=1 1x, https:\/\/i0.wp.com\/kotrla.com\/pmpro\/wp-content\/uploads\/2021\/09\/opava_IMGP2527-150x150.jpg?resize=525%2C300&ssl=1 1.5x, https:\/\/i0.wp.com\/kotrla.com\/pmpro\/wp-content\/uploads\/2021\/09\/opava_IMGP2527-150x150.jpg?resize=700%2C400&ssl=1 2x, https:\/\/i0.wp.com\/kotrla.com\/pmpro\/wp-content\/uploads\/2021\/09\/opava_IMGP2527-150x150.jpg?resize=1050%2C600&ssl=1 3x, https:\/\/i0.wp.com\/kotrla.com\/pmpro\/wp-content\/uploads\/2021\/09\/opava_IMGP2527-150x150.jpg?resize=1400%2C800&ssl=1 4x"},"classes":[]},{"id":3850,"url":"https:\/\/kotrla.com\/pmpro\/2018\/09\/vystava-u-zvonicky\/","url_meta":{"origin":1251,"position":3},"title":"V\u00fdstava u zvoni\u010dky","author":"Pavel Kotrla","date":"27.9.2018","format":false,"excerpt":"Budouc\u00ed podoba Byst\u0159i\u010dky n\u00e1m nen\u00ed lhostejn\u00e1. Zn\u00e1me i dobr\u00e9 p\u0159\u00edklady, kter\u00fdmi se lze inspirovat. N\u011bkter\u00e9 z nich naleznete na v\u00fdstavn\u00edch panelech a\u017e do 7. \u0159\u00edjna v prostoru u zvoni\u010dky Pod R\u016f\u017e\u010fkou. (Zvl\u00e1\u0161tn\u00ed pod\u011bkov\u00e1n\u00ed pat\u0159\u00ed man\u017eel\u016fm Je\u017e\u00edkov\u00fdm, kte\u0159\u00ed ji ze Sen\u00e1tu dovezli.) \u00a0","rel":"","context":"V \u201eByst\u0159i\u010dka\u201c","block_context":{"text":"Byst\u0159i\u010dka","link":"https:\/\/kotrla.com\/pmpro\/category\/bystricka\/"},"img":{"alt_text":"","src":"https:\/\/i0.wp.com\/kotrla.com\/pmpro\/wp-content\/uploads\/2018\/09\/architektura_IMGP6853.jpg?resize=350%2C200&ssl=1","width":350,"height":200,"srcset":"https:\/\/i0.wp.com\/kotrla.com\/pmpro\/wp-content\/uploads\/2018\/09\/architektura_IMGP6853.jpg?resize=350%2C200&ssl=1 1x, https:\/\/i0.wp.com\/kotrla.com\/pmpro\/wp-content\/uploads\/2018\/09\/architektura_IMGP6853.jpg?resize=525%2C300&ssl=1 1.5x, https:\/\/i0.wp.com\/kotrla.com\/pmpro\/wp-content\/uploads\/2018\/09\/architektura_IMGP6853.jpg?resize=700%2C400&ssl=1 2x, https:\/\/i0.wp.com\/kotrla.com\/pmpro\/wp-content\/uploads\/2018\/09\/architektura_IMGP6853.jpg?resize=1050%2C600&ssl=1 3x, https:\/\/i0.wp.com\/kotrla.com\/pmpro\/wp-content\/uploads\/2018\/09\/architektura_IMGP6853.jpg?resize=1400%2C800&ssl=1 4x"},"classes":[]},{"id":272,"url":"https:\/\/kotrla.com\/pmpro\/2009\/06\/pozvanka-na-clenskou-vystavu-fotoklubu-vsetin\/","url_meta":{"origin":1251,"position":4},"title":"Pozv\u00e1nka na \u010clenskou v\u00fdstavu Fotoklubu Vset\u00edn","author":"Pavel Kotrla","date":"11.6.2009","format":false,"excerpt":"Ve vset\u00ednsk\u00e9 galerii \"V Poschod\u00ed\" m\u00e9ho kamar\u00e1da a vydavatele Text\u016f bude 18. \u010dervna 2009 zah\u00e1jena v\u00fdstava Fotoklubu Vset\u00edn. V\u00fdstava potrv\u00e1 do 30. \u010dervence 2009. Otev\u0159eno je od pond\u011bl\u00ed do p\u00e1tku (9-17 hodin). V\u00edce na str\u00e1nk\u00e1ch fotoklubu.","rel":"","context":"V \u201eFotografie\u201c","block_context":{"text":"Fotografie","link":"https:\/\/kotrla.com\/pmpro\/category\/fotografie\/"},"img":{"alt_text":"V\u00fdstava vset\u00ednsk\u00e9ho fotoklubu","src":"https:\/\/i0.wp.com\/kotrla.com\/pmpro\/images\/uploads\/vystava-fotoklub-vs.jpg?resize=350%2C200&ssl=1","width":350,"height":200},"classes":[]},{"id":836,"url":"https:\/\/kotrla.com\/pmpro\/2005\/01\/vernisaz-a-vystava-jaroslavy-hyzove\/","url_meta":{"origin":1251,"position":5},"title":"Vernis\u00e1\u017e a v\u00fdstava Jaroslavy H\u00fd\u017eov\u00e9","author":"Pavel Kotrla","date":"20.1.2005","format":false,"excerpt":"Tak jsem v \u00fater\u00fd s kamar\u00e1dy zav\u00edtal na vernis\u00e1\u017e konanou u p\u0159\u00edle\u017eitosti nedo\u017eit\u00fdch devades\u00e1t\u00fdch narozenin Jaroslavy H\u00fd\u017eov\u00e9 (21. 5. 1915 - 4. 3. 1992). Nev\u00edm, jak mimo vala\u0161sk\u00fd region, ale zde byla a je pova\u017eov\u00e1na za pom\u011brn\u011b v\u00fdznamnou v\u00fdtvarnici. Galerie kina Sv\u011bt ve Vala\u0161sk\u00e9m Mezi\u0159\u00ed\u010d\u00ed sice nen\u00ed nejzn\u00e1m\u011bj\u0161\u00ed a ani\u2026","rel":"","context":"V \u201eNeza\u0159azen\u00e9\u201c","block_context":{"text":"Neza\u0159azen\u00e9","link":"https:\/\/kotrla.com\/pmpro\/category\/nezarazene\/"},"img":{"alt_text":"","src":"","width":0,"height":0},"classes":[]}],"jetpack_sharing_enabled":true,"_links":{"self":[{"href":"https:\/\/kotrla.com\/pmpro\/wp-json\/wp\/v2\/posts\/1251","targetHints":{"allow":["GET"]}}],"collection":[{"href":"https:\/\/kotrla.com\/pmpro\/wp-json\/wp\/v2\/posts"}],"about":[{"href":"https:\/\/kotrla.com\/pmpro\/wp-json\/wp\/v2\/types\/post"}],"author":[{"embeddable":true,"href":"https:\/\/kotrla.com\/pmpro\/wp-json\/wp\/v2\/users\/1"}],"replies":[{"embeddable":true,"href":"https:\/\/kotrla.com\/pmpro\/wp-json\/wp\/v2\/comments?post=1251"}],"version-history":[{"count":0,"href":"https:\/\/kotrla.com\/pmpro\/wp-json\/wp\/v2\/posts\/1251\/revisions"}],"wp:attachment":[{"href":"https:\/\/kotrla.com\/pmpro\/wp-json\/wp\/v2\/media?parent=1251"}],"wp:term":[{"taxonomy":"category","embeddable":true,"href":"https:\/\/kotrla.com\/pmpro\/wp-json\/wp\/v2\/categories?post=1251"},{"taxonomy":"post_tag","embeddable":true,"href":"https:\/\/kotrla.com\/pmpro\/wp-json\/wp\/v2\/tags?post=1251"}],"curies":[{"name":"wp","href":"https:\/\/api.w.org\/{rel}","templated":true}]}}