{"id":1257,"date":"2003-08-20T11:00:49","date_gmt":"2003-08-20T10:00:49","guid":{"rendered":"http:\/\/kotrla.com\/wordpress\/?p=1257"},"modified":"2019-11-20T22:24:44","modified_gmt":"2019-11-20T21:24:44","slug":"jasejme-vysla-nova-aluze-12003","status":"publish","type":"post","link":"https:\/\/kotrla.com\/pmpro\/2003\/08\/jasejme-vysla-nova-aluze-12003\/","title":{"rendered":"J\u00e1sejme! Vy\u0161la nov\u00e1 Aluze &#8211; 1\/2003"},"content":{"rendered":"<p><img loading=\"lazy\" decoding=\"async\" src=\"https:\/\/kotrla.com\/pmpro\/images\/uploads\/aluze2003_01.gif\" border=\"0\" alt=\"Aluze 1\/2003\" name=\"Aluze 1\/2003\" width=\"100\" height=\"150\" \/><br \/>\nAno, je to tak. Po dlouh\u00fdch m\u011bs\u00edc\u00edch \u010dek\u00e1n\u00ed je zde nov\u00e9 \u010d\u00edslo olomouck\u00e9 revue. Obsah jako obvykle kvalitn\u00ed. \u0160koda, \u017ee se tro\u0161lu nepovedla ob\u00e1lka. Je takov\u00e1 nev\u00fdrazn\u00e1, mdl\u00e1. Ale to nic nem\u011bn\u00ed na textech uvnit\u0159.<\/p>\n<p><img loading=\"lazy\" decoding=\"async\" src=\"https:\/\/kotrla.com\/pmpro\/images\/uploads\/priloha06.jpg\" border=\"0\" alt=\"\u010desnek! \u010desnek!\" name=\"\u010desnek! \u010desnek!\" width=\"100\" height=\"99\" \/><br \/>\nA je tu je\u0161t\u011b dal\u0161\u00ed po\u010din mil\u00fdch chlapc\u016f. Poda\u0159ilo se jim vydat i \u0161estou p\u0159\u00edlohu revue. Tentokr\u00e1t to je b\u00e1snick\u00e1 sb\u00edrka <b>\u010desnek! \u010desnek!<\/b> <i>Gabriela Plesky<\/i>.\n<\/p>\n<p><!--more--><\/p>\n<p>Zde je obsah nov\u00e9ho \u010d\u00edsla:<\/p>\n<p>\n&nbsp;  &nbsp;  &nbsp;  &nbsp;   <\/p>\n<h2>\u010c\u00edslo 1\/2003<\/h2>\n<p>\n&nbsp;  &nbsp;  &nbsp;  &nbsp;  &nbsp;   <\/p>\n<h3><strong>Poezie <\/strong> <\/h3>\n<p>\n&nbsp;  &nbsp;  &nbsp;  &nbsp;  &nbsp;   <\/p>\n<ul>\n&nbsp;  &nbsp;  &nbsp;  &nbsp;  &nbsp;  &nbsp;  <\/p>\n<li>Deryn Rees-Jonesov\u00e1: Slova z l\u00e1sky, zoufalstv\u00ed<\/li>\n<p>&nbsp;  &nbsp;  &nbsp;  &nbsp;  &nbsp;  &nbsp;  <\/p>\n<li> Fred Chappell: Alergie m\u00e9ho t\u00e1ty na ohe\u0148<\/li>\n<p>&nbsp;  &nbsp;  &nbsp;  &nbsp;  &nbsp;  &nbsp;  <\/p>\n<li> Ladislav Selepko: Cesta sklen\u011bn\u00fdm lesem<\/li>\n<p>&nbsp;  &nbsp;  &nbsp;  &nbsp;  &nbsp;   <\/ul>\n<p>\n&nbsp;  &nbsp;  &nbsp;  &nbsp;  &nbsp;   <\/p>\n<h3><strong>Pr\u00f3za<\/strong><\/h3>\n<p>\n&nbsp;  &nbsp;  &nbsp;  &nbsp;  &nbsp;   <\/p>\n<ul>\n&nbsp;  &nbsp;  &nbsp;  &nbsp;  &nbsp;  &nbsp;  <\/p>\n<li>Fred Chappell: Sle\u010dna Prue (Sou\u010dasn\u00e1 ji\u017eansk\u00e1 literatura<br \/>\n&nbsp;  &nbsp;  &nbsp;  &nbsp;  &nbsp;  &nbsp;  &nbsp; I)<br \/>\n&nbsp;  &nbsp;  &nbsp;  &nbsp;  &nbsp;  &nbsp;  &nbsp; &#8211; koment\u00e1\u0159 Marcela Arbeita<\/li>\n<p>&nbsp;  &nbsp;  &nbsp;  &nbsp;  &nbsp;  &nbsp;  <\/p>\n<li> Milo\u0161 Urban: St\u00edn katedr\u00e1ly (\u00faryvek z rom\u00e1nu)<\/li>\n<p>&nbsp;  &nbsp;  &nbsp;  &nbsp;  &nbsp;   <\/ul>\n<p>\n&nbsp;  &nbsp;  &nbsp;  &nbsp;  &nbsp;   <\/p>\n<h3><strong>Vzpom\u00ednky<\/strong><\/h3>\n<p>\n&nbsp;  &nbsp;  &nbsp;  &nbsp;  &nbsp;   <\/p>\n<ul>\n&nbsp;  &nbsp;  &nbsp;  &nbsp;  &nbsp;  &nbsp;  <\/p>\n<li>Pavel Floss: Skica jednoho \u017eivota (1. \u010d\u00e1st)<\/li>\n<p>&nbsp;  &nbsp;  &nbsp;  &nbsp;  &nbsp;   <\/ul>\n<p>\n&nbsp;  &nbsp;  &nbsp;  &nbsp;  &nbsp;   <\/p>\n<h3><strong>Rozhovor<\/strong><\/h3>\n<p>\n&nbsp;  &nbsp;  &nbsp;  &nbsp;  &nbsp;   <\/p>\n<ul>\n&nbsp;  &nbsp;  &nbsp;  &nbsp;  &nbsp;  &nbsp;  <\/p>\n<li>Anton\u00edn Mokrej\u0161: Um\u011bleck\u00e9 d\u00edlo liter\u00e1rn\u00ed <br \/>\n&nbsp;  &nbsp;  &nbsp;  &nbsp;  &nbsp;  &nbsp;  &nbsp; &#8211; rozhovor vedl Old\u0159ich V\u00e1gner<\/li>\n<p>&nbsp;  &nbsp;  &nbsp;  &nbsp;  &nbsp;   <\/ul>\n<p>\n&nbsp;  &nbsp;  &nbsp;  &nbsp;  &nbsp;   <\/p>\n<h3><strong>Studie<\/strong><\/h3>\n<p>\n&nbsp;  &nbsp;  &nbsp;  &nbsp;  &nbsp;   <\/p>\n<ul>\n&nbsp;  &nbsp;  &nbsp;  &nbsp;  &nbsp;  &nbsp;  <\/p>\n<li>Ond\u0159ej Klime\u0161: Sv\u011bt (Bieblova) Nov\u00e9ho Ikara<\/li>\n<p>&nbsp;  &nbsp;  &nbsp;  &nbsp;  &nbsp;  &nbsp;  <\/p>\n<li> Ale\u0161 Urv\u00e1lek: D\u011bjinn\u00e9 mezn\u00edky ve sv\u011btle n\u011bmeck\u00fdch v\u00fdklad\u016f<\/li>\n<p>&nbsp;  &nbsp;  &nbsp;  &nbsp;  &nbsp;  &nbsp;  <\/p>\n<li> Botho Strau\u00df: Z d\u00e1lky se bl\u00ed\u017e\u00ed kozl\u00ed zp\u011bv<\/li>\n<p>&nbsp;  &nbsp;  &nbsp;  &nbsp;  &nbsp;  &nbsp;  <\/p>\n<li> Hans-Georg Gadamer: S\u00e9mantika a hermeneutika<br \/>\n&nbsp;  &nbsp;  &nbsp;  &nbsp;  &nbsp;  &nbsp;  &nbsp; &#8211; koment\u00e1\u0159 Davida Mika<\/li>\n<p>&nbsp;  &nbsp;  &nbsp;  &nbsp;  &nbsp;  &nbsp;  <\/p>\n<li>Richard Glauser: Estetick\u00e1 zku\u0161enost u Shaftesburyho<\/li>\n<p>&nbsp;  &nbsp;  &nbsp;  &nbsp;  &nbsp;  &nbsp;  <\/p>\n<li> Anthony Savile: Estetick\u00e1 zku\u0161enost u Shaftesburyho<\/li>\n<p>&nbsp;  &nbsp;  &nbsp;  &nbsp;  &nbsp;   <\/ul>\n<p>\n&nbsp;  &nbsp;  &nbsp;  &nbsp;  &nbsp;   <\/p>\n<h3>\n&nbsp;  &nbsp;  &nbsp;  &nbsp;  &nbsp;  &nbsp;  <strong>Fotografie<\/strong><\/h3>\n<p>\n&nbsp;  &nbsp;  &nbsp;  &nbsp;  &nbsp;   <\/p>\n<ul>\n&nbsp;  &nbsp;  &nbsp;  &nbsp;  &nbsp;  &nbsp;  <\/p>\n<li>Tom\u00e1\u0161 Mac\u00ed\u010dek<\/li>\n<p>&nbsp;  &nbsp;  &nbsp;  &nbsp;  &nbsp;   <\/ul>\n<p>\n&nbsp;  &nbsp;  &nbsp;  &nbsp;  &nbsp;   <\/p>\n<h3>\n&nbsp;  &nbsp;  &nbsp;  &nbsp;  &nbsp;  &nbsp;  <strong>Recenze<\/strong><\/h3>\n<p>\n&nbsp;  &nbsp;  &nbsp;  &nbsp;  &nbsp;   <\/p>\n<ul>\n&nbsp;  &nbsp;  &nbsp;  &nbsp;  &nbsp;  &nbsp;  <\/p>\n<li>J. A. Pit\u00ednsk\u00fd: Lulku tat\u00ed\u010dkovi (rec. Ladislav Selepko)<\/li>\n<p>&nbsp;  &nbsp;  &nbsp;  &nbsp;  &nbsp;  &nbsp;  <\/p>\n<li> Ji\u0159\u00ed D\u011bde\u010dek: V\u011bci po mrtv\u00fdch (rec. Radek Mal\u00fd)<\/li>\n<p>&nbsp;  &nbsp;  &nbsp;  &nbsp;  &nbsp;  &nbsp;  <\/p>\n<li> Lep\u011b svihl\u00ed tlov\u00e9. B\u00e1snick\u00fd almanach (rec. Jakub Chrob\u00e1k)<\/li>\n<p>&nbsp;  &nbsp;  &nbsp;  &nbsp;  &nbsp;  &nbsp;  <\/p>\n<li> Richard Caddel: Slova straky \/ Magpie Words (rec. Jakub<br \/>\n&nbsp;  &nbsp;  &nbsp;  &nbsp;  &nbsp;  &nbsp;  &nbsp; Guziur)<\/li>\n<p>&nbsp;  &nbsp;  &nbsp;  &nbsp;  &nbsp;  &nbsp;  <\/p>\n<li> Hana Andronikova: Srdce na udici (rec. Erik Gilk)<\/li>\n<p>&nbsp;  &nbsp;  &nbsp;  &nbsp;  &nbsp;  &nbsp;  <\/p>\n<li> Eman Erd\u00e9lyi &amp; Marek Vadas: Diabol pod \u010dapicou (rec.<br \/>\n&nbsp;  &nbsp;  &nbsp;  &nbsp;  &nbsp;  &nbsp;  &nbsp; Luk\u00e1\u0161 Foldyna)<\/li>\n<p>&nbsp;  &nbsp;  &nbsp;  &nbsp;  &nbsp;  &nbsp;  <\/p>\n<li> Du\u0161an Taragel: Poh\u00e1dky pro neposlu\u0161n\u00e9 d\u011bti a jejich starostliv\u00e9<br \/>\n&nbsp;  &nbsp;  &nbsp;  &nbsp;  &nbsp;  &nbsp;  &nbsp; rodi\u010de (rec. Radek Mal\u00fd)<\/li>\n<p>&nbsp;  &nbsp;  &nbsp;  &nbsp;  &nbsp;  &nbsp;  <\/p>\n<li> Ernesto Sabato: Abadd\u00f3n zhoubce (rec. Jakub Gromb\u00ed\u0159)<\/li>\n<p>&nbsp;  &nbsp;  &nbsp;  &nbsp;  &nbsp;  &nbsp;  <\/p>\n<li> Tom\u00e1\u0161 Horv\u00e1th: R\u00e9torika hist\u00f3rie (rec. Martin Hudyma\u010d)<\/li>\n<p>&nbsp;  &nbsp;  &nbsp;  &nbsp;  &nbsp;  &nbsp;  <\/p>\n<li> Tom\u00e1\u0161 Horv\u00e1th: Div\u00e1k (rec. Martin Hudyma\u010d)<\/li>\n<p>&nbsp;  &nbsp;  &nbsp;  &nbsp;  &nbsp;  &nbsp;  <\/p>\n<li> Martin Hilsk\u00fd, Ladislav Nagy (eds.): Od slav\u00edka k papou\u0161kovi.<br \/>\n&nbsp;  &nbsp;  &nbsp;  &nbsp;  &nbsp;  &nbsp;  &nbsp; Prom\u011bny britsk\u00e9 pr\u00f3zy (rec. Veronika Klus\u00e1kov\u00e1)<\/li>\n<p>&nbsp;  &nbsp;  &nbsp;  &nbsp;  &nbsp;  &nbsp;  <\/p>\n<li> Jonathan Culler: Kr\u00e1tk\u00fd \u00favod do liter\u00e1rn\u00ed teorie (rec.<br \/>\n&nbsp;  &nbsp;  &nbsp;  &nbsp;  &nbsp;  &nbsp;  &nbsp; Jan Schneider)<\/li>\n<p>&nbsp;  &nbsp;  &nbsp;  &nbsp;  &nbsp;  &nbsp;  <\/p>\n<li> Jonathan Culler: Kr\u00e1tk\u00fd \u00favod do liter\u00e1rn\u00ed teorie (rec.<br \/>\n&nbsp;  &nbsp;  &nbsp;  &nbsp;  &nbsp;  &nbsp;  &nbsp; Tom\u00e1\u0161 Hlobil)<\/li>\n<p>&nbsp;  &nbsp;  &nbsp;  &nbsp;  &nbsp;  &nbsp;  <\/p>\n<li> Michel Foucault: Archeologie v\u011bd\u011bn\u00ed (rec. Radim Br\u00e1zda)<\/li>\n<p>&nbsp;  &nbsp;  &nbsp;  &nbsp;  &nbsp;  &nbsp;  <\/p>\n<li> Niklas Luhmann: L\u00e1ska jako v\u00e1\u0161e\u0148. Paradigm lost (rec. Jan<br \/>\n&nbsp;  &nbsp;  &nbsp;  &nbsp;  &nbsp;  &nbsp;  &nbsp; V\u00e1n\u011b)<\/li>\n<p>&nbsp;  &nbsp;  &nbsp;  &nbsp;  &nbsp;  &nbsp;  <\/p>\n<li> Renaud Barbaras: Vn\u00edm\u00e1n\u00ed (Esej o smyslov\u011b vn\u00edmateln\u00e9m)<br \/>\n&nbsp;  &nbsp;  &nbsp;  &nbsp;  &nbsp;  &nbsp;  &nbsp; (rec. Michal \u0160a\u0161ma)<\/li>\n<p>&nbsp;  &nbsp;  &nbsp;  &nbsp;  &nbsp;  &nbsp;  <\/p>\n<li> Vojt\u011bch Kolman: Logika Gottloba Frega (rec. Tom\u00e1\u0161 Marvan)<\/li>\n<p>&nbsp;  &nbsp;  &nbsp;  &nbsp;  &nbsp;  &nbsp;  <\/p>\n<li> Karel Thein: Rychlost a slzy (rec. Ji\u0159\u00ed Fogl)<\/li>\n<p>&nbsp;  &nbsp;  &nbsp;  &nbsp;  &nbsp;   <\/ul>\n<p>\n&nbsp;  &nbsp;  &nbsp;  &nbsp;  &nbsp;   <\/p>\n<h3><strong>Glosy<\/strong><\/h3>\n<p>\n&nbsp;  &nbsp;  &nbsp;  &nbsp;  &nbsp;   <\/p>\n<ul>\n&nbsp;  &nbsp;  &nbsp;  &nbsp;  &nbsp;  &nbsp;  <\/p>\n<li>Roman Ingarden: \u010clov\u011bk a jeho realita<\/li>\n<p>&nbsp;  &nbsp;  &nbsp;  &nbsp;  &nbsp;  &nbsp;  <\/p>\n<li> Jitka Cardov\u00e1: Obrazy &#8220;svobody&#8221; Brazil<\/li>\n<p>&nbsp;  &nbsp;  &nbsp;  &nbsp;  &nbsp;  &nbsp;  <\/p>\n<li> Michal Peprn\u00edk: Jak &#8220;dob\u00fd(\u00ed)t Ameriku&#8221;: fenom\u00e9n Bercovitch<\/li>\n<p>&nbsp;  &nbsp;  &nbsp;  &nbsp;  &nbsp;   <\/ul>\n<p>\n&nbsp;  &nbsp;  &nbsp;  &nbsp;  &nbsp;   <\/p>\n<h3><strong>Archiv\u00e1lie<\/strong><\/h3>\n<p>\n&nbsp;  &nbsp;  &nbsp;  &nbsp;  &nbsp;   <\/p>\n<ul>\n&nbsp;  &nbsp;  &nbsp;  &nbsp;  &nbsp;  &nbsp;  <\/p>\n<li>Ladislav Kl\u00edma: Dopisy Anton\u00ednu K\u0159\u00ed\u017eovi<br \/>\n&nbsp;  &nbsp;  &nbsp;  &nbsp;  &nbsp;  &nbsp;  &nbsp; &#8211; koment\u00e1\u0159 Josefa Zumra<\/li>\n<p>&nbsp;  &nbsp;  &nbsp;  &nbsp;  &nbsp;   <\/ul>\n","protected":false},"excerpt":{"rendered":"<p>Ano, je to tak. Po dlouh\u00fdch m\u011bs\u00edc\u00edch \u010dek\u00e1n\u00ed je zde nov\u00e9 \u010d\u00edslo olomouck\u00e9 revue. Obsah jako obvykle kvalitn\u00ed. \u0160koda, \u017ee se tro\u0161lu nepovedla ob\u00e1lka. Je takov\u00e1 nev\u00fdrazn\u00e1, mdl\u00e1. Ale to nic nem\u011bn\u00ed na textech uvnit\u0159. A je tu je\u0161t\u011b dal\u0161\u00ed po\u010din mil\u00fdch chlapc\u016f. Poda\u0159ilo se jim vydat i \u0161estou p\u0159\u00edlohu revue. Tentokr\u00e1t to je b\u00e1snick\u00e1 [&hellip;]<\/p>\n","protected":false},"author":1,"featured_media":0,"comment_status":"open","ping_status":"open","sticky":false,"template":"","format":"standard","meta":{"site-sidebar-layout":"default","site-content-layout":"","ast-site-content-layout":"default","site-content-style":"default","site-sidebar-style":"default","ast-global-header-display":"","ast-banner-title-visibility":"","ast-main-header-display":"","ast-hfb-above-header-display":"","ast-hfb-below-header-display":"","ast-hfb-mobile-header-display":"","site-post-title":"","ast-breadcrumbs-content":"","ast-featured-img":"","footer-sml-layout":"","ast-disable-related-posts":"","theme-transparent-header-meta":"","adv-header-id-meta":"","stick-header-meta":"","header-above-stick-meta":"","header-main-stick-meta":"","header-below-stick-meta":"","astra-migrate-meta-layouts":"default","ast-page-background-enabled":"default","ast-page-background-meta":{"desktop":{"background-color":"var(--ast-global-color-5)","background-image":"","background-repeat":"repeat","background-position":"center center","background-size":"auto","background-attachment":"scroll","background-type":"","background-media":"","overlay-type":"","overlay-color":"","overlay-opacity":"","overlay-gradient":""},"tablet":{"background-color":"","background-image":"","background-repeat":"repeat","background-position":"center center","background-size":"auto","background-attachment":"scroll","background-type":"","background-media":"","overlay-type":"","overlay-color":"","overlay-opacity":"","overlay-gradient":""},"mobile":{"background-color":"","background-image":"","background-repeat":"repeat","background-position":"center center","background-size":"auto","background-attachment":"scroll","background-type":"","background-media":"","overlay-type":"","overlay-color":"","overlay-opacity":"","overlay-gradient":""}},"ast-content-background-meta":{"desktop":{"background-color":"var(--ast-global-color-4)","background-image":"","background-repeat":"repeat","background-position":"center center","background-size":"auto","background-attachment":"scroll","background-type":"","background-media":"","overlay-type":"","overlay-color":"","overlay-opacity":"","overlay-gradient":""},"tablet":{"background-color":"var(--ast-global-color-4)","background-image":"","background-repeat":"repeat","background-position":"center center","background-size":"auto","background-attachment":"scroll","background-type":"","background-media":"","overlay-type":"","overlay-color":"","overlay-opacity":"","overlay-gradient":""},"mobile":{"background-color":"var(--ast-global-color-4)","background-image":"","background-repeat":"repeat","background-position":"center center","background-size":"auto","background-attachment":"scroll","background-type":"","background-media":"","overlay-type":"","overlay-color":"","overlay-opacity":"","overlay-gradient":""}},"jetpack_post_was_ever_published":false,"_jetpack_newsletter_access":"","_jetpack_dont_email_post_to_subs":false,"_jetpack_newsletter_tier_id":0,"_jetpack_memberships_contains_paywalled_content":false,"_jetpack_memberships_contains_paid_content":false,"footnotes":""},"categories":[1],"tags":[],"class_list":["post-1257","post","type-post","status-publish","format-standard","hentry","category-nezarazene"],"jetpack_featured_media_url":"","jetpack_shortlink":"https:\/\/wp.me\/p4mLP7-kh","jetpack-related-posts":[{"id":1174,"url":"https:\/\/kotrla.com\/pmpro\/2003\/11\/ctenar-casopisu-na-pocatku-listopadu\/","url_meta":{"origin":1257,"position":0},"title":"\u010cten\u00e1\u0159 \u010dasopis\u016f na po\u010d\u00e1tku listopadu","author":"Pavel Kotrla","date":"3.11.2003","format":false,"excerpt":"Za posledn\u00edch \u010dtrn\u00e1ct dn\u00ed kopka \u010dasopis\u016f na m\u00e9m stole pon\u011bkud narostla. S podzimem se prost\u011b urodilo. Nap\u0159\u00edklad posledn\u00ed \u010d\u00edslo Revolver revue. Ta kr\u00e1\u010d\u00ed st\u00e1le stejn\u00fdm sm\u011brem, \u017e\u00e1dn\u00e1 v\u00fdrazn\u011bj\u0161\u00ed zm\u011bna. \u0160koda. Tro\u0161ku m\u00e1m ta b\u00fdval\u00e1 undergroundov\u00e1 revue zkamen\u011bla. Literatury zde nen\u00ed mnoho, p\u0159eva\u017euje v\u00fdtvarno. Mnohem v\u00edce mne pot\u011b\u0161ilo t\u0159et\u00ed leto\u0161n\u00ed \u010d\u00edslo\u2026","rel":"","context":"V \u201eNeza\u0159azen\u00e9\u201c","block_context":{"text":"Neza\u0159azen\u00e9","link":"https:\/\/kotrla.com\/pmpro\/category\/nezarazene\/"},"img":{"alt_text":"","src":"","width":0,"height":0},"classes":[]},{"id":170,"url":"https:\/\/kotrla.com\/pmpro\/2011\/02\/nove-cislo-revue-aluze-nove-i-pro-elektronicke-ctecky-kindle\/","url_meta":{"origin":1257,"position":1},"title":"Nov\u00e9 \u010d\u00edslo revue Aluze, nov\u011b i pro elektronick\u00e9 \u010dte\u010dky (Kindle)","author":"Pavel Kotrla","date":"3.2.2011","format":false,"excerpt":"Finalizace posledn\u00edho lo\u0148sk\u00e9ho \u010d\u00edsla, se trochu prot\u00e1hla, ale nov\u00e9 \u010d\u00edslo je zde. Jako obvykle na str\u00e1nk\u00e1ch http:\/\/aluze.cz naleznete jak jeho on-line podobu, tak jednotliv\u00e9 p\u0159\u00edsp\u011bvky i cel\u00e9 \u010d\u00edslo ke sta\u017een\u00ed ve form\u00e1tu PDF. Nov\u011b jsem p\u0159ipravil ke sta\u017een\u00ed tak\u00e9 verzi ve dvou nejroz\u0161\u00ed\u0159en\u011bj\u0161\u00edch form\u00e1tech elektronick\u00fdch knih: EPUB a MOBI. Nechci\u2026","rel":"","context":"V \u201eLiteratura\u201c","block_context":{"text":"Literatura","link":"https:\/\/kotrla.com\/pmpro\/category\/literatura\/"},"img":{"alt_text":"Aluze 3\/2010 ve \u010dte\u010dce Amazon Kindle","src":"https:\/\/i0.wp.com\/kotrla.com\/pmpro\/images\/uploads\/aluze_kindle_screenshot.gif?resize=350%2C200&ssl=1","width":350,"height":200},"classes":[]},{"id":128,"url":"https:\/\/kotrla.com\/pmpro\/2011\/10\/ctenar-casopisu-kontexty-protestant-kulturni-noviny\/","url_meta":{"origin":1257,"position":2},"title":"\u010cten\u00e1\u0159 \u010dasopis\u016f: Kontexty, Protestant, Kulturn\u00ed noviny","author":"Pavel Kotrla","date":"25.10.2011","format":false,"excerpt":"Posledn\u00ed dobou mne zaujala dv\u011b periodika. Sv\u00fdm zp\u016fsobem si jsou bl\u00edzk\u00e1, na druhou stranu p\u0159edstavuj\u00ed ur\u010ditou opozici. A ani jedno nen\u00ed p\u0159\u00edmo liter\u00e1rn\u00ed, mo\u017en\u00e1, \u017ee ku prosp\u011bchu v\u011bci. Prvn\u00edm je brn\u011bnsk\u00e1 revue Kontexty, kter\u00e1 vznikla slou\u010den\u00edm St\u0159edn\u00ed Evropy, Proglasu a Revue Politika. Z ka\u017ed\u00e9ho nov\u00e9ho \u010d\u00edsla m\u00e1m radost, \u010dtu s\u2026","rel":"","context":"V \u201e\u010cten\u00e1\u0159sk\u00fd den\u00edk\u201c","block_context":{"text":"\u010cten\u00e1\u0159sk\u00fd den\u00edk","link":"https:\/\/kotrla.com\/pmpro\/category\/ctenarsky-denik\/"},"img":{"alt_text":"","src":"","width":0,"height":0},"classes":[]},{"id":236,"url":"https:\/\/kotrla.com\/pmpro\/2009\/12\/kulturni-noviny-v-bode-nula\/","url_meta":{"origin":1257,"position":3},"title":"Kulturn\u00ed noviny v bod\u011b nula","author":"Pavel Kotrla","date":"18.12.2009","format":false,"excerpt":"Tak i ke mn\u011b se kone\u010dn\u011b dostaly Kulturn\u00ed noviny (nult\u00e9 \u010d\u00edslo je zde ke sta\u017een\u00ed v PDF) spojen\u00e9 s lidmi z p\u0159edoran\u017eov\u00e1ch Liter\u00e1rn\u00edch novin. Jedn\u00e1 se o nult\u00e9 \u010d\u00edslo, kter\u00e9 je dostupn\u00e9 zdarma. Kde v\u0161ude a jak prob\u00edh\u00e1 distribuce nev\u00edm. Jedn\u00e1 se o projekt d\u0159\u00edve dostupn\u00fd na adrese http:\/\/polemos.cz ,\u2026","rel":"","context":"V \u201e\u010cten\u00e1\u0159sk\u00fd den\u00edk\u201c","block_context":{"text":"\u010cten\u00e1\u0159sk\u00fd den\u00edk","link":"https:\/\/kotrla.com\/pmpro\/category\/ctenarsky-denik\/"},"img":{"alt_text":"Tituln\u00ed str\u00e1nka nult\u00e9ho \u010d\u00edsla Kulturn\u00edch novin","src":"https:\/\/i0.wp.com\/kotrla.com\/pmpro\/images\/uploads\/kulturni_noviny_00.gif?resize=350%2C200&ssl=1","width":350,"height":200},"classes":[]},{"id":3228,"url":"https:\/\/kotrla.com\/pmpro\/2017\/06\/texty-72-jaro-2017\/","url_meta":{"origin":1257,"position":4},"title":"Texty 72 (jaro 2017)","author":"Pavel Kotrla","date":"18.6.2017","format":false,"excerpt":"Tak astronomicky jaro po\u0159\u00e1d st\u00edh\u00e1me a nov\u00e9 \u010d\u00edslo Text\u016f je zde. P\u0159ejeme p\u0159\u00edjemn\u00e9 \u010dten\u00ed. Archiv v\u0161ech p\u0159edchoz\u00edch naleznete zde http:\/\/casopis-texty.cz\/ OBSAH \u010c\u00cdSLA \u00favodn\u00edk Martin Luk\u00e1\u0161: Sou\u010dasnost pr\u00f3za Pavol I\u010do: Starena Milan Cyro\u0148: Posledn\u00ed fu\u0161ka Standy Klause poezie Jan Stanislav: * * * jen tak Z\u00a0den\u00edku praktikuj\u00edc\u00edho ob\u010dana DM Rozhovor Pavel\u2026","rel":"","context":"V \u201eLiteratura\u201c","block_context":{"text":"Literatura","link":"https:\/\/kotrla.com\/pmpro\/category\/literatura\/"},"img":{"alt_text":"","src":"","width":0,"height":0},"classes":[]},{"id":187,"url":"https:\/\/kotrla.com\/pmpro\/2010\/10\/texty-52\/","url_meta":{"origin":1257,"position":5},"title":"Texty 52","author":"Pavel Kotrla","date":"6.10.2010","format":false,"excerpt":"Tak, nov\u00e9 \u010d\u00edslo Text\u016f je tu. Konec kalend\u00e1\u0159n\u00edho l\u00e9ta jsme sice o p\u00e1r dn\u00ed pro\u0161vihli, ale \u017e\u00e1dn\u00e1 hr\u016fza. Nev\u00edm pro\u010d, ale tohle \u010d\u00edslo mi p\u0159ipom\u00edn\u00e1 mu\u017esk\u00fd tanec. (Co\u017e mi p\u0159ipom\u00edn\u00e1, \u017ee zas netu\u0161\u00edm pro\u010d m\u00e1 na Last.fm tato m\u00e1 obl\u00edben\u00e1 rusk\u00e1 skupina tag \"siberian suicidal post-punk\".) Samoz\u0159ejm\u011b, i vy m\u016f\u017eete\u2026","rel":"","context":"V \u201eLiteratura\u201c","block_context":{"text":"Literatura","link":"https:\/\/kotrla.com\/pmpro\/category\/literatura\/"},"img":{"alt_text":"\u010dasopis Texty","src":"https:\/\/i0.wp.com\/kotrla.com\/pmpro\/images\/uploads\/texty_logo.gif?resize=350%2C200&ssl=1","width":350,"height":200},"classes":[]}],"jetpack_sharing_enabled":true,"_links":{"self":[{"href":"https:\/\/kotrla.com\/pmpro\/wp-json\/wp\/v2\/posts\/1257","targetHints":{"allow":["GET"]}}],"collection":[{"href":"https:\/\/kotrla.com\/pmpro\/wp-json\/wp\/v2\/posts"}],"about":[{"href":"https:\/\/kotrla.com\/pmpro\/wp-json\/wp\/v2\/types\/post"}],"author":[{"embeddable":true,"href":"https:\/\/kotrla.com\/pmpro\/wp-json\/wp\/v2\/users\/1"}],"replies":[{"embeddable":true,"href":"https:\/\/kotrla.com\/pmpro\/wp-json\/wp\/v2\/comments?post=1257"}],"version-history":[{"count":0,"href":"https:\/\/kotrla.com\/pmpro\/wp-json\/wp\/v2\/posts\/1257\/revisions"}],"wp:attachment":[{"href":"https:\/\/kotrla.com\/pmpro\/wp-json\/wp\/v2\/media?parent=1257"}],"wp:term":[{"taxonomy":"category","embeddable":true,"href":"https:\/\/kotrla.com\/pmpro\/wp-json\/wp\/v2\/categories?post=1257"},{"taxonomy":"post_tag","embeddable":true,"href":"https:\/\/kotrla.com\/pmpro\/wp-json\/wp\/v2\/tags?post=1257"}],"curies":[{"name":"wp","href":"https:\/\/api.w.org\/{rel}","templated":true}]}}