{"id":12604,"date":"2025-03-27T20:43:27","date_gmt":"2025-03-27T19:43:27","guid":{"rendered":"https:\/\/kotrla.com\/pmpro\/?p=12604"},"modified":"2025-03-27T20:46:15","modified_gmt":"2025-03-27T19:46:15","slug":"setkani-s-dobrym-slovem-iv-1-4-2025-kotrla-sostak","status":"publish","type":"post","link":"https:\/\/kotrla.com\/pmpro\/2025\/03\/setkani-s-dobrym-slovem-iv-1-4-2025-kotrla-sostak\/","title":{"rendered":"Setk\u00e1n\u00ed s dobr\u00fdm slovem IV. (1. 4. 2025): Kotrla-So\u0161\u0165\u00e1k"},"content":{"rendered":"<p>Srde\u010dn\u011b s Liborem zveme do Opavy. N\u011bco m\u00e1lo o na\u0161\u00ed spole\u010dn\u00e9 <a href=\"https:\/\/kotrla.com\/pmpro\/klenov\/pavel-kotrla-libor-sostak-synonymum-krajina-2024\/\">bibliofilii<\/a>. V\u00edce o akci na <a href=\"https:\/\/www.facebook.com\/permalink.php?story_fbid=pfbid0755kzYSUDPPKLstLPkgLrxDFyAx3ANq1XT68GgFq32xt9UDmAJ7qdKEN3xmqhRPul&amp;id=100054382156460\">Facebooku \u00dastavu bohemistiky a knihovnictv\u00ed Slezsk\u00e9 univerzity v Opav\u011b<\/a>.<\/p>\n<figure id=\"attachment_12603\" aria-describedby=\"caption-attachment-12603\" style=\"width: 1448px\" class=\"wp-caption alignnone\"><a href=\"https:\/\/kotrla.com\/pmpro\/wp-content\/uploads\/2025\/03\/opava_20250401_pozvanka.jpg\"><img loading=\"lazy\" decoding=\"async\" class=\"size-full wp-image-12603\" src=\"https:\/\/kotrla.com\/pmpro\/wp-content\/uploads\/2025\/03\/opava_20250401_pozvanka.jpg\" alt=\"Setk\u00e1n\u00ed s dobr\u00fdm slovem IV. (1. 4. 2025)\" width=\"1448\" height=\"2048\" srcset=\"https:\/\/kotrla.com\/pmpro\/wp-content\/uploads\/2025\/03\/opava_20250401_pozvanka.jpg 1448w, https:\/\/kotrla.com\/pmpro\/wp-content\/uploads\/2025\/03\/opava_20250401_pozvanka-212x300.jpg 212w, https:\/\/kotrla.com\/pmpro\/wp-content\/uploads\/2025\/03\/opava_20250401_pozvanka-724x1024.jpg 724w, https:\/\/kotrla.com\/pmpro\/wp-content\/uploads\/2025\/03\/opava_20250401_pozvanka-1086x1536.jpg 1086w\" sizes=\"auto, (max-width: 1448px) 100vw, 1448px\" \/><\/a><figcaption id=\"caption-attachment-12603\" class=\"wp-caption-text\">Setk\u00e1n\u00ed s dobr\u00fdm slovem IV. (1. 4. 2025)<\/figcaption><\/figure>\n","protected":false},"excerpt":{"rendered":"<p>Srde\u010dn\u011b s Liborem zveme do Opavy. N\u011bco m\u00e1lo o na\u0161\u00ed spole\u010dn\u00e9 bibliofilii. V\u00edce o akci na Facebooku \u00dastavu bohemistiky a knihovnictv\u00ed Slezsk\u00e9 univerzity v Opav\u011b.<\/p>\n","protected":false},"author":1,"featured_media":0,"comment_status":"open","ping_status":"open","sticky":false,"template":"","format":"standard","meta":{"site-sidebar-layout":"default","site-content-layout":"","ast-site-content-layout":"default","site-content-style":"default","site-sidebar-style":"default","ast-global-header-display":"","ast-banner-title-visibility":"","ast-main-header-display":"","ast-hfb-above-header-display":"","ast-hfb-below-header-display":"","ast-hfb-mobile-header-display":"","site-post-title":"","ast-breadcrumbs-content":"","ast-featured-img":"","footer-sml-layout":"","ast-disable-related-posts":"","theme-transparent-header-meta":"default","adv-header-id-meta":"","stick-header-meta":"","header-above-stick-meta":"","header-main-stick-meta":"","header-below-stick-meta":"","astra-migrate-meta-layouts":"set","ast-page-background-enabled":"default","ast-page-background-meta":{"desktop":{"background-color":"var(--ast-global-color-5)","background-image":"","background-repeat":"repeat","background-position":"center center","background-size":"auto","background-attachment":"scroll","background-type":"","background-media":"","overlay-type":"","overlay-color":"","overlay-opacity":"","overlay-gradient":""},"tablet":{"background-color":"","background-image":"","background-repeat":"repeat","background-position":"center center","background-size":"auto","background-attachment":"scroll","background-type":"","background-media":"","overlay-type":"","overlay-color":"","overlay-opacity":"","overlay-gradient":""},"mobile":{"background-color":"","background-image":"","background-repeat":"repeat","background-position":"center center","background-size":"auto","background-attachment":"scroll","background-type":"","background-media":"","overlay-type":"","overlay-color":"","overlay-opacity":"","overlay-gradient":""}},"ast-content-background-meta":{"desktop":{"background-color":"var(--ast-global-color-4)","background-image":"","background-repeat":"repeat","background-position":"center center","background-size":"auto","background-attachment":"scroll","background-type":"","background-media":"","overlay-type":"","overlay-color":"","overlay-opacity":"","overlay-gradient":""},"tablet":{"background-color":"var(--ast-global-color-4)","background-image":"","background-repeat":"repeat","background-position":"center center","background-size":"auto","background-attachment":"scroll","background-type":"","background-media":"","overlay-type":"","overlay-color":"","overlay-opacity":"","overlay-gradient":""},"mobile":{"background-color":"var(--ast-global-color-4)","background-image":"","background-repeat":"repeat","background-position":"center center","background-size":"auto","background-attachment":"scroll","background-type":"","background-media":"","overlay-type":"","overlay-color":"","overlay-opacity":"","overlay-gradient":""}},"jetpack_post_was_ever_published":false,"_jetpack_newsletter_access":"","_jetpack_dont_email_post_to_subs":false,"_jetpack_newsletter_tier_id":0,"_jetpack_memberships_contains_paywalled_content":false,"_jetpack_memberships_contains_paid_content":false,"footnotes":""},"categories":[66,2,57,3],"tags":[],"class_list":["post-12604","post","type-post","status-publish","format-standard","hentry","category-bibliofilie","category-literatura","category-nakladatelstvi-klenov","category-osobni"],"jetpack_featured_media_url":"","jetpack_shortlink":"https:\/\/wp.me\/p4mLP7-3hi","jetpack-related-posts":[{"id":13261,"url":"https:\/\/kotrla.com\/pmpro\/2025\/09\/z-cyklu-necekana-setkani\/","url_meta":{"origin":12604,"position":0},"title":"Z cyklu ne\u010dekan\u00e1 setk\u00e1n\u00ed","author":"Pavel Kotrla","date":"20.9.2025","format":false,"excerpt":"Franti\u0161ek V\u0161eti\u010dka. Potkali jsme se a p\u00e1r minut pohovo\u0159ili na Vala\u0161sk\u00e9m Slav\u00edn\u011b. Tu vitalitu a energii nelze nez\u00e1vid\u011bt. Ro\u010dn\u00edk 1932. \u00a0","rel":"","context":"V \u201eFotografie\u201c","block_context":{"text":"Fotografie","link":"https:\/\/kotrla.com\/pmpro\/category\/fotografie\/"},"img":{"alt_text":"","src":"https:\/\/i0.wp.com\/kotrla.com\/pmpro\/wp-content\/uploads\/2025\/09\/frantisek_vsetiska_IMGP9835.jpg?resize=350%2C200&ssl=1","width":350,"height":200,"srcset":"https:\/\/i0.wp.com\/kotrla.com\/pmpro\/wp-content\/uploads\/2025\/09\/frantisek_vsetiska_IMGP9835.jpg?resize=350%2C200&ssl=1 1x, https:\/\/i0.wp.com\/kotrla.com\/pmpro\/wp-content\/uploads\/2025\/09\/frantisek_vsetiska_IMGP9835.jpg?resize=525%2C300&ssl=1 1.5x, https:\/\/i0.wp.com\/kotrla.com\/pmpro\/wp-content\/uploads\/2025\/09\/frantisek_vsetiska_IMGP9835.jpg?resize=700%2C400&ssl=1 2x, https:\/\/i0.wp.com\/kotrla.com\/pmpro\/wp-content\/uploads\/2025\/09\/frantisek_vsetiska_IMGP9835.jpg?resize=1050%2C600&ssl=1 3x, https:\/\/i0.wp.com\/kotrla.com\/pmpro\/wp-content\/uploads\/2025\/09\/frantisek_vsetiska_IMGP9835.jpg?resize=1400%2C800&ssl=1 4x"},"classes":[]},{"id":246,"url":"https:\/\/kotrla.com\/pmpro\/2009\/10\/tri-setkani-v-jednom-aneb-vecirek-nejenom-textu\/","url_meta":{"origin":12604,"position":1},"title":"T\u0159i setk\u00e1n\u00ed v jednom (aneb ve\u010d\u00edrek nejenom Text\u016f)","author":"Pavel Kotrla","date":"7.10.2009","format":false,"excerpt":"Srde\u010dn\u011b zveme na T\u0159i setk\u00e1n\u00ed v jednom - s Mojm\u00edrem Tr\u00e1vn\u00ed\u010dkem a jeho novou kn\u00ed\u017ekou vzpom\u00ednek V letokruz\u00edch naboso, - se \u010dten\u00e1\u0159i, autory a redaktory liter\u00e1rn\u00edho \u010dtvrtletn\u00edku Texty, - s cimb\u00e1lovou muzikou vykazuj\u00edc\u00ed l\u00e9\u010div\u00e9 \u00fa\u010dinky. M\u00edsto: Knihkupectv\u00ed Malina Vset\u00edn, p\u00e1tek 23. \u0159\u00edjna 2009 od 17 hodin, n\u00e1sledn\u011b v restauraci Snaha\u2026","rel":"","context":"V \u201eLiteratura\u201c","block_context":{"text":"Literatura","link":"https:\/\/kotrla.com\/pmpro\/category\/literatura\/"},"img":{"alt_text":"Mojm\u00edr Tr\u00e1vn\u00ed\u010dek - V letokruz\u00edch naboso","src":"https:\/\/i0.wp.com\/kotrla.com\/pmpro\/images\/uploads\/v_letokruzich.gif?resize=350%2C200&ssl=1","width":350,"height":200},"classes":[]},{"id":208,"url":"https:\/\/kotrla.com\/pmpro\/2010\/05\/setkani-s-casopisem-texty-jeho-autory-hosty-a-verejnosti\/","url_meta":{"origin":12604,"position":2},"title":"Setk\u00e1n\u00ed s \u010dasopisem Texty, jeho autory, hosty a ve\u0159ejnost\u00ed","author":"Pavel Kotrla","date":"10.5.2010","format":false,"excerpt":"a uveden\u00ed nov\u00e9 b\u00e1snick\u00e9 sb\u00edrky Jakuba Chrob\u00e1ka ADRESY za \u00fa\u010dasti \u010desk\u00fdch b\u00e1sn\u00edk\u016f Petra Hru\u0161ky a Bo\u017eeny Spr\u00e1vcov\u00e9. Hraj\u00ed cimb\u00e1lov\u00e1 muzika ze Vset\u00edna a kapela Le\u017e\u00e9rn\u011b a vle\u017ee. Knihkupectv\u00ed Malina, Doln\u00ed n\u00e1m\u011bst\u00ed Vset\u00edn P\u00e1tek 21. kv\u011btna 2010 od 17 hod. P\u0159\u00e1tel\u00e9, jin\u00fdmi slovy: dal\u0161\u00ed ve\u010d\u00edrek. Srde\u010dn\u011b zveme.","rel":"","context":"V \u201eLiteratura\u201c","block_context":{"text":"Literatura","link":"https:\/\/kotrla.com\/pmpro\/category\/literatura\/"},"img":{"alt_text":"\u010dasopis Texty","src":"https:\/\/i0.wp.com\/kotrla.com\/pmpro\/images\/uploads\/texty_logo.gif?resize=350%2C200&ssl=1","width":350,"height":200},"classes":[]},{"id":1320,"url":"https:\/\/kotrla.com\/pmpro\/2003\/06\/ekumenicke-setkani-v-ruzdce\/","url_meta":{"origin":12604,"position":3},"title":"Ekumenick\u00e9 setk\u00e1n\u00ed v R\u016f\u017e\u010fce","author":"Pavel Kotrla","date":"15.6.2003","format":false,"excerpt":"Ka\u017ed\u00fdm rokem se kon\u00e1 v p\u0159ibli\u017en\u011b tuto dobu v R\u016f\u017e\u010fce u pam\u00e1tn\u00ed\u010dku ekumenick\u00e9 setk\u00e1n\u00ed, kter\u00e9 m\u00e1 za c\u00edl sbli\u017eovat lidi, v\u011b\u0159\u00edc\u00ed. Podobn\u011b tomu tak bylo i letos. Pravideln\u00e9 setk\u00e1n\u00ed bylo spojeno i s vystoupen\u00edm evangelick\u00e9ho far\u00e1\u0159e Svatopluka Kar\u00e1ska, kter\u00fd je v\u0161ak ve\u0159ejnosti v\u00edce zn\u00e1m ze sv\u00e9 nyn\u011bj\u0161\u00ed role poslance. Pravda,\u2026","rel":"","context":"V \u201eNeza\u0159azen\u00e9\u201c","block_context":{"text":"Neza\u0159azen\u00e9","link":"https:\/\/kotrla.com\/pmpro\/category\/nezarazene\/"},"img":{"alt_text":"Svatopluk Kar\u00e1sek","src":"https:\/\/i0.wp.com\/kotrla.com\/pmpro\/images\/uploads\/karasek01.jpg?resize=350%2C200&ssl=1","width":350,"height":200},"classes":[]},{"id":580,"url":"https:\/\/kotrla.com\/pmpro\/2006\/04\/nad-a2-142006\/","url_meta":{"origin":12604,"position":4},"title":"Nad A2 14\/2006","author":"Pavel Kotrla","date":"5.4.2006","format":false,"excerpt":"Dne\u0161n\u00ed \u010d\u00edslo A2 mne pot\u011b\u0161ilo hlavn\u011b jedn\u00edm drobn\u00fdm \u010dl\u00e1nkem Ji\u0159\u00edho G. R\u016f\u017ei\u010dky Hodn\u011b krutej Pomeran\u010d na str. 18, kter\u00fd si v\u0161\u00edm\u00e1 po\u0159adu SuperPomeran\u010d \u010cesk\u00e9 televize. (Mne osobn\u011b \u0161tve, \u017ee se v n\u00e1zvu tohoto po\u0159adu celkem nesmysln\u011b objevuje nadu\u017e\u00edvan\u00e9 super.) Krom drobn\u00e9ho rozboru poukazuje \u010dl\u00e1nek na skute\u010dnost, \u017ee Pavel And\u011bl m\u00e1\u2026","rel":"","context":"V \u201e\u010cten\u00e1\u0159sk\u00fd den\u00edk\u201c","block_context":{"text":"\u010cten\u00e1\u0159sk\u00fd den\u00edk","link":"https:\/\/kotrla.com\/pmpro\/category\/ctenarsky-denik\/"},"img":{"alt_text":"","src":"","width":0,"height":0},"classes":[]},{"id":13180,"url":"https:\/\/kotrla.com\/pmpro\/2025\/08\/kubenuv-bitov-2025\/","url_meta":{"origin":12604,"position":5},"title":"Kub\u011bn\u016fv B\u00edtov 2025","author":"Pavel Kotrla","date":"11.8.2025","format":false,"excerpt":"Po roce se zase \u010detlo pod rozlehl\u00fdm o\u0159e\u0161\u00e1kem v zahrad\u011b b\u00edtovsk\u00e9ho Kafe v ob\u00fdv\u00e1ku. Autorsk\u00e9 \u010dten\u00ed Spole\u010denstv\u00ed Ji\u0159\u00edho Kub\u011bny a p\u0159\u00e1tel bylo sou\u010d\u00e1st\u00ed sedm\u00e9ho setk\u00e1n\u00ed b\u00e1sn\u00edk\u016f a b\u00e1sn\u00ed\u0159ek (10. 8. 2025) u p\u0159\u00edle\u017eitosti vzpom\u00ednky na Ji\u0159\u00edho Kub\u011bnu, kter\u00fd B\u00edtovem a na B\u00edtov\u011b \u017eil. Lo\u0148sk\u00e9 setk\u00e1n\u00ed si m\u016f\u017eete p\u0159ipomenout v p\u0159\u00edsp\u011bvku\u2026","rel":"","context":"V \u201eFotografie\u201c","block_context":{"text":"Fotografie","link":"https:\/\/kotrla.com\/pmpro\/category\/fotografie\/"},"img":{"alt_text":"","src":"https:\/\/i0.wp.com\/kotrla.com\/pmpro\/wp-content\/uploads\/2025\/08\/kubenuv_bitov_2025_IMGP9023-150x150.jpg?resize=350%2C200&ssl=1","width":350,"height":200,"srcset":"https:\/\/i0.wp.com\/kotrla.com\/pmpro\/wp-content\/uploads\/2025\/08\/kubenuv_bitov_2025_IMGP9023-150x150.jpg?resize=350%2C200&ssl=1 1x, https:\/\/i0.wp.com\/kotrla.com\/pmpro\/wp-content\/uploads\/2025\/08\/kubenuv_bitov_2025_IMGP9023-150x150.jpg?resize=525%2C300&ssl=1 1.5x, https:\/\/i0.wp.com\/kotrla.com\/pmpro\/wp-content\/uploads\/2025\/08\/kubenuv_bitov_2025_IMGP9023-150x150.jpg?resize=700%2C400&ssl=1 2x, https:\/\/i0.wp.com\/kotrla.com\/pmpro\/wp-content\/uploads\/2025\/08\/kubenuv_bitov_2025_IMGP9023-150x150.jpg?resize=1050%2C600&ssl=1 3x, https:\/\/i0.wp.com\/kotrla.com\/pmpro\/wp-content\/uploads\/2025\/08\/kubenuv_bitov_2025_IMGP9023-150x150.jpg?resize=1400%2C800&ssl=1 4x"},"classes":[]}],"jetpack_sharing_enabled":true,"_links":{"self":[{"href":"https:\/\/kotrla.com\/pmpro\/wp-json\/wp\/v2\/posts\/12604","targetHints":{"allow":["GET"]}}],"collection":[{"href":"https:\/\/kotrla.com\/pmpro\/wp-json\/wp\/v2\/posts"}],"about":[{"href":"https:\/\/kotrla.com\/pmpro\/wp-json\/wp\/v2\/types\/post"}],"author":[{"embeddable":true,"href":"https:\/\/kotrla.com\/pmpro\/wp-json\/wp\/v2\/users\/1"}],"replies":[{"embeddable":true,"href":"https:\/\/kotrla.com\/pmpro\/wp-json\/wp\/v2\/comments?post=12604"}],"version-history":[{"count":0,"href":"https:\/\/kotrla.com\/pmpro\/wp-json\/wp\/v2\/posts\/12604\/revisions"}],"wp:attachment":[{"href":"https:\/\/kotrla.com\/pmpro\/wp-json\/wp\/v2\/media?parent=12604"}],"wp:term":[{"taxonomy":"category","embeddable":true,"href":"https:\/\/kotrla.com\/pmpro\/wp-json\/wp\/v2\/categories?post=12604"},{"taxonomy":"post_tag","embeddable":true,"href":"https:\/\/kotrla.com\/pmpro\/wp-json\/wp\/v2\/tags?post=12604"}],"curies":[{"name":"wp","href":"https:\/\/api.w.org\/{rel}","templated":true}]}}