{"id":1281,"date":"2003-07-22T06:30:40","date_gmt":"2003-07-22T05:30:40","guid":{"rendered":"http:\/\/kotrla.com\/wordpress\/?p=1281"},"modified":"2019-11-20T22:24:46","modified_gmt":"2019-11-20T21:24:46","slug":"kdo-si-hraje-nezlobi-zivel-25","status":"publish","type":"post","link":"https:\/\/kotrla.com\/pmpro\/2003\/07\/kdo-si-hraje-nezlobi-zivel-25\/","title":{"rendered":"Kdo si hraje, nezlob\u00ed: \u017divel 25"},"content":{"rendered":"<p>\u010cek\u00e1n\u00ed na nov\u00e9 \u010d\u00edslo <a href=\"http:\/\/www.zivel.cz\">\u017divlu<\/a> je v\u017edycky oko\u0159en\u011bno jakousi neidentifikovatelnou d\u00e1vkou nejistoty. Vyjdou je\u0161t\u011b, nebo je ta pauza norm\u00e1ln\u00ed? Nakonec to zat\u00edm v\u017edycky byla na\u0161t\u011bst\u00ed jenom pauza. P\u011btadvac\u00edtka je v\u011bnov\u00e1na t\u00e9matice her.<br \/>\n\u010cekal jsem sice o n\u011bco v\u00edc, ale vyhozen\u00e9 pen\u00edze to na\u0161t\u011bst\u00ed nebyly. Dokonce i p\u0159ilo\u017een\u00e9 CD p\u0159\u00edjemn\u011b p\u0159ekvapilo. Takov\u00e1 letn\u00ed elektronick\u00e1 pohodov\u00e1 sm\u011bs v pomalej\u0161\u00edch rytmech.<br \/>\nSice se chlapci a d\u011bv\u010data sna\u017eili, to se ned\u00e1 pop\u0159\u00edt, ale pokud n\u011bkdo narazil na knihu Eugena Finka <b>Hra jako symbol sv\u011bta<\/b> (\u010cesk\u00fd spisovatel 1993, edice Orientace), tak mus\u00ed nutn\u011b porovn\u00e1vat. <b>\u017divel<\/b> se sice tv\u00e1\u0159\u00ed, jako n\u011bco v\u00edc ne\u017e oby\u010dejn\u00fd magaz\u00edn a snad se mu to i da\u0159\u00ed, ale p\u0159ece jenom je to magaz\u00edn se sv\u00fdmi omezen\u00edmi a do p\u0159\u00edli\u0161n\u00e9 hloubky j\u00edt nem\u016f\u017ee. To by mohlo \u010dten\u00e1\u0159e odradit!<br \/>\nPro \u0161\u00ed\u0159eji kulturn\u011b obezn\u00e1men\u00e9ho \u010dten\u00e1\u0159e bude v\u011bt\u0161ina \u010dl\u00e1nk\u016f p\u0159edstavovat sp\u00ed\u0161 u\u017eite\u010dn\u00e1 shrnut\u00ed, ne\u017e nov\u00e9 objevy. P\u0159ipomenuta je zde Regula Pragensis s \u010dasopisem L\u00e1ze\u0148sk\u00fd host a Ivan Adamovi\u010d ve sv\u00e9 sb\u00edrce podivn\u00fdch \u010dasopis\u016f zmi\u0148uje i o kulturn\u00ed revui <b>Na v\u00fdchod<\/b>, kterou m\u00e1m pom\u011brn\u011b r\u00e1d.<br \/>\nNemohu ale opomenout skute\u010dnou perli\u010dku, kterou toto \u010d\u00edslo p\u0159ineslo. Je to comic <i>A Saigon Tribune<\/i>, kter\u00fd je pon\u011bkud tvrd\u0161\u00ed parafr\u00e1z\u00ed na legend\u00e1rn\u00ed \u010cty\u0159l\u00edstek. Fifinka a spol. jsou kone\u010dn\u011b t\u011bmi &#8222;prav\u00fdmi&#8220; comicsov\u00fdmi hrdiny.<br \/>\nMysl\u00edm si, \u017ee 25. \u010d\u00edslo \u017divlu anebo v\u00fd\u0161e zmi\u0148ovan\u00e1 kniha, by nem\u011bly chyb\u011bt v knihovni\u010dce tv\u016frc\u016f weblog\u016f, nebo\u0165 je to sv\u00fdm zp\u016fsobem t\u00e9\u017e jist\u00fd druh hry a z\u00e1bavy. Nebo ne? \ud83d\ude09<\/p>\n<p>Odkazy, kter\u00e9 mohou souviset:\n<\/p>\n<ul>\n<li><a href=\"http:\/\/www.strach.cz\/\">http:\/\/www.strach.cz\/<\/a> &#8211; odd\u00edl \u010cty\u0159l\u00edstek<\/li>\n<li><a href=\"http:\/\/4listekjinak.kvalitne.cz\/\">http:\/\/4listekjinak.kvalitne.cz\/<\/a><\/li>\n<\/ul>\n","protected":false},"excerpt":{"rendered":"<p>\u010cek\u00e1n\u00ed na nov\u00e9 \u010d\u00edslo \u017divlu je v\u017edycky oko\u0159en\u011bno jakousi neidentifikovatelnou d\u00e1vkou nejistoty. Vyjdou je\u0161t\u011b, nebo je ta pauza norm\u00e1ln\u00ed? Nakonec to zat\u00edm v\u017edycky byla na\u0161t\u011bst\u00ed jenom pauza. P\u011btadvac\u00edtka je v\u011bnov\u00e1na t\u00e9matice her. \u010cekal jsem sice o n\u011bco v\u00edc, ale vyhozen\u00e9 pen\u00edze to na\u0161t\u011bst\u00ed nebyly. Dokonce i p\u0159ilo\u017een\u00e9 CD p\u0159\u00edjemn\u011b p\u0159ekvapilo. Takov\u00e1 letn\u00ed elektronick\u00e1 pohodov\u00e1 sm\u011bs [&hellip;]<\/p>\n","protected":false},"author":1,"featured_media":0,"comment_status":"open","ping_status":"open","sticky":false,"template":"","format":"standard","meta":{"site-sidebar-layout":"default","site-content-layout":"","ast-site-content-layout":"default","site-content-style":"default","site-sidebar-style":"default","ast-global-header-display":"","ast-banner-title-visibility":"","ast-main-header-display":"","ast-hfb-above-header-display":"","ast-hfb-below-header-display":"","ast-hfb-mobile-header-display":"","site-post-title":"","ast-breadcrumbs-content":"","ast-featured-img":"","footer-sml-layout":"","ast-disable-related-posts":"","theme-transparent-header-meta":"","adv-header-id-meta":"","stick-header-meta":"","header-above-stick-meta":"","header-main-stick-meta":"","header-below-stick-meta":"","astra-migrate-meta-layouts":"default","ast-page-background-enabled":"default","ast-page-background-meta":{"desktop":{"background-color":"var(--ast-global-color-5)","background-image":"","background-repeat":"repeat","background-position":"center center","background-size":"auto","background-attachment":"scroll","background-type":"","background-media":"","overlay-type":"","overlay-color":"","overlay-opacity":"","overlay-gradient":""},"tablet":{"background-color":"","background-image":"","background-repeat":"repeat","background-position":"center center","background-size":"auto","background-attachment":"scroll","background-type":"","background-media":"","overlay-type":"","overlay-color":"","overlay-opacity":"","overlay-gradient":""},"mobile":{"background-color":"","background-image":"","background-repeat":"repeat","background-position":"center center","background-size":"auto","background-attachment":"scroll","background-type":"","background-media":"","overlay-type":"","overlay-color":"","overlay-opacity":"","overlay-gradient":""}},"ast-content-background-meta":{"desktop":{"background-color":"var(--ast-global-color-4)","background-image":"","background-repeat":"repeat","background-position":"center center","background-size":"auto","background-attachment":"scroll","background-type":"","background-media":"","overlay-type":"","overlay-color":"","overlay-opacity":"","overlay-gradient":""},"tablet":{"background-color":"var(--ast-global-color-4)","background-image":"","background-repeat":"repeat","background-position":"center center","background-size":"auto","background-attachment":"scroll","background-type":"","background-media":"","overlay-type":"","overlay-color":"","overlay-opacity":"","overlay-gradient":""},"mobile":{"background-color":"var(--ast-global-color-4)","background-image":"","background-repeat":"repeat","background-position":"center center","background-size":"auto","background-attachment":"scroll","background-type":"","background-media":"","overlay-type":"","overlay-color":"","overlay-opacity":"","overlay-gradient":""}},"jetpack_post_was_ever_published":false,"_jetpack_newsletter_access":"","_jetpack_dont_email_post_to_subs":false,"_jetpack_newsletter_tier_id":0,"_jetpack_memberships_contains_paywalled_content":false,"_jetpack_memberships_contains_paid_content":false,"footnotes":""},"categories":[1],"tags":[],"class_list":["post-1281","post","type-post","status-publish","format-standard","hentry","category-nezarazene"],"jetpack_featured_media_url":"","jetpack_shortlink":"https:\/\/wp.me\/p4mLP7-kF","jetpack-related-posts":[{"id":1401,"url":"https:\/\/kotrla.com\/pmpro\/2003\/03\/zivel-22\/","url_meta":{"origin":1281,"position":0},"title":"\u017divel 22","author":"Pavel Kotrla","date":"10.3.2003","format":false,"excerpt":"Tak kone\u010dn\u011b vy\u0161el nov\u00fd \u017divel, \u010d. 22. Sice u\u017e nejsem na nov\u00e1 \u010d\u00edsla nat\u011b\u0161en jako kdysi, ale stejn\u011b si ho v\u017edycky koup\u00edm. CD m\u00e1 tentokr\u00e1t podtitul Reykjavik sound. Jako poslechovka to ujde. Prvn\u00ed t\u0159i skladby od Dan\u00edela \u00c1g\u00fasta se mi l\u00edbily, ale jinak jsem asi jinde a mimo. \u010casopis jsem\u2026","rel":"","context":"V \u201eLiteratura\u201c","block_context":{"text":"Literatura","link":"https:\/\/kotrla.com\/pmpro\/category\/literatura\/"},"img":{"alt_text":"","src":"","width":0,"height":0},"classes":[]},{"id":763,"url":"https:\/\/kotrla.com\/pmpro\/2005\/05\/pout-novinovymi-stanky\/","url_meta":{"origin":1281,"position":1},"title":"Pou\u0165 novinov\u00fdmi st\u00e1nky","author":"Pavel Kotrla","date":"15.5.2005","format":false,"excerpt":"Opravdu jsem m\u011bl dobrou v\u016fli tento t\u00fdden n\u011bco napsat, ale nakonec se mi fakt necht\u011blo. Nen\u00ed to ani tak t\u00edm, \u017ee by nebylo o \u010dem. Jenom se mi necht\u011blo a nav\u00edc jsem \u010detl a \u010detl. Pro \u0161toury: ka\u017ed\u00fd den jednu knihu. Ale nov\u00e9 do\u0161ly :) Proto\u017ee jsem zahl\u00e9dl p\u0159ed \u010dasem\u2026","rel":"","context":"V \u201eNeza\u0159azen\u00e9\u201c","block_context":{"text":"Neza\u0159azen\u00e9","link":"https:\/\/kotrla.com\/pmpro\/category\/nezarazene\/"},"img":{"alt_text":"","src":"","width":0,"height":0},"classes":[]},{"id":1036,"url":"https:\/\/kotrla.com\/pmpro\/2004\/04\/zivel-24\/","url_meta":{"origin":1281,"position":2},"title":"\u017divel 24","author":"Pavel Kotrla","date":"5.4.2004","format":false,"excerpt":"Neuv\u011b\u0159iteln\u00e9! Mnohokr\u00e1t ohla\u0161ovan\u00fd \u017divel 24 je kone\u010dn\u011b venku. Cestou z redakce do tisk\u00e1rny nabral tedy po\u0159\u00e1dn\u00e9 zpo\u017ed\u011bn\u00ed, jak ostatn\u011b dokazuje datace 2003 na p\u0159ilo\u017een\u00e9m CD. O d\u016fvodech, kter\u00e9 k tomu vedly se ostatn\u011b v\u00edce do\u010dtete na domovsk\u00fdch str\u00e1nk\u00e1ch programu. Pro blogerskou ve\u0159ejnost bude pravd\u011bpodobn\u011b nejzaj\u00edmav\u011bj\u0161\u00ed \u010dl\u00e1nek Adama Jav\u016frka o fenom\u00e9nu\u2026","rel":"","context":"V \u201eNeza\u0159azen\u00e9\u201c","block_context":{"text":"Neza\u0159azen\u00e9","link":"https:\/\/kotrla.com\/pmpro\/category\/nezarazene\/"},"img":{"alt_text":"","src":"","width":0,"height":0},"classes":[]},{"id":1368,"url":"https:\/\/kotrla.com\/pmpro\/2003\/04\/fotografovani-s-digitalnim-fotoaparatem\/","url_meta":{"origin":1281,"position":3},"title":"Fotografov\u00e1n\u00ed s digit\u00e1ln\u00edm fotoapar\u00e1tem","author":"Pavel Kotrla","date":"14.4.2003","format":false,"excerpt":"P\u0159izn\u00e1m se, \u017ee k publikaci Institutu digit\u00e1ln\u00ed fotografie Fotografov\u00e1n\u00ed s digit\u00e1ln\u00edm fotoapar\u00e1tem autor\u016f Ond\u0159eje Neffa, Jana B\u0159eziny a Petra Podhajsk\u00e9ho (jinak Institut digit\u00e1ln\u00ed fotografie) jsem p\u0159istupoval s lehkou ned\u016fv\u011brou. Snad je to t\u00edm, \u017ee je na internetu n\u011bjak \u201ep\u0159eneffov\u00e1no\u201c. Ale byl jsem p\u0159\u00edjemn\u011b p\u0159ekvapen. P\u0159\u00edru\u010dka vy\u0161la v edici Praktick\u00e1 fotografie\u2026","rel":"","context":"V \u201eNeza\u0159azen\u00e9\u201c","block_context":{"text":"Neza\u0159azen\u00e9","link":"https:\/\/kotrla.com\/pmpro\/category\/nezarazene\/"},"img":{"alt_text":"","src":"","width":0,"height":0},"classes":[]},{"id":584,"url":"https:\/\/kotrla.com\/pmpro\/2006\/03\/kdyby-byl-mesicnik-blogosfera-volne-v-distribuci\/","url_meta":{"origin":1281,"position":4},"title":"Kdyby byl m\u011bs\u00ed\u010dn\u00edk Blogosf\u00e9ra voln\u011b v distribuci&#8230;","author":"Pavel Kotrla","date":"29.3.2006","format":false,"excerpt":"...tak bych si ho stejn\u011b nekoupil. A d\u016fvod? Velmi jednoduch\u00fd: nem\u00e1m pot\u0159ebu \u010d\u00edst v\u011bci st\u00e1le se opakuj\u00edc\u00ed. O\u010dek\u00e1val jsem, \u017ee t\u0159et\u00ed \u010d\u00edslo, kter\u00e9 se prezentuje jako magaz\u00edn \u010desk\u00fdch a slovensk\u00fdch bloger\u016f, p\u0159ece jenom p\u0159inese n\u011bco origin\u00e1ln\u011bj\u0161\u00edho. Bohu\u017eel zat\u00edm je to jenom takov\u00fd pelmel. I \u010desk\u00e9 blogy sice maj\u00ed \u010dten\u00e1\u0159\u016fm co\u2026","rel":"","context":"V \u201e\u010cten\u00e1\u0159sk\u00fd den\u00edk\u201c","block_context":{"text":"\u010cten\u00e1\u0159sk\u00fd den\u00edk","link":"https:\/\/kotrla.com\/pmpro\/category\/ctenarsky-denik\/"},"img":{"alt_text":"","src":"","width":0,"height":0},"classes":[]},{"id":525,"url":"https:\/\/kotrla.com\/pmpro\/2006\/09\/literarni-casopisy-na-pocatku-skolniho-roku\/","url_meta":{"origin":1281,"position":5},"title":"Liter\u00e1rn\u00ed \u010dasopisy na po\u010d\u00e1tku \u0161koln\u00edho roku","author":"Pavel Kotrla","date":"8.9.2006","format":false,"excerpt":"Moje kdysi pom\u011brn\u011b pravideln\u00e1 \u010dasopiseck\u00e1 hl\u00eddka tu ji\u017e del\u0161\u00ed dobu nebyla. Nen\u00ed to t\u00edm, \u017ee by v\u0161echny p\u0159estaly vych\u00e1zet, by\u0165 l\u00e9to je tradi\u010dn\u00edm oddechov\u00fdm \u010dasem pro Host nebo Tvar. Jenom se mi zd\u00e1lo, \u017ee nen\u00ed n\u011bjak o \u010dem ps\u00e1t. Za\u010dalo to t\u00edm, \u017ee jsem si p\u0159ed n\u011bkolika t\u00fddny pod dlouh\u00e9m\u2026","rel":"","context":"V \u201e\u010cten\u00e1\u0159sk\u00fd den\u00edk\u201c","block_context":{"text":"\u010cten\u00e1\u0159sk\u00fd den\u00edk","link":"https:\/\/kotrla.com\/pmpro\/category\/ctenarsky-denik\/"},"img":{"alt_text":"\u017divel 27","src":"https:\/\/i0.wp.com\/kotrla.com\/pmpro\/images\/uploads\/zivel_27.gif?resize=350%2C200&ssl=1","width":350,"height":200},"classes":[]}],"jetpack_sharing_enabled":true,"_links":{"self":[{"href":"https:\/\/kotrla.com\/pmpro\/wp-json\/wp\/v2\/posts\/1281","targetHints":{"allow":["GET"]}}],"collection":[{"href":"https:\/\/kotrla.com\/pmpro\/wp-json\/wp\/v2\/posts"}],"about":[{"href":"https:\/\/kotrla.com\/pmpro\/wp-json\/wp\/v2\/types\/post"}],"author":[{"embeddable":true,"href":"https:\/\/kotrla.com\/pmpro\/wp-json\/wp\/v2\/users\/1"}],"replies":[{"embeddable":true,"href":"https:\/\/kotrla.com\/pmpro\/wp-json\/wp\/v2\/comments?post=1281"}],"version-history":[{"count":0,"href":"https:\/\/kotrla.com\/pmpro\/wp-json\/wp\/v2\/posts\/1281\/revisions"}],"wp:attachment":[{"href":"https:\/\/kotrla.com\/pmpro\/wp-json\/wp\/v2\/media?parent=1281"}],"wp:term":[{"taxonomy":"category","embeddable":true,"href":"https:\/\/kotrla.com\/pmpro\/wp-json\/wp\/v2\/categories?post=1281"},{"taxonomy":"post_tag","embeddable":true,"href":"https:\/\/kotrla.com\/pmpro\/wp-json\/wp\/v2\/tags?post=1281"}],"curies":[{"name":"wp","href":"https:\/\/api.w.org\/{rel}","templated":true}]}}