{"id":12877,"date":"2025-06-10T10:58:46","date_gmt":"2025-06-10T09:58:46","guid":{"rendered":"https:\/\/kotrla.com\/pmpro\/?p=12877"},"modified":"2025-06-30T06:46:19","modified_gmt":"2025-06-30T05:46:19","slug":"bibliofilie-potize-se-zenami-a-jeji-uvedeni","status":"publish","type":"post","link":"https:\/\/kotrla.com\/pmpro\/2025\/06\/bibliofilie-potize-se-zenami-a-jeji-uvedeni\/","title":{"rendered":"Bibliofilie Pot\u00ed\u017ee se \u017eenami a jej\u00ed uveden\u00ed"},"content":{"rendered":"<figure id=\"attachment_12890\" aria-describedby=\"caption-attachment-12890\" style=\"width: 1600px\" class=\"wp-caption alignnone\"><a href=\"https:\/\/kotrla.com\/pmpro\/wp-content\/uploads\/2025\/06\/vecirek_klenova_IMGP7754.jpg\"><img loading=\"lazy\" decoding=\"async\" class=\"wp-image-12890 size-full\" src=\"https:\/\/kotrla.com\/pmpro\/wp-content\/uploads\/2025\/06\/vecirek_klenova_IMGP7754.jpg\" alt=\"\" width=\"1600\" height=\"1067\" srcset=\"https:\/\/kotrla.com\/pmpro\/wp-content\/uploads\/2025\/06\/vecirek_klenova_IMGP7754.jpg 1600w, https:\/\/kotrla.com\/pmpro\/wp-content\/uploads\/2025\/06\/vecirek_klenova_IMGP7754-300x200.jpg 300w, https:\/\/kotrla.com\/pmpro\/wp-content\/uploads\/2025\/06\/vecirek_klenova_IMGP7754-1024x683.jpg 1024w, https:\/\/kotrla.com\/pmpro\/wp-content\/uploads\/2025\/06\/vecirek_klenova_IMGP7754-1536x1024.jpg 1536w\" sizes=\"auto, (max-width: 1600px) 100vw, 1600px\" \/><\/a><figcaption id=\"caption-attachment-12890\" class=\"wp-caption-text\">Uveden\u00ed bibliofilie Pot\u00ed\u017ee se \u017eenami (Janazapa, Pavel Kotrla a Libor So\u0161\u0165\u00e1k)<\/figcaption><\/figure>\n<p>Ve \u010dtvrtek\u00a05. 6. jsme v pr\u016fb\u011bhu ve\u010d\u00edrku m\u00e9ho jednomu\u017en\u00e9ho nakladatelstv\u00ed <a href=\"https:\/\/kotrla.com\/pmpro\/klenov\/\">Klenov<\/a> (fotky <a href=\"https:\/\/kotrla.com\/pmpro\/2025\/06\/fotografie-z-vecirku-nakladatelstvi-klenov\/\">v p\u0159\u00edsp\u011bvku n\u00ed\u017ee<\/a>) uvedli moji novou bibliofilii <a href=\"https:\/\/kotrla.com\/pmpro\/klenov\/pavel-kotrla-potize-se-zenami-2025\/\">Pot\u00ed\u017ee se \u017eenami<\/a>.<\/p>\n<figure id=\"attachment_12834\" aria-describedby=\"caption-attachment-12834\" style=\"width: 208px\" class=\"wp-caption aligncenter\"><a href=\"https:\/\/kotrla.com\/pmpro\/klenov\/pavel-kotrla-potize-se-zenami-2025\/\"><img loading=\"lazy\" decoding=\"async\" class=\"wp-image-12834 size-medium\" src=\"https:\/\/kotrla.com\/pmpro\/wp-content\/uploads\/2025\/06\/pavel_kotrla_potize_se_zenami_obalka-208x300.jpg\" alt=\"\" width=\"208\" height=\"300\" srcset=\"https:\/\/kotrla.com\/pmpro\/wp-content\/uploads\/2025\/06\/pavel_kotrla_potize_se_zenami_obalka-208x300.jpg 208w, https:\/\/kotrla.com\/pmpro\/wp-content\/uploads\/2025\/06\/pavel_kotrla_potize_se_zenami_obalka-710x1024.jpg 710w, https:\/\/kotrla.com\/pmpro\/wp-content\/uploads\/2025\/06\/pavel_kotrla_potize_se_zenami_obalka-1066x1536.jpg 1066w, https:\/\/kotrla.com\/pmpro\/wp-content\/uploads\/2025\/06\/pavel_kotrla_potize_se_zenami_obalka.jpg 1110w\" sizes=\"auto, (max-width: 208px) 100vw, 208px\" \/><\/a><figcaption id=\"caption-attachment-12834\" class=\"wp-caption-text\"><a href=\"https:\/\/kotrla.com\/pmpro\/klenov\/pavel-kotrla-potize-se-zenami-2025\/\">Pavel Kotrla: Pot\u00ed\u017ee se \u017eenami (Klenov 2025, ISBN 978-80-909228-3-9)<\/a><\/figcaption><\/figure>\n<p>Tentokr\u00e1t jsem spojil s\u00edly spole\u010dn\u011b s v\u00fdtvarnic\u00ed <a href=\"https:\/\/www.osobnostivalasska.cz\/osobnost\/monika-hajkova\/\">Janouzapou<\/a>, kter\u00e1 vytvo\u0159ila linoryty k m\u00fdm t\u0159em pov\u00eddk\u00e1m. Ka\u017ed\u00fd v\u00fdtisk tak obsahuje t\u0159i origin\u00e1ly. Najdete je na str\u00e1nce knize v\u011bnovan\u00e9, n\u011bco z pr\u016fb\u011bhu vzniku bibliofilie jsem uk\u00e1zal v p\u0159\u00edsp\u011bvc\u00edch <a href=\"https:\/\/kotrla.com\/pmpro\/2025\/05\/potize-se-zenami-uz-se-to-kompletuje\/\">Pot\u00ed\u017ee se \u017eenami: u\u017e se to kompletuje<\/a> a <a href=\"https:\/\/kotrla.com\/pmpro\/2025\/03\/z-pripravovaneho\/\">Z p\u0159ipravovan\u00e9ho<\/a>. Nakouknout m\u016f\u017eete tak\u00e9 <a href=\"https:\/\/www.janazapaart.cz\/moje-prace\/hory-a-podhuri\/\">do ateli\u00e9ru Janyzapy<\/a>, kde tisk linoryt\u016f prob\u00edhal. A zas to byla radost ze spolupr\u00e1ce. V\u00fdsledek a\u0165 posoud\u00ed \u010dten\u00e1\u0159i sami.<br \/>\nPodobn\u011b jako moje prvn\u00ed bibliofilie <a href=\"https:\/\/kotrla.com\/pmpro\/klenov\/pavel-kotrla-libor-sostak-synonymum-krajina-2024\/\">Synonymum krajina<\/a> nen\u00ed v b\u011b\u017en\u00e9 distribuci, ale lze i u mne <a href=\"https:\/\/kotrla.com\/pmpro\/objednavka-knih\/\">objednat<\/a>.<\/p>\n<div id='gallery-1' class='gallery galleryid-12877 gallery-columns-3 gallery-size-thumbnail'><figure class='gallery-item'>\n\t\t\t<div class='gallery-icon landscape'>\n\t\t\t\t<a href='https:\/\/kotrla.com\/pmpro\/vecirek_klenova_imgp7729\/'><img loading=\"lazy\" decoding=\"async\" width=\"150\" height=\"150\" src=\"https:\/\/kotrla.com\/pmpro\/wp-content\/uploads\/2025\/06\/vecirek_klenova_IMGP7729-150x150.jpg\" class=\"attachment-thumbnail size-thumbnail\" alt=\"\" \/><\/a>\n\t\t\t<\/div><\/figure><figure class='gallery-item'>\n\t\t\t<div class='gallery-icon landscape'>\n\t\t\t\t<a href='https:\/\/kotrla.com\/pmpro\/vecirek_klenova_imgp7739\/'><img loading=\"lazy\" decoding=\"async\" width=\"150\" height=\"150\" src=\"https:\/\/kotrla.com\/pmpro\/wp-content\/uploads\/2025\/06\/vecirek_klenova_IMGP7739-150x150.jpg\" class=\"attachment-thumbnail size-thumbnail\" alt=\"\" \/><\/a>\n\t\t\t<\/div><\/figure><figure class='gallery-item'>\n\t\t\t<div class='gallery-icon landscape'>\n\t\t\t\t<a href='https:\/\/kotrla.com\/pmpro\/vecirek_klenova_imgp7744-2\/'><img loading=\"lazy\" decoding=\"async\" width=\"150\" height=\"150\" src=\"https:\/\/kotrla.com\/pmpro\/wp-content\/uploads\/2025\/06\/vecirek_klenova_IMGP7744-1-150x150.jpg\" class=\"attachment-thumbnail size-thumbnail\" alt=\"\" \/><\/a>\n\t\t\t<\/div><\/figure><figure class='gallery-item'>\n\t\t\t<div class='gallery-icon landscape'>\n\t\t\t\t<a href='https:\/\/kotrla.com\/pmpro\/vecirek_klenova_imgp7747\/'><img loading=\"lazy\" decoding=\"async\" width=\"150\" height=\"150\" src=\"https:\/\/kotrla.com\/pmpro\/wp-content\/uploads\/2025\/06\/vecirek_klenova_IMGP7747-150x150.jpg\" class=\"attachment-thumbnail size-thumbnail\" alt=\"\" \/><\/a>\n\t\t\t<\/div><\/figure><figure class='gallery-item'>\n\t\t\t<div class='gallery-icon landscape'>\n\t\t\t\t<a href='https:\/\/kotrla.com\/pmpro\/vecirek_klenova_imgp7759\/'><img loading=\"lazy\" decoding=\"async\" width=\"150\" height=\"150\" src=\"https:\/\/kotrla.com\/pmpro\/wp-content\/uploads\/2025\/06\/vecirek_klenova_IMGP7759-150x150.jpg\" class=\"attachment-thumbnail size-thumbnail\" alt=\"\" \/><\/a>\n\t\t\t<\/div><\/figure><figure class='gallery-item'>\n\t\t\t<div class='gallery-icon landscape'>\n\t\t\t\t<a href='https:\/\/kotrla.com\/pmpro\/vecirek_klenova_imgp7765\/'><img loading=\"lazy\" decoding=\"async\" width=\"150\" height=\"150\" src=\"https:\/\/kotrla.com\/pmpro\/wp-content\/uploads\/2025\/06\/vecirek_klenova_IMGP7765-150x150.jpg\" class=\"attachment-thumbnail size-thumbnail\" alt=\"\" \/><\/a>\n\t\t\t<\/div><\/figure>\n\t\t<\/div>\n\n<p>&nbsp;<\/p>\n","protected":false},"excerpt":{"rendered":"<p>Ve \u010dtvrtek\u00a05. 6. jsme v pr\u016fb\u011bhu ve\u010d\u00edrku m\u00e9ho jednomu\u017en\u00e9ho nakladatelstv\u00ed Klenov (fotky v p\u0159\u00edsp\u011bvku n\u00ed\u017ee) uvedli moji novou bibliofilii Pot\u00ed\u017ee se \u017eenami. Tentokr\u00e1t jsem spojil s\u00edly spole\u010dn\u011b s v\u00fdtvarnic\u00ed Janouzapou, kter\u00e1 vytvo\u0159ila linoryty k m\u00fdm t\u0159em pov\u00eddk\u00e1m. Ka\u017ed\u00fd v\u00fdtisk tak obsahuje t\u0159i origin\u00e1ly. Najdete je na str\u00e1nce knize v\u011bnovan\u00e9, n\u011bco z pr\u016fb\u011bhu vzniku bibliofilie jsem [&hellip;]<\/p>\n","protected":false},"author":1,"featured_media":0,"comment_status":"open","ping_status":"open","sticky":false,"template":"","format":"standard","meta":{"site-sidebar-layout":"default","site-content-layout":"","ast-site-content-layout":"default","site-content-style":"default","site-sidebar-style":"default","ast-global-header-display":"","ast-banner-title-visibility":"","ast-main-header-display":"","ast-hfb-above-header-display":"","ast-hfb-below-header-display":"","ast-hfb-mobile-header-display":"","site-post-title":"","ast-breadcrumbs-content":"","ast-featured-img":"","footer-sml-layout":"","ast-disable-related-posts":"","theme-transparent-header-meta":"default","adv-header-id-meta":"","stick-header-meta":"","header-above-stick-meta":"","header-main-stick-meta":"","header-below-stick-meta":"","astra-migrate-meta-layouts":"set","ast-page-background-enabled":"default","ast-page-background-meta":{"desktop":{"background-color":"var(--ast-global-color-5)","background-image":"","background-repeat":"repeat","background-position":"center center","background-size":"auto","background-attachment":"scroll","background-type":"","background-media":"","overlay-type":"","overlay-color":"","overlay-opacity":"","overlay-gradient":""},"tablet":{"background-color":"","background-image":"","background-repeat":"repeat","background-position":"center center","background-size":"auto","background-attachment":"scroll","background-type":"","background-media":"","overlay-type":"","overlay-color":"","overlay-opacity":"","overlay-gradient":""},"mobile":{"background-color":"","background-image":"","background-repeat":"repeat","background-position":"center center","background-size":"auto","background-attachment":"scroll","background-type":"","background-media":"","overlay-type":"","overlay-color":"","overlay-opacity":"","overlay-gradient":""}},"ast-content-background-meta":{"desktop":{"background-color":"var(--ast-global-color-4)","background-image":"","background-repeat":"repeat","background-position":"center center","background-size":"auto","background-attachment":"scroll","background-type":"","background-media":"","overlay-type":"","overlay-color":"","overlay-opacity":"","overlay-gradient":""},"tablet":{"background-color":"var(--ast-global-color-4)","background-image":"","background-repeat":"repeat","background-position":"center center","background-size":"auto","background-attachment":"scroll","background-type":"","background-media":"","overlay-type":"","overlay-color":"","overlay-opacity":"","overlay-gradient":""},"mobile":{"background-color":"var(--ast-global-color-4)","background-image":"","background-repeat":"repeat","background-position":"center center","background-size":"auto","background-attachment":"scroll","background-type":"","background-media":"","overlay-type":"","overlay-color":"","overlay-opacity":"","overlay-gradient":""}},"jetpack_post_was_ever_published":false,"_jetpack_newsletter_access":"","_jetpack_dont_email_post_to_subs":false,"_jetpack_newsletter_tier_id":0,"_jetpack_memberships_contains_paywalled_content":false,"_jetpack_memberships_contains_paid_content":false,"footnotes":""},"categories":[66,19,2,3],"tags":[],"class_list":["post-12877","post","type-post","status-publish","format-standard","hentry","category-bibliofilie","category-knihy","category-literatura","category-osobni"],"jetpack_featured_media_url":"","jetpack_shortlink":"https:\/\/wp.me\/p4mLP7-3lH","jetpack-related-posts":[{"id":12628,"url":"https:\/\/kotrla.com\/pmpro\/2025\/03\/z-pripravovaneho\/","url_meta":{"origin":12877,"position":0},"title":"Z p\u0159ipravovan\u00e9ho","author":"Pavel Kotrla","date":"29.3.2025","format":false,"excerpt":"Pot\u00ed\u017ee se \u017eenami. Kdopak by je nem\u011bl... Spole\u010dn\u011b s mal\u00ed\u0159kou a v\u00fdtvarnic\u00ed Janazapaa. Pomalu...","rel":"","context":"V \u201eBibliofilie\u201c","block_context":{"text":"Bibliofilie","link":"https:\/\/kotrla.com\/pmpro\/category\/bibliofilie\/"},"img":{"alt_text":"Janazapa","src":"https:\/\/i0.wp.com\/kotrla.com\/pmpro\/wp-content\/uploads\/2025\/03\/potize_IMGP6233_1.jpg?resize=350%2C200&ssl=1","width":350,"height":200,"srcset":"https:\/\/i0.wp.com\/kotrla.com\/pmpro\/wp-content\/uploads\/2025\/03\/potize_IMGP6233_1.jpg?resize=350%2C200&ssl=1 1x, https:\/\/i0.wp.com\/kotrla.com\/pmpro\/wp-content\/uploads\/2025\/03\/potize_IMGP6233_1.jpg?resize=525%2C300&ssl=1 1.5x, https:\/\/i0.wp.com\/kotrla.com\/pmpro\/wp-content\/uploads\/2025\/03\/potize_IMGP6233_1.jpg?resize=700%2C400&ssl=1 2x, https:\/\/i0.wp.com\/kotrla.com\/pmpro\/wp-content\/uploads\/2025\/03\/potize_IMGP6233_1.jpg?resize=1050%2C600&ssl=1 3x, https:\/\/i0.wp.com\/kotrla.com\/pmpro\/wp-content\/uploads\/2025\/03\/potize_IMGP6233_1.jpg?resize=1400%2C800&ssl=1 4x"},"classes":[]},{"id":12731,"url":"https:\/\/kotrla.com\/pmpro\/2025\/05\/potize-se-zenami-uz-se-to-kompletuje\/","url_meta":{"origin":12877,"position":1},"title":"Pot\u00ed\u017ee se \u017eenami: u\u017e se to kompletuje","author":"Pavel Kotrla","date":"10.5.2025","format":false,"excerpt":"V\u00fdtisky dorazily z tisk\u00e1rny. Linoryty Janyzapy dosu\u0161eny a podeps\u00e1ny. Zb\u00fdv\u00e1 zkompletovat, o\u010d\u00edslovat, podepsat.","rel":"","context":"V \u201eNeza\u0159azen\u00e9\u201c","block_context":{"text":"Neza\u0159azen\u00e9","link":"https:\/\/kotrla.com\/pmpro\/category\/nezarazene\/"},"img":{"alt_text":"","src":"https:\/\/i0.wp.com\/kotrla.com\/pmpro\/wp-content\/uploads\/2025\/05\/potize_se_zenami_IMGP6768-150x150.jpg?resize=350%2C200&ssl=1","width":350,"height":200,"srcset":"https:\/\/i0.wp.com\/kotrla.com\/pmpro\/wp-content\/uploads\/2025\/05\/potize_se_zenami_IMGP6768-150x150.jpg?resize=350%2C200&ssl=1 1x, https:\/\/i0.wp.com\/kotrla.com\/pmpro\/wp-content\/uploads\/2025\/05\/potize_se_zenami_IMGP6768-150x150.jpg?resize=525%2C300&ssl=1 1.5x, https:\/\/i0.wp.com\/kotrla.com\/pmpro\/wp-content\/uploads\/2025\/05\/potize_se_zenami_IMGP6768-150x150.jpg?resize=700%2C400&ssl=1 2x, https:\/\/i0.wp.com\/kotrla.com\/pmpro\/wp-content\/uploads\/2025\/05\/potize_se_zenami_IMGP6768-150x150.jpg?resize=1050%2C600&ssl=1 3x, https:\/\/i0.wp.com\/kotrla.com\/pmpro\/wp-content\/uploads\/2025\/05\/potize_se_zenami_IMGP6768-150x150.jpg?resize=1400%2C800&ssl=1 4x"},"classes":[]},{"id":11493,"url":"https:\/\/kotrla.com\/pmpro\/2024\/04\/synonymum-krajina\/","url_meta":{"origin":12877,"position":2},"title":"Synonymum krajina","author":"Pavel Kotrla","date":"19.4.2024","format":false,"excerpt":"Libor So\u0161\u0165\u00e1k v m\u00e9m jednomu\u017en\u00e9m nakladatelstv\u00ed Klenov vydal v roce 2019 sv\u016fj Pa\u0159\u00ed\u017esk\u00fd skic\u00e1k. Te\u010f jsme spojili s\u00edly Srde\u010dn\u011b zveme!\u00a0V\u00fdstava p\u0159edstav\u00ed sou\u010dasnou grafickou tvorbu Libora So\u0161\u0165\u00e1ka, a tak\u00e9 soubor kreseb, kter\u00e9 vznikly v obdob\u00ed covidov\u00e9ho lockdownu. Sou\u010d\u00e1st\u00ed v\u00fdstavy bude uveden\u00ed na\u0161\u00ed bibliofilie. V\u00fdstava bude otev\u0159ena dle otev\u00edrac\u00ed doby kina Vatra\u2026","rel":"","context":"V \u201eBibliofilie\u201c","block_context":{"text":"Bibliofilie","link":"https:\/\/kotrla.com\/pmpro\/category\/bibliofilie\/"},"img":{"alt_text":"Synonymum krajina","src":"https:\/\/i0.wp.com\/kotrla.com\/pmpro\/wp-content\/uploads\/2024\/04\/plakat_synonymum_krajina.jpg?resize=350%2C200&ssl=1","width":350,"height":200,"srcset":"https:\/\/i0.wp.com\/kotrla.com\/pmpro\/wp-content\/uploads\/2024\/04\/plakat_synonymum_krajina.jpg?resize=350%2C200&ssl=1 1x, https:\/\/i0.wp.com\/kotrla.com\/pmpro\/wp-content\/uploads\/2024\/04\/plakat_synonymum_krajina.jpg?resize=525%2C300&ssl=1 1.5x, https:\/\/i0.wp.com\/kotrla.com\/pmpro\/wp-content\/uploads\/2024\/04\/plakat_synonymum_krajina.jpg?resize=700%2C400&ssl=1 2x, https:\/\/i0.wp.com\/kotrla.com\/pmpro\/wp-content\/uploads\/2024\/04\/plakat_synonymum_krajina.jpg?resize=1050%2C600&ssl=1 3x, https:\/\/i0.wp.com\/kotrla.com\/pmpro\/wp-content\/uploads\/2024\/04\/plakat_synonymum_krajina.jpg?resize=1400%2C800&ssl=1 4x"},"classes":[]},{"id":11699,"url":"https:\/\/kotrla.com\/pmpro\/2024\/06\/synonymum-krajina-fotografie-z-uvedeni-a-vernisaze\/","url_meta":{"origin":12877,"position":3},"title":"Synonymum krajina &#8211; fotografie z uveden\u00ed a vernis\u00e1\u017ee","author":"Pavel Kotrla","date":"4.6.2024","format":false,"excerpt":"8. kv\u011btna jsme s Liborem So\u0161\u0165\u00e1kem uvedli v r\u00e1mci vernis\u00e1\u017ee jeho kreseb na\u0161i stejnojmennou bibliofilii Synonymum krajina vydanou m\u00fdm jednomu\u017en\u00fdm Klenovem. Fotky z vernis\u00e1\u017ee tentokr\u00e1t z m\u00e9ho apar\u00e1tu. Facebook v\u00e1m nab\u00eddne i ty z objektivu Radovana Koc\u00farka. V\u00fdstavu ve vset\u00ednsk\u00e9m kin\u011b Vatra m\u016f\u017eete nav\u0161t\u00edvit do 16. 6. Kniha nen\u00ed v\u2026","rel":"","context":"V \u201eBibliofilie\u201c","block_context":{"text":"Bibliofilie","link":"https:\/\/kotrla.com\/pmpro\/category\/bibliofilie\/"},"img":{"alt_text":"","src":"https:\/\/i0.wp.com\/kotrla.com\/pmpro\/wp-content\/uploads\/2024\/06\/synonymum_krajina_IMGP1991-150x150.jpg?resize=350%2C200&ssl=1","width":350,"height":200,"srcset":"https:\/\/i0.wp.com\/kotrla.com\/pmpro\/wp-content\/uploads\/2024\/06\/synonymum_krajina_IMGP1991-150x150.jpg?resize=350%2C200&ssl=1 1x, https:\/\/i0.wp.com\/kotrla.com\/pmpro\/wp-content\/uploads\/2024\/06\/synonymum_krajina_IMGP1991-150x150.jpg?resize=525%2C300&ssl=1 1.5x, https:\/\/i0.wp.com\/kotrla.com\/pmpro\/wp-content\/uploads\/2024\/06\/synonymum_krajina_IMGP1991-150x150.jpg?resize=700%2C400&ssl=1 2x, https:\/\/i0.wp.com\/kotrla.com\/pmpro\/wp-content\/uploads\/2024\/06\/synonymum_krajina_IMGP1991-150x150.jpg?resize=1050%2C600&ssl=1 3x, https:\/\/i0.wp.com\/kotrla.com\/pmpro\/wp-content\/uploads\/2024\/06\/synonymum_krajina_IMGP1991-150x150.jpg?resize=1400%2C800&ssl=1 4x"},"classes":[]},{"id":12645,"url":"https:\/\/kotrla.com\/pmpro\/2025\/04\/z-priprav-potizi-se-zenami\/","url_meta":{"origin":12877,"position":4},"title":"Z p\u0159\u00edprav Pot\u00ed\u017e\u00ed se \u017eenami","author":"Pavel Kotrla","date":"7.4.2025","format":false,"excerpt":"Nakouknout m\u016f\u017eete do ateli\u00e9ru Janyzapy.","rel":"","context":"V \u201eNakladatelstv\u00ed Klenov\u201c","block_context":{"text":"Nakladatelstv\u00ed Klenov","link":"https:\/\/kotrla.com\/pmpro\/category\/nakladatelstvi-klenov\/"},"img":{"alt_text":"","src":"https:\/\/i0.wp.com\/kotrla.com\/pmpro\/wp-content\/uploads\/2025\/04\/janazapaart_cz_20250407_cz.png?resize=350%2C200&ssl=1","width":350,"height":200,"srcset":"https:\/\/i0.wp.com\/kotrla.com\/pmpro\/wp-content\/uploads\/2025\/04\/janazapaart_cz_20250407_cz.png?resize=350%2C200&ssl=1 1x, https:\/\/i0.wp.com\/kotrla.com\/pmpro\/wp-content\/uploads\/2025\/04\/janazapaart_cz_20250407_cz.png?resize=525%2C300&ssl=1 1.5x, https:\/\/i0.wp.com\/kotrla.com\/pmpro\/wp-content\/uploads\/2025\/04\/janazapaart_cz_20250407_cz.png?resize=700%2C400&ssl=1 2x, https:\/\/i0.wp.com\/kotrla.com\/pmpro\/wp-content\/uploads\/2025\/04\/janazapaart_cz_20250407_cz.png?resize=1050%2C600&ssl=1 3x, https:\/\/i0.wp.com\/kotrla.com\/pmpro\/wp-content\/uploads\/2025\/04\/janazapaart_cz_20250407_cz.png?resize=1400%2C800&ssl=1 4x"},"classes":[]},{"id":11594,"url":"https:\/\/kotrla.com\/pmpro\/2024\/04\/jak-vznikala-nase-bibliofilie-synonymum-krajiny\/","url_meta":{"origin":12877,"position":5},"title":"Jak vznikala na\u0161e bibliofilie Synonymum krajiny","author":"Pavel Kotrla","date":"30.4.2024","format":false,"excerpt":"Spole\u010dn\u011b s Liborem So\u0161\u0165\u00e1kem jsme si ud\u011blali radost. Snad je na n\u00e1s vid\u011bt. Bibliofilii Synonymum krajina, kterou vydalo m\u00e9 jednomu\u017en\u00e9 nakladatelstv\u00ed Klenov, uvedeme ve st\u0159edu 8. kv\u011btna v 18:00 v r\u00e1mci stejnojmenn\u00e9 v\u00fdstavy Libora So\u0161\u0165\u00e1ka ve vset\u00ednsk\u00e9m kin\u011b Vatra. Prohl\u00e9dn\u011bte si, jak vznikala.","rel":"","context":"V \u201eBibliofilie\u201c","block_context":{"text":"Bibliofilie","link":"https:\/\/kotrla.com\/pmpro\/category\/bibliofilie\/"},"img":{"alt_text":"","src":"https:\/\/i0.wp.com\/kotrla.com\/pmpro\/wp-content\/uploads\/2024\/04\/synonymum_krajina_IMGP1637-150x150.jpg?resize=350%2C200&ssl=1","width":350,"height":200,"srcset":"https:\/\/i0.wp.com\/kotrla.com\/pmpro\/wp-content\/uploads\/2024\/04\/synonymum_krajina_IMGP1637-150x150.jpg?resize=350%2C200&ssl=1 1x, https:\/\/i0.wp.com\/kotrla.com\/pmpro\/wp-content\/uploads\/2024\/04\/synonymum_krajina_IMGP1637-150x150.jpg?resize=525%2C300&ssl=1 1.5x, https:\/\/i0.wp.com\/kotrla.com\/pmpro\/wp-content\/uploads\/2024\/04\/synonymum_krajina_IMGP1637-150x150.jpg?resize=700%2C400&ssl=1 2x, https:\/\/i0.wp.com\/kotrla.com\/pmpro\/wp-content\/uploads\/2024\/04\/synonymum_krajina_IMGP1637-150x150.jpg?resize=1050%2C600&ssl=1 3x, https:\/\/i0.wp.com\/kotrla.com\/pmpro\/wp-content\/uploads\/2024\/04\/synonymum_krajina_IMGP1637-150x150.jpg?resize=1400%2C800&ssl=1 4x"},"classes":[]}],"jetpack_sharing_enabled":true,"_links":{"self":[{"href":"https:\/\/kotrla.com\/pmpro\/wp-json\/wp\/v2\/posts\/12877","targetHints":{"allow":["GET"]}}],"collection":[{"href":"https:\/\/kotrla.com\/pmpro\/wp-json\/wp\/v2\/posts"}],"about":[{"href":"https:\/\/kotrla.com\/pmpro\/wp-json\/wp\/v2\/types\/post"}],"author":[{"embeddable":true,"href":"https:\/\/kotrla.com\/pmpro\/wp-json\/wp\/v2\/users\/1"}],"replies":[{"embeddable":true,"href":"https:\/\/kotrla.com\/pmpro\/wp-json\/wp\/v2\/comments?post=12877"}],"version-history":[{"count":0,"href":"https:\/\/kotrla.com\/pmpro\/wp-json\/wp\/v2\/posts\/12877\/revisions"}],"wp:attachment":[{"href":"https:\/\/kotrla.com\/pmpro\/wp-json\/wp\/v2\/media?parent=12877"}],"wp:term":[{"taxonomy":"category","embeddable":true,"href":"https:\/\/kotrla.com\/pmpro\/wp-json\/wp\/v2\/categories?post=12877"},{"taxonomy":"post_tag","embeddable":true,"href":"https:\/\/kotrla.com\/pmpro\/wp-json\/wp\/v2\/tags?post=12877"}],"curies":[{"name":"wp","href":"https:\/\/api.w.org\/{rel}","templated":true}]}}