{"id":12900,"date":"2025-06-10T10:34:30","date_gmt":"2025-06-10T09:34:30","guid":{"rendered":"https:\/\/kotrla.com\/pmpro\/?p=12900"},"modified":"2025-06-10T10:37:43","modified_gmt":"2025-06-10T09:37:43","slug":"fotografie-z-vecirku-nakladatelstvi-klenov","status":"publish","type":"post","link":"https:\/\/kotrla.com\/pmpro\/2025\/06\/fotografie-z-vecirku-nakladatelstvi-klenov\/","title":{"rendered":"Fotografie z ve\u010d\u00edrku nakladatelstv\u00ed Klenov"},"content":{"rendered":"<p>Fotografie z ve\u010d\u00edrku <a href=\"https:\/\/kotrla.com\/pmpro\/klenov\/\">Klenova<\/a> 5. 6. 2024 na Vset\u00edn\u011b, z autorsk\u00fdch \u010dten\u00ed, z uveden\u00ed nov\u00fdch knih, a t\u00e9\u017e z jedn\u00e9 oslavy narozenin. P\u0159\u00e1tel\u00e9, \u017ee bude a\u017e tak narv\u00e1no jsem netu\u0161il. D\u00edky v\u00e1m v\u0161em, co jste p\u0159i\u0161li! A je\u0161t\u011b jednou d\u00edky Hance \u0160karpov\u00e9, kter\u00e1 pro n\u00e1s bistro na Pan\u010dav\u011b po \u0161esti letech op\u011bt otev\u0159ela. (Opravdu to bylo u\u017e v roce 2019, co byl ve\u010d\u00edrek posledn\u00ed.) Spolku Vdolek za hudbu. Jakubovi Chrob\u00e1kovi, Ondrovi Hlo\u017ekovi, Mirku \u010cern\u00e9mu za \u010dten\u00ed a Zde\u0148ku Lys\u00e9mu za \u010dten\u00ed o ob\u010derstven\u00ed. \u010cetlo se, hudba hr\u00e1la, uv\u00e1d\u011blo se. Radost jsme m\u011bli. Dobr\u00e9 to bylo. Cel\u00e1 kolekce fotografi\u00ed pak <a href=\"https:\/\/www.facebook.com\/nakladatelstvi.klenov\/posts\/pfbid02sJFU3ifGy49ApdmNGi3pcK4ftZAWevqkS7rdUL27yAjgNZcQ8e3ZFpn3FrxbqFvul\">v p\u0159\u00edsp\u011bvku na profilu nakladatelstv\u00ed na Facebooku<\/a>.<\/p>\n<div id='gallery-1' class='gallery galleryid-12900 gallery-columns-3 gallery-size-thumbnail'><figure class='gallery-item'>\n\t\t\t<div class='gallery-icon landscape'>\n\t\t\t\t<a href='https:\/\/kotrla.com\/pmpro\/vecirek_klenova_imgp7648\/'><img loading=\"lazy\" decoding=\"async\" width=\"150\" height=\"150\" src=\"https:\/\/kotrla.com\/pmpro\/wp-content\/uploads\/2025\/06\/vecirek_klenova_IMGP7648-150x150.jpg\" class=\"attachment-thumbnail size-thumbnail\" alt=\"\" aria-describedby=\"gallery-1-12879\" \/><\/a>\n\t\t\t<\/div>\n\t\t\t\t<figcaption class='wp-caption-text gallery-caption' id='gallery-1-12879'>\n\t\t\t\tSpolek Vdolek\n\t\t\t\t<\/figcaption><\/figure><figure class='gallery-item'>\n\t\t\t<div class='gallery-icon landscape'>\n\t\t\t\t<a href='https:\/\/kotrla.com\/pmpro\/vecirek_klenova_imgp7652\/'><img loading=\"lazy\" decoding=\"async\" width=\"150\" height=\"150\" src=\"https:\/\/kotrla.com\/pmpro\/wp-content\/uploads\/2025\/06\/vecirek_klenova_IMGP7652-150x150.jpg\" class=\"attachment-thumbnail size-thumbnail\" alt=\"\" \/><\/a>\n\t\t\t<\/div><\/figure><figure class='gallery-item'>\n\t\t\t<div class='gallery-icon landscape'>\n\t\t\t\t<a href='https:\/\/kotrla.com\/pmpro\/vecirek_klenova_imgp7654\/'><img loading=\"lazy\" decoding=\"async\" width=\"150\" height=\"150\" src=\"https:\/\/kotrla.com\/pmpro\/wp-content\/uploads\/2025\/06\/vecirek_klenova_IMGP7654-150x150.jpg\" class=\"attachment-thumbnail size-thumbnail\" alt=\"\" \/><\/a>\n\t\t\t<\/div><\/figure><figure class='gallery-item'>\n\t\t\t<div class='gallery-icon landscape'>\n\t\t\t\t<a href='https:\/\/kotrla.com\/pmpro\/vecirek_klenova_imgp7695\/'><img loading=\"lazy\" decoding=\"async\" width=\"150\" height=\"150\" src=\"https:\/\/kotrla.com\/pmpro\/wp-content\/uploads\/2025\/06\/vecirek_klenova_IMGP7695-150x150.jpg\" class=\"attachment-thumbnail size-thumbnail\" alt=\"\" aria-describedby=\"gallery-1-12882\" \/><\/a>\n\t\t\t<\/div>\n\t\t\t\t<figcaption class='wp-caption-text gallery-caption' id='gallery-1-12882'>\n\t\t\t\tJakub Chrob\u00e1k\n\t\t\t\t<\/figcaption><\/figure><figure class='gallery-item'>\n\t\t\t<div class='gallery-icon landscape'>\n\t\t\t\t<a href='https:\/\/kotrla.com\/pmpro\/vecirek_klenova_imgp7701\/'><img loading=\"lazy\" decoding=\"async\" width=\"150\" height=\"150\" src=\"https:\/\/kotrla.com\/pmpro\/wp-content\/uploads\/2025\/06\/vecirek_klenova_IMGP7701-150x150.jpg\" class=\"attachment-thumbnail size-thumbnail\" alt=\"\" aria-describedby=\"gallery-1-12883\" \/><\/a>\n\t\t\t<\/div>\n\t\t\t\t<figcaption class='wp-caption-text gallery-caption' id='gallery-1-12883'>\n\t\t\t\tOnd\u0159ej Hlo\u017eek\n\t\t\t\t<\/figcaption><\/figure><figure class='gallery-item'>\n\t\t\t<div class='gallery-icon landscape'>\n\t\t\t\t<a href='https:\/\/kotrla.com\/pmpro\/vecirek_klenova_imgp7711\/'><img loading=\"lazy\" decoding=\"async\" width=\"150\" height=\"150\" src=\"https:\/\/kotrla.com\/pmpro\/wp-content\/uploads\/2025\/06\/vecirek_klenova_IMGP7711-150x150.jpg\" class=\"attachment-thumbnail size-thumbnail\" alt=\"\" aria-describedby=\"gallery-1-12884\" \/><\/a>\n\t\t\t<\/div>\n\t\t\t\t<figcaption class='wp-caption-text gallery-caption' id='gallery-1-12884'>\n\t\t\t\tMiroslav \u010cern\u00fd\n\t\t\t\t<\/figcaption><\/figure><figure class='gallery-item'>\n\t\t\t<div class='gallery-icon landscape'>\n\t\t\t\t<a href='https:\/\/kotrla.com\/pmpro\/vecirek_klenova_imgp7714\/'><img loading=\"lazy\" decoding=\"async\" width=\"150\" height=\"150\" src=\"https:\/\/kotrla.com\/pmpro\/wp-content\/uploads\/2025\/06\/vecirek_klenova_IMGP7714-150x150.jpg\" class=\"attachment-thumbnail size-thumbnail\" alt=\"\" \/><\/a>\n\t\t\t<\/div><\/figure><figure class='gallery-item'>\n\t\t\t<div class='gallery-icon landscape'>\n\t\t\t\t<a href='https:\/\/kotrla.com\/pmpro\/vecirek_klenova_imgp7716\/'><img loading=\"lazy\" decoding=\"async\" width=\"150\" height=\"150\" src=\"https:\/\/kotrla.com\/pmpro\/wp-content\/uploads\/2025\/06\/vecirek_klenova_IMGP7716-150x150.jpg\" class=\"attachment-thumbnail size-thumbnail\" alt=\"\" \/><\/a>\n\t\t\t<\/div><\/figure><figure class='gallery-item'>\n\t\t\t<div class='gallery-icon landscape'>\n\t\t\t\t<a href='https:\/\/kotrla.com\/pmpro\/vecirek_klenova_imgp7717\/'><img loading=\"lazy\" decoding=\"async\" width=\"150\" height=\"150\" src=\"https:\/\/kotrla.com\/pmpro\/wp-content\/uploads\/2025\/06\/vecirek_klenova_IMGP7717-150x150.jpg\" class=\"attachment-thumbnail size-thumbnail\" alt=\"\" \/><\/a>\n\t\t\t<\/div><\/figure><figure class='gallery-item'>\n\t\t\t<div class='gallery-icon landscape'>\n\t\t\t\t<a href='https:\/\/kotrla.com\/pmpro\/vecirek_klenova_imgp7726\/'><img loading=\"lazy\" decoding=\"async\" width=\"150\" height=\"150\" src=\"https:\/\/kotrla.com\/pmpro\/wp-content\/uploads\/2025\/06\/vecirek_klenova_IMGP7726-150x150.jpg\" class=\"attachment-thumbnail size-thumbnail\" alt=\"\" \/><\/a>\n\t\t\t<\/div><\/figure><figure class='gallery-item'>\n\t\t\t<div class='gallery-icon landscape'>\n\t\t\t\t<a href='https:\/\/kotrla.com\/pmpro\/2025\/06\/bibliofilie-potize-se-zenami-a-jeji-uvedeni\/vecirek_klenova_imgp7754\/'><img loading=\"lazy\" decoding=\"async\" width=\"150\" height=\"150\" src=\"https:\/\/kotrla.com\/pmpro\/wp-content\/uploads\/2025\/06\/vecirek_klenova_IMGP7754-150x150.jpg\" class=\"attachment-thumbnail size-thumbnail\" alt=\"\" aria-describedby=\"gallery-1-12890\" \/><\/a>\n\t\t\t<\/div>\n\t\t\t\t<figcaption class='wp-caption-text gallery-caption' id='gallery-1-12890'>\n\t\t\t\tUveden\u00ed bibliofilie Pot\u00ed\u017ee se \u017eenami (Janazapa, Pavel Kotrla a Libor So\u0161\u0165\u00e1k)\n\t\t\t\t<\/figcaption><\/figure><figure class='gallery-item'>\n\t\t\t<div class='gallery-icon landscape'>\n\t\t\t\t<a href='https:\/\/kotrla.com\/pmpro\/vecirek_klenova_imgp7796\/'><img loading=\"lazy\" decoding=\"async\" width=\"150\" height=\"150\" src=\"https:\/\/kotrla.com\/pmpro\/wp-content\/uploads\/2025\/06\/vecirek_klenova_IMGP7796-150x150.jpg\" class=\"attachment-thumbnail size-thumbnail\" alt=\"\" \/><\/a>\n\t\t\t<\/div><\/figure><figure class='gallery-item'>\n\t\t\t<div class='gallery-icon landscape'>\n\t\t\t\t<a href='https:\/\/kotrla.com\/pmpro\/vecirek_klenova_imgp7786\/'><img loading=\"lazy\" decoding=\"async\" width=\"150\" height=\"150\" src=\"https:\/\/kotrla.com\/pmpro\/wp-content\/uploads\/2025\/06\/vecirek_klenova_IMGP7786-150x150.jpg\" class=\"attachment-thumbnail size-thumbnail\" alt=\"\" aria-describedby=\"gallery-1-12902\" \/><\/a>\n\t\t\t<\/div>\n\t\t\t\t<figcaption class='wp-caption-text gallery-caption' id='gallery-1-12902'>\n\t\t\t\tZden\u011bk Lys\u00fd\n\t\t\t\t<\/figcaption><\/figure><figure class='gallery-item'>\n\t\t\t<div class='gallery-icon landscape'>\n\t\t\t\t<a href='https:\/\/kotrla.com\/pmpro\/vecirek_klenova_imgp7803\/'><img loading=\"lazy\" decoding=\"async\" width=\"150\" height=\"150\" src=\"https:\/\/kotrla.com\/pmpro\/wp-content\/uploads\/2025\/06\/vecirek_klenova_IMGP7803-150x150.jpg\" class=\"attachment-thumbnail size-thumbnail\" alt=\"\" aria-describedby=\"gallery-1-12892\" \/><\/a>\n\t\t\t<\/div>\n\t\t\t\t<figcaption class='wp-caption-text gallery-caption' id='gallery-1-12892'>\n\t\t\t\tPavel Kotrla a Zden\u011bk Lys\u00fd\n\t\t\t\t<\/figcaption><\/figure><figure class='gallery-item'>\n\t\t\t<div class='gallery-icon landscape'>\n\t\t\t\t<a href='https:\/\/kotrla.com\/pmpro\/vecirek_klenova_imgp7809\/'><img loading=\"lazy\" decoding=\"async\" width=\"150\" height=\"150\" src=\"https:\/\/kotrla.com\/pmpro\/wp-content\/uploads\/2025\/06\/vecirek_klenova_IMGP7809-150x150.jpg\" class=\"attachment-thumbnail size-thumbnail\" alt=\"\" \/><\/a>\n\t\t\t<\/div><\/figure><figure class='gallery-item'>\n\t\t\t<div class='gallery-icon landscape'>\n\t\t\t\t<a href='https:\/\/kotrla.com\/pmpro\/vecirek_klenova_imgp7814\/'><img loading=\"lazy\" decoding=\"async\" width=\"150\" height=\"150\" src=\"https:\/\/kotrla.com\/pmpro\/wp-content\/uploads\/2025\/06\/vecirek_klenova_IMGP7814-150x150.jpg\" class=\"attachment-thumbnail size-thumbnail\" alt=\"\" \/><\/a>\n\t\t\t<\/div><\/figure><figure class='gallery-item'>\n\t\t\t<div class='gallery-icon landscape'>\n\t\t\t\t<a href='https:\/\/kotrla.com\/pmpro\/vecirek_klenova_imgp7861\/'><img loading=\"lazy\" decoding=\"async\" width=\"150\" height=\"150\" src=\"https:\/\/kotrla.com\/pmpro\/wp-content\/uploads\/2025\/06\/vecirek_klenova_IMGP7861-150x150.jpg\" class=\"attachment-thumbnail size-thumbnail\" alt=\"\" \/><\/a>\n\t\t\t<\/div><\/figure><figure class='gallery-item'>\n\t\t\t<div class='gallery-icon landscape'>\n\t\t\t\t<a href='https:\/\/kotrla.com\/pmpro\/vecirek_klenova_imgp7885\/'><img loading=\"lazy\" decoding=\"async\" width=\"150\" height=\"150\" src=\"https:\/\/kotrla.com\/pmpro\/wp-content\/uploads\/2025\/06\/vecirek_klenova_IMGP7885-150x150.jpg\" class=\"attachment-thumbnail size-thumbnail\" alt=\"\" \/><\/a>\n\t\t\t<\/div><\/figure><figure class='gallery-item'>\n\t\t\t<div class='gallery-icon landscape'>\n\t\t\t\t<a href='https:\/\/kotrla.com\/pmpro\/vecirek_klenova_imgp7900\/'><img loading=\"lazy\" decoding=\"async\" width=\"150\" height=\"150\" src=\"https:\/\/kotrla.com\/pmpro\/wp-content\/uploads\/2025\/06\/vecirek_klenova_IMGP7900-150x150.jpg\" class=\"attachment-thumbnail size-thumbnail\" alt=\"\" \/><\/a>\n\t\t\t<\/div><\/figure><figure class='gallery-item'>\n\t\t\t<div class='gallery-icon landscape'>\n\t\t\t\t<a href='https:\/\/kotrla.com\/pmpro\/vecirek_klenova_imgp7920\/'><img loading=\"lazy\" decoding=\"async\" width=\"150\" height=\"150\" src=\"https:\/\/kotrla.com\/pmpro\/wp-content\/uploads\/2025\/06\/vecirek_klenova_IMGP7920-150x150.jpg\" class=\"attachment-thumbnail size-thumbnail\" alt=\"\" \/><\/a>\n\t\t\t<\/div><\/figure><figure class='gallery-item'>\n\t\t\t<div class='gallery-icon landscape'>\n\t\t\t\t<a href='https:\/\/kotrla.com\/pmpro\/vecirek_klenova_imgp7946\/'><img loading=\"lazy\" decoding=\"async\" width=\"150\" height=\"150\" src=\"https:\/\/kotrla.com\/pmpro\/wp-content\/uploads\/2025\/06\/vecirek_klenova_IMGP7946-150x150.jpg\" class=\"attachment-thumbnail size-thumbnail\" alt=\"\" aria-describedby=\"gallery-1-12899\" \/><\/a>\n\t\t\t<\/div>\n\t\t\t\t<figcaption class='wp-caption-text gallery-caption' id='gallery-1-12899'>\n\t\t\t\tJan \u017damboch\n\t\t\t\t<\/figcaption><\/figure>\n\t\t<\/div>\n\n","protected":false},"excerpt":{"rendered":"<p>Fotografie z ve\u010d\u00edrku Klenova 5. 6. 2024 na Vset\u00edn\u011b, z autorsk\u00fdch \u010dten\u00ed, z uveden\u00ed nov\u00fdch knih, a t\u00e9\u017e z jedn\u00e9 oslavy narozenin. P\u0159\u00e1tel\u00e9, \u017ee bude a\u017e tak narv\u00e1no jsem netu\u0161il. D\u00edky v\u00e1m v\u0161em, co jste p\u0159i\u0161li! A je\u0161t\u011b jednou d\u00edky Hance \u0160karpov\u00e9, kter\u00e1 pro n\u00e1s bistro na Pan\u010dav\u011b po \u0161esti letech op\u011bt otev\u0159ela. (Opravdu to [&hellip;]<\/p>\n","protected":false},"author":1,"featured_media":0,"comment_status":"open","ping_status":"open","sticky":false,"template":"","format":"standard","meta":{"site-sidebar-layout":"default","site-content-layout":"","ast-site-content-layout":"default","site-content-style":"default","site-sidebar-style":"default","ast-global-header-display":"","ast-banner-title-visibility":"","ast-main-header-display":"","ast-hfb-above-header-display":"","ast-hfb-below-header-display":"","ast-hfb-mobile-header-display":"","site-post-title":"","ast-breadcrumbs-content":"","ast-featured-img":"","footer-sml-layout":"","ast-disable-related-posts":"","theme-transparent-header-meta":"default","adv-header-id-meta":"","stick-header-meta":"","header-above-stick-meta":"","header-main-stick-meta":"","header-below-stick-meta":"","astra-migrate-meta-layouts":"set","ast-page-background-enabled":"default","ast-page-background-meta":{"desktop":{"background-color":"var(--ast-global-color-5)","background-image":"","background-repeat":"repeat","background-position":"center center","background-size":"auto","background-attachment":"scroll","background-type":"","background-media":"","overlay-type":"","overlay-color":"","overlay-opacity":"","overlay-gradient":""},"tablet":{"background-color":"","background-image":"","background-repeat":"repeat","background-position":"center center","background-size":"auto","background-attachment":"scroll","background-type":"","background-media":"","overlay-type":"","overlay-color":"","overlay-opacity":"","overlay-gradient":""},"mobile":{"background-color":"","background-image":"","background-repeat":"repeat","background-position":"center center","background-size":"auto","background-attachment":"scroll","background-type":"","background-media":"","overlay-type":"","overlay-color":"","overlay-opacity":"","overlay-gradient":""}},"ast-content-background-meta":{"desktop":{"background-color":"var(--ast-global-color-4)","background-image":"","background-repeat":"repeat","background-position":"center center","background-size":"auto","background-attachment":"scroll","background-type":"","background-media":"","overlay-type":"","overlay-color":"","overlay-opacity":"","overlay-gradient":""},"tablet":{"background-color":"var(--ast-global-color-4)","background-image":"","background-repeat":"repeat","background-position":"center center","background-size":"auto","background-attachment":"scroll","background-type":"","background-media":"","overlay-type":"","overlay-color":"","overlay-opacity":"","overlay-gradient":""},"mobile":{"background-color":"var(--ast-global-color-4)","background-image":"","background-repeat":"repeat","background-position":"center center","background-size":"auto","background-attachment":"scroll","background-type":"","background-media":"","overlay-type":"","overlay-color":"","overlay-opacity":"","overlay-gradient":""}},"jetpack_post_was_ever_published":false,"_jetpack_newsletter_access":"","_jetpack_dont_email_post_to_subs":false,"_jetpack_newsletter_tier_id":0,"_jetpack_memberships_contains_paywalled_content":false,"_jetpack_memberships_contains_paid_content":false,"footnotes":""},"categories":[7,19,2,57],"tags":[],"class_list":["post-12900","post","type-post","status-publish","format-standard","hentry","category-fotografie","category-knihy","category-literatura","category-nakladatelstvi-klenov"],"jetpack_featured_media_url":"","jetpack_shortlink":"https:\/\/wp.me\/p4mLP7-3m4","jetpack-related-posts":[{"id":3337,"url":"https:\/\/kotrla.com\/pmpro\/2017\/09\/kam-za-literaturou-podzim-2017\/","url_meta":{"origin":12900,"position":0},"title":"Kam za literaturou (podzim 2017)?","author":"Pavel Kotrla","date":"25.9.2017","format":false,"excerpt":"Bez n\u00e1rok\u016f na \u00faplnost, p\u0159ehled liter\u00e1rn\u00edch akci na Vala\u0161sku a v bl\u00edzk\u00e9m okol\u00ed. Na \u00favod tedy pozv\u00e1n\u00ed na jednu moji akci\u010dku, pak u\u017e v \u010dasov\u00e9 posloupnosti. JAK FILMOV\u00dd RE\u017dIS\u00c9R FRANTI\u0160EK \u010c\u00c1P K BESKYD\u00c1M A SLOVINSKU P\u0158I\u0160EL (BESEDY) 10. 10. 17 17:00, Spole\u010densk\u00fd s\u00e1l knihovny, Masarykova knihovna Vset\u00edn Komponovan\u00fd podve\u010der u\u2026","rel":"","context":"V \u201eLiteratura\u201c","block_context":{"text":"Literatura","link":"https:\/\/kotrla.com\/pmpro\/category\/literatura\/"},"img":{"alt_text":"","src":"","width":0,"height":0},"classes":[]},{"id":13593,"url":"https:\/\/kotrla.com\/pmpro\/2025\/11\/boleslavna-a-jine-narky-benedikta-zuzanika\/","url_meta":{"origin":12900,"position":1},"title":"Boleslavn\u00e1 a jin\u00e9 n\u00e1\u0159ky Benedikta Zuzan\u00edka","author":"Pavel Kotrla","date":"15.11.2025","format":false,"excerpt":"T\u0159et\u00ed listopadov\u00e1 z Klenova. B\u00e1snick\u00e1 sb\u00edrka Benedikta Zuzan\u00edka Boleslavn\u00e1 a jin\u00e9 n\u00e1\u0159ky. Vych\u00e1z\u00ed v limitovan\u00e9m n\u00e1kladu 50 kus\u016f a kniha nebude ve voln\u00e9 distribuci. Bude ale p\u0159edstavena na liter\u00e1rn\u00edm ve\u010d\u00edrku nakladatelstv\u00ed Klenov, kde si ji budete moci zakoupit.","rel":"","context":"V \u201eKnihy\u201c","block_context":{"text":"Knihy","link":"https:\/\/kotrla.com\/pmpro\/category\/knihy\/"},"img":{"alt_text":"","src":"https:\/\/i0.wp.com\/kotrla.com\/pmpro\/wp-content\/uploads\/2025\/11\/zuzanik_boleslavna_IMGP0990.jpg?resize=350%2C200&ssl=1","width":350,"height":200,"srcset":"https:\/\/i0.wp.com\/kotrla.com\/pmpro\/wp-content\/uploads\/2025\/11\/zuzanik_boleslavna_IMGP0990.jpg?resize=350%2C200&ssl=1 1x, https:\/\/i0.wp.com\/kotrla.com\/pmpro\/wp-content\/uploads\/2025\/11\/zuzanik_boleslavna_IMGP0990.jpg?resize=525%2C300&ssl=1 1.5x, https:\/\/i0.wp.com\/kotrla.com\/pmpro\/wp-content\/uploads\/2025\/11\/zuzanik_boleslavna_IMGP0990.jpg?resize=700%2C400&ssl=1 2x, https:\/\/i0.wp.com\/kotrla.com\/pmpro\/wp-content\/uploads\/2025\/11\/zuzanik_boleslavna_IMGP0990.jpg?resize=1050%2C600&ssl=1 3x, https:\/\/i0.wp.com\/kotrla.com\/pmpro\/wp-content\/uploads\/2025\/11\/zuzanik_boleslavna_IMGP0990.jpg?resize=1400%2C800&ssl=1 4x"},"classes":[]},{"id":3027,"url":"https:\/\/kotrla.com\/pmpro\/2016\/11\/j-h-krchovsky-krch-off-band\/","url_meta":{"origin":12900,"position":2},"title":"J. H. Krchovsk\u00fd &#038; Krch-off band","author":"Pavel Kotrla","date":"27.11.2016","format":false,"excerpt":"P\u00e1r fotek z 24. 11. z autorsk\u00e9ho \u010dten\u00ed a koncertu v M-klubu ve ValMezu, kter\u00fd uspo\u0159\u00e1dala Charita Vala\u0161sk\u00e9 Mezi\u0159\u00ed\u010d\u00ed u p\u0159\u00edle\u017eitosti Noci venku ve ValMezu. \u010cten\u00ed dobr\u00e9 \u2013 z posledn\u00ed knihy Tak je\u0161t\u011b jedno jaro tedy, koncert dobr\u00fd. I lid\u00e9 dorazili. Jen JHK pon\u011bkud nakva\u0161en\u00fd, proto\u017ee odposlech nebyl nejlep\u0161\u00ed. \u010cten\u00e1\u0159\u2026","rel":"","context":"V \u201eFotografie\u201c","block_context":{"text":"Fotografie","link":"https:\/\/kotrla.com\/pmpro\/category\/fotografie\/"},"img":{"alt_text":"","src":"https:\/\/i0.wp.com\/kotrla.com\/pmpro\/wp-content\/uploads\/2016\/11\/jhk_IMGP7810-150x150.jpg?resize=350%2C200&ssl=1","width":350,"height":200,"srcset":"https:\/\/i0.wp.com\/kotrla.com\/pmpro\/wp-content\/uploads\/2016\/11\/jhk_IMGP7810-150x150.jpg?resize=350%2C200&ssl=1 1x, https:\/\/i0.wp.com\/kotrla.com\/pmpro\/wp-content\/uploads\/2016\/11\/jhk_IMGP7810-150x150.jpg?resize=525%2C300&ssl=1 1.5x, https:\/\/i0.wp.com\/kotrla.com\/pmpro\/wp-content\/uploads\/2016\/11\/jhk_IMGP7810-150x150.jpg?resize=700%2C400&ssl=1 2x"},"classes":[]},{"id":3821,"url":"https:\/\/kotrla.com\/pmpro\/2018\/08\/popate-fotky-ze-vcerejsiho-cteni-na-strese\/","url_meta":{"origin":12900,"position":3},"title":"Pop\u00e1t\u00e9: fotky ze v\u010derej\u0161\u00edho \u010dten\u00ed na st\u0159e\u0161e","author":"Pavel Kotrla","date":"30.8.2018","format":false,"excerpt":"Po\u010das\u00ed op\u011bt p\u0159\u00e1lo a st\u0159echa byla pln\u00e1. O hudebn\u00ed doprovod se postarala Noca. A co se \u010detlo? \u00c1lvaro Enrigue \u2013 Dumbovo pero (\u010detl Pavel Ko\u0148a\u0159\u00edk) Pov\u00eddka Dumbovo pero poch\u00e1z\u00ed ze souboru Podchlazen\u00ed, kter\u00fd v p\u0159ekladu Michal Brabec, vydalo nakladatelstv\u00ed FRA v\u00a0roce 2014.\u00a0 Lucie Faulerov\u00e1 \u2013 Barulka (\u010detla D\u00e1\u0161a Pavlou\u0161kov\u00e1 )\u2026","rel":"","context":"V \u201eFotografie\u201c","block_context":{"text":"Fotografie","link":"https:\/\/kotrla.com\/pmpro\/category\/fotografie\/"},"img":{"alt_text":"Marie Davidov\u00e1","src":"https:\/\/i0.wp.com\/kotrla.com\/pmpro\/wp-content\/uploads\/2018\/08\/marie_davidova_IMGP5715.jpg?resize=350%2C200&ssl=1","width":350,"height":200,"srcset":"https:\/\/i0.wp.com\/kotrla.com\/pmpro\/wp-content\/uploads\/2018\/08\/marie_davidova_IMGP5715.jpg?resize=350%2C200&ssl=1 1x, https:\/\/i0.wp.com\/kotrla.com\/pmpro\/wp-content\/uploads\/2018\/08\/marie_davidova_IMGP5715.jpg?resize=525%2C300&ssl=1 1.5x, https:\/\/i0.wp.com\/kotrla.com\/pmpro\/wp-content\/uploads\/2018\/08\/marie_davidova_IMGP5715.jpg?resize=700%2C400&ssl=1 2x, https:\/\/i0.wp.com\/kotrla.com\/pmpro\/wp-content\/uploads\/2018\/08\/marie_davidova_IMGP5715.jpg?resize=1050%2C600&ssl=1 3x, https:\/\/i0.wp.com\/kotrla.com\/pmpro\/wp-content\/uploads\/2018\/08\/marie_davidova_IMGP5715.jpg?resize=1400%2C800&ssl=1 4x"},"classes":[]},{"id":11077,"url":"https:\/\/kotrla.com\/pmpro\/2023\/11\/z-uvedeni-knihy-rajko-grlice\/","url_meta":{"origin":12900,"position":4},"title":"Z uveden\u00ed knihy Rajko Grli\u0107e","author":"Pavel Kotrla","date":"28.11.2023","format":false,"excerpt":"V sobotu 25. listopadu jsme p\u0159ed pln\u00fdm s\u00e1lem pra\u017esk\u00e9ho kina P\u0159\u00edtomnost za p\u0159\u00edtomnosti chorvatsk\u00e9 velvyslankyn\u011b Ljiljany Pancirov do sv\u011bta uvedli Neodvypr\u00e1v\u011bn\u00e9 p\u0159\u00edb\u011bhy Rajko Grli\u0107e, vydan\u00e9 m\u00fdm jednomu\u017en\u00fdm Klenovem. Tak\u017ee je\u0161t\u011b jednou d\u00edky Milanovi Kosteln\u00edkovi, Jakubu Novosadovi, Martinovi Luk\u00e1\u0161ovi a Marii Bare\u0161ov\u00e9, kte\u0159\u00ed se na vzniku knihy spolupod\u00edleli. \u00a0","rel":"","context":"V \u201eKnihy\u201c","block_context":{"text":"Knihy","link":"https:\/\/kotrla.com\/pmpro\/category\/knihy\/"},"img":{"alt_text":"","src":"https:\/\/i0.wp.com\/kotrla.com\/pmpro\/wp-content\/uploads\/2023\/11\/grlic_uvedeni_IMGP0668-150x150.jpg?resize=350%2C200&ssl=1","width":350,"height":200,"srcset":"https:\/\/i0.wp.com\/kotrla.com\/pmpro\/wp-content\/uploads\/2023\/11\/grlic_uvedeni_IMGP0668-150x150.jpg?resize=350%2C200&ssl=1 1x, https:\/\/i0.wp.com\/kotrla.com\/pmpro\/wp-content\/uploads\/2023\/11\/grlic_uvedeni_IMGP0668-150x150.jpg?resize=525%2C300&ssl=1 1.5x, https:\/\/i0.wp.com\/kotrla.com\/pmpro\/wp-content\/uploads\/2023\/11\/grlic_uvedeni_IMGP0668-150x150.jpg?resize=700%2C400&ssl=1 2x, https:\/\/i0.wp.com\/kotrla.com\/pmpro\/wp-content\/uploads\/2023\/11\/grlic_uvedeni_IMGP0668-150x150.jpg?resize=1050%2C600&ssl=1 3x, https:\/\/i0.wp.com\/kotrla.com\/pmpro\/wp-content\/uploads\/2023\/11\/grlic_uvedeni_IMGP0668-150x150.jpg?resize=1400%2C800&ssl=1 4x"},"classes":[]},{"id":1226,"url":"https:\/\/kotrla.com\/pmpro\/2003\/09\/cteni-do-kapsy\/","url_meta":{"origin":12900,"position":5},"title":"\u010cten\u00ed do kapsy","author":"Pavel Kotrla","date":"12.9.2003","format":false,"excerpt":"M\u00e1m to \u0161t\u011bst\u00ed, \u017ee d\u00edky laskavosti autor\u016f Pavla Jan\u00e1\u010dka a Michala Jare\u0161e si mohu listovat v publikaci Sv\u011bt rodokapsu, kterou vydalo nakladatelstv\u00ed Karolinum. Jedn\u00e1 se o 450 stran siln\u00fd komentovan\u00fd soupis se\u0161itov\u00fdch rom\u00e1nov\u00fdch edic 30. a 40. let 20. stolet\u00ed, jak zn\u00ed podtitul knihy. U\u017eite\u010dn\u00fd a chv\u00e1lyhodn\u00fd po\u010din. Sv\u011bd\u010d\u00ed p\u0159inejmen\u0161\u00edm\u2026","rel":"","context":"V \u201eNeza\u0159azen\u00e9\u201c","block_context":{"text":"Neza\u0159azen\u00e9","link":"https:\/\/kotrla.com\/pmpro\/category\/nezarazene\/"},"img":{"alt_text":"","src":"","width":0,"height":0},"classes":[]}],"jetpack_sharing_enabled":true,"_links":{"self":[{"href":"https:\/\/kotrla.com\/pmpro\/wp-json\/wp\/v2\/posts\/12900","targetHints":{"allow":["GET"]}}],"collection":[{"href":"https:\/\/kotrla.com\/pmpro\/wp-json\/wp\/v2\/posts"}],"about":[{"href":"https:\/\/kotrla.com\/pmpro\/wp-json\/wp\/v2\/types\/post"}],"author":[{"embeddable":true,"href":"https:\/\/kotrla.com\/pmpro\/wp-json\/wp\/v2\/users\/1"}],"replies":[{"embeddable":true,"href":"https:\/\/kotrla.com\/pmpro\/wp-json\/wp\/v2\/comments?post=12900"}],"version-history":[{"count":0,"href":"https:\/\/kotrla.com\/pmpro\/wp-json\/wp\/v2\/posts\/12900\/revisions"}],"wp:attachment":[{"href":"https:\/\/kotrla.com\/pmpro\/wp-json\/wp\/v2\/media?parent=12900"}],"wp:term":[{"taxonomy":"category","embeddable":true,"href":"https:\/\/kotrla.com\/pmpro\/wp-json\/wp\/v2\/categories?post=12900"},{"taxonomy":"post_tag","embeddable":true,"href":"https:\/\/kotrla.com\/pmpro\/wp-json\/wp\/v2\/tags?post=12900"}],"curies":[{"name":"wp","href":"https:\/\/api.w.org\/{rel}","templated":true}]}}