{"id":1292,"date":"2003-07-11T13:30:57","date_gmt":"2003-07-11T12:30:57","guid":{"rendered":"http:\/\/kotrla.com\/wordpress\/?p=1292"},"modified":"2019-11-20T22:24:47","modified_gmt":"2019-11-20T21:24:47","slug":"dokoran-c-26","status":"publish","type":"post","link":"https:\/\/kotrla.com\/pmpro\/2003\/07\/dokoran-c-26\/","title":{"rendered":"Doko\u0159\u00e1n \u010d. 26"},"content":{"rendered":"<p><b>Doko\u0159\u00e1n<\/b> je zpravodaj <a href=\"http:\/\/www.obecspisovatelu.cz\">Obce spisovatel\u016f<\/a>. Pro jeho posledn\u00ed \u010d\u00edslo se mnou po\u0159\u00eddil rozhovor Anton\u00edn Bajaja. Navigace na str\u00e1nk\u00e1ch zpravodaje je sice trochu neobvykl\u00e1, ale hledan\u00e9 se d\u00e1 naj\u00edt. <\/p>\n<p>Doko\u0159\u00e1n \u010d. 26: obsah >> <a href=\"http:\/\/www.obecspisovatelu.cz\/dokoran26_obsah.htm\">http:\/\/www.obecspisovatelu.cz\/dokoran26_obsah.htm<\/a><\/p>\n","protected":false},"excerpt":{"rendered":"<p>Doko\u0159\u00e1n je zpravodaj Obce spisovatel\u016f. Pro jeho posledn\u00ed \u010d\u00edslo se mnou po\u0159\u00eddil rozhovor Anton\u00edn Bajaja. Navigace na str\u00e1nk\u00e1ch zpravodaje je sice trochu neobvykl\u00e1, ale hledan\u00e9 se d\u00e1 naj\u00edt. Doko\u0159\u00e1n \u010d. 26: obsah >> http:\/\/www.obecspisovatelu.cz\/dokoran26_obsah.htm<\/p>\n","protected":false},"author":1,"featured_media":0,"comment_status":"open","ping_status":"open","sticky":false,"template":"","format":"standard","meta":{"site-sidebar-layout":"default","site-content-layout":"","ast-site-content-layout":"default","site-content-style":"default","site-sidebar-style":"default","ast-global-header-display":"","ast-banner-title-visibility":"","ast-main-header-display":"","ast-hfb-above-header-display":"","ast-hfb-below-header-display":"","ast-hfb-mobile-header-display":"","site-post-title":"","ast-breadcrumbs-content":"","ast-featured-img":"","footer-sml-layout":"","ast-disable-related-posts":"","theme-transparent-header-meta":"","adv-header-id-meta":"","stick-header-meta":"","header-above-stick-meta":"","header-main-stick-meta":"","header-below-stick-meta":"","astra-migrate-meta-layouts":"default","ast-page-background-enabled":"default","ast-page-background-meta":{"desktop":{"background-color":"var(--ast-global-color-5)","background-image":"","background-repeat":"repeat","background-position":"center center","background-size":"auto","background-attachment":"scroll","background-type":"","background-media":"","overlay-type":"","overlay-color":"","overlay-opacity":"","overlay-gradient":""},"tablet":{"background-color":"","background-image":"","background-repeat":"repeat","background-position":"center center","background-size":"auto","background-attachment":"scroll","background-type":"","background-media":"","overlay-type":"","overlay-color":"","overlay-opacity":"","overlay-gradient":""},"mobile":{"background-color":"","background-image":"","background-repeat":"repeat","background-position":"center center","background-size":"auto","background-attachment":"scroll","background-type":"","background-media":"","overlay-type":"","overlay-color":"","overlay-opacity":"","overlay-gradient":""}},"ast-content-background-meta":{"desktop":{"background-color":"var(--ast-global-color-4)","background-image":"","background-repeat":"repeat","background-position":"center center","background-size":"auto","background-attachment":"scroll","background-type":"","background-media":"","overlay-type":"","overlay-color":"","overlay-opacity":"","overlay-gradient":""},"tablet":{"background-color":"var(--ast-global-color-4)","background-image":"","background-repeat":"repeat","background-position":"center center","background-size":"auto","background-attachment":"scroll","background-type":"","background-media":"","overlay-type":"","overlay-color":"","overlay-opacity":"","overlay-gradient":""},"mobile":{"background-color":"var(--ast-global-color-4)","background-image":"","background-repeat":"repeat","background-position":"center center","background-size":"auto","background-attachment":"scroll","background-type":"","background-media":"","overlay-type":"","overlay-color":"","overlay-opacity":"","overlay-gradient":""}},"jetpack_post_was_ever_published":false,"_jetpack_newsletter_access":"","_jetpack_dont_email_post_to_subs":false,"_jetpack_newsletter_tier_id":0,"_jetpack_memberships_contains_paywalled_content":false,"_jetpack_memberships_contains_paid_content":false,"footnotes":""},"categories":[1],"tags":[],"class_list":["post-1292","post","type-post","status-publish","format-standard","hentry","category-nezarazene"],"jetpack_featured_media_url":"","jetpack_shortlink":"https:\/\/wp.me\/p4mLP7-kQ","jetpack-related-posts":[{"id":844,"url":"https:\/\/kotrla.com\/pmpro\/2005\/01\/stari-dobri-guillaume-apollinaire-lxvii\/","url_meta":{"origin":1292,"position":0},"title":"STA\u0158\u00cd DOB\u0158\u00cd: Guillaume Apollinaire (LXVII.)","author":"Pavel Kotrla","date":"9.1.2005","format":false,"excerpt":"VZPOM\u00cdNKA \u00a0\u00a0Dv\u011b \u010derno\u0161sk\u00e1 jezera \u00a0\u00a0\u00a0\u00a0Mezi lesem \u00a0\u00a0\u00a0\u00a0\u00a0\u00a0A ko\u0161il\u00ed schnouc\u00ed na slunci \u00dasta doko\u0159\u00e1n nad harmoniem Byl to hlas ze sam\u00fdch o\u010d\u00ed Zat\u00edmco on t\u00e1hne za sebou mal\u00e9 lidi\u010dky Drobounk\u00e1 sta\u0159ena se \u0161pi\u010dat\u00fdm nosem Podivuje se va\u0159i\u010di mod\u0159e smaltovan\u00e9mu Ale krysa vnikla do mrtvoly a neh\u00fdb\u00e1 se z n\u00ed P\u00e1n s\u2026","rel":"","context":"V \u201eSta\u0159\u00ed dob\u0159\u00ed\u201c","block_context":{"text":"Sta\u0159\u00ed dob\u0159\u00ed","link":"https:\/\/kotrla.com\/pmpro\/category\/stari-dobri\/"},"img":{"alt_text":"","src":"","width":0,"height":0},"classes":[]},{"id":1049,"url":"https:\/\/kotrla.com\/pmpro\/2004\/03\/stari-dobri-frantisek-halas-xxx\/","url_meta":{"origin":1292,"position":1},"title":"STA\u0158\u00cd DOB\u0158\u00cd: Franti\u0161ek Halas (XXX.)","author":"Pavel Kotrla","date":"21.3.2004","format":false,"excerpt":"Ve \u010dtvrtek se mi poda\u0159il n\u00e1hodou koupit v antikvari\u00e1tu prvn\u00ed vyd\u00e1n\u00ed Halasovy sb\u00edrky Doko\u0159\u00e1n (1936, Praha: Melantrich), ve kter\u00e9 je n\u011bkolik autorov\u00fdch d\u016fle\u017eit\u00fdch text\u016f, a to i b\u00e1sn\u00edkov\u00fdm podpisem. Za pouh\u00fdch 10 K\u010d. :) Dne\u0161n\u00ed uk\u00e1zka je tedy z t\u00e9to knihy. MELANCHOLIE And\u011bl byl ji\u017e u konce \u010disto\u010dist\u00e1 jeho k\u0159\u00eddla\u2026","rel":"","context":"V \u201eSta\u0159\u00ed dob\u0159\u00ed\u201c","block_context":{"text":"Sta\u0159\u00ed dob\u0159\u00ed","link":"https:\/\/kotrla.com\/pmpro\/category\/stari-dobri\/"},"img":{"alt_text":"","src":"","width":0,"height":0},"classes":[]},{"id":290,"url":"https:\/\/kotrla.com\/pmpro\/2009\/03\/stari-dobri-gennadij-ajgi-cxxiii\/","url_meta":{"origin":1292,"position":2},"title":"STA\u0158\u00cd DOB\u0158\u00cd: Gennadij Ajgi (CXXIII.)","author":"Pavel Kotrla","date":"8.3.2009","format":false,"excerpt":"B\u00e1sn\u00edk a p\u0159ekladatel \u010duva\u0161sk\u00e9ho p\u016fvodu (1934 - 2006). Od roku 1960 v\u0161ak psal rusky. \u010cesky jsme se s jeho tvorbou mohli sezn\u00e1mit ji\u017e v roce 1963 d\u00edky svazku Mlad\u00e1 sov\u011btsk\u00e1 poezie, ze kter\u00e9ho uk\u00e1zka je vybr\u00e1na. Laure\u00e1t ceny Andrej B\u011bl\u00e9ho, prvn\u00ed laure\u00e1t Pasternakovy ceny. na rozlou\u010denou \u00f3 vid\u00edm t\u011b jak\u2026","rel":"","context":"V \u201eSta\u0159\u00ed dob\u0159\u00ed\u201c","block_context":{"text":"Sta\u0159\u00ed dob\u0159\u00ed","link":"https:\/\/kotrla.com\/pmpro\/category\/stari-dobri\/"},"img":{"alt_text":"P\u0159evzato z galerie portr\u00e9tu rusk\u00fdch spisovatel\u016f","src":"https:\/\/i0.wp.com\/kotrla.com\/pmpro\/images\/uploads\/c23795-aigi05.jpg?resize=350%2C200&ssl=1","width":350,"height":200},"classes":[]},{"id":36,"url":"https:\/\/kotrla.com\/pmpro\/2013\/06\/k-vs-k\/","url_meta":{"origin":1292,"position":3},"title":"K. vs. K.","author":"Pavel Kotrla","date":"13.6.2013","format":false,"excerpt":"V minul\u00e9m p\u0159\u00edsp\u011bvku jsem p\u016fvodn\u011b cht\u011bl tak\u00e9 p\u0159ipsat, kdy\u017e jsem zahl\u00e9d v tir\u00e1\u017ei, \u017ee Romboid vyd\u00e1va Asoci\u00e1cia organiz\u00e1ci\u00ed spisovate\u013eov Slovenska, \u017ee je to ten typ \u010dasopisu, kter\u00fd si dovedu p\u0159edstavit, \u017ee by mohl b\u00fdt vyd\u00e1v\u00e1n Obc\u00ed spisovatel\u016f i u n\u00e1s. To mne donutilo, po fakt dlouh\u00e9m \u010dase, pod\u00edvat se na\u2026","rel":"","context":"V \u201eLiteratura\u201c","block_context":{"text":"Literatura","link":"https:\/\/kotrla.com\/pmpro\/category\/literatura\/"},"img":{"alt_text":"","src":"","width":0,"height":0},"classes":[]},{"id":1388,"url":"https:\/\/kotrla.com\/pmpro\/2003\/03\/me-sliby-a-michail-baru\/","url_meta":{"origin":1292,"position":4},"title":"M\u00e9 sliby a Michail Baru","author":"Pavel Kotrla","date":"21.3.2003","format":false,"excerpt":"Tak jsem za\u010dal plnit jeden z p\u0159ed \u010dasem dan\u00fdch slib\u016f. Tento jsem dal rusk\u00e9mu b\u00e1sn\u00edku a chemikovi Michailu Baru, kter\u00e9 mi zaslal sv\u00e9 knihy. P\u0159ekvapen\u00edm pro mne bylo, \u017ee nakladatelstv\u00ed Heligon Plus je vydalo pomoc\u00ed\u00a0 Print-on-demand. Tisk na vy\u017e\u00e1d\u00e1n\u00ed. V \u010desk\u00fdch zem\u00edch se o tomto sice v\u00ed, ale nev\u00edm, \u017ee\u2026","rel":"","context":"V \u201eP\u0159eklady\u201c","block_context":{"text":"P\u0159eklady","link":"https:\/\/kotrla.com\/pmpro\/category\/preklady\/"},"img":{"alt_text":"","src":"","width":0,"height":0},"classes":[]},{"id":1336,"url":"https:\/\/kotrla.com\/pmpro\/2003\/05\/zlinsky-festival\/","url_meta":{"origin":1292,"position":5},"title":"Zl\u00ednsk\u00fd festival","author":"Pavel Kotrla","date":"29.5.2003","format":false,"excerpt":"Sl\u00edben\u00e9 sice plat\u00ed sto rok\u016f, jak se \u0159\u00edk\u00e1, ale p\u0159ece jenom jsem se dokopal k n\u00e1sleduj\u00edc\u00edm \u0159\u00e1dk\u016fm. Nejsem velk\u00fd p\u0159\u00edtel hromadn\u00fdch akc\u00ed. Tak jedna, dv\u011b v pr\u016fb\u011bhu roku \u00fapln\u011b sta\u010d\u00ed k potla\u010den\u00ed m\u00e9ho nad\u0161en\u00ed. Nic na tom nezm\u011bnil ani vyda\u0159en\u00fd festival ve Zl\u00edn\u011b. Dva dny \u00fapln\u011b sta\u010dily. Nev\u00edm, jestli dopoledn\u00ed\u2026","rel":"","context":"V \u201eNeza\u0159azen\u00e9\u201c","block_context":{"text":"Neza\u0159azen\u00e9","link":"https:\/\/kotrla.com\/pmpro\/category\/nezarazene\/"},"img":{"alt_text":"Kotrla - Hrabal","src":"https:\/\/i0.wp.com\/kotrla.com\/pmpro\/images\/uploads\/kotrla_hrabal.jpg?resize=350%2C200&ssl=1","width":350,"height":200},"classes":[]}],"jetpack_sharing_enabled":true,"_links":{"self":[{"href":"https:\/\/kotrla.com\/pmpro\/wp-json\/wp\/v2\/posts\/1292","targetHints":{"allow":["GET"]}}],"collection":[{"href":"https:\/\/kotrla.com\/pmpro\/wp-json\/wp\/v2\/posts"}],"about":[{"href":"https:\/\/kotrla.com\/pmpro\/wp-json\/wp\/v2\/types\/post"}],"author":[{"embeddable":true,"href":"https:\/\/kotrla.com\/pmpro\/wp-json\/wp\/v2\/users\/1"}],"replies":[{"embeddable":true,"href":"https:\/\/kotrla.com\/pmpro\/wp-json\/wp\/v2\/comments?post=1292"}],"version-history":[{"count":0,"href":"https:\/\/kotrla.com\/pmpro\/wp-json\/wp\/v2\/posts\/1292\/revisions"}],"wp:attachment":[{"href":"https:\/\/kotrla.com\/pmpro\/wp-json\/wp\/v2\/media?parent=1292"}],"wp:term":[{"taxonomy":"category","embeddable":true,"href":"https:\/\/kotrla.com\/pmpro\/wp-json\/wp\/v2\/categories?post=1292"},{"taxonomy":"post_tag","embeddable":true,"href":"https:\/\/kotrla.com\/pmpro\/wp-json\/wp\/v2\/tags?post=1292"}],"curies":[{"name":"wp","href":"https:\/\/api.w.org\/{rel}","templated":true}]}}