{"id":12921,"date":"2025-06-11T08:53:53","date_gmt":"2025-06-11T07:53:53","guid":{"rendered":"https:\/\/kotrla.com\/pmpro\/?p=12921"},"modified":"2025-06-11T08:53:53","modified_gmt":"2025-06-11T07:53:53","slug":"potkejme-se-na-farafestu-v-huslenkach","status":"publish","type":"post","link":"https:\/\/kotrla.com\/pmpro\/2025\/06\/potkejme-se-na-farafestu-v-huslenkach\/","title":{"rendered":"Potkejme se na Farafestu v Huslenk\u00e1ch"},"content":{"rendered":"<p>Se mnou se m\u016f\u017eete potkat na festivalu v p\u00e1tek, v r\u00e1mci poeticko-hudebn\u00edho ve\u010dera.<\/p>\n<p><strong>FARAFEST: Multi\u017e\u00e1nrov\u00fd festival v srdci Vala\u0161ska<\/strong> (<a href=\"http:\/\/huslenky.cz\">Huslenky<\/a>)<br \/>\n8.-10. srpna 2025<br \/>\nStr\u00e1nky akce na Facebooku <a href=\"https:\/\/fb.me\/e\/JdxlNKbuL\">https:\/\/fb.me\/e\/JdxlNKbuL<\/a><\/p>\n<p><a href=\"https:\/\/kotrla.com\/pmpro\/wp-content\/uploads\/2025\/06\/farafest_huslenky_2025.jpg\"><img loading=\"lazy\" decoding=\"async\" class=\"alignnone wp-image-12920 size-full\" src=\"https:\/\/kotrla.com\/pmpro\/wp-content\/uploads\/2025\/06\/farafest_huslenky_2025.jpg\" alt=\"\" width=\"1600\" height=\"582\" srcset=\"https:\/\/kotrla.com\/pmpro\/wp-content\/uploads\/2025\/06\/farafest_huslenky_2025.jpg 1600w, https:\/\/kotrla.com\/pmpro\/wp-content\/uploads\/2025\/06\/farafest_huslenky_2025-300x109.jpg 300w, https:\/\/kotrla.com\/pmpro\/wp-content\/uploads\/2025\/06\/farafest_huslenky_2025-1024x372.jpg 1024w, https:\/\/kotrla.com\/pmpro\/wp-content\/uploads\/2025\/06\/farafest_huslenky_2025-1536x559.jpg 1536w\" sizes=\"auto, (max-width: 1600px) 100vw, 1600px\" \/><\/a><\/p>\n<p>Program<\/p>\n<p>P\u00e1tek 8. 8.<br \/>\n18:00 \u2013 22:00 Poeticko-hudebn\u00ed ve\u010der na fa\u0159e<br \/>\n18:00 \u2013 20:00 b\u00e1sn\u00edci Pavel Kotrla, Marie \u0160\u0165astn\u00e1, Ji\u0159\u00ed Pal\u00e1n<br \/>\n20:00 \u2013 21:00 Gad\u017ee<br \/>\n21:00 \u2013 22:00 Duo Morgan (D\u011bti kapit\u00e1na Morgana)<br \/>\nDoprovodn\u00fd program &#8211; v\u00fdstava fotografi\u00ed Vojt\u011bcha Zikmunda<\/p>\n<p>Sobota 9. 8.<br \/>\n10:00 \u2013 16:00 v kostele a na farn\u00ed zahrad\u011b<br \/>\n10:00 Divadlo Mechulal\u00e1ci<br \/>\n11:30 \u2013 13:00 pauza na ob\u011bd<br \/>\nDoprovodn\u00fd program \u2013 prohl\u00eddka v\u011b\u017ee kostela<br \/>\n13:00 \u2013 14:15 Martin \u010cmel\u00edk<br \/>\n14:30 \u2013 16:00 spolek VDOLEK<br \/>\nOd 17:00 Na Rybn\u00ed\u010dku<br \/>\n17:00 \u2013 18:00 F\u010deli\u010dky<br \/>\n18:30 \u2013 19:30 Reggay<br \/>\n20:00 \u2013 22:00 U\u017e jsme doma<br \/>\n22:30 \u2013 24:00 Wa\u0165\u00e1k<\/p>\n<p>Ned\u011ble 10.8.<br \/>\nSn\u00eddan\u011b p\u0159e\u017eiv\u0161\u00edch<br \/>\n10:00 \u2013 Festivalov\u00e9 bohoslu\u017eby v evangelick\u00e9m kostele v Huslenk\u00e1ch<\/p>\n","protected":false},"excerpt":{"rendered":"<p>Se mnou se m\u016f\u017eete potkat na festivalu v p\u00e1tek, v r\u00e1mci poeticko-hudebn\u00edho ve\u010dera. FARAFEST: Multi\u017e\u00e1nrov\u00fd festival v srdci Vala\u0161ska (Huslenky) 8.-10. srpna 2025 Str\u00e1nky akce na Facebooku https:\/\/fb.me\/e\/JdxlNKbuL Program P\u00e1tek 8. 8. 18:00 \u2013 22:00 Poeticko-hudebn\u00ed ve\u010der na fa\u0159e 18:00 \u2013 20:00 b\u00e1sn\u00edci Pavel Kotrla, Marie \u0160\u0165astn\u00e1, Ji\u0159\u00ed Pal\u00e1n 20:00 \u2013 21:00 Gad\u017ee 21:00 \u2013 [&hellip;]<\/p>\n","protected":false},"author":1,"featured_media":0,"comment_status":"open","ping_status":"open","sticky":false,"template":"","format":"standard","meta":{"site-sidebar-layout":"default","site-content-layout":"","ast-site-content-layout":"default","site-content-style":"default","site-sidebar-style":"default","ast-global-header-display":"","ast-banner-title-visibility":"","ast-main-header-display":"","ast-hfb-above-header-display":"","ast-hfb-below-header-display":"","ast-hfb-mobile-header-display":"","site-post-title":"","ast-breadcrumbs-content":"","ast-featured-img":"","footer-sml-layout":"","ast-disable-related-posts":"","theme-transparent-header-meta":"default","adv-header-id-meta":"","stick-header-meta":"","header-above-stick-meta":"","header-main-stick-meta":"","header-below-stick-meta":"","astra-migrate-meta-layouts":"set","ast-page-background-enabled":"default","ast-page-background-meta":{"desktop":{"background-color":"var(--ast-global-color-5)","background-image":"","background-repeat":"repeat","background-position":"center center","background-size":"auto","background-attachment":"scroll","background-type":"","background-media":"","overlay-type":"","overlay-color":"","overlay-opacity":"","overlay-gradient":""},"tablet":{"background-color":"","background-image":"","background-repeat":"repeat","background-position":"center center","background-size":"auto","background-attachment":"scroll","background-type":"","background-media":"","overlay-type":"","overlay-color":"","overlay-opacity":"","overlay-gradient":""},"mobile":{"background-color":"","background-image":"","background-repeat":"repeat","background-position":"center center","background-size":"auto","background-attachment":"scroll","background-type":"","background-media":"","overlay-type":"","overlay-color":"","overlay-opacity":"","overlay-gradient":""}},"ast-content-background-meta":{"desktop":{"background-color":"var(--ast-global-color-4)","background-image":"","background-repeat":"repeat","background-position":"center center","background-size":"auto","background-attachment":"scroll","background-type":"","background-media":"","overlay-type":"","overlay-color":"","overlay-opacity":"","overlay-gradient":""},"tablet":{"background-color":"var(--ast-global-color-4)","background-image":"","background-repeat":"repeat","background-position":"center center","background-size":"auto","background-attachment":"scroll","background-type":"","background-media":"","overlay-type":"","overlay-color":"","overlay-opacity":"","overlay-gradient":""},"mobile":{"background-color":"var(--ast-global-color-4)","background-image":"","background-repeat":"repeat","background-position":"center center","background-size":"auto","background-attachment":"scroll","background-type":"","background-media":"","overlay-type":"","overlay-color":"","overlay-opacity":"","overlay-gradient":""}},"jetpack_post_was_ever_published":false,"_jetpack_newsletter_access":"","_jetpack_dont_email_post_to_subs":false,"_jetpack_newsletter_tier_id":0,"_jetpack_memberships_contains_paywalled_content":false,"_jetpack_memberships_contains_paid_content":false,"footnotes":""},"categories":[2,3,4],"tags":[],"class_list":["post-12921","post","type-post","status-publish","format-standard","hentry","category-literatura","category-osobni","category-ostatni"],"jetpack_featured_media_url":"","jetpack_shortlink":"https:\/\/wp.me\/p4mLP7-3mp","jetpack-related-posts":[{"id":1344,"url":"https:\/\/kotrla.com\/pmpro\/2003\/05\/program-festivalu-literarni-kveten-2003\/","url_meta":{"origin":12921,"position":0},"title":"Program festivalu Liter\u00e1rn\u00ed kv\u011bten 2003","author":"Pavel Kotrla","date":"19.5.2003","format":false,"excerpt":"Pokud se chcete setkat se \u010dleny redakce \u010dasopisu Texty a p\u0159\u00e1telsky naklon\u011bn\u00fdch redakc\u00ed \u010dasopis\u016f Weles a Aluze, tak m\u00e1te mo\u017enost. Budeme na festivalu Liter\u00e1rn\u00ed kv\u011bten 2003, kter\u00fd se po\u0159\u00e1d\u00e1 v n\u00e1sleduj\u00edc\u00edch dnech ve Zl\u00edn\u011b. A tak \u010dtvrtek a p\u00e1tek jsou dny, kdy na n\u00e1s bude mo\u017eno narazit. Tak\u00e9 si budete\u2026","rel":"","context":"V \u201eNeza\u0159azen\u00e9\u201c","block_context":{"text":"Neza\u0159azen\u00e9","link":"https:\/\/kotrla.com\/pmpro\/category\/nezarazene\/"},"img":{"alt_text":"","src":"","width":0,"height":0},"classes":[]},{"id":2766,"url":"https:\/\/kotrla.com\/pmpro\/2016\/08\/2766\/","url_meta":{"origin":12921,"position":1},"title":"Kam za literaturou na Vala\u0161sku v nejbli\u017e\u0161\u00edch t\u00fddnech","author":"Pavel Kotrla","date":"23.8.2016","format":false,"excerpt":"Tak krom ji\u017e n\u00ed\u017ee avizovan\u00e9ho Letn\u00edho \u010dten\u00ed na st\u0159e\u0161e vset\u00ednsk\u00e9 knihovny jsou zde i dal\u0161\u00ed akce, kter\u00e9 mo\u017en\u00e1 stoj\u00ed za pozornost. (V\u00edm, \u017ee FM ji\u017e nen\u00ed Vala\u0161sko, ale autorka ano, tak\u017ee za\u0159azuji.) Zden\u011bk Lys\u00fd 1. z\u00e1\u0159\u00ed v 17:00 Masarykova knihovna Vset\u00edn Pavel Kosat\u00edk 15. z\u00e1\u0159\u00ed 2016 17:30 M\u011bstsk\u00e1 knihovna Ro\u017enov\u2026","rel":"","context":"V \u201eLiteratura\u201c","block_context":{"text":"Literatura","link":"https:\/\/kotrla.com\/pmpro\/category\/literatura\/"},"img":{"alt_text":"","src":"","width":0,"height":0},"classes":[]},{"id":4573,"url":"https:\/\/kotrla.com\/pmpro\/2019\/08\/letni-cteni-na-strese-2019\/","url_meta":{"origin":12921,"position":2},"title":"Letn\u00ed \u010dten\u00ed na st\u0159e\u0161e 2019","author":"Pavel Kotrla","date":"6.8.2019","format":false,"excerpt":"Tak i letos se m\u016f\u017eeme potkat na st\u0159e\u0161e vset\u00ednsk\u00e9 knihovny. \u0160est\u00fd ro\u010dn\u00edk akce Letn\u00ed \u010dten\u00ed na st\u0159e\u0161e 2019, kdy budou \u010d\u00edst vset\u00edn\u0161t\u00ed divadeln\u00edci a knihovn\u00edci a zahraje Jazz Hec & Vocal se zp\u011bva\u010dkou Kl\u00e1rou Bla\u017ekovou, prob\u011bhne 21. srpna v 17:00 - 19:00. V\u00edce na str\u00e1nk\u00e1ch MVK.","rel":"","context":"V \u201eLiteratura\u201c","block_context":{"text":"Literatura","link":"https:\/\/kotrla.com\/pmpro\/category\/literatura\/"},"img":{"alt_text":"","src":"","width":0,"height":0},"classes":[]},{"id":3237,"url":"https:\/\/kotrla.com\/pmpro\/2017\/06\/cteni-na-strese-2017\/","url_meta":{"origin":12921,"position":3},"title":"\u010cten\u00ed na st\u0159e\u0161e 2017","author":"Pavel Kotrla","date":"29.6.2017","format":false,"excerpt":"\u010ctvrt\u00fd ro\u010dn\u00edk: sraz 23. srpna 2017 v 17:00 na st\u0159e\u0161e vset\u00ednsk\u00e9 knihovny. Program zdaleka nepostihuje v\u0161e :) Mo\u017en\u00e1 p\u0159edstav\u00edme i n\u011bjak\u00e9 nov\u00e9 knihy.","rel":"","context":"V \u201eLiteratura\u201c","block_context":{"text":"Literatura","link":"https:\/\/kotrla.com\/pmpro\/category\/literatura\/"},"img":{"alt_text":"","src":"https:\/\/i0.wp.com\/kotrla.com\/pmpro\/wp-content\/uploads\/2017\/06\/letni-cteni-na-strese-2017.jpg?resize=350%2C200&ssl=1","width":350,"height":200,"srcset":"https:\/\/i0.wp.com\/kotrla.com\/pmpro\/wp-content\/uploads\/2017\/06\/letni-cteni-na-strese-2017.jpg?resize=350%2C200&ssl=1 1x, https:\/\/i0.wp.com\/kotrla.com\/pmpro\/wp-content\/uploads\/2017\/06\/letni-cteni-na-strese-2017.jpg?resize=525%2C300&ssl=1 1.5x, https:\/\/i0.wp.com\/kotrla.com\/pmpro\/wp-content\/uploads\/2017\/06\/letni-cteni-na-strese-2017.jpg?resize=700%2C400&ssl=1 2x"},"classes":[]},{"id":3337,"url":"https:\/\/kotrla.com\/pmpro\/2017\/09\/kam-za-literaturou-podzim-2017\/","url_meta":{"origin":12921,"position":4},"title":"Kam za literaturou (podzim 2017)?","author":"Pavel Kotrla","date":"25.9.2017","format":false,"excerpt":"Bez n\u00e1rok\u016f na \u00faplnost, p\u0159ehled liter\u00e1rn\u00edch akci na Vala\u0161sku a v bl\u00edzk\u00e9m okol\u00ed. Na \u00favod tedy pozv\u00e1n\u00ed na jednu moji akci\u010dku, pak u\u017e v \u010dasov\u00e9 posloupnosti. JAK FILMOV\u00dd RE\u017dIS\u00c9R FRANTI\u0160EK \u010c\u00c1P K BESKYD\u00c1M A SLOVINSKU P\u0158I\u0160EL (BESEDY) 10. 10. 17 17:00, Spole\u010densk\u00fd s\u00e1l knihovny, Masarykova knihovna Vset\u00edn Komponovan\u00fd podve\u010der u\u2026","rel":"","context":"V \u201eLiteratura\u201c","block_context":{"text":"Literatura","link":"https:\/\/kotrla.com\/pmpro\/category\/literatura\/"},"img":{"alt_text":"","src":"","width":0,"height":0},"classes":[]},{"id":15,"url":"https:\/\/kotrla.com\/pmpro\/2013\/11\/pristi-patek\/","url_meta":{"origin":12921,"position":5},"title":"P\u0159\u00ed\u0161t\u00ed p\u00e1tek","author":"Pavel Kotrla","date":"13.11.2013","format":false,"excerpt":"Tak\u017ee trochu up\u0159es\u0148uji ned\u00e1vn\u00e9 sd\u011blen\u00ed. Akci si m\u016f\u017eete zobrazit tak\u00e9 na facebooku: https:\/\/www.facebook.com\/events\/469785096476232 Srde\u010dn\u011b zveme na n\u00e1\u0161 tradi\u010dn\u00ed ve\u010d\u00edrek, kter\u00fd se uskute\u010dn\u00ed ve Vset\u00edn\u011b v knihkupectv\u00ed Malina (galerie V Poschod\u00ed) v p\u00e1tek 22. listopadu 2013 od 17 hod. Hraje kapela Le\u017e\u00e9rn\u011b a vle\u017ee. A pok\u0159t\u00edme dv\u011b knihy. Jednu Robertovu a\u2026","rel":"","context":"V \u201eLiteratura\u201c","block_context":{"text":"Literatura","link":"https:\/\/kotrla.com\/pmpro\/category\/literatura\/"},"img":{"alt_text":"Ve\u010d\u00edrek Text\u016f 2013","src":"https:\/\/i0.wp.com\/kotrla.com\/pmpro\/images\/uploads\/vecirek_textu_2013_v2.jpg?resize=350%2C200&ssl=1","width":350,"height":200},"classes":[]}],"jetpack_sharing_enabled":true,"_links":{"self":[{"href":"https:\/\/kotrla.com\/pmpro\/wp-json\/wp\/v2\/posts\/12921","targetHints":{"allow":["GET"]}}],"collection":[{"href":"https:\/\/kotrla.com\/pmpro\/wp-json\/wp\/v2\/posts"}],"about":[{"href":"https:\/\/kotrla.com\/pmpro\/wp-json\/wp\/v2\/types\/post"}],"author":[{"embeddable":true,"href":"https:\/\/kotrla.com\/pmpro\/wp-json\/wp\/v2\/users\/1"}],"replies":[{"embeddable":true,"href":"https:\/\/kotrla.com\/pmpro\/wp-json\/wp\/v2\/comments?post=12921"}],"version-history":[{"count":0,"href":"https:\/\/kotrla.com\/pmpro\/wp-json\/wp\/v2\/posts\/12921\/revisions"}],"wp:attachment":[{"href":"https:\/\/kotrla.com\/pmpro\/wp-json\/wp\/v2\/media?parent=12921"}],"wp:term":[{"taxonomy":"category","embeddable":true,"href":"https:\/\/kotrla.com\/pmpro\/wp-json\/wp\/v2\/categories?post=12921"},{"taxonomy":"post_tag","embeddable":true,"href":"https:\/\/kotrla.com\/pmpro\/wp-json\/wp\/v2\/tags?post=12921"}],"curies":[{"name":"wp","href":"https:\/\/api.w.org\/{rel}","templated":true}]}}