{"id":1295,"date":"2003-07-09T07:00:06","date_gmt":"2003-07-09T06:00:06","guid":{"rendered":"http:\/\/kotrla.com\/wordpress\/?p=1295"},"modified":"2019-11-20T22:24:48","modified_gmt":"2019-11-20T21:24:48","slug":"kdyz-se-rehor-samsa-jednou-rano-probudil-z-nepokojnych-snu","status":"publish","type":"post","link":"https:\/\/kotrla.com\/pmpro\/2003\/07\/kdyz-se-rehor-samsa-jednou-rano-probudil-z-nepokojnych-snu\/","title":{"rendered":"Kdy\u017e se \u0158eho\u0159 Samsa jednou r\u00e1no probudil z nepokojn\u00fdch sn\u016f&#8230;"},"content":{"rendered":"<p><img loading=\"lazy\" decoding=\"async\" src=\"https:\/\/kotrla.com\/pmpro\/images\/uploads\/rehor_samsa.jpg\" border=\"0\" alt=\"\u0158eho\u0159 Samsa\" name=\"\u0158eho\u0159 Samsa\" width=\"420\" height=\"315\" \/><\/p>\n","protected":false},"excerpt":{"rendered":"","protected":false},"author":1,"featured_media":0,"comment_status":"open","ping_status":"open","sticky":false,"template":"","format":"standard","meta":{"site-sidebar-layout":"default","site-content-layout":"","ast-site-content-layout":"default","site-content-style":"default","site-sidebar-style":"default","ast-global-header-display":"","ast-banner-title-visibility":"","ast-main-header-display":"","ast-hfb-above-header-display":"","ast-hfb-below-header-display":"","ast-hfb-mobile-header-display":"","site-post-title":"","ast-breadcrumbs-content":"","ast-featured-img":"","footer-sml-layout":"","ast-disable-related-posts":"","theme-transparent-header-meta":"","adv-header-id-meta":"","stick-header-meta":"","header-above-stick-meta":"","header-main-stick-meta":"","header-below-stick-meta":"","astra-migrate-meta-layouts":"default","ast-page-background-enabled":"default","ast-page-background-meta":{"desktop":{"background-color":"var(--ast-global-color-5)","background-image":"","background-repeat":"repeat","background-position":"center center","background-size":"auto","background-attachment":"scroll","background-type":"","background-media":"","overlay-type":"","overlay-color":"","overlay-opacity":"","overlay-gradient":""},"tablet":{"background-color":"","background-image":"","background-repeat":"repeat","background-position":"center center","background-size":"auto","background-attachment":"scroll","background-type":"","background-media":"","overlay-type":"","overlay-color":"","overlay-opacity":"","overlay-gradient":""},"mobile":{"background-color":"","background-image":"","background-repeat":"repeat","background-position":"center center","background-size":"auto","background-attachment":"scroll","background-type":"","background-media":"","overlay-type":"","overlay-color":"","overlay-opacity":"","overlay-gradient":""}},"ast-content-background-meta":{"desktop":{"background-color":"var(--ast-global-color-4)","background-image":"","background-repeat":"repeat","background-position":"center center","background-size":"auto","background-attachment":"scroll","background-type":"","background-media":"","overlay-type":"","overlay-color":"","overlay-opacity":"","overlay-gradient":""},"tablet":{"background-color":"var(--ast-global-color-4)","background-image":"","background-repeat":"repeat","background-position":"center center","background-size":"auto","background-attachment":"scroll","background-type":"","background-media":"","overlay-type":"","overlay-color":"","overlay-opacity":"","overlay-gradient":""},"mobile":{"background-color":"var(--ast-global-color-4)","background-image":"","background-repeat":"repeat","background-position":"center center","background-size":"auto","background-attachment":"scroll","background-type":"","background-media":"","overlay-type":"","overlay-color":"","overlay-opacity":"","overlay-gradient":""}},"jetpack_post_was_ever_published":false,"_jetpack_newsletter_access":"","_jetpack_dont_email_post_to_subs":false,"_jetpack_newsletter_tier_id":0,"_jetpack_memberships_contains_paywalled_content":false,"_jetpack_memberships_contains_paid_content":false,"footnotes":""},"categories":[1],"tags":[],"class_list":["post-1295","post","type-post","status-publish","format-standard","hentry","category-nezarazene"],"jetpack_featured_media_url":"","jetpack_shortlink":"https:\/\/wp.me\/p4mLP7-kT","jetpack-related-posts":[{"id":9,"url":"https:\/\/kotrla.com\/pmpro\/2014\/01\/ctenar-poezie-ivo-odehnal-saman-k-kancich-hor\/","url_meta":{"origin":1295,"position":0},"title":"\u010cten\u00e1\u0159 poezie: Ivo Odehnal &#8211; \u0160aman k Kan\u010d\u00edch hor&#8230;","author":"Pavel Kotrla","date":"22.1.2014","format":false,"excerpt":"B\u00e1snick\u00e1 sb\u00edrka Ivo Odehnala s dlouh\u00fdm n\u00e1zvem \u0160aman z Kan\u010d\u00edch hor pou\u0161t\u00ed \u017e\u00edlou mat\u00fdl\u016fm pam\u011bti, kterou vydalo nakladatelstv\u00ed Sursum koncem lo\u0148sk\u00e9ho roku, sv\u00fdmi dv\u011bma suitami navazuje na b\u00e1sn\u00edkovu p\u0159edchoz\u00ed sb\u00edrku Oho\u0159elec (2006) a tvo\u0159\u00ed s n\u00ed triptych v\u011bnovan\u00fd rodn\u00e9mu kraji \u2013 Vala\u0161sku. Jestli je n\u011bco pro mne s tvorbou Ivo\u2026","rel":"","context":"V \u201e\u010cten\u00e1\u0159sk\u00fd den\u00edk\u201c","block_context":{"text":"\u010cten\u00e1\u0159sk\u00fd den\u00edk","link":"https:\/\/kotrla.com\/pmpro\/category\/ctenarsky-denik\/"},"img":{"alt_text":"Ivo Odehnal \u2013 \u0160aman k Kan\u010d\u00edch hor","src":"https:\/\/i0.wp.com\/kotrla.com\/pmpro\/images\/uploads\/odehnal_saman_z_kancich_hor.jpg?resize=350%2C200&ssl=1","width":350,"height":200},"classes":[]},{"id":929,"url":"https:\/\/kotrla.com\/pmpro\/2004\/08\/kdo-je-autorem-nasledujicich-versu-52\/","url_meta":{"origin":1295,"position":1},"title":"Kdo je autorem n\u00e1sleduj\u00edc\u00edch ver\u0161\u016f? (52)","author":"Pavel Kotrla","date":"30.8.2004","format":false,"excerpt":"P\u0159i pond\u011blku z veselej\u0161\u00edho soudku. Kdopak tedy napsal n\u00e1sleduj\u00edc\u00ed ver\u0161e? ULOMEN\u00c9 P\u00c1R\u00c1TKO Jednou r\u00e1no se probud\u00edm a c\u00edt\u00edm nep\u0159\u00edjemn\u00e9 \u0161imr\u00e1n\u00ed v lev\u00e9m koutku \u00fast Vstanu jdu k zrcadlu a div nezd\u0159ev\u011bn\u00edm: Mezi doln\u00edm \u0161pi\u010d\u00e1kem a prvn\u00ed stoli\u010dkou tr\u010d\u00ed kvetouc\u00ed jablo\u0148 Okouzlen kr\u00e1sou a v\u016fn\u00ed za\u010dal jsem se holit Ale ne\u017e\u2026","rel":"","context":"V \u201eKdo je autorem?\u201c","block_context":{"text":"Kdo je autorem?","link":"https:\/\/kotrla.com\/pmpro\/category\/kdo-je-autorem\/"},"img":{"alt_text":"","src":"","width":0,"height":0},"classes":[]},{"id":834,"url":"https:\/\/kotrla.com\/pmpro\/2005\/01\/stari-dobri-miguel-de-cervantes-saavedra-lxix\/","url_meta":{"origin":1295,"position":2},"title":"STA\u0158\u00cd DOB\u0158\u00cd: Miguel de Cervantes Saavedra (LXIX.)","author":"Pavel Kotrla","date":"23.1.2005","format":false,"excerpt":"Dnes zabijeme dv\u011b mouchy jednou ranou. Autor slavn\u00e9ho rom\u00e1nu Miguel de Cervantes Saavedra (1547 - 1616) nebyl pouze prozaikem a dramatikem, ale tak\u00e9 b\u00e1sn\u00edkem. Prvn\u00ed d\u00edl Don Quijota vy\u0161el pr\u00e1v\u011b p\u0159ed \u010dty\u0159mi stolet\u00edmi, a tak je \u010das si tuto skute\u010dnost p\u0159ipomenout aspo\u0148 malou vzpom\u00ednkou na autora. M\u00e1ti, moje mil\u00e1 m\u00e1ti,\u2026","rel":"","context":"V \u201eSta\u0159\u00ed dob\u0159\u00ed\u201c","block_context":{"text":"Sta\u0159\u00ed dob\u0159\u00ed","link":"https:\/\/kotrla.com\/pmpro\/category\/stari-dobri\/"},"img":{"alt_text":"","src":"","width":0,"height":0},"classes":[]},{"id":1361,"url":"https:\/\/kotrla.com\/pmpro\/2003\/04\/ajvaz2\/","url_meta":{"origin":1295,"position":3},"title":"Ajvaz2","author":"Pavel Kotrla","date":"29.4.2003","format":false,"excerpt":"\u010cten\u00ed nov\u00e9 Ajvazovy knihy ve mn\u011b vyvol\u00e1v\u00e1 pocit d\u00e9j\u00e0 vu. Jako bych u\u017e ty \u0159\u00e1dky n\u011bkde vid\u011bl!. Asi roztrou\u0161eny v p\u0159ede\u0161l\u00fdch knih\u00e1ch. Tak, te\u010f jsou pohromad\u011b. Jako pocta velk\u00e9mu u\u010diteli - J. L. Borgesovi. V\u0161e se v\u00e1\u017ee k mo\u017en\u00fdm sv\u011bt\u016fm jazyka, k jeho mo\u017enostem a jeho hranic\u00edm. Pro pozn\u00e1n\u00ed Borgesova\u2026","rel":"","context":"V \u201eNeza\u0159azen\u00e9\u201c","block_context":{"text":"Neza\u0159azen\u00e9","link":"https:\/\/kotrla.com\/pmpro\/category\/nezarazene\/"},"img":{"alt_text":"","src":"","width":0,"height":0},"classes":[]},{"id":1303,"url":"https:\/\/kotrla.com\/pmpro\/2003\/06\/z-rusofilova-koutku-3\/","url_meta":{"origin":1295,"position":4},"title":"Z rusofilova koutku","author":"Pavel Kotrla","date":"30.6.2003","format":false,"excerpt":"\u010cas od \u010dasu b\u00fdv\u00e1m p\u0159ekvapen. N\u011bkdy i p\u0159\u00edjemn\u011b. Ned\u00e1vno se mi to stalo, kdy\u017e jsem narazil na str\u00e1nky http:\/\/www.kultura.prag.ru\/litera.htm a na f\u00f3rum v\u011bnuj\u00edc\u00ed se \u010desk\u00e9 literatu\u0159e. \u010clov\u011bka to prost\u011b tak n\u011bjak pot\u011b\u0161\u00ed.","rel":"","context":"V \u201eNeza\u0159azen\u00e9\u201c","block_context":{"text":"Neza\u0159azen\u00e9","link":"https:\/\/kotrla.com\/pmpro\/category\/nezarazene\/"},"img":{"alt_text":"","src":"","width":0,"height":0},"classes":[]},{"id":1116,"url":"https:\/\/kotrla.com\/pmpro\/2004\/01\/dnes-se-narodil-jan-karafiat\/","url_meta":{"origin":1295,"position":5},"title":"Dnes se narodil Jan Karafi\u00e1t","author":"Pavel Kotrla","date":"4.1.2004","format":false,"excerpt":"Zn\u00e1m\u00fdch liter\u00e1t\u016f p\u016fsob\u00edc\u00edch v okol\u00ed m\u00e9ho rodi\u0161t\u011b nen\u00ed mnoho. K t\u011bm nejv\u00fdznamn\u011bj\u0161\u00edm zcela jist\u011b pat\u0159\u00ed Jan Karafi\u00e1t, kter\u00fd se narodil dnes, pouze v roce 1846. Jeho Brou\u010dci se stali jednou z nejprod\u00e1van\u011bj\u0161\u00edch knih, m\u00e1lokdo u\u017e ale v\u00ed, \u017ee a\u017e do roku 1912 vych\u00e1zeli bez ud\u00e1n\u00ed jm\u00e9na autora.","rel":"","context":"V \u201eNeza\u0159azen\u00e9\u201c","block_context":{"text":"Neza\u0159azen\u00e9","link":"https:\/\/kotrla.com\/pmpro\/category\/nezarazene\/"},"img":{"alt_text":"","src":"","width":0,"height":0},"classes":[]}],"jetpack_sharing_enabled":true,"_links":{"self":[{"href":"https:\/\/kotrla.com\/pmpro\/wp-json\/wp\/v2\/posts\/1295","targetHints":{"allow":["GET"]}}],"collection":[{"href":"https:\/\/kotrla.com\/pmpro\/wp-json\/wp\/v2\/posts"}],"about":[{"href":"https:\/\/kotrla.com\/pmpro\/wp-json\/wp\/v2\/types\/post"}],"author":[{"embeddable":true,"href":"https:\/\/kotrla.com\/pmpro\/wp-json\/wp\/v2\/users\/1"}],"replies":[{"embeddable":true,"href":"https:\/\/kotrla.com\/pmpro\/wp-json\/wp\/v2\/comments?post=1295"}],"version-history":[{"count":0,"href":"https:\/\/kotrla.com\/pmpro\/wp-json\/wp\/v2\/posts\/1295\/revisions"}],"wp:attachment":[{"href":"https:\/\/kotrla.com\/pmpro\/wp-json\/wp\/v2\/media?parent=1295"}],"wp:term":[{"taxonomy":"category","embeddable":true,"href":"https:\/\/kotrla.com\/pmpro\/wp-json\/wp\/v2\/categories?post=1295"},{"taxonomy":"post_tag","embeddable":true,"href":"https:\/\/kotrla.com\/pmpro\/wp-json\/wp\/v2\/tags?post=1295"}],"curies":[{"name":"wp","href":"https:\/\/api.w.org\/{rel}","templated":true}]}}