{"id":13,"date":"2013-11-17T12:14:59","date_gmt":"2013-11-17T11:14:59","guid":{"rendered":"http:\/\/kotrla.com\/wordpress\/?p=13"},"modified":"2019-11-20T22:44:23","modified_gmt":"2019-11-20T21:44:23","slug":"sbornik-ze-solanske-konference-uz-je-take-na-svete","status":"publish","type":"post","link":"https:\/\/kotrla.com\/pmpro\/2013\/11\/sbornik-ze-solanske-konference-uz-je-take-na-svete\/","title":{"rendered":"Sborn\u00edk ze sol\u00e1\u0148sk\u00e9 konference u\u017e je tak\u00e9 na sv\u011bt\u011b"},"content":{"rendered":"<p><img loading=\"lazy\" decoding=\"async\" alt=\"Sborn\u00edk Sol\u00e1\u0148 - sou\u010dasnost a perspektivy jeho rozvoje\" src=\"https:\/\/kotrla.com\/pmpro\/images\/uploads\/sbornik_solan_obalka.jpg\" width=\"177\" height=\"250\" align=\"right\" border=\"1\" \/>Tak\u017ee <a href=\"https:\/\/kotrla.com\/pmpro\/index.php\/site\/za_solanskou_konferenci\/\">sl\u00edben\u00fd sborn\u00edk<\/a> u\u017e m\u00e1 tak\u00e9 fyzickou podobu. K dost\u00e1n\u00ed by m\u011bl b\u00fdt v <a href=\"http:\/\/www.zvonice.eu\/\">Informa\u010dn\u00edm centru Zvonice Sol\u00e1\u0148<\/a>.<\/p>\n<p><b>Obsah sborn\u00edku<\/b><br \/>\nDalibor Malina: Sol\u00e1\u0148 \u2014 zdroj um\u011bleck\u00e9 inspirace a\u00a0prom\u011bn mal\u00ed\u0159sk\u00e9ho vid\u011bn\u00ed skute\u010dnosti<br \/>\nJilj\u00ed Hartinger: Maloval jsem s Mistry<br \/>\nJi\u0159\u00ed Kot\u00e1sek: Historie a sou\u010dasnost Zvonice, galerie v p\u0159\u00edrod\u011b na Sol\u00e1ni a Ky\u010derce<br \/>\nMilan Maz\u00far: Komp\u00e1nkova majest\u00e1tnos\u0165 v\u00a0monument\u00e1lnych dielach<br \/>\nV\u011bra Kov\u00e1\u0159\u016f: Sol\u00e1\u0148, lidov\u00e9 um\u011bn\u00ed, jeho tradice a sou\u010dasnost<br \/>\nDrahom\u00edra M\u00ed\u010dkov\u00e1: Leo\u0161 Jan\u00e1\u010dek a\u00a0Sol\u00e1\u0148<br \/>\nJi\u0159\u00ed Langer: Geneze na\u0161\u00ed lidov\u00e9 architektury<br \/>\nV\u00e1clav Michali\u010dka: P\u00e1len\u00ed d\u0159ev\u011bn\u00e9ho uhl\u00ed a\u00a0v\u00fdroba pota\u0161e na moravsko\u2013slovensk\u00e9m pomez\u00ed<br \/>\nRudolf Ger\u00e1t, Jaroslav Veli\u010dka: Vplyv krajiny a\u00a0pr\u00edrodn\u00fdch hodn\u00f4t na\u00a0rozvoj turistiky medzi Slovenskom a\u00a0Moravou<br \/>\nMilan H\u0159eb\u00ed\u010dek: V\u00fdroba skla<br \/>\nJi\u0159\u00ed Severin: Muzeum lidov\u00fdch p\u00e1lenic se\u00a0st\u00e1lou expozic\u00ed ve Vl\u010dnov\u011b<br \/>\nMiroslav Hor\u00e1k: Obchodn\u00ed cesta do Uher<br \/>\nHelena Zem\u00e1nkov\u00e1: D\u0159ev\u011bn\u00e9 kostely jako sou\u010d\u00e1st evropsk\u00e9ho kulturn\u00edho d\u011bdictv\u00ed<br \/>\nFranti\u0161ek \u0160ulgan: Chr\u00e1n\u011bn\u00e1 krajinn\u00e1 oblast Beskydy<br \/>\nLuk\u00e1\u0161 Spitzer: Vala\u0161sk\u00e9 louky a\u00a0pastviny<br \/>\nMiroslav \u0160krabal: Stromy, lesy a pralesy kolem Sol\u00e1n\u011b<\/p>\n","protected":false},"excerpt":{"rendered":"<p>Tak\u017ee sl\u00edben\u00fd sborn\u00edk u\u017e m\u00e1 tak\u00e9 fyzickou podobu. K dost\u00e1n\u00ed by m\u011bl b\u00fdt v Informa\u010dn\u00edm centru Zvonice Sol\u00e1\u0148. Obsah sborn\u00edku Dalibor Malina: Sol\u00e1\u0148 \u2014 zdroj um\u011bleck\u00e9 inspirace a\u00a0prom\u011bn mal\u00ed\u0159sk\u00e9ho vid\u011bn\u00ed skute\u010dnosti Jilj\u00ed Hartinger: Maloval jsem s Mistry Ji\u0159\u00ed Kot\u00e1sek: Historie a sou\u010dasnost Zvonice, galerie v p\u0159\u00edrod\u011b na Sol\u00e1ni a Ky\u010derce Milan Maz\u00far: Komp\u00e1nkova majest\u00e1tnos\u0165 v\u00a0monument\u00e1lnych [&hellip;]<\/p>\n","protected":false},"author":1,"featured_media":0,"comment_status":"open","ping_status":"open","sticky":false,"template":"","format":"standard","meta":{"site-sidebar-layout":"default","site-content-layout":"","ast-site-content-layout":"default","site-content-style":"default","site-sidebar-style":"default","ast-global-header-display":"","ast-banner-title-visibility":"","ast-main-header-display":"","ast-hfb-above-header-display":"","ast-hfb-below-header-display":"","ast-hfb-mobile-header-display":"","site-post-title":"","ast-breadcrumbs-content":"","ast-featured-img":"","footer-sml-layout":"","ast-disable-related-posts":"","theme-transparent-header-meta":"","adv-header-id-meta":"","stick-header-meta":"","header-above-stick-meta":"","header-main-stick-meta":"","header-below-stick-meta":"","astra-migrate-meta-layouts":"default","ast-page-background-enabled":"default","ast-page-background-meta":{"desktop":{"background-color":"var(--ast-global-color-5)","background-image":"","background-repeat":"repeat","background-position":"center center","background-size":"auto","background-attachment":"scroll","background-type":"","background-media":"","overlay-type":"","overlay-color":"","overlay-opacity":"","overlay-gradient":""},"tablet":{"background-color":"","background-image":"","background-repeat":"repeat","background-position":"center center","background-size":"auto","background-attachment":"scroll","background-type":"","background-media":"","overlay-type":"","overlay-color":"","overlay-opacity":"","overlay-gradient":""},"mobile":{"background-color":"","background-image":"","background-repeat":"repeat","background-position":"center center","background-size":"auto","background-attachment":"scroll","background-type":"","background-media":"","overlay-type":"","overlay-color":"","overlay-opacity":"","overlay-gradient":""}},"ast-content-background-meta":{"desktop":{"background-color":"var(--ast-global-color-4)","background-image":"","background-repeat":"repeat","background-position":"center center","background-size":"auto","background-attachment":"scroll","background-type":"","background-media":"","overlay-type":"","overlay-color":"","overlay-opacity":"","overlay-gradient":""},"tablet":{"background-color":"var(--ast-global-color-4)","background-image":"","background-repeat":"repeat","background-position":"center center","background-size":"auto","background-attachment":"scroll","background-type":"","background-media":"","overlay-type":"","overlay-color":"","overlay-opacity":"","overlay-gradient":""},"mobile":{"background-color":"var(--ast-global-color-4)","background-image":"","background-repeat":"repeat","background-position":"center center","background-size":"auto","background-attachment":"scroll","background-type":"","background-media":"","overlay-type":"","overlay-color":"","overlay-opacity":"","overlay-gradient":""}},"jetpack_post_was_ever_published":false,"_jetpack_newsletter_access":"","_jetpack_dont_email_post_to_subs":false,"_jetpack_newsletter_tier_id":0,"_jetpack_memberships_contains_paywalled_content":false,"_jetpack_memberships_contains_paid_content":false,"footnotes":""},"categories":[3,4],"tags":[],"class_list":["post-13","post","type-post","status-publish","format-standard","hentry","category-osobni","category-ostatni"],"jetpack_featured_media_url":"","jetpack_shortlink":"https:\/\/wp.me\/p4mLP7-d","jetpack-related-posts":[{"id":97,"url":"https:\/\/kotrla.com\/pmpro\/2012\/06\/kulturni-dedictvi-solane-a-jeho-okoli\/","url_meta":{"origin":13,"position":0},"title":"Kulturn\u00ed d\u011bdictv\u00ed Sol\u00e1n\u011b a jeho okol\u00ed","author":"Pavel Kotrla","date":"2.6.2012","format":false,"excerpt":"Rozs\u00e1hl\u00e1 obrazov\u00e1 publikace (300 stran A4), kterou edi\u010dn\u011b p\u0159ipravil Dalibor Malina a kterou jsem s\u00e1zel pro Sdru\u017een\u00ed pro rozvoj Sol\u00e1n\u011b. Aspo\u0148 nakouknut\u00ed do obsahu: Ji\u0159\u00ed Langer \u2014 Vojt\u011bch Bajer: Polid\u0161\u0165ov\u00e1n\u00ed krajiny Ji\u0159\u00ed Langer: Architektura zdob\u00edc\u00ed Sol\u00e1\u0148 Jaroslav Jur\u010d\u00e1k: Fl\u00f3ra oblasti Velk\u00fdch Karlovic Karel Pavelka: \u017divo\u010dichov\u00e9 Sol\u00e1n\u011b a okol\u00ed V\u00e1clav Michali\u010dka:\u2026","rel":"","context":"V \u201eLiteratura\u201c","block_context":{"text":"Literatura","link":"https:\/\/kotrla.com\/pmpro\/category\/literatura\/"},"img":{"alt_text":"image","src":"https:\/\/i0.wp.com\/kotrla.com\/pmpro\/images\/uploads\/solan1.jpg?resize=350%2C200&ssl=1","width":350,"height":200},"classes":[]},{"id":1980,"url":"https:\/\/kotrla.com\/pmpro\/2014\/06\/knizni-edice-solan\/","url_meta":{"origin":13,"position":1},"title":"Kni\u017en\u00ed edice Sol\u00e1\u0148","author":"Pavel Kotrla","date":"13.6.2014","format":false,"excerpt":"D\u016fvod pro\u010d tu te\u010f nic moc nep\u0159ib\u00fdv\u00e1 :) \u00a0Svazk\u016f bude nakonec jeden\u00e1ct. K\u0159est 28. 6. na Sol\u00e1ni Dalibor Malina - Kroniky ze Sol\u00e1n\u011b Ji\u0159\u00ed Langer \u2013 Za prahem rouben\u00fdch chalup Rudolf Ger\u00e1t a Jaroslav Veli\u010dka - Kysuce, os\u00eddlovanie krajiny, k\u00fazlo star\u00fdch dreven\u00edc, tich\u00e1 miesta k zastaveniu V\u00e1clav Michali\u010dka a Rudolf\u2026","rel":"","context":"V \u201eKnihy\u201c","block_context":{"text":"Knihy","link":"https:\/\/kotrla.com\/pmpro\/category\/knihy\/"},"img":{"alt_text":"","src":"https:\/\/i0.wp.com\/kotrla.com\/pmpro\/wp-content\/uploads\/2014\/06\/solan_malirske_cesty_2014.jpg?resize=350%2C200&ssl=1","width":350,"height":200,"srcset":"https:\/\/i0.wp.com\/kotrla.com\/pmpro\/wp-content\/uploads\/2014\/06\/solan_malirske_cesty_2014.jpg?resize=350%2C200&ssl=1 1x, https:\/\/i0.wp.com\/kotrla.com\/pmpro\/wp-content\/uploads\/2014\/06\/solan_malirske_cesty_2014.jpg?resize=525%2C300&ssl=1 1.5x"},"classes":[]},{"id":2607,"url":"https:\/\/kotrla.com\/pmpro\/2015\/11\/edice-solan-zveme-do-knihovny\/","url_meta":{"origin":13,"position":2},"title":"Edice Sol\u00e1\u0148 \u2013 zveme do knihovny","author":"Pavel Kotrla","date":"2.11.2015","format":false,"excerpt":"Datum kon\u00e1n\u00ed: 12.11.15 17:00,\u00a0m\u00edsto kon\u00e1n\u00ed: K klub Masarykovy ve\u0159ejn\u00e9 knihovny Vset\u00edn Spole\u010dn\u011b s Daliborem Malinou srde\u010dn\u011b zvu na posezen\u00ed nad jeden\u00e1ctisvazkovou kni\u017en\u00ed edic\u00ed, kter\u00e1 mapuje rozmanit\u00e9 str\u00e1nky \u017eivota okol\u00ed Sol\u00e1n\u011b.\u00a0(Jedn\u00e1 se o tyto svazky, kter\u00e9 jsme vloni i \u00fasp\u011b\u0161n\u011b pok\u0159tili.) Na vala\u0161skou notu zahraje cimb\u00e1lov\u00e1 muzika Jas\u00e9nka.","rel":"","context":"V \u201eOsobn\u00ed\u201c","block_context":{"text":"Osobn\u00ed","link":"https:\/\/kotrla.com\/pmpro\/category\/osobni\/"},"img":{"alt_text":"","src":"","width":0,"height":0},"classes":[]},{"id":740,"url":"https:\/\/kotrla.com\/pmpro\/2005\/06\/pekna-kniha-jugoslavske-zpevy\/","url_meta":{"origin":13,"position":3},"title":"P\u011bkn\u00e1 kniha: Jugosl\u00e1vsk\u00e9 zp\u011bvy","author":"Pavel Kotrla","date":"14.6.2005","format":false,"excerpt":"P\u0159i jedn\u00e9 ze sv\u00fdch ned\u00e1vn\u00fdch toulek antikvari\u00e1tem jsem narazil na sborn\u00edk lidov\u00e9 epiky ji\u017en\u00edch Slovan\u016f Jugosl\u00e1vsk\u00e9 zp\u011bvy (Na\u0161e vojsko: 1958). O p\u0159eklad se zaslou\u017eili Franti\u0161ek Halas, p\u0159ed sto l\u00e9ty narozen\u00fd Vil\u00e9m Z\u00e1vada (1) (2) a Oton Berkopec. Kniha, kter\u00e1 u\u017e asi nevyjde, vy\u0161la v v \u00faprav\u011b Old\u0159icha Menharta vys\u00e1zen\u00e1 jeho\u2026","rel":"","context":"V \u201eKnihy\u201c","block_context":{"text":"Knihy","link":"https:\/\/kotrla.com\/pmpro\/category\/knihy\/"},"img":{"alt_text":"Jugosl\u00e1vsk\u00e9 zp\u011bvy","src":"https:\/\/i0.wp.com\/kotrla.com\/pmpro\/images\/uploads\/jugoslavske_zpevy.gif?resize=350%2C200&ssl=1","width":350,"height":200},"classes":[]},{"id":18,"url":"https:\/\/kotrla.com\/pmpro\/2013\/10\/za-solanskou-konferenci\/","url_meta":{"origin":13,"position":4},"title":"Za sol\u00e1\u0148skou konferenc\u00ed","author":"Pavel Kotrla","date":"20.10.2013","format":false,"excerpt":"Aspo\u0148 mal\u00e9 ohl\u00e9dnut\u00ed. Sborn\u00edk je v p\u0159\u00edprav\u011b a m\u011bl by b\u00fdt venku do m\u011bs\u00edce. Interi\u00e9r zvonice Dalibor Malina Ilja Hartinger a jeho vyzn\u00e1n\u00ed sol\u00e1\u0148sk\u00fdm mal\u00ed\u0159\u016fm Ji\u0159\u00ed Kot\u00e1sek Milan Maz\u00far Drahom\u00edra M\u00ed\u010dkov\u00e1 Miroslav \u0160krabal Miroslav Hor\u00e1k Ji\u0159\u00ed Langer Odhalen\u00ed pomn\u00edku Janu Rokytovi","rel":"","context":"V \u201eOstatn\u00ed\u201c","block_context":{"text":"Ostatn\u00ed","link":"https:\/\/kotrla.com\/pmpro\/category\/ostatni\/"},"img":{"alt_text":"image","src":"https:\/\/i0.wp.com\/kotrla.com\/pmpro\/images\/uploads\/01_solan_zvonice_IGP4857_01.jpg?resize=350%2C200&ssl=1","width":350,"height":200},"classes":[]},{"id":474,"url":"https:\/\/kotrla.com\/pmpro\/2007\/03\/osobnost-mojmira-travnicka-v-ceske-literature-ebook-zdarma\/","url_meta":{"origin":13,"position":5},"title":"Osobnost Mojm\u00edra Tr\u00e1vn\u00ed\u010dka v \u010desk\u00e9 literatu\u0159e (ebook zdarma)","author":"Pavel Kotrla","date":"11.3.2007","format":false,"excerpt":"V p\u00e1tek jsme v r\u00e1mci ve\u010d\u00edrku Text\u016f slavnostn\u011b pok\u0159tili sborn\u00edk z konference Osobnost Mojm\u00edra Tr\u00e1vn\u00ed\u010dka v \u010desk\u00e9 literatu\u0159e, kter\u00e1 se uskute\u010dnila ve dnech 18.-19. \u0159\u00edjna 2006 ve Vset\u00edn\u011b. Zbyly ji\u017e jen posledn\u00ed v\u00fdtisky. Ale pokud m\u00e1te o sborn\u00edk z\u00e1jem, je zde dobr\u00e1 zpr\u00e1va. Kompletn\u00ed sborn\u00edk si m\u016f\u017eete nyn\u00ed st\u00e1hnout: zde\u2026","rel":"","context":"V \u201eLiteratura\u201c","block_context":{"text":"Literatura","link":"https:\/\/kotrla.com\/pmpro\/category\/literatura\/"},"img":{"alt_text":"Osobnost Mojm\u00edra Tr\u00e1vn\u00ed\u010dka v \u010desk\u00e9 literatu\u0159e","src":"https:\/\/i0.wp.com\/kotrla.com\/pmpro\/images\/uploads\/osobnost_mojmira_travnicka.gif?resize=350%2C200&ssl=1","width":350,"height":200},"classes":[]}],"jetpack_sharing_enabled":true,"_links":{"self":[{"href":"https:\/\/kotrla.com\/pmpro\/wp-json\/wp\/v2\/posts\/13","targetHints":{"allow":["GET"]}}],"collection":[{"href":"https:\/\/kotrla.com\/pmpro\/wp-json\/wp\/v2\/posts"}],"about":[{"href":"https:\/\/kotrla.com\/pmpro\/wp-json\/wp\/v2\/types\/post"}],"author":[{"embeddable":true,"href":"https:\/\/kotrla.com\/pmpro\/wp-json\/wp\/v2\/users\/1"}],"replies":[{"embeddable":true,"href":"https:\/\/kotrla.com\/pmpro\/wp-json\/wp\/v2\/comments?post=13"}],"version-history":[{"count":0,"href":"https:\/\/kotrla.com\/pmpro\/wp-json\/wp\/v2\/posts\/13\/revisions"}],"wp:attachment":[{"href":"https:\/\/kotrla.com\/pmpro\/wp-json\/wp\/v2\/media?parent=13"}],"wp:term":[{"taxonomy":"category","embeddable":true,"href":"https:\/\/kotrla.com\/pmpro\/wp-json\/wp\/v2\/categories?post=13"},{"taxonomy":"post_tag","embeddable":true,"href":"https:\/\/kotrla.com\/pmpro\/wp-json\/wp\/v2\/tags?post=13"}],"curies":[{"name":"wp","href":"https:\/\/api.w.org\/{rel}","templated":true}]}}