{"id":130,"date":"2011-10-20T21:38:08","date_gmt":"2011-10-20T20:38:08","guid":{"rendered":"http:\/\/kotrla.com\/wordpress\/?p=130"},"modified":"2019-11-20T22:44:32","modified_gmt":"2019-11-20T21:44:32","slug":"orli-hnizdo","status":"publish","type":"post","link":"https:\/\/kotrla.com\/pmpro\/2011\/10\/orli-hnizdo\/","title":{"rendered":"Orl\u00ed hn\u00edzdo"},"content":{"rendered":"<p><img loading=\"lazy\" decoding=\"async\" src=\"https:\/\/kotrla.com\/pmpro\/images\/uploads\/orli_hnizdo_IGP7337.jpg\" border=\"0\" alt=\"Orl\u00ed hn\u00edzdo\" width=\"420\" height=\"288\" \/><\/p>\n<p>Vydr\u017eelo \u010dtvrt stolet\u00ed. Kdysi nedobytn\u00e9.<br \/>\nTagy? Tom Sawyer, Huckleberry Finn, Vla\u0161tovky, Rychl\u00e9 \u0161\u00edpy&#8230;<\/p>\n","protected":false},"excerpt":{"rendered":"<p>Vydr\u017eelo \u010dtvrt stolet\u00ed. Kdysi nedobytn\u00e9. Tagy? Tom Sawyer, Huckleberry Finn, Vla\u0161tovky, Rychl\u00e9 \u0161\u00edpy&#8230;<\/p>\n","protected":false},"author":1,"featured_media":0,"comment_status":"open","ping_status":"open","sticky":false,"template":"","format":"standard","meta":{"site-sidebar-layout":"default","site-content-layout":"","ast-site-content-layout":"default","site-content-style":"default","site-sidebar-style":"default","ast-global-header-display":"","ast-banner-title-visibility":"","ast-main-header-display":"","ast-hfb-above-header-display":"","ast-hfb-below-header-display":"","ast-hfb-mobile-header-display":"","site-post-title":"","ast-breadcrumbs-content":"","ast-featured-img":"","footer-sml-layout":"","ast-disable-related-posts":"","theme-transparent-header-meta":"","adv-header-id-meta":"","stick-header-meta":"","header-above-stick-meta":"","header-main-stick-meta":"","header-below-stick-meta":"","astra-migrate-meta-layouts":"default","ast-page-background-enabled":"default","ast-page-background-meta":{"desktop":{"background-color":"var(--ast-global-color-5)","background-image":"","background-repeat":"repeat","background-position":"center center","background-size":"auto","background-attachment":"scroll","background-type":"","background-media":"","overlay-type":"","overlay-color":"","overlay-opacity":"","overlay-gradient":""},"tablet":{"background-color":"","background-image":"","background-repeat":"repeat","background-position":"center center","background-size":"auto","background-attachment":"scroll","background-type":"","background-media":"","overlay-type":"","overlay-color":"","overlay-opacity":"","overlay-gradient":""},"mobile":{"background-color":"","background-image":"","background-repeat":"repeat","background-position":"center center","background-size":"auto","background-attachment":"scroll","background-type":"","background-media":"","overlay-type":"","overlay-color":"","overlay-opacity":"","overlay-gradient":""}},"ast-content-background-meta":{"desktop":{"background-color":"var(--ast-global-color-4)","background-image":"","background-repeat":"repeat","background-position":"center center","background-size":"auto","background-attachment":"scroll","background-type":"","background-media":"","overlay-type":"","overlay-color":"","overlay-opacity":"","overlay-gradient":""},"tablet":{"background-color":"var(--ast-global-color-4)","background-image":"","background-repeat":"repeat","background-position":"center center","background-size":"auto","background-attachment":"scroll","background-type":"","background-media":"","overlay-type":"","overlay-color":"","overlay-opacity":"","overlay-gradient":""},"mobile":{"background-color":"var(--ast-global-color-4)","background-image":"","background-repeat":"repeat","background-position":"center center","background-size":"auto","background-attachment":"scroll","background-type":"","background-media":"","overlay-type":"","overlay-color":"","overlay-opacity":"","overlay-gradient":""}},"jetpack_post_was_ever_published":false,"_jetpack_newsletter_access":"","_jetpack_dont_email_post_to_subs":false,"_jetpack_newsletter_tier_id":0,"_jetpack_memberships_contains_paywalled_content":false,"_jetpack_memberships_contains_paid_content":false,"footnotes":""},"categories":[7,3],"tags":[],"class_list":["post-130","post","type-post","status-publish","format-standard","hentry","category-fotografie","category-osobni"],"jetpack_featured_media_url":"","jetpack_shortlink":"https:\/\/wp.me\/p4mLP7-26","jetpack-related-posts":[{"id":8936,"url":"https:\/\/kotrla.com\/pmpro\/2021\/08\/ctvrt-stoleti\/","url_meta":{"origin":130,"position":0},"title":"\u010ctvrt stolet\u00ed","author":"Pavel Kotrla","date":"24.8.2021","format":false,"excerpt":"Na ja\u0159e jsme s Texty zdolali \u010dtvrt stolet\u00ed existence.","rel":"","context":"V \u201eLiteratura\u201c","block_context":{"text":"Literatura","link":"https:\/\/kotrla.com\/pmpro\/category\/literatura\/"},"img":{"alt_text":"","src":"","width":0,"height":0},"classes":[]},{"id":9990,"url":"https:\/\/kotrla.com\/pmpro\/2022\/10\/rostislav-valusek\/","url_meta":{"origin":130,"position":1},"title":"Rostislav Valu\u0161ek","author":"Pavel Kotrla","date":"19.10.2022","format":false,"excerpt":"Po v\u00edce ne\u017e \u010dtvrt stolet\u00ed setk\u00e1n\u00ed, kter\u00e9ho si nesm\u00edrn\u011b v\u00e1\u017e\u00edm. Rostislav Valu\u0161ek, b\u00e1sn\u00edk, kn\u011bz a vydavatel legend\u00e1rn\u00edch Text\u016f p\u0159\u00e1tel s na\u0161imi Texty. (\u010c\u00e1ste\u010dn\u00e1 shoda v n\u00e1zvech \u010dasopisu je pouze pot\u011b\u0161uj\u00edc\u00ed shoda okolnost\u00ed. Jen pro dopln\u011bn\u00ed uv\u00e1d\u00edm, \u017ee v letech 1969-1971 vych\u00e1zel v Hradci Kr\u00e1lov\u00e9 jin\u00fd \u010dasopis Texty.) \u00a0","rel":"","context":"V \u201eFotografie\u201c","block_context":{"text":"Fotografie","link":"https:\/\/kotrla.com\/pmpro\/category\/fotografie\/"},"img":{"alt_text":"","src":"https:\/\/i0.wp.com\/kotrla.com\/pmpro\/wp-content\/uploads\/2022\/10\/rostislav_valusek_IMGP3135.jpg?resize=350%2C200&ssl=1","width":350,"height":200,"srcset":"https:\/\/i0.wp.com\/kotrla.com\/pmpro\/wp-content\/uploads\/2022\/10\/rostislav_valusek_IMGP3135.jpg?resize=350%2C200&ssl=1 1x, https:\/\/i0.wp.com\/kotrla.com\/pmpro\/wp-content\/uploads\/2022\/10\/rostislav_valusek_IMGP3135.jpg?resize=525%2C300&ssl=1 1.5x, https:\/\/i0.wp.com\/kotrla.com\/pmpro\/wp-content\/uploads\/2022\/10\/rostislav_valusek_IMGP3135.jpg?resize=700%2C400&ssl=1 2x, https:\/\/i0.wp.com\/kotrla.com\/pmpro\/wp-content\/uploads\/2022\/10\/rostislav_valusek_IMGP3135.jpg?resize=1050%2C600&ssl=1 3x, https:\/\/i0.wp.com\/kotrla.com\/pmpro\/wp-content\/uploads\/2022\/10\/rostislav_valusek_IMGP3135.jpg?resize=1400%2C800&ssl=1 4x"},"classes":[]},{"id":106,"url":"https:\/\/kotrla.com\/pmpro\/2012\/04\/promeny\/","url_meta":{"origin":130,"position":2},"title":"Prom\u011bny","author":"Pavel Kotrla","date":"17.4.2012","format":false,"excerpt":"Tak dal\u0161\u00ed kus padl za ob\u011b\u0165. Nahrazovan\u00e1 regulace potoka z po\u010d\u00e1tku minul\u00e9ho stolet\u00ed se mi zd\u00e1la ke krajin\u011b p\u0159ece jen citliv\u011bj\u0161\u00ed. Ale mo\u017en\u00e1 je to t\u00edm odstupem. Ale i tak: ryby kamsi zmizely a jen vodu pos\u00edl\u00e1me dol\u016f rychleji.","rel":"","context":"V \u201eFotografie\u201c","block_context":{"text":"Fotografie","link":"https:\/\/kotrla.com\/pmpro\/category\/fotografie\/"},"img":{"alt_text":"image","src":"https:\/\/i0.wp.com\/kotrla.com\/pmpro\/images\/uploads\/promeny1.jpg?resize=350%2C200&ssl=1","width":350,"height":200},"classes":[]},{"id":503,"url":"https:\/\/kotrla.com\/pmpro\/2006\/11\/zvonicka-pri-silnici\/","url_meta":{"origin":130,"position":3},"title":"Zvoni\u010dka p\u0159i silnici","author":"Pavel Kotrla","date":"28.11.2006","format":false,"excerpt":"..., vedouc\u00ed se od \u00fadoln\u00ed p\u0159ehrady na Byst\u0159i\u010dce k \u017eelezni\u010dn\u00ed zast\u00e1vce R\u016f\u017e\u010fka, m\u011bla bedn\u011bn\u00fd p\u0159\u00edst\u0159e\u0161ek se sedlovou \u0161indelovou st\u0159echou a ku\u017eelovitou st\u0159\u00ed\u0161ku nad zvonkem. V zobrazen\u00e9 podob\u011b u\u017e zvoni\u010dka nestoj\u00ed, jak jsme zjistili v l\u00e9t\u011b 1937. Takto doprovodil fotografii textem jej\u00ed autor Flori\u00e1n Zapletal.\u00a0 Fotografie je tedy z doby, kdy\u2026","rel":"","context":"V \u201eByst\u0159i\u010dka\u201c","block_context":{"text":"Byst\u0159i\u010dka","link":"https:\/\/kotrla.com\/pmpro\/category\/bystricka\/"},"img":{"alt_text":"ji\u017e neexistuj\u00edc\u00ed zvoni\u010dka","src":"https:\/\/i0.wp.com\/kotrla.com\/pmpro\/images\/uploads\/zvonicka_ruzdka_bystricka.jpg?resize=350%2C200&ssl=1","width":350,"height":200},"classes":[]},{"id":12399,"url":"https:\/\/kotrla.com\/pmpro\/2025\/01\/v-souradnicich-neklidu-uvedeni-knihy\/","url_meta":{"origin":130,"position":4},"title":"V sou\u0159adnic\u00edch neklidu \u2013 uveden\u00ed knihy","author":"Pavel Kotrla","date":"14.1.2025","format":false,"excerpt":"Slavnostn\u00ed uveden\u00ed knihy prob\u011bhne 6. \u00fanora 2024 v 17 hodin doln\u00ed zasedac\u00ed m\u00edstnost \u00da\u010cL AV \u010cR, Na Florenci 3, Praha 1. Do publikace, kter\u00e1 p\u0159in\u00e1\u0161\u00ed interpretace vybran\u00fdch d\u011bl \u010desk\u00fdch autor\u016f z druh\u00e9 dek\u00e1dy tohoto stolet\u00ed, jsem p\u0159isp\u011bl (ale nejen j\u00e1) jejich fotografiemi. N\u011bkter\u00e9 z nich byly v minulosti publikov\u00e1ny i\u2026","rel":"","context":"V \u201eFotografie\u201c","block_context":{"text":"Fotografie","link":"https:\/\/kotrla.com\/pmpro\/category\/fotografie\/"},"img":{"alt_text":"","src":"https:\/\/i0.wp.com\/kotrla.com\/pmpro\/wp-content\/uploads\/2025\/01\/v_souradnicich_neklidu.jpg?resize=350%2C200&ssl=1","width":350,"height":200,"srcset":"https:\/\/i0.wp.com\/kotrla.com\/pmpro\/wp-content\/uploads\/2025\/01\/v_souradnicich_neklidu.jpg?resize=350%2C200&ssl=1 1x, https:\/\/i0.wp.com\/kotrla.com\/pmpro\/wp-content\/uploads\/2025\/01\/v_souradnicich_neklidu.jpg?resize=525%2C300&ssl=1 1.5x, https:\/\/i0.wp.com\/kotrla.com\/pmpro\/wp-content\/uploads\/2025\/01\/v_souradnicich_neklidu.jpg?resize=700%2C400&ssl=1 2x, https:\/\/i0.wp.com\/kotrla.com\/pmpro\/wp-content\/uploads\/2025\/01\/v_souradnicich_neklidu.jpg?resize=1050%2C600&ssl=1 3x, https:\/\/i0.wp.com\/kotrla.com\/pmpro\/wp-content\/uploads\/2025\/01\/v_souradnicich_neklidu.jpg?resize=1400%2C800&ssl=1 4x"},"classes":[]},{"id":713,"url":"https:\/\/kotrla.com\/pmpro\/2005\/07\/v-v\/","url_meta":{"origin":130,"position":5},"title":"V. V.","author":"Pavel Kotrla","date":"25.7.2005","format":false,"excerpt":"Dnes uplynulo \u010dtvrt stolet\u00ed od smrti slavn\u00e9ho p\u00edsni\u010dk\u00e1\u0159e Vladimira Semjonovi\u010de Vysock\u00e9ho. Jeho \u017eivotopis najdete t\u0159eba zde: http:\/\/www.qfile.de\/dl\/112402\/novikov_viysockiyi.zip.html","rel":"","context":"V \u201eLiteratura\u201c","block_context":{"text":"Literatura","link":"https:\/\/kotrla.com\/pmpro\/category\/literatura\/"},"img":{"alt_text":"","src":"","width":0,"height":0},"classes":[]}],"jetpack_sharing_enabled":true,"_links":{"self":[{"href":"https:\/\/kotrla.com\/pmpro\/wp-json\/wp\/v2\/posts\/130","targetHints":{"allow":["GET"]}}],"collection":[{"href":"https:\/\/kotrla.com\/pmpro\/wp-json\/wp\/v2\/posts"}],"about":[{"href":"https:\/\/kotrla.com\/pmpro\/wp-json\/wp\/v2\/types\/post"}],"author":[{"embeddable":true,"href":"https:\/\/kotrla.com\/pmpro\/wp-json\/wp\/v2\/users\/1"}],"replies":[{"embeddable":true,"href":"https:\/\/kotrla.com\/pmpro\/wp-json\/wp\/v2\/comments?post=130"}],"version-history":[{"count":0,"href":"https:\/\/kotrla.com\/pmpro\/wp-json\/wp\/v2\/posts\/130\/revisions"}],"wp:attachment":[{"href":"https:\/\/kotrla.com\/pmpro\/wp-json\/wp\/v2\/media?parent=130"}],"wp:term":[{"taxonomy":"category","embeddable":true,"href":"https:\/\/kotrla.com\/pmpro\/wp-json\/wp\/v2\/categories?post=130"},{"taxonomy":"post_tag","embeddable":true,"href":"https:\/\/kotrla.com\/pmpro\/wp-json\/wp\/v2\/tags?post=130"}],"curies":[{"name":"wp","href":"https:\/\/api.w.org\/{rel}","templated":true}]}}