{"id":13030,"date":"2025-07-20T10:07:23","date_gmt":"2025-07-20T09:07:23","guid":{"rendered":"https:\/\/kotrla.com\/pmpro\/?p=13030"},"modified":"2025-07-20T10:07:23","modified_gmt":"2025-07-20T09:07:23","slug":"multizanrovy-festival-farafest","status":"publish","type":"post","link":"https:\/\/kotrla.com\/pmpro\/2025\/07\/multizanrovy-festival-farafest\/","title":{"rendered":"Multi\u017e\u00e1nrov\u00fd festival Farafest"},"content":{"rendered":"<p>\u010cCE Huslenky ve spolupr\u00e1ci s Obc\u00ed Huslenky po\u0159\u00e1daj\u00ed 8.-10.srpna 2025 multi\u017e\u00e1nrov\u00fd festival. Nenechte si to uj\u00edt:<br \/>\n<a href=\"https:\/\/www.facebook.com\/events\/1255498949521936\/\">https:\/\/www.facebook.com\/events\/1255498949521936\/<\/a><\/p>\n<figure id=\"attachment_13029\" aria-describedby=\"caption-attachment-13029\" style=\"width: 1131px\" class=\"wp-caption alignnone\"><a href=\"https:\/\/kotrla.com\/pmpro\/wp-content\/uploads\/2025\/07\/farafest_huslenky_2025.jpg\"><img loading=\"lazy\" decoding=\"async\" class=\"wp-image-13029 size-full\" src=\"https:\/\/kotrla.com\/pmpro\/wp-content\/uploads\/2025\/07\/farafest_huslenky_2025.jpg\" alt=\"Farafest Huslenky 2025\" width=\"1131\" height=\"1600\" srcset=\"https:\/\/kotrla.com\/pmpro\/wp-content\/uploads\/2025\/07\/farafest_huslenky_2025.jpg 1131w, https:\/\/kotrla.com\/pmpro\/wp-content\/uploads\/2025\/07\/farafest_huslenky_2025-212x300.jpg 212w, https:\/\/kotrla.com\/pmpro\/wp-content\/uploads\/2025\/07\/farafest_huslenky_2025-724x1024.jpg 724w, https:\/\/kotrla.com\/pmpro\/wp-content\/uploads\/2025\/07\/farafest_huslenky_2025-1086x1536.jpg 1086w\" sizes=\"auto, (max-width: 1131px) 100vw, 1131px\" \/><\/a><figcaption id=\"caption-attachment-13029\" class=\"wp-caption-text\">Farafest Huslenky 2025<\/figcaption><\/figure>\n","protected":false},"excerpt":{"rendered":"<p>\u010cCE Huslenky ve spolupr\u00e1ci s Obc\u00ed Huslenky po\u0159\u00e1daj\u00ed 8.-10.srpna 2025 multi\u017e\u00e1nrov\u00fd festival. Nenechte si to uj\u00edt: https:\/\/www.facebook.com\/events\/1255498949521936\/<\/p>\n","protected":false},"author":1,"featured_media":0,"comment_status":"open","ping_status":"open","sticky":false,"template":"","format":"standard","meta":{"site-sidebar-layout":"default","site-content-layout":"","ast-site-content-layout":"default","site-content-style":"default","site-sidebar-style":"default","ast-global-header-display":"","ast-banner-title-visibility":"","ast-main-header-display":"","ast-hfb-above-header-display":"","ast-hfb-below-header-display":"","ast-hfb-mobile-header-display":"","site-post-title":"","ast-breadcrumbs-content":"","ast-featured-img":"","footer-sml-layout":"","ast-disable-related-posts":"","theme-transparent-header-meta":"default","adv-header-id-meta":"","stick-header-meta":"","header-above-stick-meta":"","header-main-stick-meta":"","header-below-stick-meta":"","astra-migrate-meta-layouts":"set","ast-page-background-enabled":"default","ast-page-background-meta":{"desktop":{"background-color":"var(--ast-global-color-5)","background-image":"","background-repeat":"repeat","background-position":"center center","background-size":"auto","background-attachment":"scroll","background-type":"","background-media":"","overlay-type":"","overlay-color":"","overlay-opacity":"","overlay-gradient":""},"tablet":{"background-color":"","background-image":"","background-repeat":"repeat","background-position":"center center","background-size":"auto","background-attachment":"scroll","background-type":"","background-media":"","overlay-type":"","overlay-color":"","overlay-opacity":"","overlay-gradient":""},"mobile":{"background-color":"","background-image":"","background-repeat":"repeat","background-position":"center center","background-size":"auto","background-attachment":"scroll","background-type":"","background-media":"","overlay-type":"","overlay-color":"","overlay-opacity":"","overlay-gradient":""}},"ast-content-background-meta":{"desktop":{"background-color":"var(--ast-global-color-4)","background-image":"","background-repeat":"repeat","background-position":"center center","background-size":"auto","background-attachment":"scroll","background-type":"","background-media":"","overlay-type":"","overlay-color":"","overlay-opacity":"","overlay-gradient":""},"tablet":{"background-color":"var(--ast-global-color-4)","background-image":"","background-repeat":"repeat","background-position":"center center","background-size":"auto","background-attachment":"scroll","background-type":"","background-media":"","overlay-type":"","overlay-color":"","overlay-opacity":"","overlay-gradient":""},"mobile":{"background-color":"var(--ast-global-color-4)","background-image":"","background-repeat":"repeat","background-position":"center center","background-size":"auto","background-attachment":"scroll","background-type":"","background-media":"","overlay-type":"","overlay-color":"","overlay-opacity":"","overlay-gradient":""}},"jetpack_post_was_ever_published":false,"_jetpack_newsletter_access":"","_jetpack_dont_email_post_to_subs":false,"_jetpack_newsletter_tier_id":0,"_jetpack_memberships_contains_paywalled_content":false,"_jetpack_memberships_contains_paid_content":false,"footnotes":""},"categories":[2,3],"tags":[],"class_list":["post-13030","post","type-post","status-publish","format-standard","hentry","category-literatura","category-osobni"],"jetpack_featured_media_url":"","jetpack_shortlink":"https:\/\/wp.me\/p4mLP7-3oa","jetpack-related-posts":[{"id":12921,"url":"https:\/\/kotrla.com\/pmpro\/2025\/06\/potkejme-se-na-farafestu-v-huslenkach\/","url_meta":{"origin":13030,"position":0},"title":"Potkejme se na Farafestu v Huslenk\u00e1ch","author":"Pavel Kotrla","date":"11.6.2025","format":false,"excerpt":"Se mnou se m\u016f\u017eete potkat na festivalu v p\u00e1tek, v r\u00e1mci poeticko-hudebn\u00edho ve\u010dera. FARAFEST: Multi\u017e\u00e1nrov\u00fd festival v srdci Vala\u0161ska (Huslenky) 8.-10. srpna 2025 Str\u00e1nky akce na Facebooku https:\/\/fb.me\/e\/JdxlNKbuL Program P\u00e1tek 8. 8. 18:00 \u2013 22:00 Poeticko-hudebn\u00ed ve\u010der na fa\u0159e 18:00 \u2013 20:00 b\u00e1sn\u00edci Pavel Kotrla, Marie \u0160\u0165astn\u00e1, Ji\u0159\u00ed Pal\u00e1n 20:00\u2026","rel":"","context":"V \u201eLiteratura\u201c","block_context":{"text":"Literatura","link":"https:\/\/kotrla.com\/pmpro\/category\/literatura\/"},"img":{"alt_text":"","src":"https:\/\/i0.wp.com\/kotrla.com\/pmpro\/wp-content\/uploads\/2025\/06\/farafest_huslenky_2025.jpg?resize=350%2C200&ssl=1","width":350,"height":200,"srcset":"https:\/\/i0.wp.com\/kotrla.com\/pmpro\/wp-content\/uploads\/2025\/06\/farafest_huslenky_2025.jpg?resize=350%2C200&ssl=1 1x, https:\/\/i0.wp.com\/kotrla.com\/pmpro\/wp-content\/uploads\/2025\/06\/farafest_huslenky_2025.jpg?resize=525%2C300&ssl=1 1.5x, https:\/\/i0.wp.com\/kotrla.com\/pmpro\/wp-content\/uploads\/2025\/06\/farafest_huslenky_2025.jpg?resize=700%2C400&ssl=1 2x, https:\/\/i0.wp.com\/kotrla.com\/pmpro\/wp-content\/uploads\/2025\/06\/farafest_huslenky_2025.jpg?resize=1050%2C600&ssl=1 3x, https:\/\/i0.wp.com\/kotrla.com\/pmpro\/wp-content\/uploads\/2025\/06\/farafest_huslenky_2025.jpg?resize=1400%2C800&ssl=1 4x"},"classes":[]},{"id":111,"url":"https:\/\/kotrla.com\/pmpro\/2012\/02\/literarni-festival-2012-vsetin\/","url_meta":{"origin":13030,"position":1},"title":"Liter\u00e1rn\u00ed festival 2012 (Vset\u00edn)","author":"Pavel Kotrla","date":"26.2.2012","format":false,"excerpt":"Vset\u00ednsk\u00fd liter\u00e1rn\u00ed festival (p\u0159\u00edpadn\u011b na Facebooku) za\u010d\u00edn\u00e1 ji\u017e ve \u010dtvrtek. V jeho r\u00e1mci uv\u00e1d\u00edm t\u0159i liter\u00e1rn\u00ed ve\u010dery. 11. 4. \u2013 Kate\u0159ina Tu\u010dkov\u00e1 http:\/\/www.katerina-tuckova.cz Autorka prozaick\u00fdch knih (Montespani\u00e1da, Vyhn\u00e1n\u00ed Gerty Schnirch, \u017d\u00edtkovsk\u00e9 bohyn\u011b) a \u0159ady odborn\u00fdch publikac\u00ed z oblasti um\u011bn\u00ed. 12. 4. \u2013 Radka Denemarkov\u00e1 - NOV\u00dd TERM\u00cdN Autorka n\u011bkolika v\u00fdrazn\u00fdch\u2026","rel":"","context":"V \u201eLiteratura\u201c","block_context":{"text":"Literatura","link":"https:\/\/kotrla.com\/pmpro\/category\/literatura\/"},"img":{"alt_text":"Liter\u00e1rn\u00ed festival 2012 (Vset\u00edn)","src":"https:\/\/i0.wp.com\/kotrla.com\/pmpro\/images\/uploads\/literarni_festival_vsetin_2012.jpg?resize=350%2C200&ssl=1","width":350,"height":200},"classes":[]},{"id":1384,"url":"https:\/\/kotrla.com\/pmpro\/2003\/03\/literarni-festival-literarni-kveten\/","url_meta":{"origin":13030,"position":2},"title":"Liter\u00e1rn\u00ed festival Liter\u00e1rn\u00ed kv\u011bten","author":"Pavel Kotrla","date":"25.3.2003","format":false,"excerpt":"Druh\u00fd ro\u010dn\u00edk liter\u00e1rn\u00edho festivalu Liter\u00e1rn\u00ed kv\u011bten 2003 se bude konat od 20.5. do 23.5. ve Zl\u00edn\u011b. Festival organizuj\u00ed studenti Fakulty multimedi\u00e1ln\u00edch komunikac\u00ed Univerzity Tom\u00e1\u0161e Bati. M\u00e1m to za kopcem, a tak douf\u00e1m, \u017ee se z\u00fa\u010dastn\u00edm. Druh\u00fd ro\u010dn\u00edk festivalu by mohl obsahovat n\u00e1sleduj\u00edc\u00ed t\u00e9matick\u00e9 celky: Alkohol, hospoda a literatura; pocta Bohumilu\u2026","rel":"","context":"V \u201eNeza\u0159azen\u00e9\u201c","block_context":{"text":"Neza\u0159azen\u00e9","link":"https:\/\/kotrla.com\/pmpro\/category\/nezarazene\/"},"img":{"alt_text":"","src":"","width":0,"height":0},"classes":[]},{"id":1336,"url":"https:\/\/kotrla.com\/pmpro\/2003\/05\/zlinsky-festival\/","url_meta":{"origin":13030,"position":3},"title":"Zl\u00ednsk\u00fd festival","author":"Pavel Kotrla","date":"29.5.2003","format":false,"excerpt":"Sl\u00edben\u00e9 sice plat\u00ed sto rok\u016f, jak se \u0159\u00edk\u00e1, ale p\u0159ece jenom jsem se dokopal k n\u00e1sleduj\u00edc\u00edm \u0159\u00e1dk\u016fm. Nejsem velk\u00fd p\u0159\u00edtel hromadn\u00fdch akc\u00ed. Tak jedna, dv\u011b v pr\u016fb\u011bhu roku \u00fapln\u011b sta\u010d\u00ed k potla\u010den\u00ed m\u00e9ho nad\u0161en\u00ed. Nic na tom nezm\u011bnil ani vyda\u0159en\u00fd festival ve Zl\u00edn\u011b. Dva dny \u00fapln\u011b sta\u010dily. Nev\u00edm, jestli dopoledn\u00ed\u2026","rel":"","context":"V \u201eNeza\u0159azen\u00e9\u201c","block_context":{"text":"Neza\u0159azen\u00e9","link":"https:\/\/kotrla.com\/pmpro\/category\/nezarazene\/"},"img":{"alt_text":"Kotrla - Hrabal","src":"https:\/\/i0.wp.com\/kotrla.com\/pmpro\/images\/uploads\/kotrla_hrabal.jpg?resize=350%2C200&ssl=1","width":350,"height":200},"classes":[]},{"id":995,"url":"https:\/\/kotrla.com\/pmpro\/2004\/06\/ohlednuti-za-literarnim-kvetnem\/","url_meta":{"origin":13030,"position":4},"title":"Ohl\u00e9dnut\u00ed za Liter\u00e1rn\u00edm kv\u011btnem","author":"Pavel Kotrla","date":"2.6.2004","format":false,"excerpt":"Zl\u00ednsk\u00fd Liter\u00e1rn\u00ed kv\u011bten je jeden z m\u00e1la liter\u00e1rn\u00edch festival\u016f, kter\u00e9 m\u00e1m v oblib\u011b. Za hlavn\u00ed klad pova\u017euji, \u017ee nen\u00ed organizov\u00e1n samotn\u00fdmi liter\u00e1ty, ale studenty multimedi\u00e1ln\u00edch komunikac\u00ed. Spojen\u00ed, kter\u00e9 je mo\u017en\u00e1 zar\u00e1\u017eej\u00edc\u00ed, ale kter\u00e9 se vypl\u00e1c\u00ed. Festival funguje velmi dob\u0159e, bez z\u00e1drhel\u016f, kter\u00e9 by byly patrn\u00e9 \u00fa\u010dastn\u00edk\u016fm. Jen tak d\u00e1l! Na\u2026","rel":"","context":"V \u201eNeza\u0159azen\u00e9\u201c","block_context":{"text":"Neza\u0159azen\u00e9","link":"https:\/\/kotrla.com\/pmpro\/category\/nezarazene\/"},"img":{"alt_text":"","src":"","width":0,"height":0},"classes":[]},{"id":3136,"url":"https:\/\/kotrla.com\/pmpro\/2017\/04\/19-vsetinsky-filmovy-maraton\/","url_meta":{"origin":13030,"position":5},"title":"19. vset\u00ednsk\u00fd filmov\u00fd maraton","author":"Pavel Kotrla","date":"24.4.2017","format":false,"excerpt":"Devaten\u00e1ct\u00fd vset\u00ednsk\u00fd filmov\u00fd maraton, po\u0159\u00e1dan\u00fd Filmov\u00fdm klubem Vset\u00edn, byl v\u011bnov\u00e1n p\u0159edev\u0161\u00edm nov\u00e9mu slovinsk\u00e9mu filmu a pak i jeho v\u00fdznamn\u00e9 osobnosti, kter\u00e1 je neodmysliteln\u011b spojena i s \u010desk\u00fdm filmem, Franti\u0161ku \u010c\u00e1povi. Festival slavnostn\u011b zah\u00e1jilo prom\u00edt\u00e1n\u00ed filmu Slovinka, a to\u00a0za osobn\u00ed \u00fa\u010dasti re\u017eis\u00e9ra Damjana Kozoleho. Festival doprov\u00e1zely i dv\u011b v\u00fdstavy. Prvn\u00ed byla\u2026","rel":"","context":"V \u201eOsobn\u00ed\u201c","block_context":{"text":"Osobn\u00ed","link":"https:\/\/kotrla.com\/pmpro\/category\/osobni\/"},"img":{"alt_text":"","src":"https:\/\/i0.wp.com\/kotrla.com\/pmpro\/wp-content\/uploads\/2017\/04\/filmovy_maraton_IMGP0245.jpg?resize=350%2C200&ssl=1","width":350,"height":200,"srcset":"https:\/\/i0.wp.com\/kotrla.com\/pmpro\/wp-content\/uploads\/2017\/04\/filmovy_maraton_IMGP0245.jpg?resize=350%2C200&ssl=1 1x, https:\/\/i0.wp.com\/kotrla.com\/pmpro\/wp-content\/uploads\/2017\/04\/filmovy_maraton_IMGP0245.jpg?resize=525%2C300&ssl=1 1.5x, https:\/\/i0.wp.com\/kotrla.com\/pmpro\/wp-content\/uploads\/2017\/04\/filmovy_maraton_IMGP0245.jpg?resize=700%2C400&ssl=1 2x, https:\/\/i0.wp.com\/kotrla.com\/pmpro\/wp-content\/uploads\/2017\/04\/filmovy_maraton_IMGP0245.jpg?resize=1050%2C600&ssl=1 3x, https:\/\/i0.wp.com\/kotrla.com\/pmpro\/wp-content\/uploads\/2017\/04\/filmovy_maraton_IMGP0245.jpg?resize=1400%2C800&ssl=1 4x"},"classes":[]}],"jetpack_sharing_enabled":true,"_links":{"self":[{"href":"https:\/\/kotrla.com\/pmpro\/wp-json\/wp\/v2\/posts\/13030","targetHints":{"allow":["GET"]}}],"collection":[{"href":"https:\/\/kotrla.com\/pmpro\/wp-json\/wp\/v2\/posts"}],"about":[{"href":"https:\/\/kotrla.com\/pmpro\/wp-json\/wp\/v2\/types\/post"}],"author":[{"embeddable":true,"href":"https:\/\/kotrla.com\/pmpro\/wp-json\/wp\/v2\/users\/1"}],"replies":[{"embeddable":true,"href":"https:\/\/kotrla.com\/pmpro\/wp-json\/wp\/v2\/comments?post=13030"}],"version-history":[{"count":0,"href":"https:\/\/kotrla.com\/pmpro\/wp-json\/wp\/v2\/posts\/13030\/revisions"}],"wp:attachment":[{"href":"https:\/\/kotrla.com\/pmpro\/wp-json\/wp\/v2\/media?parent=13030"}],"wp:term":[{"taxonomy":"category","embeddable":true,"href":"https:\/\/kotrla.com\/pmpro\/wp-json\/wp\/v2\/categories?post=13030"},{"taxonomy":"post_tag","embeddable":true,"href":"https:\/\/kotrla.com\/pmpro\/wp-json\/wp\/v2\/tags?post=13030"}],"curies":[{"name":"wp","href":"https:\/\/api.w.org\/{rel}","templated":true}]}}