{"id":13038,"date":"2025-07-21T09:17:49","date_gmt":"2025-07-21T08:17:49","guid":{"rendered":"https:\/\/kotrla.com\/pmpro\/?p=13038"},"modified":"2025-07-21T09:17:49","modified_gmt":"2025-07-21T08:17:49","slug":"ohlasy-na-sbirku-jiriho-dynky-zdrhnout-cz-klenov-2025","status":"publish","type":"post","link":"https:\/\/kotrla.com\/pmpro\/2025\/07\/ohlasy-na-sbirku-jiriho-dynky-zdrhnout-cz-klenov-2025\/","title":{"rendered":"Ohlasy na sb\u00edrku Ji\u0159\u00edho Dynky Zdrhnout CZ (Klenov 2025)"},"content":{"rendered":"<p>V kr\u00e1tk\u00e9m \u010dasov\u00e9m rozmez\u00ed se objevily prvn\u00ed ohlasy na sb\u00edrku <a href=\"https:\/\/kotrla.com\/pmpro\/klenov\/jiri-dynka-zdrhnout-cz-2025\/\">Ji\u0159\u00edho Dynky Zdrhnout CZ<\/a> vydanou m\u00fdm jednomu\u017en\u00fdm <a href=\"https:\/\/kotrla.com\/pmpro\/klenov\/\">Klenovem<\/a>. Za projeven\u00fd recenzn\u00ed z\u00e1jem d\u011bkujeme!<\/p>\n<ul>\n<li><a href=\"https:\/\/pozdevnoci.blogspot.com\/2025\/07\/ctenari-budou-zaskoceni-ze-v-pisku.html\">Tom\u00e1\u0161 Gabriel: \u010cten\u00e1\u0159i budou zasko\u010deni, \u017ee v P\u00edsku neprod\u00e1vaj\u00ed zmrzlinu (Dynka 2025), Online 10. 7. 2025<\/a><\/li>\n<li><a href=\"https:\/\/program.rozhlas.cz\/zaznamy#\/vltava\/2\/2025-07-17\">Jan Nejedl\u00fd: Kni\u017en\u00ed tipy. \u010cesk\u00fd rozhlas Vltava, Mozaika. 17. 7. 2025 (od 7:37:30)<\/a>\u00a0\u2013 (<a href=\"https:\/\/kotrla.com\/pmpro\/wp-content\/uploads\/2025\/07\/cro_vltava_mozaika_nejedly_dynka_zdrhnout_cz_20250717.mp3\">lok\u00e1ln\u00ed kopie v mp3<\/a>)<\/li>\n<li><a href=\"https:\/\/www.divadelni-noviny.cz\/nahoda-je-vymluva\">Radim Kop\u00e1\u010d: N\u00e1hoda je v\u00fdmluva. Divadeln\u00ed noviny. 18. 7. 2025<\/a><\/li>\n<\/ul>\n","protected":false},"excerpt":{"rendered":"<p>V kr\u00e1tk\u00e9m \u010dasov\u00e9m rozmez\u00ed se objevily prvn\u00ed ohlasy na sb\u00edrku Ji\u0159\u00edho Dynky Zdrhnout CZ vydanou m\u00fdm jednomu\u017en\u00fdm Klenovem. Za projeven\u00fd recenzn\u00ed z\u00e1jem d\u011bkujeme! Tom\u00e1\u0161 Gabriel: \u010cten\u00e1\u0159i budou zasko\u010deni, \u017ee v P\u00edsku neprod\u00e1vaj\u00ed zmrzlinu (Dynka 2025), Online 10. 7. 2025 Jan Nejedl\u00fd: Kni\u017en\u00ed tipy. \u010cesk\u00fd rozhlas Vltava, Mozaika. 17. 7. 2025 (od 7:37:30)\u00a0\u2013 (lok\u00e1ln\u00ed kopie v [&hellip;]<\/p>\n","protected":false},"author":1,"featured_media":0,"comment_status":"open","ping_status":"open","sticky":false,"template":"","format":"standard","meta":{"site-sidebar-layout":"default","site-content-layout":"","ast-site-content-layout":"default","site-content-style":"default","site-sidebar-style":"default","ast-global-header-display":"","ast-banner-title-visibility":"","ast-main-header-display":"","ast-hfb-above-header-display":"","ast-hfb-below-header-display":"","ast-hfb-mobile-header-display":"","site-post-title":"","ast-breadcrumbs-content":"","ast-featured-img":"","footer-sml-layout":"","ast-disable-related-posts":"","theme-transparent-header-meta":"default","adv-header-id-meta":"","stick-header-meta":"","header-above-stick-meta":"","header-main-stick-meta":"","header-below-stick-meta":"","astra-migrate-meta-layouts":"set","ast-page-background-enabled":"default","ast-page-background-meta":{"desktop":{"background-color":"var(--ast-global-color-5)","background-image":"","background-repeat":"repeat","background-position":"center center","background-size":"auto","background-attachment":"scroll","background-type":"","background-media":"","overlay-type":"","overlay-color":"","overlay-opacity":"","overlay-gradient":""},"tablet":{"background-color":"","background-image":"","background-repeat":"repeat","background-position":"center center","background-size":"auto","background-attachment":"scroll","background-type":"","background-media":"","overlay-type":"","overlay-color":"","overlay-opacity":"","overlay-gradient":""},"mobile":{"background-color":"","background-image":"","background-repeat":"repeat","background-position":"center center","background-size":"auto","background-attachment":"scroll","background-type":"","background-media":"","overlay-type":"","overlay-color":"","overlay-opacity":"","overlay-gradient":""}},"ast-content-background-meta":{"desktop":{"background-color":"var(--ast-global-color-4)","background-image":"","background-repeat":"repeat","background-position":"center center","background-size":"auto","background-attachment":"scroll","background-type":"","background-media":"","overlay-type":"","overlay-color":"","overlay-opacity":"","overlay-gradient":""},"tablet":{"background-color":"var(--ast-global-color-4)","background-image":"","background-repeat":"repeat","background-position":"center center","background-size":"auto","background-attachment":"scroll","background-type":"","background-media":"","overlay-type":"","overlay-color":"","overlay-opacity":"","overlay-gradient":""},"mobile":{"background-color":"var(--ast-global-color-4)","background-image":"","background-repeat":"repeat","background-position":"center center","background-size":"auto","background-attachment":"scroll","background-type":"","background-media":"","overlay-type":"","overlay-color":"","overlay-opacity":"","overlay-gradient":""}},"jetpack_post_was_ever_published":false,"_jetpack_newsletter_access":"","_jetpack_dont_email_post_to_subs":false,"_jetpack_newsletter_tier_id":0,"_jetpack_memberships_contains_paywalled_content":false,"_jetpack_memberships_contains_paid_content":false,"footnotes":""},"categories":[19,2,57,3],"tags":[],"class_list":["post-13038","post","type-post","status-publish","format-standard","hentry","category-knihy","category-literatura","category-nakladatelstvi-klenov","category-osobni"],"jetpack_featured_media_url":"","jetpack_shortlink":"https:\/\/wp.me\/p4mLP7-3oi","jetpack-related-posts":[{"id":13778,"url":"https:\/\/kotrla.com\/pmpro\/2025\/12\/ohlasy\/","url_meta":{"origin":13038,"position":0},"title":"Ohlasy","author":"Pavel Kotrla","date":"11.12.2025","format":false,"excerpt":"Ohlasy sb\u00edrek z Klenova. Z aktu\u00e1ln\u00edho Reflexu na Hedviku Ond\u0159eje Hlo\u017eka, aktu\u00e1ln\u00edho Hosta na Zdrhnout CZ Ji\u0159\u00edho Dynky a A2 na sb\u00edrku Z osrdcen\u00ed Zde\u0148ka Volfa.","rel":"","context":"V \u201eKnihy\u201c","block_context":{"text":"Knihy","link":"https:\/\/kotrla.com\/pmpro\/category\/knihy\/"},"img":{"alt_text":"","src":"https:\/\/i0.wp.com\/kotrla.com\/pmpro\/wp-content\/uploads\/2025\/12\/hedvika_reflex-Firefly-150x150.jpg?resize=350%2C200&ssl=1","width":350,"height":200,"srcset":"https:\/\/i0.wp.com\/kotrla.com\/pmpro\/wp-content\/uploads\/2025\/12\/hedvika_reflex-Firefly-150x150.jpg?resize=350%2C200&ssl=1 1x, https:\/\/i0.wp.com\/kotrla.com\/pmpro\/wp-content\/uploads\/2025\/12\/hedvika_reflex-Firefly-150x150.jpg?resize=525%2C300&ssl=1 1.5x, https:\/\/i0.wp.com\/kotrla.com\/pmpro\/wp-content\/uploads\/2025\/12\/hedvika_reflex-Firefly-150x150.jpg?resize=700%2C400&ssl=1 2x"},"classes":[]},{"id":13809,"url":"https:\/\/kotrla.com\/pmpro\/2025\/12\/dalsi-ohlas-na-sbirku-jiriho-dynky\/","url_meta":{"origin":13038,"position":1},"title":"Dal\u0161\u00ed ohlas na sb\u00edrku Ji\u0159\u00edho Dynky","author":"Pavel Kotrla","date":"16.12.2025","format":false,"excerpt":"Dne\u0161n\u00ed Akcent na \u010cesk\u00e9m rozhlasu Vltava v epizod\u011b \u201eBILANCE: To nej z dom\u00e1c\u00ed literatury 2025. Sa\u0161a Michailidis se pt\u00e1 Evy Kl\u00ed\u010dov\u00e9, Jana Nejedl\u00e9ho a Kry\u0161tofa \u0160pidly\u201c p\u0159inesl mezi jin\u00fdm i dal\u0161\u00ed z pot\u011b\u0161uj\u00edc\u00edch ohlas\u016f na sb\u00edrku Ji\u0159\u00edho Dynky Zdrhnout CZ (Klenov 2025). Cel\u00fd po\u0159ad pak na: https:\/\/www.mujrozhlas.cz\/akcent <\/a","rel":"","context":"V \u201eKnihy\u201c","block_context":{"text":"Knihy","link":"https:\/\/kotrla.com\/pmpro\/category\/knihy\/"},"img":{"alt_text":"","src":"https:\/\/i0.wp.com\/kotrla.com\/pmpro\/wp-content\/uploads\/2025\/12\/cro_vltava_akcent_20251216s.jpg?resize=350%2C200&ssl=1","width":350,"height":200,"srcset":"https:\/\/i0.wp.com\/kotrla.com\/pmpro\/wp-content\/uploads\/2025\/12\/cro_vltava_akcent_20251216s.jpg?resize=350%2C200&ssl=1 1x, https:\/\/i0.wp.com\/kotrla.com\/pmpro\/wp-content\/uploads\/2025\/12\/cro_vltava_akcent_20251216s.jpg?resize=525%2C300&ssl=1 1.5x, https:\/\/i0.wp.com\/kotrla.com\/pmpro\/wp-content\/uploads\/2025\/12\/cro_vltava_akcent_20251216s.jpg?resize=700%2C400&ssl=1 2x, https:\/\/i0.wp.com\/kotrla.com\/pmpro\/wp-content\/uploads\/2025\/12\/cro_vltava_akcent_20251216s.jpg?resize=1050%2C600&ssl=1 3x, https:\/\/i0.wp.com\/kotrla.com\/pmpro\/wp-content\/uploads\/2025\/12\/cro_vltava_akcent_20251216s.jpg?resize=1400%2C800&ssl=1 4x"},"classes":[]},{"id":12991,"url":"https:\/\/kotrla.com\/pmpro\/2025\/06\/ukazka-ze-sbirky-jiriho-dynky-zdrhnout-cz-v-tvaru\/","url_meta":{"origin":13038,"position":2},"title":"Uk\u00e1zka ze sb\u00edrky Ji\u0159\u00edho Dynky Zdrhnout CZ v Tvaru","author":"Pavel Kotrla","date":"30.6.2025","format":false,"excerpt":"Uk\u00e1zku ze sb\u00edrky Ji\u0159\u00edho Dynky Zdrhnout CZ (Klenov 2025) p\u0159ineslo aktu\u00e1ln\u00ed \u010d\u00edslo \u010dasopisu Tvar 13\/2025.","rel":"","context":"V \u201eLiteratura\u201c","block_context":{"text":"Literatura","link":"https:\/\/kotrla.com\/pmpro\/category\/literatura\/"},"img":{"alt_text":"","src":"https:\/\/i0.wp.com\/kotrla.com\/pmpro\/wp-content\/uploads\/2025\/06\/dynka_tvar_2025_13.jpg?resize=350%2C200&ssl=1","width":350,"height":200,"srcset":"https:\/\/i0.wp.com\/kotrla.com\/pmpro\/wp-content\/uploads\/2025\/06\/dynka_tvar_2025_13.jpg?resize=350%2C200&ssl=1 1x, https:\/\/i0.wp.com\/kotrla.com\/pmpro\/wp-content\/uploads\/2025\/06\/dynka_tvar_2025_13.jpg?resize=525%2C300&ssl=1 1.5x, https:\/\/i0.wp.com\/kotrla.com\/pmpro\/wp-content\/uploads\/2025\/06\/dynka_tvar_2025_13.jpg?resize=700%2C400&ssl=1 2x, https:\/\/i0.wp.com\/kotrla.com\/pmpro\/wp-content\/uploads\/2025\/06\/dynka_tvar_2025_13.jpg?resize=1050%2C600&ssl=1 3x, https:\/\/i0.wp.com\/kotrla.com\/pmpro\/wp-content\/uploads\/2025\/06\/dynka_tvar_2025_13.jpg?resize=1400%2C800&ssl=1 4x"},"classes":[]},{"id":13195,"url":"https:\/\/kotrla.com\/pmpro\/2025\/09\/ze-zapisniku-zcestovaleho-spisovatele\/","url_meta":{"origin":13038,"position":3},"title":"Ze z\u00e1pisn\u00edku zcestoval\u00e9ho spisovatele","author":"Pavel Kotrla","date":"5.9.2025","format":false,"excerpt":"Recenze Michala Jare\u0161e na sb\u00edrku Ji\u0159\u00edho Dynky Zdrhnout CZ (Klenov 2025) v T\u00fdneck\u00fdch listech. Michal Jare\u0161: Ze z\u00e1pisn\u00edku zcestoval\u00e9ho spisovatele. T\u00fdneck\u00e9 listy 8\/2025, s. 7 (PDF)","rel":"","context":"V \u201eKnihy\u201c","block_context":{"text":"Knihy","link":"https:\/\/kotrla.com\/pmpro\/category\/knihy\/"},"img":{"alt_text":"","src":"https:\/\/i0.wp.com\/kotrla.com\/pmpro\/wp-content\/uploads\/2025\/09\/jares_tynecke_listy_2025_08.jpg?resize=350%2C200&ssl=1","width":350,"height":200,"srcset":"https:\/\/i0.wp.com\/kotrla.com\/pmpro\/wp-content\/uploads\/2025\/09\/jares_tynecke_listy_2025_08.jpg?resize=350%2C200&ssl=1 1x, https:\/\/i0.wp.com\/kotrla.com\/pmpro\/wp-content\/uploads\/2025\/09\/jares_tynecke_listy_2025_08.jpg?resize=525%2C300&ssl=1 1.5x, https:\/\/i0.wp.com\/kotrla.com\/pmpro\/wp-content\/uploads\/2025\/09\/jares_tynecke_listy_2025_08.jpg?resize=700%2C400&ssl=1 2x, https:\/\/i0.wp.com\/kotrla.com\/pmpro\/wp-content\/uploads\/2025\/09\/jares_tynecke_listy_2025_08.jpg?resize=1050%2C600&ssl=1 3x, https:\/\/i0.wp.com\/kotrla.com\/pmpro\/wp-content\/uploads\/2025\/09\/jares_tynecke_listy_2025_08.jpg?resize=1400%2C800&ssl=1 4x"},"classes":[]},{"id":13969,"url":"https:\/\/kotrla.com\/pmpro\/2026\/01\/na-ceste-k-sobe\/","url_meta":{"origin":13038,"position":4},"title":"Na cest\u011b k sob\u011b","author":"Pavel Kotrla","date":"19.1.2026","format":false,"excerpt":"iLiteratura.cz p\u0159inesla recenzi Valent\u00fdna \u017di\u0161kov\u00e9 Na cest\u011b k sob\u011b na sb\u00edrku Ji\u0159\u00edho Dynky Zdrhnout CZ vydanou Klenovem v lo\u0148sk\u00e9m roce.","rel":"","context":"V \u201eKnihy\u201c","block_context":{"text":"Knihy","link":"https:\/\/kotrla.com\/pmpro\/category\/knihy\/"},"img":{"alt_text":"","src":"https:\/\/i0.wp.com\/kotrla.com\/pmpro\/wp-content\/uploads\/2026\/01\/iliteratura_cz_dynka.jpg?resize=350%2C200&ssl=1","width":350,"height":200,"srcset":"https:\/\/i0.wp.com\/kotrla.com\/pmpro\/wp-content\/uploads\/2026\/01\/iliteratura_cz_dynka.jpg?resize=350%2C200&ssl=1 1x, https:\/\/i0.wp.com\/kotrla.com\/pmpro\/wp-content\/uploads\/2026\/01\/iliteratura_cz_dynka.jpg?resize=525%2C300&ssl=1 1.5x, https:\/\/i0.wp.com\/kotrla.com\/pmpro\/wp-content\/uploads\/2026\/01\/iliteratura_cz_dynka.jpg?resize=700%2C400&ssl=1 2x, https:\/\/i0.wp.com\/kotrla.com\/pmpro\/wp-content\/uploads\/2026\/01\/iliteratura_cz_dynka.jpg?resize=1050%2C600&ssl=1 3x, https:\/\/i0.wp.com\/kotrla.com\/pmpro\/wp-content\/uploads\/2026\/01\/iliteratura_cz_dynka.jpg?resize=1400%2C800&ssl=1 4x"},"classes":[]},{"id":14046,"url":"https:\/\/kotrla.com\/pmpro\/2026\/02\/dvakrat-jiri-dynka-v-tvaru\/","url_meta":{"origin":13038,"position":5},"title":"Dvakr\u00e1t (Ji\u0159\u00ed Dynka v Tvaru)","author":"Pavel Kotrla","date":"5.2.2026","format":false,"excerpt":"Dv\u011b recenze na sb\u00edrku Ji\u0159\u00edho Dynky Zdrhnout CZ (Klenov 2025) v aktu\u00e1ln\u00edm \u010d\u00edsle Tvaru. Jitka Bret Srbov\u00e1: M\u00e1me snad hrdinu nesn\u00e1\u0161et?. Tvar 3\/2026, s. 3. Pavel hork\u00fd: Cestovatelsk\u00e9 variace. Tvar 3\/2026, s. 3.","rel":"","context":"V \u201eKnihy\u201c","block_context":{"text":"Knihy","link":"https:\/\/kotrla.com\/pmpro\/category\/knihy\/"},"img":{"alt_text":"Jitka Bret Srbov\u00e1: M\u00e1me snad hrdinu nesn\u00e1\u0161et?. Tvar 3\/2026, s. 3.","src":"https:\/\/i0.wp.com\/kotrla.com\/pmpro\/wp-content\/uploads\/2026\/02\/tvar_2026_3_dynka_srbova.jpg?resize=350%2C200&ssl=1","width":350,"height":200,"srcset":"https:\/\/i0.wp.com\/kotrla.com\/pmpro\/wp-content\/uploads\/2026\/02\/tvar_2026_3_dynka_srbova.jpg?resize=350%2C200&ssl=1 1x, https:\/\/i0.wp.com\/kotrla.com\/pmpro\/wp-content\/uploads\/2026\/02\/tvar_2026_3_dynka_srbova.jpg?resize=525%2C300&ssl=1 1.5x, https:\/\/i0.wp.com\/kotrla.com\/pmpro\/wp-content\/uploads\/2026\/02\/tvar_2026_3_dynka_srbova.jpg?resize=700%2C400&ssl=1 2x, https:\/\/i0.wp.com\/kotrla.com\/pmpro\/wp-content\/uploads\/2026\/02\/tvar_2026_3_dynka_srbova.jpg?resize=1050%2C600&ssl=1 3x"},"classes":[]}],"jetpack_sharing_enabled":true,"_links":{"self":[{"href":"https:\/\/kotrla.com\/pmpro\/wp-json\/wp\/v2\/posts\/13038","targetHints":{"allow":["GET"]}}],"collection":[{"href":"https:\/\/kotrla.com\/pmpro\/wp-json\/wp\/v2\/posts"}],"about":[{"href":"https:\/\/kotrla.com\/pmpro\/wp-json\/wp\/v2\/types\/post"}],"author":[{"embeddable":true,"href":"https:\/\/kotrla.com\/pmpro\/wp-json\/wp\/v2\/users\/1"}],"replies":[{"embeddable":true,"href":"https:\/\/kotrla.com\/pmpro\/wp-json\/wp\/v2\/comments?post=13038"}],"version-history":[{"count":0,"href":"https:\/\/kotrla.com\/pmpro\/wp-json\/wp\/v2\/posts\/13038\/revisions"}],"wp:attachment":[{"href":"https:\/\/kotrla.com\/pmpro\/wp-json\/wp\/v2\/media?parent=13038"}],"wp:term":[{"taxonomy":"category","embeddable":true,"href":"https:\/\/kotrla.com\/pmpro\/wp-json\/wp\/v2\/categories?post=13038"},{"taxonomy":"post_tag","embeddable":true,"href":"https:\/\/kotrla.com\/pmpro\/wp-json\/wp\/v2\/tags?post=13038"}],"curies":[{"name":"wp","href":"https:\/\/api.w.org\/{rel}","templated":true}]}}