{"id":13178,"date":"2025-08-11T12:39:02","date_gmt":"2025-08-11T11:39:02","guid":{"rendered":"https:\/\/kotrla.com\/pmpro\/?p=13178"},"modified":"2025-08-11T12:39:02","modified_gmt":"2025-08-11T11:39:02","slug":"ohlednuti-za-ctenim-na-farafestu-huslenkach","status":"publish","type":"post","link":"https:\/\/kotrla.com\/pmpro\/2025\/08\/ohlednuti-za-ctenim-na-farafestu-huslenkach\/","title":{"rendered":"Ohl\u00e9dnut\u00ed za \u010dten\u00edm na Farafestu Huslenk\u00e1ch"},"content":{"rendered":"<p>Ohl\u00e9dnut\u00ed objektivem <a href=\"https:\/\/www.facebook.com\/vojtech.zikmund.92\">Vojt\u011bcha Zikmunda (<\/a><a href=\"https:\/\/www.idnes.cz\/jihlava\/zpravy\/rozhovor-hospic-pecovatel-vojtech-zikmund-nove-mesto-na-morave-knihkupec-social-vysocina-pece-paliat.A200210_532136_jihlava-zpravy_mv\">fotograf, knihkupec, pe\u010dovatel<\/a>) za \u010dten\u00edm na prvn\u00edm ro\u010dn\u00edku festivalu Farafest v Huslenk\u00e1ch. M\u00edsto p\u016fvodn\u011b ozn\u00e1men\u00e9 Marie \u0160\u0165astn\u00e9 zasko\u010dil Zden\u011bk Lys\u00fd. D\u00edky za pozv\u00e1n\u00ed.<\/p>\n<div id='gallery-1' class='gallery galleryid-13178 gallery-columns-3 gallery-size-thumbnail'><figure class='gallery-item'>\n\t\t\t<div class='gallery-icon landscape'>\n\t\t\t\t<a href='https:\/\/kotrla.com\/pmpro\/531326481_24968831199371467_2412392490420781807_n\/'><img loading=\"lazy\" decoding=\"async\" width=\"150\" height=\"150\" src=\"https:\/\/kotrla.com\/pmpro\/wp-content\/uploads\/2025\/08\/531326481_24968831199371467_2412392490420781807_n-150x150.jpg\" class=\"attachment-thumbnail size-thumbnail\" alt=\"\" \/><\/a>\n\t\t\t<\/div><\/figure><figure class='gallery-item'>\n\t\t\t<div class='gallery-icon landscape'>\n\t\t\t\t<a href='https:\/\/kotrla.com\/pmpro\/531720062_24968836399370947_1546981315077615963_n\/'><img loading=\"lazy\" decoding=\"async\" width=\"150\" height=\"150\" src=\"https:\/\/kotrla.com\/pmpro\/wp-content\/uploads\/2025\/08\/531720062_24968836399370947_1546981315077615963_n-150x150.jpg\" class=\"attachment-thumbnail size-thumbnail\" alt=\"\" \/><\/a>\n\t\t\t<\/div><\/figure><figure class='gallery-item'>\n\t\t\t<div class='gallery-icon landscape'>\n\t\t\t\t<a href='https:\/\/kotrla.com\/pmpro\/531364024_24968838712704049_5297710725457488486_n\/'><img loading=\"lazy\" decoding=\"async\" width=\"150\" height=\"150\" src=\"https:\/\/kotrla.com\/pmpro\/wp-content\/uploads\/2025\/08\/531364024_24968838712704049_5297710725457488486_n-150x150.jpg\" class=\"attachment-thumbnail size-thumbnail\" alt=\"\" \/><\/a>\n\t\t\t<\/div><\/figure><figure class='gallery-item'>\n\t\t\t<div class='gallery-icon landscape'>\n\t\t\t\t<a href='https:\/\/kotrla.com\/pmpro\/530650513_24968832999371287_1180762120347370016_n-1\/'><img loading=\"lazy\" decoding=\"async\" width=\"150\" height=\"150\" src=\"https:\/\/kotrla.com\/pmpro\/wp-content\/uploads\/2025\/08\/530650513_24968832999371287_1180762120347370016_n-1-150x150.jpg\" class=\"attachment-thumbnail size-thumbnail\" alt=\"\" \/><\/a>\n\t\t\t<\/div><\/figure><figure class='gallery-item'>\n\t\t\t<div class='gallery-icon landscape'>\n\t\t\t\t<a href='https:\/\/kotrla.com\/pmpro\/530629468_24968839806037273_614448305142115699_n\/'><img loading=\"lazy\" decoding=\"async\" width=\"150\" height=\"150\" src=\"https:\/\/kotrla.com\/pmpro\/wp-content\/uploads\/2025\/08\/530629468_24968839806037273_614448305142115699_n-150x150.jpg\" class=\"attachment-thumbnail size-thumbnail\" alt=\"\" \/><\/a>\n\t\t\t<\/div><\/figure><figure class='gallery-item'>\n\t\t\t<div class='gallery-icon landscape'>\n\t\t\t\t<a href='https:\/\/kotrla.com\/pmpro\/530614778_24968835506037703_9108298974890905126_n\/'><img loading=\"lazy\" decoding=\"async\" width=\"150\" height=\"150\" src=\"https:\/\/kotrla.com\/pmpro\/wp-content\/uploads\/2025\/08\/530614778_24968835506037703_9108298974890905126_n-150x150.jpg\" class=\"attachment-thumbnail size-thumbnail\" alt=\"\" \/><\/a>\n\t\t\t<\/div><\/figure><figure class='gallery-item'>\n\t\t\t<div class='gallery-icon landscape'>\n\t\t\t\t<a href='https:\/\/kotrla.com\/pmpro\/530530679_24968831966038057_3961595247713627650_n-1\/'><img loading=\"lazy\" decoding=\"async\" width=\"150\" height=\"150\" src=\"https:\/\/kotrla.com\/pmpro\/wp-content\/uploads\/2025\/08\/530530679_24968831966038057_3961595247713627650_n-1-150x150.jpg\" class=\"attachment-thumbnail size-thumbnail\" alt=\"\" \/><\/a>\n\t\t\t<\/div><\/figure><figure class='gallery-item'>\n\t\t\t<div class='gallery-icon landscape'>\n\t\t\t\t<a href='https:\/\/kotrla.com\/pmpro\/530462202_24968834666037787_4601652454308114563_n\/'><img loading=\"lazy\" decoding=\"async\" width=\"150\" height=\"150\" src=\"https:\/\/kotrla.com\/pmpro\/wp-content\/uploads\/2025\/08\/530462202_24968834666037787_4601652454308114563_n-150x150.jpg\" class=\"attachment-thumbnail size-thumbnail\" alt=\"\" \/><\/a>\n\t\t\t<\/div><\/figure><figure class='gallery-item'>\n\t\t\t<div class='gallery-icon landscape'>\n\t\t\t\t<a href='https:\/\/kotrla.com\/pmpro\/530260753_24968831566038097_7937719231647096078_n\/'><img loading=\"lazy\" decoding=\"async\" width=\"150\" height=\"150\" src=\"https:\/\/kotrla.com\/pmpro\/wp-content\/uploads\/2025\/08\/530260753_24968831566038097_7937719231647096078_n-150x150.jpg\" class=\"attachment-thumbnail size-thumbnail\" alt=\"\" \/><\/a>\n\t\t\t<\/div><\/figure>\n\t\t<\/div>\n\n","protected":false},"excerpt":{"rendered":"<p>Ohl\u00e9dnut\u00ed objektivem Vojt\u011bcha Zikmunda (fotograf, knihkupec, pe\u010dovatel) za \u010dten\u00edm na prvn\u00edm ro\u010dn\u00edku festivalu Farafest v Huslenk\u00e1ch. M\u00edsto p\u016fvodn\u011b ozn\u00e1men\u00e9 Marie \u0160\u0165astn\u00e9 zasko\u010dil Zden\u011bk Lys\u00fd. D\u00edky za pozv\u00e1n\u00ed.<\/p>\n","protected":false},"author":1,"featured_media":0,"comment_status":"open","ping_status":"open","sticky":false,"template":"","format":"standard","meta":{"site-sidebar-layout":"default","site-content-layout":"","ast-site-content-layout":"default","site-content-style":"default","site-sidebar-style":"default","ast-global-header-display":"","ast-banner-title-visibility":"","ast-main-header-display":"","ast-hfb-above-header-display":"","ast-hfb-below-header-display":"","ast-hfb-mobile-header-display":"","site-post-title":"","ast-breadcrumbs-content":"","ast-featured-img":"","footer-sml-layout":"","ast-disable-related-posts":"","theme-transparent-header-meta":"default","adv-header-id-meta":"","stick-header-meta":"","header-above-stick-meta":"","header-main-stick-meta":"","header-below-stick-meta":"","astra-migrate-meta-layouts":"set","ast-page-background-enabled":"default","ast-page-background-meta":{"desktop":{"background-color":"var(--ast-global-color-5)","background-image":"","background-repeat":"repeat","background-position":"center center","background-size":"auto","background-attachment":"scroll","background-type":"","background-media":"","overlay-type":"","overlay-color":"","overlay-opacity":"","overlay-gradient":""},"tablet":{"background-color":"","background-image":"","background-repeat":"repeat","background-position":"center center","background-size":"auto","background-attachment":"scroll","background-type":"","background-media":"","overlay-type":"","overlay-color":"","overlay-opacity":"","overlay-gradient":""},"mobile":{"background-color":"","background-image":"","background-repeat":"repeat","background-position":"center center","background-size":"auto","background-attachment":"scroll","background-type":"","background-media":"","overlay-type":"","overlay-color":"","overlay-opacity":"","overlay-gradient":""}},"ast-content-background-meta":{"desktop":{"background-color":"var(--ast-global-color-4)","background-image":"","background-repeat":"repeat","background-position":"center center","background-size":"auto","background-attachment":"scroll","background-type":"","background-media":"","overlay-type":"","overlay-color":"","overlay-opacity":"","overlay-gradient":""},"tablet":{"background-color":"var(--ast-global-color-4)","background-image":"","background-repeat":"repeat","background-position":"center center","background-size":"auto","background-attachment":"scroll","background-type":"","background-media":"","overlay-type":"","overlay-color":"","overlay-opacity":"","overlay-gradient":""},"mobile":{"background-color":"var(--ast-global-color-4)","background-image":"","background-repeat":"repeat","background-position":"center center","background-size":"auto","background-attachment":"scroll","background-type":"","background-media":"","overlay-type":"","overlay-color":"","overlay-opacity":"","overlay-gradient":""}},"_jetpack_newsletter_access":"","_jetpack_dont_email_post_to_subs":false,"_jetpack_newsletter_tier_id":0,"_jetpack_memberships_contains_paywalled_content":false,"_jetpack_feature_clip_id":0,"_jetpack_memberships_contains_paid_content":false,"footnotes":"","jetpack_post_was_ever_published":false},"categories":[2,3],"tags":[],"class_list":["post-13178","post","type-post","status-publish","format-standard","hentry","category-literatura","category-osobni"],"jetpack_shortlink":"https:\/\/wp.me\/p4mLP7-3qy","jetpack-related-posts":[{"id":13339,"url":"https:\/\/kotrla.com\/pmpro\/2025\/10\/ohlednuti-za-vecerem-krajinou-srdce\/","url_meta":{"origin":13178,"position":0},"title":"Ohl\u00e9dnut\u00ed za liter\u00e1rn\u011b-v\u00fdtvarn\u00fdm ve\u010derem Krajinou srdce","author":"Pavel Kotrla","date":"7.10.2025","format":false,"excerpt":"N\u011bkolik fotek z ve\u010dera 22. 9. na vset\u00ednsk\u00e9 Star\u00e9 radnici, kter\u00fd se uskute\u010dnil pod patronac\u00ed Jany Baletkov\u00e9. (Fotky Radovana Koc\u016frka t\u00e9\u017e na Facebooku.)","rel":"","context":"V \u201eLiteratura\u201c","block_context":{"text":"Literatura","link":"https:\/\/kotrla.com\/pmpro\/category\/literatura\/"},"img":{"alt_text":"","src":"https:\/\/i0.wp.com\/kotrla.com\/pmpro\/wp-content\/uploads\/2025\/10\/jb_cteni_IMGP9921-150x150.jpg?resize=350%2C200&ssl=1","width":350,"height":200,"srcset":"https:\/\/i0.wp.com\/kotrla.com\/pmpro\/wp-content\/uploads\/2025\/10\/jb_cteni_IMGP9921-150x150.jpg?resize=350%2C200&ssl=1 1x, https:\/\/i0.wp.com\/kotrla.com\/pmpro\/wp-content\/uploads\/2025\/10\/jb_cteni_IMGP9921-150x150.jpg?resize=525%2C300&ssl=1 1.5x, https:\/\/i0.wp.com\/kotrla.com\/pmpro\/wp-content\/uploads\/2025\/10\/jb_cteni_IMGP9921-150x150.jpg?resize=700%2C400&ssl=1 2x, https:\/\/i0.wp.com\/kotrla.com\/pmpro\/wp-content\/uploads\/2025\/10\/jb_cteni_IMGP9921-150x150.jpg?resize=1050%2C600&ssl=1 3x, https:\/\/i0.wp.com\/kotrla.com\/pmpro\/wp-content\/uploads\/2025\/10\/jb_cteni_IMGP9921-150x150.jpg?resize=1400%2C800&ssl=1 4x"},"classes":[]},{"id":13609,"url":"https:\/\/kotrla.com\/pmpro\/2025\/11\/ohlednuti-za-poetickou-kavarnou-v-ruzdce\/","url_meta":{"origin":13178,"position":1},"title":"Ohl\u00e9dnut\u00ed za poetickou kav\u00e1rnou v R\u016f\u017e\u010fce","author":"Pavel Kotrla","date":"18.11.2025","format":false,"excerpt":"Ohl\u00e9dnut\u00ed za sobotn\u00ed poetickou kav\u00e1rnou v R\u016f\u017e\u010fce. Hr\u00e1li Tab\u00e1sek & Partyja. J\u00e1 jsem \u010detl.","rel":"","context":"V \u201eLiteratura\u201c","block_context":{"text":"Literatura","link":"https:\/\/kotrla.com\/pmpro\/category\/literatura\/"},"img":{"alt_text":"","src":"https:\/\/i0.wp.com\/kotrla.com\/pmpro\/wp-content\/uploads\/2025\/11\/ruzdka_poeticka_kavarna_2025_IMGP1009-150x150.jpg?resize=350%2C200&ssl=1","width":350,"height":200,"srcset":"https:\/\/i0.wp.com\/kotrla.com\/pmpro\/wp-content\/uploads\/2025\/11\/ruzdka_poeticka_kavarna_2025_IMGP1009-150x150.jpg?resize=350%2C200&ssl=1 1x, https:\/\/i0.wp.com\/kotrla.com\/pmpro\/wp-content\/uploads\/2025\/11\/ruzdka_poeticka_kavarna_2025_IMGP1009-150x150.jpg?resize=525%2C300&ssl=1 1.5x, https:\/\/i0.wp.com\/kotrla.com\/pmpro\/wp-content\/uploads\/2025\/11\/ruzdka_poeticka_kavarna_2025_IMGP1009-150x150.jpg?resize=700%2C400&ssl=1 2x, https:\/\/i0.wp.com\/kotrla.com\/pmpro\/wp-content\/uploads\/2025\/11\/ruzdka_poeticka_kavarna_2025_IMGP1009-150x150.jpg?resize=1050%2C600&ssl=1 3x, https:\/\/i0.wp.com\/kotrla.com\/pmpro\/wp-content\/uploads\/2025\/11\/ruzdka_poeticka_kavarna_2025_IMGP1009-150x150.jpg?resize=1400%2C800&ssl=1 4x"},"classes":[]},{"id":995,"url":"https:\/\/kotrla.com\/pmpro\/2004\/06\/ohlednuti-za-literarnim-kvetnem\/","url_meta":{"origin":13178,"position":2},"title":"Ohl\u00e9dnut\u00ed za Liter\u00e1rn\u00edm kv\u011btnem","author":"Pavel Kotrla","date":"2.6.2004","format":false,"excerpt":"Zl\u00ednsk\u00fd Liter\u00e1rn\u00ed kv\u011bten je jeden z m\u00e1la liter\u00e1rn\u00edch festival\u016f, kter\u00e9 m\u00e1m v oblib\u011b. Za hlavn\u00ed klad pova\u017euji, \u017ee nen\u00ed organizov\u00e1n samotn\u00fdmi liter\u00e1ty, ale studenty multimedi\u00e1ln\u00edch komunikac\u00ed. Spojen\u00ed, kter\u00e9 je mo\u017en\u00e1 zar\u00e1\u017eej\u00edc\u00ed, ale kter\u00e9 se vypl\u00e1c\u00ed. Festival funguje velmi dob\u0159e, bez z\u00e1drhel\u016f, kter\u00e9 by byly patrn\u00e9 \u00fa\u010dastn\u00edk\u016fm. Jen tak d\u00e1l! Na\u2026","rel":"","context":"V \u201eNeza\u0159azen\u00e9\u201c","block_context":{"text":"Neza\u0159azen\u00e9","link":"https:\/\/kotrla.com\/pmpro\/category\/nezarazene\/"},"img":{"alt_text":"","src":"","width":0,"height":0},"classes":[]},{"id":13772,"url":"https:\/\/kotrla.com\/pmpro\/2025\/12\/ohlednuti-za-sobotnim-uvedenim-knih-klenova\/","url_meta":{"origin":13178,"position":3},"title":"Ohl\u00e9dnut\u00ed za sobotn\u00edm uveden\u00edm knih Klenova","author":"Pavel Kotrla","date":"10.12.2025","format":false,"excerpt":"Nemoci sice trochu za\u0159\u00e1dily mezi autory, ale i tak bylo dob\u0159e. A je\u0161t\u011b jednou d\u00edky, \u017ee to mohlo b\u00fdt.","rel":"","context":"V \u201eKnihy\u201c","block_context":{"text":"Knihy","link":"https:\/\/kotrla.com\/pmpro\/category\/knihy\/"},"img":{"alt_text":"","src":"https:\/\/i0.wp.com\/kotrla.com\/pmpro\/wp-content\/uploads\/2025\/12\/klenov_vecirek_zima_2025_IMGP1297-150x150.jpg?resize=350%2C200&ssl=1","width":350,"height":200,"srcset":"https:\/\/i0.wp.com\/kotrla.com\/pmpro\/wp-content\/uploads\/2025\/12\/klenov_vecirek_zima_2025_IMGP1297-150x150.jpg?resize=350%2C200&ssl=1 1x, https:\/\/i0.wp.com\/kotrla.com\/pmpro\/wp-content\/uploads\/2025\/12\/klenov_vecirek_zima_2025_IMGP1297-150x150.jpg?resize=525%2C300&ssl=1 1.5x, https:\/\/i0.wp.com\/kotrla.com\/pmpro\/wp-content\/uploads\/2025\/12\/klenov_vecirek_zima_2025_IMGP1297-150x150.jpg?resize=700%2C400&ssl=1 2x, https:\/\/i0.wp.com\/kotrla.com\/pmpro\/wp-content\/uploads\/2025\/12\/klenov_vecirek_zima_2025_IMGP1297-150x150.jpg?resize=1050%2C600&ssl=1 3x, https:\/\/i0.wp.com\/kotrla.com\/pmpro\/wp-content\/uploads\/2025\/12\/klenov_vecirek_zima_2025_IMGP1297-150x150.jpg?resize=1400%2C800&ssl=1 4x"},"classes":[]},{"id":4251,"url":"https:\/\/kotrla.com\/pmpro\/2019\/05\/krajiny-svoje\/","url_meta":{"origin":13178,"position":4},"title":"Krajiny svoje","author":"Pavel Kotrla","date":"8.5.2019","format":false,"excerpt":"Ohl\u00e9dnut\u00ed za vernis\u00e1\u017e\u00ed z 25. 4. 2019 v galerii V Poschod\u00ed na Vset\u00edn\u011b","rel":"","context":"V \u201eFotografie\u201c","block_context":{"text":"Fotografie","link":"https:\/\/kotrla.com\/pmpro\/category\/fotografie\/"},"img":{"alt_text":"","src":"https:\/\/i0.wp.com\/kotrla.com\/pmpro\/wp-content\/uploads\/2019\/05\/krajiny_svoje_IMGP0403-150x150.jpg?resize=350%2C200&ssl=1","width":350,"height":200,"srcset":"https:\/\/i0.wp.com\/kotrla.com\/pmpro\/wp-content\/uploads\/2019\/05\/krajiny_svoje_IMGP0403-150x150.jpg?resize=350%2C200&ssl=1 1x, https:\/\/i0.wp.com\/kotrla.com\/pmpro\/wp-content\/uploads\/2019\/05\/krajiny_svoje_IMGP0403-150x150.jpg?resize=525%2C300&ssl=1 1.5x, https:\/\/i0.wp.com\/kotrla.com\/pmpro\/wp-content\/uploads\/2019\/05\/krajiny_svoje_IMGP0403-150x150.jpg?resize=700%2C400&ssl=1 2x, https:\/\/i0.wp.com\/kotrla.com\/pmpro\/wp-content\/uploads\/2019\/05\/krajiny_svoje_IMGP0403-150x150.jpg?resize=1050%2C600&ssl=1 3x"},"classes":[]},{"id":14664,"url":"https:\/\/kotrla.com\/pmpro\/2026\/08\/farafest-huslenky-2026\/","url_meta":{"origin":13178,"position":5},"title":"Farafest Huslenky 2026","author":"Pavel Kotrla","date":"8.8.2026","format":false,"excerpt":"Ohl\u00e9dnut\u00ed za v\u010derej\u0161\u00edm liter\u00e1rn\u00edm ve\u010derem na festivalu Farafest v Huslenk\u00e1ch, kter\u00fd spolu s pomoc\u00ed ostatn\u00edch organizuje Ji\u0159\u00ed Pal\u00e1n a jeho\u017e druh\u00fd ro\u010dn\u00edk je\u0161t\u011b st\u00e1le prob\u00edh\u00e1.","rel":"","context":"V \u201eLiteratura\u201c","block_context":{"text":"Literatura","link":"https:\/\/kotrla.com\/pmpro\/category\/literatura\/"},"img":{"alt_text":"","src":"https:\/\/i0.wp.com\/kotrla.com\/pmpro\/wp-content\/uploads\/2026\/08\/huslenky_2026_IMGP3811-150x150.jpg?resize=350%2C200&ssl=1","width":350,"height":200,"srcset":"https:\/\/i0.wp.com\/kotrla.com\/pmpro\/wp-content\/uploads\/2026\/08\/huslenky_2026_IMGP3811-150x150.jpg?resize=350%2C200&ssl=1 1x, https:\/\/i0.wp.com\/kotrla.com\/pmpro\/wp-content\/uploads\/2026\/08\/huslenky_2026_IMGP3811-150x150.jpg?resize=525%2C300&ssl=1 1.5x, https:\/\/i0.wp.com\/kotrla.com\/pmpro\/wp-content\/uploads\/2026\/08\/huslenky_2026_IMGP3811-150x150.jpg?resize=700%2C400&ssl=1 2x, https:\/\/i0.wp.com\/kotrla.com\/pmpro\/wp-content\/uploads\/2026\/08\/huslenky_2026_IMGP3811-150x150.jpg?resize=1050%2C600&ssl=1 3x, https:\/\/i0.wp.com\/kotrla.com\/pmpro\/wp-content\/uploads\/2026\/08\/huslenky_2026_IMGP3811-150x150.jpg?resize=1400%2C800&ssl=1 4x"},"classes":[]}],"jetpack_sharing_enabled":true,"jetpack_featured_media_url":"","_links":{"self":[{"href":"https:\/\/kotrla.com\/pmpro\/wp-json\/wp\/v2\/posts\/13178","targetHints":{"allow":["GET"]}}],"collection":[{"href":"https:\/\/kotrla.com\/pmpro\/wp-json\/wp\/v2\/posts"}],"about":[{"href":"https:\/\/kotrla.com\/pmpro\/wp-json\/wp\/v2\/types\/post"}],"author":[{"embeddable":true,"href":"https:\/\/kotrla.com\/pmpro\/wp-json\/wp\/v2\/users\/1"}],"replies":[{"embeddable":true,"href":"https:\/\/kotrla.com\/pmpro\/wp-json\/wp\/v2\/comments?post=13178"}],"version-history":[{"count":0,"href":"https:\/\/kotrla.com\/pmpro\/wp-json\/wp\/v2\/posts\/13178\/revisions"}],"wp:attachment":[{"href":"https:\/\/kotrla.com\/pmpro\/wp-json\/wp\/v2\/media?parent=13178"}],"wp:term":[{"taxonomy":"category","embeddable":true,"href":"https:\/\/kotrla.com\/pmpro\/wp-json\/wp\/v2\/categories?post=13178"},{"taxonomy":"post_tag","embeddable":true,"href":"https:\/\/kotrla.com\/pmpro\/wp-json\/wp\/v2\/tags?post=13178"}],"curies":[{"name":"wp","href":"https:\/\/api.w.org\/{rel}","templated":true}]}}