{"id":13195,"date":"2025-09-05T10:03:54","date_gmt":"2025-09-05T09:03:54","guid":{"rendered":"https:\/\/kotrla.com\/pmpro\/?p=13195"},"modified":"2025-09-05T10:03:54","modified_gmt":"2025-09-05T09:03:54","slug":"ze-zapisniku-zcestovaleho-spisovatele","status":"publish","type":"post","link":"https:\/\/kotrla.com\/pmpro\/2025\/09\/ze-zapisniku-zcestovaleho-spisovatele\/","title":{"rendered":"Ze z\u00e1pisn\u00edku zcestoval\u00e9ho spisovatele"},"content":{"rendered":"<p>Recenze Michala Jare\u0161e na sb\u00edrku <a href=\"https:\/\/kotrla.com\/pmpro\/klenov\/jiri-dynka-zdrhnout-cz-2025\/\">Ji\u0159\u00edho Dynky Zdrhnout CZ<\/a> (<a href=\"https:\/\/kotrla.com\/pmpro\/klenov\/\">Klenov<\/a> 2025) v <a href=\"https:\/\/www.velkytynec.cz\/tynecke-listy\">T\u00fdneck\u00fdch listech<\/a>.<\/p>\n<ul>\n<li><a href=\"https:\/\/kotrla.com\/pmpro\/wp-content\/uploads\/2025\/09\/jares_tynecke_listy_2025_08.pdf\">Michal Jare\u0161: Ze z\u00e1pisn\u00edku zcestoval\u00e9ho spisovatele. T\u00fdneck\u00e9 listy 8\/2025, s. 7 (PDF)<\/a><\/li>\n<\/ul>\n<p><a href=\"https:\/\/kotrla.com\/pmpro\/wp-content\/uploads\/2025\/09\/jares_tynecke_listy_2025_08.jpg\"><img loading=\"lazy\" decoding=\"async\" class=\"alignnone wp-image-13199 size-full\" src=\"https:\/\/kotrla.com\/pmpro\/wp-content\/uploads\/2025\/09\/jares_tynecke_listy_2025_08.jpg\" alt=\"\" width=\"2000\" height=\"1287\" srcset=\"https:\/\/kotrla.com\/pmpro\/wp-content\/uploads\/2025\/09\/jares_tynecke_listy_2025_08.jpg 2000w, https:\/\/kotrla.com\/pmpro\/wp-content\/uploads\/2025\/09\/jares_tynecke_listy_2025_08-300x193.jpg 300w, https:\/\/kotrla.com\/pmpro\/wp-content\/uploads\/2025\/09\/jares_tynecke_listy_2025_08-1024x659.jpg 1024w, https:\/\/kotrla.com\/pmpro\/wp-content\/uploads\/2025\/09\/jares_tynecke_listy_2025_08-1536x988.jpg 1536w\" sizes=\"auto, (max-width: 2000px) 100vw, 2000px\" \/><\/a><\/p>\n","protected":false},"excerpt":{"rendered":"<p>Recenze Michala Jare\u0161e na sb\u00edrku Ji\u0159\u00edho Dynky Zdrhnout CZ (Klenov 2025) v T\u00fdneck\u00fdch listech. Michal Jare\u0161: Ze z\u00e1pisn\u00edku zcestoval\u00e9ho spisovatele. T\u00fdneck\u00e9 listy 8\/2025, s. 7 (PDF)<\/p>\n","protected":false},"author":1,"featured_media":0,"comment_status":"open","ping_status":"open","sticky":false,"template":"","format":"standard","meta":{"site-sidebar-layout":"default","site-content-layout":"","ast-site-content-layout":"default","site-content-style":"default","site-sidebar-style":"default","ast-global-header-display":"","ast-banner-title-visibility":"","ast-main-header-display":"","ast-hfb-above-header-display":"","ast-hfb-below-header-display":"","ast-hfb-mobile-header-display":"","site-post-title":"","ast-breadcrumbs-content":"","ast-featured-img":"","footer-sml-layout":"","ast-disable-related-posts":"","theme-transparent-header-meta":"default","adv-header-id-meta":"","stick-header-meta":"","header-above-stick-meta":"","header-main-stick-meta":"","header-below-stick-meta":"","astra-migrate-meta-layouts":"set","ast-page-background-enabled":"default","ast-page-background-meta":{"desktop":{"background-color":"var(--ast-global-color-5)","background-image":"","background-repeat":"repeat","background-position":"center center","background-size":"auto","background-attachment":"scroll","background-type":"","background-media":"","overlay-type":"","overlay-color":"","overlay-opacity":"","overlay-gradient":""},"tablet":{"background-color":"","background-image":"","background-repeat":"repeat","background-position":"center center","background-size":"auto","background-attachment":"scroll","background-type":"","background-media":"","overlay-type":"","overlay-color":"","overlay-opacity":"","overlay-gradient":""},"mobile":{"background-color":"","background-image":"","background-repeat":"repeat","background-position":"center center","background-size":"auto","background-attachment":"scroll","background-type":"","background-media":"","overlay-type":"","overlay-color":"","overlay-opacity":"","overlay-gradient":""}},"ast-content-background-meta":{"desktop":{"background-color":"var(--ast-global-color-4)","background-image":"","background-repeat":"repeat","background-position":"center center","background-size":"auto","background-attachment":"scroll","background-type":"","background-media":"","overlay-type":"","overlay-color":"","overlay-opacity":"","overlay-gradient":""},"tablet":{"background-color":"var(--ast-global-color-4)","background-image":"","background-repeat":"repeat","background-position":"center center","background-size":"auto","background-attachment":"scroll","background-type":"","background-media":"","overlay-type":"","overlay-color":"","overlay-opacity":"","overlay-gradient":""},"mobile":{"background-color":"var(--ast-global-color-4)","background-image":"","background-repeat":"repeat","background-position":"center center","background-size":"auto","background-attachment":"scroll","background-type":"","background-media":"","overlay-type":"","overlay-color":"","overlay-opacity":"","overlay-gradient":""}},"jetpack_post_was_ever_published":false,"_jetpack_newsletter_access":"","_jetpack_dont_email_post_to_subs":false,"_jetpack_newsletter_tier_id":0,"_jetpack_memberships_contains_paywalled_content":false,"_jetpack_memberships_contains_paid_content":false,"footnotes":""},"categories":[19,57],"tags":[],"class_list":["post-13195","post","type-post","status-publish","format-standard","hentry","category-knihy","category-nakladatelstvi-klenov"],"jetpack_featured_media_url":"","jetpack_shortlink":"https:\/\/wp.me\/p4mLP7-3qP","jetpack-related-posts":[{"id":11716,"url":"https:\/\/kotrla.com\/pmpro\/2024\/06\/uterni-vecer-ve-spolecnosti-spisovatele-jana-nemce\/","url_meta":{"origin":13195,"position":0},"title":"\u00datern\u00ed ve\u010der ve spole\u010dnosti spisovatele Jana N\u011bmce","author":"Pavel Kotrla","date":"12.6.2024","format":false,"excerpt":"Dal\u0161\u00ed ze setk\u00e1n\u00ed\u00a0ve vala\u0161skomezi\u0159\u00ed\u010dsk\u00e9 knihovn\u011b v r\u00e1mci\u00a0projektu Asociace spisovatel\u016f Spisovatel\u00e9 do knihoven.","rel":"","context":"V \u201eFotografie\u201c","block_context":{"text":"Fotografie","link":"https:\/\/kotrla.com\/pmpro\/category\/fotografie\/"},"img":{"alt_text":"","src":"https:\/\/i0.wp.com\/kotrla.com\/pmpro\/wp-content\/uploads\/2024\/06\/jan_nemec_bw_IMGP2542-150x150.jpg?resize=350%2C200&ssl=1","width":350,"height":200,"srcset":"https:\/\/i0.wp.com\/kotrla.com\/pmpro\/wp-content\/uploads\/2024\/06\/jan_nemec_bw_IMGP2542-150x150.jpg?resize=350%2C200&ssl=1 1x, https:\/\/i0.wp.com\/kotrla.com\/pmpro\/wp-content\/uploads\/2024\/06\/jan_nemec_bw_IMGP2542-150x150.jpg?resize=525%2C300&ssl=1 1.5x, https:\/\/i0.wp.com\/kotrla.com\/pmpro\/wp-content\/uploads\/2024\/06\/jan_nemec_bw_IMGP2542-150x150.jpg?resize=700%2C400&ssl=1 2x, https:\/\/i0.wp.com\/kotrla.com\/pmpro\/wp-content\/uploads\/2024\/06\/jan_nemec_bw_IMGP2542-150x150.jpg?resize=1050%2C600&ssl=1 3x, https:\/\/i0.wp.com\/kotrla.com\/pmpro\/wp-content\/uploads\/2024\/06\/jan_nemec_bw_IMGP2542-150x150.jpg?resize=1400%2C800&ssl=1 4x"},"classes":[]},{"id":10838,"url":"https:\/\/kotrla.com\/pmpro\/2023\/09\/zuzana-kultanova-spisovatele-do-knihoven\/","url_meta":{"origin":13195,"position":1},"title":"Zuzana Kult\u00e1nov\u00e1 (Spisovatel\u00e9 do knihoven)","author":"Pavel Kotrla","date":"20.9.2023","format":false,"excerpt":"Tak\u00e9 v leto\u0161n\u00edm roce pokra\u010duje projekt Asociace spisovatel\u016f Spisovatel\u00e9 do knihoven. Jednou ze zapojen\u00fdch knihoven je i M\u011bstsk\u00e1 knihovna Vala\u0161sk\u00e9 Mezi\u0159\u00ed\u010d\u00ed, kde se v\u010dera uskute\u010dnilo prvn\u00ed \u010dten\u00ed a beseda z cyklu. Hostem byla tentokr\u00e1t Zuzana Kult\u00e1nov\u00e1, autorka pr\u00f3z Augustin Zimmermann (2016) a Zp\u00edv\u00e1\u0161 jako bys plakala (2022). Je to u\u017e\u2026","rel":"","context":"V \u201eFotografie\u201c","block_context":{"text":"Fotografie","link":"https:\/\/kotrla.com\/pmpro\/category\/fotografie\/"},"img":{"alt_text":"","src":"https:\/\/i0.wp.com\/kotrla.com\/pmpro\/wp-content\/uploads\/2023\/09\/zuzana_kultanova_IMGP9489-150x150.jpg?resize=350%2C200&ssl=1","width":350,"height":200,"srcset":"https:\/\/i0.wp.com\/kotrla.com\/pmpro\/wp-content\/uploads\/2023\/09\/zuzana_kultanova_IMGP9489-150x150.jpg?resize=350%2C200&ssl=1 1x, https:\/\/i0.wp.com\/kotrla.com\/pmpro\/wp-content\/uploads\/2023\/09\/zuzana_kultanova_IMGP9489-150x150.jpg?resize=525%2C300&ssl=1 1.5x, https:\/\/i0.wp.com\/kotrla.com\/pmpro\/wp-content\/uploads\/2023\/09\/zuzana_kultanova_IMGP9489-150x150.jpg?resize=700%2C400&ssl=1 2x, https:\/\/i0.wp.com\/kotrla.com\/pmpro\/wp-content\/uploads\/2023\/09\/zuzana_kultanova_IMGP9489-150x150.jpg?resize=1050%2C600&ssl=1 3x, https:\/\/i0.wp.com\/kotrla.com\/pmpro\/wp-content\/uploads\/2023\/09\/zuzana_kultanova_IMGP9489-150x150.jpg?resize=1400%2C800&ssl=1 4x"},"classes":[]},{"id":11642,"url":"https:\/\/kotrla.com\/pmpro\/2024\/05\/stanislav-biler\/","url_meta":{"origin":13195,"position":2},"title":"Stanislav Biler","author":"Pavel Kotrla","date":"23.5.2024","format":false,"excerpt":"Ze v\u010derej\u0161\u00edho \u010dten\u00ed spisovatele, publicisty a sociologa Stanislava Bilera. Dal\u0161\u00ed ze setk\u00e1n\u00ed\u00a0ve vala\u0161skomezi\u0159\u00ed\u010dsk\u00e9 knihovn\u011b v r\u00e1mci\u00a0projektu Asociace spisovatel\u016f Spisovatel\u00e9 do knihoven. Jako n\u00e1v\u0161t\u011bvn\u00edk\u016f mohlo b\u00fdt v\u00edc...","rel":"","context":"V \u201eFotografie\u201c","block_context":{"text":"Fotografie","link":"https:\/\/kotrla.com\/pmpro\/category\/fotografie\/"},"img":{"alt_text":"","src":"https:\/\/i0.wp.com\/kotrla.com\/pmpro\/wp-content\/uploads\/2024\/05\/stanislav_biler_IMGP2400cs6.jpg?resize=350%2C200&ssl=1","width":350,"height":200,"srcset":"https:\/\/i0.wp.com\/kotrla.com\/pmpro\/wp-content\/uploads\/2024\/05\/stanislav_biler_IMGP2400cs6.jpg?resize=350%2C200&ssl=1 1x, https:\/\/i0.wp.com\/kotrla.com\/pmpro\/wp-content\/uploads\/2024\/05\/stanislav_biler_IMGP2400cs6.jpg?resize=525%2C300&ssl=1 1.5x, https:\/\/i0.wp.com\/kotrla.com\/pmpro\/wp-content\/uploads\/2024\/05\/stanislav_biler_IMGP2400cs6.jpg?resize=700%2C400&ssl=1 2x, https:\/\/i0.wp.com\/kotrla.com\/pmpro\/wp-content\/uploads\/2024\/05\/stanislav_biler_IMGP2400cs6.jpg?resize=1050%2C600&ssl=1 3x, https:\/\/i0.wp.com\/kotrla.com\/pmpro\/wp-content\/uploads\/2024\/05\/stanislav_biler_IMGP2400cs6.jpg?resize=1400%2C800&ssl=1 4x"},"classes":[]},{"id":3337,"url":"https:\/\/kotrla.com\/pmpro\/2017\/09\/kam-za-literaturou-podzim-2017\/","url_meta":{"origin":13195,"position":3},"title":"Kam za literaturou (podzim 2017)?","author":"Pavel Kotrla","date":"25.9.2017","format":false,"excerpt":"Bez n\u00e1rok\u016f na \u00faplnost, p\u0159ehled liter\u00e1rn\u00edch akci na Vala\u0161sku a v bl\u00edzk\u00e9m okol\u00ed. Na \u00favod tedy pozv\u00e1n\u00ed na jednu moji akci\u010dku, pak u\u017e v \u010dasov\u00e9 posloupnosti. JAK FILMOV\u00dd RE\u017dIS\u00c9R FRANTI\u0160EK \u010c\u00c1P K BESKYD\u00c1M A SLOVINSKU P\u0158I\u0160EL (BESEDY) 10. 10. 17 17:00, Spole\u010densk\u00fd s\u00e1l knihovny, Masarykova knihovna Vset\u00edn Komponovan\u00fd podve\u010der u\u2026","rel":"","context":"V \u201eLiteratura\u201c","block_context":{"text":"Literatura","link":"https:\/\/kotrla.com\/pmpro\/category\/literatura\/"},"img":{"alt_text":"","src":"","width":0,"height":0},"classes":[]},{"id":12991,"url":"https:\/\/kotrla.com\/pmpro\/2025\/06\/ukazka-ze-sbirky-jiriho-dynky-zdrhnout-cz-v-tvaru\/","url_meta":{"origin":13195,"position":4},"title":"Uk\u00e1zka ze sb\u00edrky Ji\u0159\u00edho Dynky Zdrhnout CZ v Tvaru","author":"Pavel Kotrla","date":"30.6.2025","format":false,"excerpt":"Uk\u00e1zku ze sb\u00edrky Ji\u0159\u00edho Dynky Zdrhnout CZ (Klenov 2025) p\u0159ineslo aktu\u00e1ln\u00ed \u010d\u00edslo \u010dasopisu Tvar 13\/2025.","rel":"","context":"V \u201eLiteratura\u201c","block_context":{"text":"Literatura","link":"https:\/\/kotrla.com\/pmpro\/category\/literatura\/"},"img":{"alt_text":"","src":"https:\/\/i0.wp.com\/kotrla.com\/pmpro\/wp-content\/uploads\/2025\/06\/dynka_tvar_2025_13.jpg?resize=350%2C200&ssl=1","width":350,"height":200,"srcset":"https:\/\/i0.wp.com\/kotrla.com\/pmpro\/wp-content\/uploads\/2025\/06\/dynka_tvar_2025_13.jpg?resize=350%2C200&ssl=1 1x, https:\/\/i0.wp.com\/kotrla.com\/pmpro\/wp-content\/uploads\/2025\/06\/dynka_tvar_2025_13.jpg?resize=525%2C300&ssl=1 1.5x, https:\/\/i0.wp.com\/kotrla.com\/pmpro\/wp-content\/uploads\/2025\/06\/dynka_tvar_2025_13.jpg?resize=700%2C400&ssl=1 2x, https:\/\/i0.wp.com\/kotrla.com\/pmpro\/wp-content\/uploads\/2025\/06\/dynka_tvar_2025_13.jpg?resize=1050%2C600&ssl=1 3x, https:\/\/i0.wp.com\/kotrla.com\/pmpro\/wp-content\/uploads\/2025\/06\/dynka_tvar_2025_13.jpg?resize=1400%2C800&ssl=1 4x"},"classes":[]},{"id":1752,"url":"https:\/\/kotrla.com\/pmpro\/2014\/03\/spisovatele-literati-spol\/","url_meta":{"origin":13195,"position":5},"title":"Spisovatel\u00e9, liter\u00e1ti &#038; spol.","author":"Pavel Kotrla","date":"19.3.2014","format":false,"excerpt":"Tak aspo\u0148 prvotn\u00ed p\u0159evod a \u010d\u00e1ste\u010dn\u00e1 aktualizace galerie spisovatel\u016f a liter\u00e1t\u016f z Copermine bude nov\u011b k nalezen\u00ed na str\u00e1nce\u00a0Spisovatel\u00e9, liter\u00e1ti & spol.","rel":"","context":"V \u201eFotografie\u201c","block_context":{"text":"Fotografie","link":"https:\/\/kotrla.com\/pmpro\/category\/fotografie\/"},"img":{"alt_text":"","src":"","width":0,"height":0},"classes":[]}],"jetpack_sharing_enabled":true,"_links":{"self":[{"href":"https:\/\/kotrla.com\/pmpro\/wp-json\/wp\/v2\/posts\/13195","targetHints":{"allow":["GET"]}}],"collection":[{"href":"https:\/\/kotrla.com\/pmpro\/wp-json\/wp\/v2\/posts"}],"about":[{"href":"https:\/\/kotrla.com\/pmpro\/wp-json\/wp\/v2\/types\/post"}],"author":[{"embeddable":true,"href":"https:\/\/kotrla.com\/pmpro\/wp-json\/wp\/v2\/users\/1"}],"replies":[{"embeddable":true,"href":"https:\/\/kotrla.com\/pmpro\/wp-json\/wp\/v2\/comments?post=13195"}],"version-history":[{"count":0,"href":"https:\/\/kotrla.com\/pmpro\/wp-json\/wp\/v2\/posts\/13195\/revisions"}],"wp:attachment":[{"href":"https:\/\/kotrla.com\/pmpro\/wp-json\/wp\/v2\/media?parent=13195"}],"wp:term":[{"taxonomy":"category","embeddable":true,"href":"https:\/\/kotrla.com\/pmpro\/wp-json\/wp\/v2\/categories?post=13195"},{"taxonomy":"post_tag","embeddable":true,"href":"https:\/\/kotrla.com\/pmpro\/wp-json\/wp\/v2\/tags?post=13195"}],"curies":[{"name":"wp","href":"https:\/\/api.w.org\/{rel}","templated":true}]}}