{"id":13215,"date":"2025-09-07T20:06:48","date_gmt":"2025-09-07T19:06:48","guid":{"rendered":"https:\/\/kotrla.com\/pmpro\/?p=13215"},"modified":"2025-09-07T20:06:48","modified_gmt":"2025-09-07T19:06:48","slug":"dnesni-navrat-do-skolni-lavice","status":"publish","type":"post","link":"https:\/\/kotrla.com\/pmpro\/2025\/09\/dnesni-navrat-do-skolni-lavice\/","title":{"rendered":"Dne\u0161n\u00ed n\u00e1vrat do \u0161koln\u00ed lavice"},"content":{"rendered":"<p><a href=\"https:\/\/www.osobnostivalasska.cz\/osobnost\/josef-kalus\/\">\u201eVala\u0161sk\u00fd slav\u00edk\u201c Josef Kalus<\/a>, autor rozs\u00e1hl\u00e9ho d\u00edla, nepat\u0159\u00ed v sou\u010dasnosti mezi autory nej\u010dten\u011bj\u0161\u00ed, ba ani mezi autory nejzn\u00e1m\u011bj\u0161\u00ed. Ale n\u00e1v\u0161t\u011bva jeho <a href=\"https:\/\/www.kudyznudy.cz\/aktivity\/pamatnik-josefa-kaluse-celadna\">pam\u00e1tn\u00edku v \u010celadn\u00e9<\/a>, kde najdete ochotnou pr\u016fvodkyni, za n\u00e1v\u0161t\u011bvu ur\u010dit\u011b stoj\u00ed. Po absolvov\u00e1n\u00ed \u010dty\u0159t\u0159\u00eddn\u00ed obecn\u00e9 \u0161koly se u\u010dil doma tkalcem. U t\u00e9to \u010dinnosti setrval do sv\u00fdch 25 let. Pr\u00e1ci u stavu si zpest\u0159oval psan\u00edm ver\u0161\u016f, ty psal od 12 let. Pozd\u011bji vystudoval u\u010ditelsk\u00fd \u00fastav v P\u0159\u00edbo\u0159e. Nejprve u\u010dil ve Star\u00e9 B\u011bl\u00e9 u Ostravy, n\u00e1sledn\u011b na \u0161kol\u00e1ch v \u010celadn\u00e9. Byl naz\u00fdv\u00e1n \u201evala\u0161sk\u00fdm slav\u00edkem\u201c. Nav\u0161t\u011bvovala ho \u0159ada um\u011blc\u016f. V \u010celadn\u00e9 je pam\u00e1tn\u00edk z\u0159\u00edzen ve \u0161kole, kde \u0159editeloval. Ke spat\u0159en\u00ed jsou zde nejenom jeho knihy, a to v\u010detn\u011b bibliofilsk\u00fdch tisk\u016f, najdete zde tak\u00e9 expozici v\u011bnovanou historii obce a v suter\u00e9nu (budova je ve svahu) pak v\u00fdstavn\u00ed galerii.<\/p>\n<div id='gallery-1' class='gallery galleryid-13215 gallery-columns-3 gallery-size-thumbnail'><figure class='gallery-item'>\n\t\t\t<div class='gallery-icon landscape'>\n\t\t\t\t<a href='https:\/\/kotrla.com\/pmpro\/kalus_imgp9727\/'><img loading=\"lazy\" decoding=\"async\" width=\"150\" height=\"150\" src=\"https:\/\/kotrla.com\/pmpro\/wp-content\/uploads\/2025\/09\/kalus_IMGP9727-150x150.jpg\" class=\"attachment-thumbnail size-thumbnail\" alt=\"\" \/><\/a>\n\t\t\t<\/div><\/figure><figure class='gallery-item'>\n\t\t\t<div class='gallery-icon landscape'>\n\t\t\t\t<a href='https:\/\/kotrla.com\/pmpro\/kalus_imgp9693\/'><img loading=\"lazy\" decoding=\"async\" width=\"150\" height=\"150\" src=\"https:\/\/kotrla.com\/pmpro\/wp-content\/uploads\/2025\/09\/kalus_IMGP9693-150x150.jpg\" class=\"attachment-thumbnail size-thumbnail\" alt=\"\" \/><\/a>\n\t\t\t<\/div><\/figure><figure class='gallery-item'>\n\t\t\t<div class='gallery-icon landscape'>\n\t\t\t\t<a href='https:\/\/kotrla.com\/pmpro\/whatsapp-image-2025-09-07-at-16-32-12-1_cr\/'><img loading=\"lazy\" decoding=\"async\" width=\"150\" height=\"150\" src=\"https:\/\/kotrla.com\/pmpro\/wp-content\/uploads\/2025\/09\/WhatsApp-Image-2025-09-07-at-16.32.12-1_cr-150x150.jpg\" class=\"attachment-thumbnail size-thumbnail\" alt=\"\" \/><\/a>\n\t\t\t<\/div><\/figure><figure class='gallery-item'>\n\t\t\t<div class='gallery-icon landscape'>\n\t\t\t\t<a href='https:\/\/kotrla.com\/pmpro\/kalus_imgp9696\/'><img loading=\"lazy\" decoding=\"async\" width=\"150\" height=\"150\" src=\"https:\/\/kotrla.com\/pmpro\/wp-content\/uploads\/2025\/09\/kalus_IMGP9696-150x150.jpg\" class=\"attachment-thumbnail size-thumbnail\" alt=\"\" \/><\/a>\n\t\t\t<\/div><\/figure><figure class='gallery-item'>\n\t\t\t<div class='gallery-icon landscape'>\n\t\t\t\t<a href='https:\/\/kotrla.com\/pmpro\/whatsapp-image-2025-09-07-at-16-32-17-1_cr\/'><img loading=\"lazy\" decoding=\"async\" width=\"150\" height=\"150\" src=\"https:\/\/kotrla.com\/pmpro\/wp-content\/uploads\/2025\/09\/WhatsApp-Image-2025-09-07-at-16.32.17-1_cr-150x150.jpg\" class=\"attachment-thumbnail size-thumbnail\" alt=\"\" \/><\/a>\n\t\t\t<\/div><\/figure><figure class='gallery-item'>\n\t\t\t<div class='gallery-icon landscape'>\n\t\t\t\t<a href='https:\/\/kotrla.com\/pmpro\/kalus_imgp9722\/'><img loading=\"lazy\" decoding=\"async\" width=\"150\" height=\"150\" src=\"https:\/\/kotrla.com\/pmpro\/wp-content\/uploads\/2025\/09\/kalus_IMGP9722-150x150.jpg\" class=\"attachment-thumbnail size-thumbnail\" alt=\"\" \/><\/a>\n\t\t\t<\/div><\/figure><figure class='gallery-item'>\n\t\t\t<div class='gallery-icon landscape'>\n\t\t\t\t<a href='https:\/\/kotrla.com\/pmpro\/kalus_imgp9714\/'><img loading=\"lazy\" decoding=\"async\" width=\"150\" height=\"150\" src=\"https:\/\/kotrla.com\/pmpro\/wp-content\/uploads\/2025\/09\/kalus_IMGP9714-150x150.jpg\" class=\"attachment-thumbnail size-thumbnail\" alt=\"\" \/><\/a>\n\t\t\t<\/div><\/figure><figure class='gallery-item'>\n\t\t\t<div class='gallery-icon landscape'>\n\t\t\t\t<a href='https:\/\/kotrla.com\/pmpro\/kalus_imgp9708\/'><img loading=\"lazy\" decoding=\"async\" width=\"150\" height=\"150\" src=\"https:\/\/kotrla.com\/pmpro\/wp-content\/uploads\/2025\/09\/kalus_IMGP9708-150x150.jpg\" class=\"attachment-thumbnail size-thumbnail\" alt=\"\" \/><\/a>\n\t\t\t<\/div><\/figure><figure class='gallery-item'>\n\t\t\t<div class='gallery-icon landscape'>\n\t\t\t\t<a href='https:\/\/kotrla.com\/pmpro\/kalus_imgp9706\/'><img loading=\"lazy\" decoding=\"async\" width=\"150\" height=\"150\" src=\"https:\/\/kotrla.com\/pmpro\/wp-content\/uploads\/2025\/09\/kalus_IMGP9706-150x150.jpg\" class=\"attachment-thumbnail size-thumbnail\" alt=\"\" \/><\/a>\n\t\t\t<\/div><\/figure><figure class='gallery-item'>\n\t\t\t<div class='gallery-icon landscape'>\n\t\t\t\t<a href='https:\/\/kotrla.com\/pmpro\/kalus_imgp9704\/'><img loading=\"lazy\" decoding=\"async\" width=\"150\" height=\"150\" src=\"https:\/\/kotrla.com\/pmpro\/wp-content\/uploads\/2025\/09\/kalus_IMGP9704-150x150.jpg\" class=\"attachment-thumbnail size-thumbnail\" alt=\"\" \/><\/a>\n\t\t\t<\/div><\/figure><figure class='gallery-item'>\n\t\t\t<div class='gallery-icon landscape'>\n\t\t\t\t<a href='https:\/\/kotrla.com\/pmpro\/kalus_imgp9698\/'><img loading=\"lazy\" decoding=\"async\" width=\"150\" height=\"150\" src=\"https:\/\/kotrla.com\/pmpro\/wp-content\/uploads\/2025\/09\/kalus_IMGP9698-150x150.jpg\" class=\"attachment-thumbnail size-thumbnail\" alt=\"\" \/><\/a>\n\t\t\t<\/div><\/figure><figure class='gallery-item'>\n\t\t\t<div class='gallery-icon landscape'>\n\t\t\t\t<a href='https:\/\/kotrla.com\/pmpro\/whatsapp-image-2025-09-07-at-16-32-17_cr\/'><img loading=\"lazy\" decoding=\"async\" width=\"150\" height=\"150\" src=\"https:\/\/kotrla.com\/pmpro\/wp-content\/uploads\/2025\/09\/WhatsApp-Image-2025-09-07-at-16.32.17_cr-150x150.jpg\" class=\"attachment-thumbnail size-thumbnail\" alt=\"\" \/><\/a>\n\t\t\t<\/div><\/figure>\n\t\t<\/div>\n\n","protected":false},"excerpt":{"rendered":"<p>\u201eVala\u0161sk\u00fd slav\u00edk\u201c Josef Kalus, autor rozs\u00e1hl\u00e9ho d\u00edla, nepat\u0159\u00ed v sou\u010dasnosti mezi autory nej\u010dten\u011bj\u0161\u00ed, ba ani mezi autory nejzn\u00e1m\u011bj\u0161\u00ed. Ale n\u00e1v\u0161t\u011bva jeho pam\u00e1tn\u00edku v \u010celadn\u00e9, kde najdete ochotnou pr\u016fvodkyni, za n\u00e1v\u0161t\u011bvu ur\u010dit\u011b stoj\u00ed. Po absolvov\u00e1n\u00ed \u010dty\u0159t\u0159\u00eddn\u00ed obecn\u00e9 \u0161koly se u\u010dil doma tkalcem. U t\u00e9to \u010dinnosti setrval do sv\u00fdch 25 let. Pr\u00e1ci u stavu si zpest\u0159oval psan\u00edm [&hellip;]<\/p>\n","protected":false},"author":1,"featured_media":0,"comment_status":"open","ping_status":"open","sticky":false,"template":"","format":"standard","meta":{"site-sidebar-layout":"default","site-content-layout":"","ast-site-content-layout":"default","site-content-style":"default","site-sidebar-style":"default","ast-global-header-display":"","ast-banner-title-visibility":"","ast-main-header-display":"","ast-hfb-above-header-display":"","ast-hfb-below-header-display":"","ast-hfb-mobile-header-display":"","site-post-title":"","ast-breadcrumbs-content":"","ast-featured-img":"","footer-sml-layout":"","ast-disable-related-posts":"","theme-transparent-header-meta":"default","adv-header-id-meta":"","stick-header-meta":"","header-above-stick-meta":"","header-main-stick-meta":"","header-below-stick-meta":"","astra-migrate-meta-layouts":"set","ast-page-background-enabled":"default","ast-page-background-meta":{"desktop":{"background-color":"var(--ast-global-color-5)","background-image":"","background-repeat":"repeat","background-position":"center center","background-size":"auto","background-attachment":"scroll","background-type":"","background-media":"","overlay-type":"","overlay-color":"","overlay-opacity":"","overlay-gradient":""},"tablet":{"background-color":"","background-image":"","background-repeat":"repeat","background-position":"center center","background-size":"auto","background-attachment":"scroll","background-type":"","background-media":"","overlay-type":"","overlay-color":"","overlay-opacity":"","overlay-gradient":""},"mobile":{"background-color":"","background-image":"","background-repeat":"repeat","background-position":"center center","background-size":"auto","background-attachment":"scroll","background-type":"","background-media":"","overlay-type":"","overlay-color":"","overlay-opacity":"","overlay-gradient":""}},"ast-content-background-meta":{"desktop":{"background-color":"var(--ast-global-color-4)","background-image":"","background-repeat":"repeat","background-position":"center center","background-size":"auto","background-attachment":"scroll","background-type":"","background-media":"","overlay-type":"","overlay-color":"","overlay-opacity":"","overlay-gradient":""},"tablet":{"background-color":"var(--ast-global-color-4)","background-image":"","background-repeat":"repeat","background-position":"center center","background-size":"auto","background-attachment":"scroll","background-type":"","background-media":"","overlay-type":"","overlay-color":"","overlay-opacity":"","overlay-gradient":""},"mobile":{"background-color":"var(--ast-global-color-4)","background-image":"","background-repeat":"repeat","background-position":"center center","background-size":"auto","background-attachment":"scroll","background-type":"","background-media":"","overlay-type":"","overlay-color":"","overlay-opacity":"","overlay-gradient":""}},"jetpack_post_was_ever_published":false,"_jetpack_newsletter_access":"","_jetpack_dont_email_post_to_subs":false,"_jetpack_newsletter_tier_id":0,"_jetpack_memberships_contains_paywalled_content":false,"_jetpack_memberships_contains_paid_content":false,"footnotes":""},"categories":[2],"tags":[],"class_list":["post-13215","post","type-post","status-publish","format-standard","hentry","category-literatura"],"jetpack_featured_media_url":"","jetpack_shortlink":"https:\/\/wp.me\/p4mLP7-3r9","jetpack-related-posts":[{"id":1399,"url":"https:\/\/kotrla.com\/pmpro\/2003\/03\/proc-pmachine\/","url_meta":{"origin":13215,"position":0},"title":"Pro\u010d pMachine?","author":"Pavel Kotrla","date":"11.3.2003","format":false,"excerpt":"pMachine nepat\u0159\u00ed mezi nejroz\u0161\u00ed\u0159en\u011bj\u0161\u00ed on-line publika\u010dn\u00ed syst\u00e9my. Mo\u017en\u00e1 ani nebude. To ale neznamen\u00e1, \u017ee by v n\u011b\u010dem byl hor\u0161\u00ed. V\u011bt\u0161ina u\u017eivatel\u016f asi pou\u017e\u00edv\u00e1 Blogger (nap\u0159. i Welenoviny). Kdy\u017e\u00a0 tak koukn\u011bte na srovn\u00e1vac\u00ed tabulku na Converteru, kter\u00e1 v\u00e1m t\u0159eba pom\u016f\u017ee ve v\u00fdb\u011bru. Domn\u00edv\u00e1m se, \u017ee pro rozhodov\u00e1n\u00ed je d\u016fle\u017eit\u00e1 podpora ze\u2026","rel":"","context":"V \u201eExpressionEngine \/ pMachine\u201c","block_context":{"text":"ExpressionEngine \/ pMachine","link":"https:\/\/kotrla.com\/pmpro\/category\/expressionengine-pmachine\/"},"img":{"alt_text":"pMachine","src":"https:\/\/i0.wp.com\/kotrla.com\/pmpro\/images\/uploads\/pm01.gif?resize=350%2C200&ssl=1","width":350,"height":200},"classes":[]},{"id":198,"url":"https:\/\/kotrla.com\/pmpro\/2010\/07\/inspirativni-cesta-casem-pro-milovniky-starych-tisku\/","url_meta":{"origin":13215,"position":1},"title":"Inspirativn\u00ed cesta \u010dasem (pro milovn\u00edky star\u00fdch tisk\u016f)","author":"Pavel Kotrla","date":"25.7.2010","format":false,"excerpt":"ps\u00e1no pro Host 5\/2010 Archive.org jsou jedny ze str\u00e1nek, kter\u00e9 jsou sice v obecn\u00e9m pov\u011bdom\u00ed, ov\u0161em nejsou p\u0159\u00edli\u0161 \u010dasto vyu\u017e\u00edv\u00e1ny, nebo jen z\u010d\u00e1sti. V\u011bt\u0161ina u\u017eivatel\u016f je prim\u00e1rn\u011b vyu\u017e\u00edv\u00e1 sp\u00ed\u0161e jako stroj \u010dasu, zobrazuj\u00edc\u00ed historii internetov\u00fdch str\u00e1nek v pr\u016fb\u011bhu jejich existence. Mn\u011b se v\u0161ak osv\u011bd\u010dily jako jeden z nejobl\u00edben\u011bj\u0161\u00edch zdroj\u016f literatury.\u2026","rel":"","context":"V \u201eInternet\u201c","block_context":{"text":"Internet","link":"https:\/\/kotrla.com\/pmpro\/category\/internet\/"},"img":{"alt_text":"image","src":"https:\/\/i0.wp.com\/kotrla.com\/pmpro\/images\/uploads\/archive_org.gif?resize=350%2C200&ssl=1","width":350,"height":200},"classes":[]},{"id":6788,"url":"https:\/\/kotrla.com\/pmpro\/2020\/08\/kde-najdete-archiv-aluze\/","url_meta":{"origin":13215,"position":2},"title":"Kde najdete archiv Aluze?","author":"Pavel Kotrla","date":"24.8.2020","format":false,"excerpt":"Jak asi n\u011bkte\u0159\u00ed z zaregistrovali, tak str\u00e1nky revue Aluze p\u0159estaly p\u0159ed n\u011bjakou dobou fungovat. Jestli budou obnoveny je ot\u00e1zkou. \u010cas od \u010dasu ke mn\u011b doputuje dotaz na n\u011bkter\u00fd z \u010dl\u00e1nk\u016f, studi\u00ed... Obsah, kter\u00fd se na str\u00e1nk\u00e1ch nach\u00e1zel, nebyl ztracen, ale byl d\u00edky slu\u017eb\u011b Webarchiv zachov\u00e1n. Tak\u017ee nap\u0159\u00edklad zde najdete posledn\u00ed\u2026","rel":"","context":"V \u201eOstatn\u00ed\u201c","block_context":{"text":"Ostatn\u00ed","link":"https:\/\/kotrla.com\/pmpro\/category\/ostatni\/"},"img":{"alt_text":"","src":"","width":0,"height":0},"classes":[]},{"id":184,"url":"https:\/\/kotrla.com\/pmpro\/2010\/10\/ctheory\/","url_meta":{"origin":13215,"position":3},"title":"CTheory","author":"Pavel Kotrla","date":"16.10.2010","format":false,"excerpt":"ps\u00e1no pro Host 7\/2010 Jsou str\u00e1nky, kter\u00e9 jsou s n\u00e1mi dlouho, a p\u0159esto neztr\u00e1cej\u00ed nic ze sv\u00e9ho p\u016fvabu. Snad mezi n\u011b pat\u0159\u00ed i akademick\u00fd on-line magaz\u00edn CTheory (www.ctheory.net), kter\u00fd vyd\u00e1v\u00e1 kanadsk\u00e1 University of Victoria. P\u0159esto\u017ee se n\u011bkdy jako datum jeho zalo\u017een\u00ed ud\u00e1v\u00e1 rok 1996, na str\u00e1nk\u00e1ch naleznete texty ji\u017e z\u2026","rel":"","context":"V \u201eInternet\u201c","block_context":{"text":"Internet","link":"https:\/\/kotrla.com\/pmpro\/category\/internet\/"},"img":{"alt_text":"CTheory.net","src":"https:\/\/i0.wp.com\/kotrla.com\/pmpro\/images\/uploads\/ctheory.jpg?resize=350%2C200&ssl=1","width":350,"height":200},"classes":[]},{"id":161,"url":"https:\/\/kotrla.com\/pmpro\/2011\/03\/digital-comic-museum\/","url_meta":{"origin":13215,"position":4},"title":"Digital Comic Museum","author":"Pavel Kotrla","date":"21.3.2011","format":false,"excerpt":"ps\u00e1no pro Host 9\/2010 Nezapomenu na okam\u017eik, kdy jsem ve star\u00e9m zapr\u00e1\u0161en\u00e9m kufru na sluncem proh\u0159\u00e1t\u00e9 p\u016fd\u011b u babi\u010dky objevil sal\u00e1tov\u00e9 vyd\u00e1n\u00ed kreslen\u00fdch Rychl\u00fdch \u0161\u00edp\u016f, kter\u00e9 tam z\u016fstalo po otci nebo snad po jeho mlad\u0161\u00edch sourozenc\u00edch. Vazba se u\u017e rozpadala, listy byly ohmatan\u00e9 a poni\u010den\u00e9 n\u011bkoliker\u00fdm opakovan\u00fdm \u010dten\u00edm. Pot\u00e9, co\u2026","rel":"","context":"V \u201eInternet\u201c","block_context":{"text":"Internet","link":"https:\/\/kotrla.com\/pmpro\/category\/internet\/"},"img":{"alt_text":"Digital Comic Museum","src":"https:\/\/i0.wp.com\/kotrla.com\/pmpro\/images\/uploads\/DCM4.jpg?resize=350%2C200&ssl=1","width":350,"height":200},"classes":[]},{"id":2246,"url":"https:\/\/kotrla.com\/pmpro\/2014\/12\/zdenek_lysy_nejen_mezi_nomady\/","url_meta":{"origin":13215,"position":5},"title":"Zden\u011bk Lys\u00fd: Nejen mezi nom\u00e1dy","author":"Pavel Kotrla","date":"9.12.2014","format":false,"excerpt":"P\u0159ed n\u011bkolika m\u00e1lo dny jsme vydali (jmenovit\u011b tedy Dalibor Malina jako nakladatel, j\u00e1 knihu do tisku p\u0159ipravil) \u00fatlou sb\u00edrku text\u016f vset\u00ednsk\u00e9ho veterin\u00e1\u0159e Zde\u0148ka Lys\u00e9ho. Pov\u00eddky jsou humorn\u00fdmi vzpom\u00ednkami autor\u016fv sedmilet\u00fd pobyt v Al\u017e\u00edrsku, kde pracoval jako ter\u00e9nn\u00ed veterin\u00e1\u0159, a na jeho kari\u00e9ru zv\u011brol\u00e9ka\u0159e na mal\u00e9m m\u011bst\u011b. Kniha byla ve\u0159ejnosti poprv\u00e9\u2026","rel":"","context":"V \u201eLiteratura\u201c","block_context":{"text":"Literatura","link":"https:\/\/kotrla.com\/pmpro\/category\/literatura\/"},"img":{"alt_text":"","src":"https:\/\/i0.wp.com\/kotrla.com\/pmpro\/wp-content\/uploads\/2014\/12\/zdenek_lysy_tabor_dsc05192-150x150.jpg?resize=350%2C200&ssl=1","width":350,"height":200,"srcset":"https:\/\/i0.wp.com\/kotrla.com\/pmpro\/wp-content\/uploads\/2014\/12\/zdenek_lysy_tabor_dsc05192-150x150.jpg?resize=350%2C200&ssl=1 1x, https:\/\/i0.wp.com\/kotrla.com\/pmpro\/wp-content\/uploads\/2014\/12\/zdenek_lysy_tabor_dsc05192-150x150.jpg?resize=525%2C300&ssl=1 1.5x, https:\/\/i0.wp.com\/kotrla.com\/pmpro\/wp-content\/uploads\/2014\/12\/zdenek_lysy_tabor_dsc05192-150x150.jpg?resize=700%2C400&ssl=1 2x"},"classes":[]}],"jetpack_sharing_enabled":true,"_links":{"self":[{"href":"https:\/\/kotrla.com\/pmpro\/wp-json\/wp\/v2\/posts\/13215","targetHints":{"allow":["GET"]}}],"collection":[{"href":"https:\/\/kotrla.com\/pmpro\/wp-json\/wp\/v2\/posts"}],"about":[{"href":"https:\/\/kotrla.com\/pmpro\/wp-json\/wp\/v2\/types\/post"}],"author":[{"embeddable":true,"href":"https:\/\/kotrla.com\/pmpro\/wp-json\/wp\/v2\/users\/1"}],"replies":[{"embeddable":true,"href":"https:\/\/kotrla.com\/pmpro\/wp-json\/wp\/v2\/comments?post=13215"}],"version-history":[{"count":0,"href":"https:\/\/kotrla.com\/pmpro\/wp-json\/wp\/v2\/posts\/13215\/revisions"}],"wp:attachment":[{"href":"https:\/\/kotrla.com\/pmpro\/wp-json\/wp\/v2\/media?parent=13215"}],"wp:term":[{"taxonomy":"category","embeddable":true,"href":"https:\/\/kotrla.com\/pmpro\/wp-json\/wp\/v2\/categories?post=13215"},{"taxonomy":"post_tag","embeddable":true,"href":"https:\/\/kotrla.com\/pmpro\/wp-json\/wp\/v2\/tags?post=13215"}],"curies":[{"name":"wp","href":"https:\/\/api.w.org\/{rel}","templated":true}]}}