{"id":1337,"date":"2003-05-27T14:00:06","date_gmt":"2003-05-27T13:00:06","guid":{"rendered":"http:\/\/kotrla.com\/wordpress\/?p=1337"},"modified":"2019-11-20T22:23:27","modified_gmt":"2019-11-20T21:23:27","slug":"casopisecka-hlidka-na-konci-kvetna","status":"publish","type":"post","link":"https:\/\/kotrla.com\/pmpro\/2003\/05\/casopisecka-hlidka-na-konci-kvetna\/","title":{"rendered":"\u010casopiseck\u00e1 hl\u00eddka na konci kv\u011btna"},"content":{"rendered":"<p>Posledn\u00edch \u010dtrn\u00e1ct dn\u00ed bylo pom\u011brn\u011b \u00fasp\u011b\u0161n\u00fdch na nov\u00e1 \u010d\u00edsla \u010dasopis\u016f, kter\u00e1 se mi dostala pod br\u00fdle.<br \/>\nTak\u017ee popo\u0159ad\u011b.<br \/>\n<b><a href=\"http:\/\/www.weles.cz\">Weles 16<\/a><\/b> &#8211; \u010d\u00edslo je to tlust\u00e9, stostr\u00e1nkov\u00e9. Grafiku na ob\u00e1lce nahradila fotografie, bl\u00ed\u017ee neidentifikovateln\u00e1. Mo\u017en\u00e1 tedy ano, ale j\u00e1 nev\u00edm, co to je. Budu se muset Vojty zeptat. Rozs\u00e1hl\u00fd blok je v\u011bnov\u00e1n p\u0159ed\u010dasn\u011b zesnul\u00e9 Ivet\u011b Pokorn\u00e9 a vzpom\u00ednk\u00e1m na ni. P\u0159\u00edsp\u011bvek, kter\u00fd na mne nejv\u00edce pot\u011b\u0161il je Vlakem do Sighetu z pravideln\u00e9 \u017delezni\u010dn\u00ed rubriky a z pera Tom\u00e1\u0161e Va\u0161uta. Pro sv\u016fj poetick\u00fd pohled na v\u011bci na trati i kolem n\u00ed.<br \/>\nWeles &#8222;vyhro\u017euje&#8220;, \u017ee letos mo\u017en\u00e1 vyjdou \u010dty\u0159i \u010d\u00edsla. T\u011b\u0161me se!<br \/>\n<b>Sv\u011btL\u00edk<\/b> (Sv\u011bt libereck\u00fdch knihoven)- Prvn\u00ed z m\u00fdch \u00falovk\u016f na zl\u00ednsk\u00e9m festivalu. V\u011bd\u011bl jsem sice o jeho existenci, ale n\u011bjak se z toho Liberce k n\u00e1m na Vala\u0161sko zat\u00edm nedostal. Je to obvykl\u00e1 v\u0161ehochu\u0165 v p\u011bkn\u00e9m grafick\u00e9m h\u00e1vu a \u00faprav\u011b. P\u0159ibli\u017en\u011b jedna t\u0159etina obsahu je v\u011bnov\u00e1na libereck\u00fdm knihovn\u00e1m. Auto\u0159i ve Sv\u011btl\u00edku publikuj\u00edc\u00ed maj\u00ed zpravidla osobn\u00ed vazby na severo\u010desk\u00fd kraj.<br \/>\nDal\u0161\u00edm \u010dasopisem z okraje je <b><a href=\"https:\/\/knihovna.plzen.eu\/e-knihovna\/vydane-publikace\/plz-plzensky-literarni-zivot.aspx\">PL\u017d<\/a><\/b> &#8211; Plze\u0148sk\u00fd liter\u00e1rn\u00ed \u017eivot. Vych\u00e1z\u00ed v n\u00e1kladu 400 ks a je distribuov\u00e1n zdarma. M\u011bl by b\u00fdt p\u0159\u00edstupn\u00fd i na internetu. Odkudpak Vladim\u00edr Novotn\u00fd okoukal tento zp\u016fsob distribuce? \u017de by se inspiroval Texty? Mo\u017en\u00e1, zn\u00e1 je. \ud83d\ude09&nbsp; Nicm\u00e9n\u011b, uko\u0159istil jsem \u010d\u00edslo 5\/2003. <br \/>\nPl\u017e m\u00e1 obvyklou \u010dasopiseckou skladbu: pr\u00f3za, poezie, recenze&#8230; P\u0159ev\u00e1\u017en\u011b publikuj\u00edc\u00edmi jsou auto\u0159i mlad\u00e9 generace ze z\u00e1padn\u00edch \u010cech. Uvnit\u0159 \u010d\u00edsla jsou pak jako samostan\u011b p\u016fsob\u00edc\u00ed p\u0159\u00edloha vlo\u017eeny Listy Ason klubu. <br \/>\nA m\u00e1lem bych zapomn\u011bl! P\u0159ekvapen\u00ed! Radim Kop\u00e1\u010d u\u017e m\u00e1 pod palcem i sv\u016fj \u010dasopis, kter\u00fd pod\u011bdil po zesnul\u00e9m \u0161efr\u00e9daktoru nakladatelstv\u00ed Concordia. Jmenuje se <b>Intelektu\u00e1l<\/b>. \u010casopis je to zvl\u00e1\u0161tn\u00ed, proto\u017ee z velk\u00e9 \u010d\u00e1sti se vrac\u00ed do minulosti, nap\u0159\u00edklad k odkazu surrealismu. Na hodnocen\u00ed je zat\u00edm brzy. Pokud se nem\u00fdl\u00edm, tak zat\u00edm vy\u0161lo pouze druh\u00e9 \u010d\u00edslo.<br \/>\nA pokud jste do\u010detli a\u017e sem, pak v\u011bzte, \u017ee ned\u00e1vno vy\u0161lo i 29. \u010d\u00edslo <b><a href=\"http:\/\/casopis-texty.cz\/texty\">Text\u016f<\/a><\/b>.<\/p>\n","protected":false},"excerpt":{"rendered":"<p>Posledn\u00edch \u010dtrn\u00e1ct dn\u00ed bylo pom\u011brn\u011b \u00fasp\u011b\u0161n\u00fdch na nov\u00e1 \u010d\u00edsla \u010dasopis\u016f, kter\u00e1 se mi dostala pod br\u00fdle. Tak\u017ee popo\u0159ad\u011b. Weles 16 &#8211; \u010d\u00edslo je to tlust\u00e9, stostr\u00e1nkov\u00e9. Grafiku na ob\u00e1lce nahradila fotografie, bl\u00ed\u017ee neidentifikovateln\u00e1. Mo\u017en\u00e1 tedy ano, ale j\u00e1 nev\u00edm, co to je. Budu se muset Vojty zeptat. Rozs\u00e1hl\u00fd blok je v\u011bnov\u00e1n p\u0159ed\u010dasn\u011b zesnul\u00e9 Ivet\u011b Pokorn\u00e9 [&hellip;]<\/p>\n","protected":false},"author":1,"featured_media":0,"comment_status":"open","ping_status":"open","sticky":false,"template":"","format":"standard","meta":{"site-sidebar-layout":"default","site-content-layout":"","ast-site-content-layout":"default","site-content-style":"default","site-sidebar-style":"default","ast-global-header-display":"","ast-banner-title-visibility":"","ast-main-header-display":"","ast-hfb-above-header-display":"","ast-hfb-below-header-display":"","ast-hfb-mobile-header-display":"","site-post-title":"","ast-breadcrumbs-content":"","ast-featured-img":"","footer-sml-layout":"","ast-disable-related-posts":"","theme-transparent-header-meta":"","adv-header-id-meta":"","stick-header-meta":"","header-above-stick-meta":"","header-main-stick-meta":"","header-below-stick-meta":"","astra-migrate-meta-layouts":"default","ast-page-background-enabled":"default","ast-page-background-meta":{"desktop":{"background-color":"var(--ast-global-color-5)","background-image":"","background-repeat":"repeat","background-position":"center center","background-size":"auto","background-attachment":"scroll","background-type":"","background-media":"","overlay-type":"","overlay-color":"","overlay-opacity":"","overlay-gradient":""},"tablet":{"background-color":"","background-image":"","background-repeat":"repeat","background-position":"center center","background-size":"auto","background-attachment":"scroll","background-type":"","background-media":"","overlay-type":"","overlay-color":"","overlay-opacity":"","overlay-gradient":""},"mobile":{"background-color":"","background-image":"","background-repeat":"repeat","background-position":"center center","background-size":"auto","background-attachment":"scroll","background-type":"","background-media":"","overlay-type":"","overlay-color":"","overlay-opacity":"","overlay-gradient":""}},"ast-content-background-meta":{"desktop":{"background-color":"var(--ast-global-color-4)","background-image":"","background-repeat":"repeat","background-position":"center center","background-size":"auto","background-attachment":"scroll","background-type":"","background-media":"","overlay-type":"","overlay-color":"","overlay-opacity":"","overlay-gradient":""},"tablet":{"background-color":"var(--ast-global-color-4)","background-image":"","background-repeat":"repeat","background-position":"center center","background-size":"auto","background-attachment":"scroll","background-type":"","background-media":"","overlay-type":"","overlay-color":"","overlay-opacity":"","overlay-gradient":""},"mobile":{"background-color":"var(--ast-global-color-4)","background-image":"","background-repeat":"repeat","background-position":"center center","background-size":"auto","background-attachment":"scroll","background-type":"","background-media":"","overlay-type":"","overlay-color":"","overlay-opacity":"","overlay-gradient":""}},"jetpack_post_was_ever_published":false,"_jetpack_newsletter_access":"","_jetpack_dont_email_post_to_subs":false,"_jetpack_newsletter_tier_id":0,"_jetpack_memberships_contains_paywalled_content":false,"_jetpack_memberships_contains_paid_content":false,"footnotes":""},"categories":[1],"tags":[],"class_list":["post-1337","post","type-post","status-publish","format-standard","hentry","category-nezarazene"],"jetpack_featured_media_url":"","jetpack_shortlink":"https:\/\/wp.me\/p4mLP7-lz","jetpack-related-posts":[{"id":525,"url":"https:\/\/kotrla.com\/pmpro\/2006\/09\/literarni-casopisy-na-pocatku-skolniho-roku\/","url_meta":{"origin":1337,"position":0},"title":"Liter\u00e1rn\u00ed \u010dasopisy na po\u010d\u00e1tku \u0161koln\u00edho roku","author":"Pavel Kotrla","date":"8.9.2006","format":false,"excerpt":"Moje kdysi pom\u011brn\u011b pravideln\u00e1 \u010dasopiseck\u00e1 hl\u00eddka tu ji\u017e del\u0161\u00ed dobu nebyla. Nen\u00ed to t\u00edm, \u017ee by v\u0161echny p\u0159estaly vych\u00e1zet, by\u0165 l\u00e9to je tradi\u010dn\u00edm oddechov\u00fdm \u010dasem pro Host nebo Tvar. Jenom se mi zd\u00e1lo, \u017ee nen\u00ed n\u011bjak o \u010dem ps\u00e1t. Za\u010dalo to t\u00edm, \u017ee jsem si p\u0159ed n\u011bkolika t\u00fddny pod dlouh\u00e9m\u2026","rel":"","context":"V \u201e\u010cten\u00e1\u0159sk\u00fd den\u00edk\u201c","block_context":{"text":"\u010cten\u00e1\u0159sk\u00fd den\u00edk","link":"https:\/\/kotrla.com\/pmpro\/category\/ctenarsky-denik\/"},"img":{"alt_text":"\u017divel 27","src":"https:\/\/i0.wp.com\/kotrla.com\/pmpro\/images\/uploads\/zivel_27.gif?resize=350%2C200&ssl=1","width":350,"height":200},"classes":[]},{"id":348,"url":"https:\/\/kotrla.com\/pmpro\/2008\/05\/ctenar-pismenek\/","url_meta":{"origin":1337,"position":1},"title":"\u010cten\u00e1\u0159 p\u00edsmenek","author":"Pavel Kotrla","date":"25.5.2008","format":false,"excerpt":"Dnes drobn\u00e9 pozn\u00e1mky nad p\u0159e\u010dten\u00fdmi knihami i \u010dasopisy pohromad\u011b. Tak Ps\u00ed v\u00edno m\u00e1 novou grafiku a typografickou \u00fapravu. Zm\u011bna k lep\u0161\u00edmu. Duch otce zakladatele se stejn\u011b vytratil a grafika byla sou\u010dasn\u00e9mu obsahu na obt\u00ed\u017e. \u010c\u00edslo p\u0159edchoz\u00ed mne p\u0159\u00edli\u0161 nezaujalo, to aktu\u00e1ln\u00ed je lep\u0161\u00ed. \u010casopis se op\u011bt v\u011bnuje poezii, tak jak\u2026","rel":"","context":"V \u201e\u010cten\u00e1\u0159sk\u00fd den\u00edk\u201c","block_context":{"text":"\u010cten\u00e1\u0159sk\u00fd den\u00edk","link":"https:\/\/kotrla.com\/pmpro\/category\/ctenarsky-denik\/"},"img":{"alt_text":"","src":"","width":0,"height":0},"classes":[]},{"id":937,"url":"https:\/\/kotrla.com\/pmpro\/2004\/08\/almanach-cestou\/","url_meta":{"origin":1337,"position":2},"title":"Almanach Cestou","author":"Pavel Kotrla","date":"19.8.2004","format":false,"excerpt":"Recenzi z aktu\u00e1ln\u00edho \u010d\u00edsla T\u00fdden\u00edku Rozhlas na b\u00e1snick\u00fd almanach Cestou, kter\u00fd vydal Weles si m\u016f\u017eete p\u0159e\u010d\u00edst na blogu tohoto \u010dasopisu\/nakladatelstv\u00ed. P\u0159edpokl\u00e1d\u00e1m, \u017ee v pond\u011bl\u00ed se objev\u00ed na port\u00e1lu \u010cesk\u00e9ho rozhlasu.","rel":"","context":"V \u201eNeza\u0159azen\u00e9\u201c","block_context":{"text":"Neza\u0159azen\u00e9","link":"https:\/\/kotrla.com\/pmpro\/category\/nezarazene\/"},"img":{"alt_text":"Cestou","src":"https:\/\/i0.wp.com\/kotrla.com\/pmpro\/images\/uploads\/weles_cestou.jpg?resize=350%2C200&ssl=1","width":350,"height":200},"classes":[]},{"id":128,"url":"https:\/\/kotrla.com\/pmpro\/2011\/10\/ctenar-casopisu-kontexty-protestant-kulturni-noviny\/","url_meta":{"origin":1337,"position":3},"title":"\u010cten\u00e1\u0159 \u010dasopis\u016f: Kontexty, Protestant, Kulturn\u00ed noviny","author":"Pavel Kotrla","date":"25.10.2011","format":false,"excerpt":"Posledn\u00ed dobou mne zaujala dv\u011b periodika. Sv\u00fdm zp\u016fsobem si jsou bl\u00edzk\u00e1, na druhou stranu p\u0159edstavuj\u00ed ur\u010ditou opozici. A ani jedno nen\u00ed p\u0159\u00edmo liter\u00e1rn\u00ed, mo\u017en\u00e1, \u017ee ku prosp\u011bchu v\u011bci. Prvn\u00edm je brn\u011bnsk\u00e1 revue Kontexty, kter\u00e1 vznikla slou\u010den\u00edm St\u0159edn\u00ed Evropy, Proglasu a Revue Politika. Z ka\u017ed\u00e9ho nov\u00e9ho \u010d\u00edsla m\u00e1m radost, \u010dtu s\u2026","rel":"","context":"V \u201e\u010cten\u00e1\u0159sk\u00fd den\u00edk\u201c","block_context":{"text":"\u010cten\u00e1\u0159sk\u00fd den\u00edk","link":"https:\/\/kotrla.com\/pmpro\/category\/ctenarsky-denik\/"},"img":{"alt_text":"","src":"","width":0,"height":0},"classes":[]},{"id":69,"url":"https:\/\/kotrla.com\/pmpro\/2012\/12\/misto-pro-experiment\/","url_meta":{"origin":1337,"position":4},"title":"M\u00edsto pro experiment","author":"Pavel Kotrla","date":"2.12.2012","format":false,"excerpt":"ps\u00e1no pro Host 02\/2012 \u010cesk\u00e1 liter\u00e1rn\u00ed sc\u00e9na \u010dasopisy v\u011bnovan\u00e9 p\u0159ev\u00e1\u017en\u011b poezii skute\u010dn\u011b nepostr\u00e1d\u00e1. Je zde Ps\u00ed v\u00edno, kter\u00e9 m\u00e1 st\u00e1le podtitul \u201e\u010casopis pro sou\u010dasnou poezii\u201c, by\u0165 za dobu sv\u00e9 existence prod\u011blalo v\u00edce prom\u011bn. Z internetov\u00fdch projekt\u016f je zde minim\u00e1ln\u011b Divok\u00e9 v\u00edno. Vzpomene si je\u0161t\u011b n\u011bkdo na \u010dasopis Obratn\u00edk? \u010casopis, kter\u00fd\u2026","rel":"","context":"V \u201eInternet\u201c","block_context":{"text":"Internet","link":"https:\/\/kotrla.com\/pmpro\/category\/internet\/"},"img":{"alt_text":"image","src":"https:\/\/i0.wp.com\/kotrla.com\/pmpro\/images\/uploads\/kloaka.jpg?resize=350%2C200&ssl=1","width":350,"height":200},"classes":[]},{"id":223,"url":"https:\/\/kotrla.com\/pmpro\/2010\/02\/literarky-se-zas-daji-cist\/","url_meta":{"origin":1337,"position":5},"title":"Liter\u00e1rky se zas daj\u00ed \u010d\u00edst","author":"Pavel Kotrla","date":"19.2.2010","format":false,"excerpt":"U\u017e jsem v to ani nedoufal, ale posledn\u00ed \u010d\u00edsla Liter\u00e1rn\u00edch novin mne znovu p\u0159esv\u011bd\u010dila o tom, \u017ee si zaslou\u017e\u00ed mou pozornost. Redesign do modern\u00ed a p\u0159ehledn\u00e9 typografie periodiku jedin\u011b prosp\u011bl, stejn\u011b tak i design jejich port\u00e1lu (postaven\u00fd na Joomla) zaslou\u017e\u00ed pochvalu. Pravda, cena 35 K\u010d za \u010d\u00edslo novin nepova\u017euji za\u2026","rel":"","context":"V \u201eLiteratura\u201c","block_context":{"text":"Literatura","link":"https:\/\/kotrla.com\/pmpro\/category\/literatura\/"},"img":{"alt_text":"Ti\u0161t\u011bn\u00e1 verze Liter\u00e1rn\u00edch novin 2010","src":"https:\/\/i0.wp.com\/kotrla.com\/pmpro\/images\/uploads\/ltn_2010_print.jpg?resize=350%2C200&ssl=1","width":350,"height":200},"classes":[]}],"jetpack_sharing_enabled":true,"_links":{"self":[{"href":"https:\/\/kotrla.com\/pmpro\/wp-json\/wp\/v2\/posts\/1337","targetHints":{"allow":["GET"]}}],"collection":[{"href":"https:\/\/kotrla.com\/pmpro\/wp-json\/wp\/v2\/posts"}],"about":[{"href":"https:\/\/kotrla.com\/pmpro\/wp-json\/wp\/v2\/types\/post"}],"author":[{"embeddable":true,"href":"https:\/\/kotrla.com\/pmpro\/wp-json\/wp\/v2\/users\/1"}],"replies":[{"embeddable":true,"href":"https:\/\/kotrla.com\/pmpro\/wp-json\/wp\/v2\/comments?post=1337"}],"version-history":[{"count":0,"href":"https:\/\/kotrla.com\/pmpro\/wp-json\/wp\/v2\/posts\/1337\/revisions"}],"wp:attachment":[{"href":"https:\/\/kotrla.com\/pmpro\/wp-json\/wp\/v2\/media?parent=1337"}],"wp:term":[{"taxonomy":"category","embeddable":true,"href":"https:\/\/kotrla.com\/pmpro\/wp-json\/wp\/v2\/categories?post=1337"},{"taxonomy":"post_tag","embeddable":true,"href":"https:\/\/kotrla.com\/pmpro\/wp-json\/wp\/v2\/tags?post=1337"}],"curies":[{"name":"wp","href":"https:\/\/api.w.org\/{rel}","templated":true}]}}