{"id":13408,"date":"2025-10-23T08:20:53","date_gmt":"2025-10-23T07:20:53","guid":{"rendered":"https:\/\/kotrla.com\/pmpro\/?p=13408"},"modified":"2025-10-23T08:20:53","modified_gmt":"2025-10-23T07:20:53","slug":"ivana-gibova-babicka","status":"publish","type":"post","link":"https:\/\/kotrla.com\/pmpro\/2025\/10\/ivana-gibova-babicka\/","title":{"rendered":"Ivana Gibov\u00e1 \u2013 Babi\u010dka\u00a9"},"content":{"rendered":"<figure id=\"attachment_13401\" aria-describedby=\"caption-attachment-13401\" style=\"width: 1067px\" class=\"wp-caption alignnone\"><a href=\"https:\/\/kotrla.com\/pmpro\/wp-content\/uploads\/2025\/10\/ivana_gibova_IMGP0292.jpg\"><img loading=\"lazy\" decoding=\"async\" class=\"size-full wp-image-13401\" src=\"https:\/\/kotrla.com\/pmpro\/wp-content\/uploads\/2025\/10\/ivana_gibova_IMGP0292.jpg\" alt=\"\" width=\"1067\" height=\"1600\" srcset=\"https:\/\/kotrla.com\/pmpro\/wp-content\/uploads\/2025\/10\/ivana_gibova_IMGP0292.jpg 1067w, https:\/\/kotrla.com\/pmpro\/wp-content\/uploads\/2025\/10\/ivana_gibova_IMGP0292-200x300.jpg 200w, https:\/\/kotrla.com\/pmpro\/wp-content\/uploads\/2025\/10\/ivana_gibova_IMGP0292-683x1024.jpg 683w, https:\/\/kotrla.com\/pmpro\/wp-content\/uploads\/2025\/10\/ivana_gibova_IMGP0292-1024x1536.jpg 1024w\" sizes=\"auto, (max-width: 1067px) 100vw, 1067px\" \/><\/a><figcaption id=\"caption-attachment-13401\" class=\"wp-caption-text\">Ivana Gibov\u00e1<\/figcaption><\/figure>\n<p>V\u010dera skv\u011bl\u00e1 <a href=\"https:\/\/www.litcentrum.sk\/autor\/ivana-gibova\/zivotopis-autora\">Ivana Gibov\u00e1<\/a> v klubu T\u0159i opice. Po\u0159\u00e1dala MVK. Knihu Babi\u010dka\u00a9, ov\u011bn\u010denou cenami Anasoft Litera 2024 a Nad\u00e1cie Tatra banky za um\u011bn\u00ed 2024, si m\u016f\u017eete po\u0159\u00eddit i v \u010de\u0161tin\u011b. Ze sloven\u0161tiny p\u0159elo\u017eil Miroslav Zelinsk\u00fd a vydalo <a href=\"https:\/\/protimluv.net\/publikace\/babicka\/\">nakladatelstv\u00ed Protimluv<\/a>. Pokud d\u00e1v\u00e1te p\u0159ednost audioknih\u00e1m, pak s\u00e1hn\u011bte po vyd\u00e1n\u00ed od <a href=\"https:\/\/www.vetrnemlyny.cz\/babicka\/p1283\">nakladatelstv\u00ed V\u011btrn\u00e9 ml\u00fdny<\/a>, kter\u00e9 ji nab\u00edz\u00ed v autor\u010din\u011b interpretaci. Pokud chcete d\u00e1t p\u0159ednost slovensk\u00e9mu origin\u00e1lu, tak si m\u016f\u017eete koupit t\u0159eba u <a href=\"https:\/\/www.martinus.cz\/2760413-babicka-C\/kniha\">Martinusu<\/a>. Par\u00e1da to byla. O hudebn\u00ed doprovod se postarali chlapci z <a href=\"https:\/\/www.lezerneavleze.cz\/\">Le\u017e\u00e9rn\u011b a vle\u017ee<\/a> (Bohu\u0161 a Mr\u0148a).<\/p>\n<div id='gallery-1' class='gallery galleryid-13408 gallery-columns-3 gallery-size-thumbnail'><figure class='gallery-item'>\n\t\t\t<div class='gallery-icon landscape'>\n\t\t\t\t<a href='https:\/\/kotrla.com\/pmpro\/ivana-gibova-a-katerina-janoskova\/'><img loading=\"lazy\" decoding=\"async\" width=\"150\" height=\"150\" src=\"https:\/\/kotrla.com\/pmpro\/wp-content\/uploads\/2025\/10\/ivana_gibova_IMGP0269-150x150.jpg\" class=\"attachment-thumbnail size-thumbnail\" alt=\"\" aria-describedby=\"gallery-1-13397\" \/><\/a>\n\t\t\t<\/div>\n\t\t\t\t<figcaption class='wp-caption-text gallery-caption' id='gallery-1-13397'>\n\t\t\t\tIvana Gibov\u00e1 a Kate\u0159ina Jano\u0161kov\u00e1\n\t\t\t\t<\/figcaption><\/figure><figure class='gallery-item'>\n\t\t\t<div class='gallery-icon landscape'>\n\t\t\t\t<a href='https:\/\/kotrla.com\/pmpro\/ivana-gibova-2\/'><img loading=\"lazy\" decoding=\"async\" width=\"150\" height=\"150\" src=\"https:\/\/kotrla.com\/pmpro\/wp-content\/uploads\/2025\/10\/ivana_gibova_IMGP0262-150x150.jpg\" class=\"attachment-thumbnail size-thumbnail\" alt=\"\" aria-describedby=\"gallery-1-13396\" \/><\/a>\n\t\t\t<\/div>\n\t\t\t\t<figcaption class='wp-caption-text gallery-caption' id='gallery-1-13396'>\n\t\t\t\tIvana Gibov\u00e1\n\t\t\t\t<\/figcaption><\/figure><figure class='gallery-item'>\n\t\t\t<div class='gallery-icon landscape'>\n\t\t\t\t<a href='https:\/\/kotrla.com\/pmpro\/ivana-gibova-8\/'><img loading=\"lazy\" decoding=\"async\" width=\"150\" height=\"150\" src=\"https:\/\/kotrla.com\/pmpro\/wp-content\/uploads\/2025\/10\/ivana_gibova_IMGP0314-150x150.jpg\" class=\"attachment-thumbnail size-thumbnail\" alt=\"\" aria-describedby=\"gallery-1-13403\" \/><\/a>\n\t\t\t<\/div>\n\t\t\t\t<figcaption class='wp-caption-text gallery-caption' id='gallery-1-13403'>\n\t\t\t\tIvana Gibov\u00e1\n\t\t\t\t<\/figcaption><\/figure><figure class='gallery-item'>\n\t\t\t<div class='gallery-icon landscape'>\n\t\t\t\t<a href='https:\/\/kotrla.com\/pmpro\/ivana-gibova\/'><img loading=\"lazy\" decoding=\"async\" width=\"150\" height=\"150\" src=\"https:\/\/kotrla.com\/pmpro\/wp-content\/uploads\/2025\/10\/ivana_gibova_IMGP0257-150x150.jpg\" class=\"attachment-thumbnail size-thumbnail\" alt=\"\" aria-describedby=\"gallery-1-13395\" \/><\/a>\n\t\t\t<\/div>\n\t\t\t\t<figcaption class='wp-caption-text gallery-caption' id='gallery-1-13395'>\n\t\t\t\tIvana Gibov\u00e1\n\t\t\t\t<\/figcaption><\/figure><figure class='gallery-item'>\n\t\t\t<div class='gallery-icon landscape'>\n\t\t\t\t<a href='https:\/\/kotrla.com\/pmpro\/ivana-gibova-9\/'><img loading=\"lazy\" decoding=\"async\" width=\"150\" height=\"150\" src=\"https:\/\/kotrla.com\/pmpro\/wp-content\/uploads\/2025\/10\/ivana_gibova_IMGP0331-150x150.jpg\" class=\"attachment-thumbnail size-thumbnail\" alt=\"\" aria-describedby=\"gallery-1-13406\" \/><\/a>\n\t\t\t<\/div>\n\t\t\t\t<figcaption class='wp-caption-text gallery-caption' id='gallery-1-13406'>\n\t\t\t\tIvana Gibov\u00e1\n\t\t\t\t<\/figcaption><\/figure><figure class='gallery-item'>\n\t\t\t<div class='gallery-icon landscape'>\n\t\t\t\t<a href='https:\/\/kotrla.com\/pmpro\/ales-mrnustik-2\/'><img loading=\"lazy\" decoding=\"async\" width=\"150\" height=\"150\" src=\"https:\/\/kotrla.com\/pmpro\/wp-content\/uploads\/2025\/10\/ivana_gibova_IMGP0327-150x150.jpg\" class=\"attachment-thumbnail size-thumbnail\" alt=\"\" aria-describedby=\"gallery-1-13405\" \/><\/a>\n\t\t\t<\/div>\n\t\t\t\t<figcaption class='wp-caption-text gallery-caption' id='gallery-1-13405'>\n\t\t\t\tAle\u0161 Mrnu\u0161t\u00edk\n\t\t\t\t<\/figcaption><\/figure><figure class='gallery-item'>\n\t\t\t<div class='gallery-icon landscape'>\n\t\t\t\t<a href='https:\/\/kotrla.com\/pmpro\/zbynek-bohus-jakubec-3\/'><img loading=\"lazy\" decoding=\"async\" width=\"150\" height=\"150\" src=\"https:\/\/kotrla.com\/pmpro\/wp-content\/uploads\/2025\/10\/ivana_gibova_IMGP0324-150x150.jpg\" class=\"attachment-thumbnail size-thumbnail\" alt=\"\" aria-describedby=\"gallery-1-13404\" \/><\/a>\n\t\t\t<\/div>\n\t\t\t\t<figcaption class='wp-caption-text gallery-caption' id='gallery-1-13404'>\n\t\t\t\tZbyn\u011bk \u201eBohu\u0161\u201c Jakubec\n\t\t\t\t<\/figcaption><\/figure><figure class='gallery-item'>\n\t\t\t<div class='gallery-icon portrait'>\n\t\t\t\t<a href='https:\/\/kotrla.com\/pmpro\/ivana-gibova-7\/'><img loading=\"lazy\" decoding=\"async\" width=\"150\" height=\"150\" src=\"https:\/\/kotrla.com\/pmpro\/wp-content\/uploads\/2025\/10\/ivana_gibova_IMGP0300-150x150.jpg\" class=\"attachment-thumbnail size-thumbnail\" alt=\"\" aria-describedby=\"gallery-1-13402\" \/><\/a>\n\t\t\t<\/div>\n\t\t\t\t<figcaption class='wp-caption-text gallery-caption' id='gallery-1-13402'>\n\t\t\t\tIvana Gibov\u00e1\n\t\t\t\t<\/figcaption><\/figure><figure class='gallery-item'>\n\t\t\t<div class='gallery-icon landscape'>\n\t\t\t\t<a href='https:\/\/kotrla.com\/pmpro\/ivana-gibova-5\/'><img loading=\"lazy\" decoding=\"async\" width=\"150\" height=\"150\" src=\"https:\/\/kotrla.com\/pmpro\/wp-content\/uploads\/2025\/10\/ivana_gibova_IMGP0285-150x150.jpg\" class=\"attachment-thumbnail size-thumbnail\" alt=\"\" aria-describedby=\"gallery-1-13400\" \/><\/a>\n\t\t\t<\/div>\n\t\t\t\t<figcaption class='wp-caption-text gallery-caption' id='gallery-1-13400'>\n\t\t\t\tIvana Gibov\u00e1\n\t\t\t\t<\/figcaption><\/figure><figure class='gallery-item'>\n\t\t\t<div class='gallery-icon landscape'>\n\t\t\t\t<a href='https:\/\/kotrla.com\/pmpro\/ivana-gibova-4\/'><img loading=\"lazy\" decoding=\"async\" width=\"150\" height=\"150\" src=\"https:\/\/kotrla.com\/pmpro\/wp-content\/uploads\/2025\/10\/ivana_gibova_IMGP0283-150x150.jpg\" class=\"attachment-thumbnail size-thumbnail\" alt=\"\" aria-describedby=\"gallery-1-13399\" \/><\/a>\n\t\t\t<\/div>\n\t\t\t\t<figcaption class='wp-caption-text gallery-caption' id='gallery-1-13399'>\n\t\t\t\tIvana Gibov\u00e1\n\t\t\t\t<\/figcaption><\/figure><figure class='gallery-item'>\n\t\t\t<div class='gallery-icon portrait'>\n\t\t\t\t<a href='https:\/\/kotrla.com\/pmpro\/ivana-gibova-3\/'><img loading=\"lazy\" decoding=\"async\" width=\"150\" height=\"150\" src=\"https:\/\/kotrla.com\/pmpro\/wp-content\/uploads\/2025\/10\/ivana_gibova_IMGP0278-150x150.jpg\" class=\"attachment-thumbnail size-thumbnail\" alt=\"\" aria-describedby=\"gallery-1-13398\" \/><\/a>\n\t\t\t<\/div>\n\t\t\t\t<figcaption class='wp-caption-text gallery-caption' id='gallery-1-13398'>\n\t\t\t\tIvana Gibov\u00e1\n\t\t\t\t<\/figcaption><\/figure><figure class='gallery-item'>\n\t\t\t<div class='gallery-icon landscape'>\n\t\t\t\t<a href='https:\/\/kotrla.com\/pmpro\/ivana-gibova-10\/'><img loading=\"lazy\" decoding=\"async\" width=\"150\" height=\"150\" src=\"https:\/\/kotrla.com\/pmpro\/wp-content\/uploads\/2025\/10\/ivana_gibova_IMGP0335-150x150.jpg\" class=\"attachment-thumbnail size-thumbnail\" alt=\"\" aria-describedby=\"gallery-1-13407\" \/><\/a>\n\t\t\t<\/div>\n\t\t\t\t<figcaption class='wp-caption-text gallery-caption' id='gallery-1-13407'>\n\t\t\t\tIvana Gibov\u00e1\n\t\t\t\t<\/figcaption><\/figure>\n\t\t<\/div>\n\n","protected":false},"excerpt":{"rendered":"<p>V\u010dera skv\u011bl\u00e1 Ivana Gibov\u00e1 v klubu T\u0159i opice. Po\u0159\u00e1dala MVK. Knihu Babi\u010dka\u00a9, ov\u011bn\u010denou cenami Anasoft Litera 2024 a Nad\u00e1cie Tatra banky za um\u011bn\u00ed 2024, si m\u016f\u017eete po\u0159\u00eddit i v \u010de\u0161tin\u011b. Ze sloven\u0161tiny p\u0159elo\u017eil Miroslav Zelinsk\u00fd a vydalo nakladatelstv\u00ed Protimluv. Pokud d\u00e1v\u00e1te p\u0159ednost audioknih\u00e1m, pak s\u00e1hn\u011bte po vyd\u00e1n\u00ed od nakladatelstv\u00ed V\u011btrn\u00e9 ml\u00fdny, kter\u00e9 ji nab\u00edz\u00ed v [&hellip;]<\/p>\n","protected":false},"author":1,"featured_media":0,"comment_status":"open","ping_status":"open","sticky":false,"template":"","format":"standard","meta":{"site-sidebar-layout":"default","site-content-layout":"","ast-site-content-layout":"default","site-content-style":"default","site-sidebar-style":"default","ast-global-header-display":"","ast-banner-title-visibility":"","ast-main-header-display":"","ast-hfb-above-header-display":"","ast-hfb-below-header-display":"","ast-hfb-mobile-header-display":"","site-post-title":"","ast-breadcrumbs-content":"","ast-featured-img":"","footer-sml-layout":"","ast-disable-related-posts":"","theme-transparent-header-meta":"default","adv-header-id-meta":"","stick-header-meta":"","header-above-stick-meta":"","header-main-stick-meta":"","header-below-stick-meta":"","astra-migrate-meta-layouts":"set","ast-page-background-enabled":"default","ast-page-background-meta":{"desktop":{"background-color":"var(--ast-global-color-5)","background-image":"","background-repeat":"repeat","background-position":"center center","background-size":"auto","background-attachment":"scroll","background-type":"","background-media":"","overlay-type":"","overlay-color":"","overlay-opacity":"","overlay-gradient":""},"tablet":{"background-color":"","background-image":"","background-repeat":"repeat","background-position":"center center","background-size":"auto","background-attachment":"scroll","background-type":"","background-media":"","overlay-type":"","overlay-color":"","overlay-opacity":"","overlay-gradient":""},"mobile":{"background-color":"","background-image":"","background-repeat":"repeat","background-position":"center center","background-size":"auto","background-attachment":"scroll","background-type":"","background-media":"","overlay-type":"","overlay-color":"","overlay-opacity":"","overlay-gradient":""}},"ast-content-background-meta":{"desktop":{"background-color":"var(--ast-global-color-4)","background-image":"","background-repeat":"repeat","background-position":"center center","background-size":"auto","background-attachment":"scroll","background-type":"","background-media":"","overlay-type":"","overlay-color":"","overlay-opacity":"","overlay-gradient":""},"tablet":{"background-color":"var(--ast-global-color-4)","background-image":"","background-repeat":"repeat","background-position":"center center","background-size":"auto","background-attachment":"scroll","background-type":"","background-media":"","overlay-type":"","overlay-color":"","overlay-opacity":"","overlay-gradient":""},"mobile":{"background-color":"var(--ast-global-color-4)","background-image":"","background-repeat":"repeat","background-position":"center center","background-size":"auto","background-attachment":"scroll","background-type":"","background-media":"","overlay-type":"","overlay-color":"","overlay-opacity":"","overlay-gradient":""}},"jetpack_post_was_ever_published":false,"_jetpack_newsletter_access":"","_jetpack_dont_email_post_to_subs":false,"_jetpack_newsletter_tier_id":0,"_jetpack_memberships_contains_paywalled_content":false,"_jetpack_memberships_contains_paid_content":false,"footnotes":""},"categories":[19,2],"tags":[],"class_list":["post-13408","post","type-post","status-publish","format-standard","hentry","category-knihy","category-literatura"],"jetpack_featured_media_url":"","jetpack_shortlink":"https:\/\/wp.me\/p4mLP7-3ug","jetpack-related-posts":[{"id":474,"url":"https:\/\/kotrla.com\/pmpro\/2007\/03\/osobnost-mojmira-travnicka-v-ceske-literature-ebook-zdarma\/","url_meta":{"origin":13408,"position":0},"title":"Osobnost Mojm\u00edra Tr\u00e1vn\u00ed\u010dka v \u010desk\u00e9 literatu\u0159e (ebook zdarma)","author":"Pavel Kotrla","date":"11.3.2007","format":false,"excerpt":"V p\u00e1tek jsme v r\u00e1mci ve\u010d\u00edrku Text\u016f slavnostn\u011b pok\u0159tili sborn\u00edk z konference Osobnost Mojm\u00edra Tr\u00e1vn\u00ed\u010dka v \u010desk\u00e9 literatu\u0159e, kter\u00e1 se uskute\u010dnila ve dnech 18.-19. \u0159\u00edjna 2006 ve Vset\u00edn\u011b. Zbyly ji\u017e jen posledn\u00ed v\u00fdtisky. Ale pokud m\u00e1te o sborn\u00edk z\u00e1jem, je zde dobr\u00e1 zpr\u00e1va. Kompletn\u00ed sborn\u00edk si m\u016f\u017eete nyn\u00ed st\u00e1hnout: zde\u2026","rel":"","context":"V \u201eLiteratura\u201c","block_context":{"text":"Literatura","link":"https:\/\/kotrla.com\/pmpro\/category\/literatura\/"},"img":{"alt_text":"Osobnost Mojm\u00edra Tr\u00e1vn\u00ed\u010dka v \u010desk\u00e9 literatu\u0159e","src":"https:\/\/i0.wp.com\/kotrla.com\/pmpro\/images\/uploads\/osobnost_mojmira_travnicka.gif?resize=350%2C200&ssl=1","width":350,"height":200},"classes":[]},{"id":8865,"url":"https:\/\/kotrla.com\/pmpro\/2021\/07\/libor-sostak-muj-rezavy-svet\/","url_meta":{"origin":13408,"position":1},"title":"Libor So\u0161\u0165\u00e1k &#8211; M\u016fj rezav\u00fd sv\u011bt","author":"Pavel Kotrla","date":"1.7.2021","format":false,"excerpt":"Do konce \u0159\u00edjna m\u016f\u017eete nav\u0161t\u00edvit ve Zbra\u0161ovsk\u00fdch aragonitov\u00fdch jeskyn\u00edch v\u00fdstavu m\u00e9ho p\u0159\u00edtele Libora So\u0161\u0165\u00e1ka \u201eM\u016fj rezav\u00fd kv\u011bt.\u201c Pokud v\u00fdstavu nav\u0161t\u00edv\u00edte v\u00edckr\u00e1t, ur\u010dit\u011b budete moci pozorovat postupn\u00e9 p\u0159ib\u00fdv\u00e1n\u00ed rzi. A tak\u00e9 si st\u00e1le m\u016f\u017eete zakoupit jeho knihu Pa\u0159\u00ed\u017esk\u00fd skic\u00e1k nebo mou sb\u00edrku, kterou ilustroval. Ob\u011b vydalo nakladatelstv\u00ed Klenov.","rel":"","context":"V \u201eOsobn\u00ed\u201c","block_context":{"text":"Osobn\u00ed","link":"https:\/\/kotrla.com\/pmpro\/category\/osobni\/"},"img":{"alt_text":"","src":"https:\/\/i0.wp.com\/kotrla.com\/pmpro\/wp-content\/uploads\/2021\/07\/llibor_sostak_muj_rezavy_svet_IMGP1237-150x150.jpg?resize=350%2C200&ssl=1","width":350,"height":200,"srcset":"https:\/\/i0.wp.com\/kotrla.com\/pmpro\/wp-content\/uploads\/2021\/07\/llibor_sostak_muj_rezavy_svet_IMGP1237-150x150.jpg?resize=350%2C200&ssl=1 1x, https:\/\/i0.wp.com\/kotrla.com\/pmpro\/wp-content\/uploads\/2021\/07\/llibor_sostak_muj_rezavy_svet_IMGP1237-150x150.jpg?resize=525%2C300&ssl=1 1.5x, https:\/\/i0.wp.com\/kotrla.com\/pmpro\/wp-content\/uploads\/2021\/07\/llibor_sostak_muj_rezavy_svet_IMGP1237-150x150.jpg?resize=700%2C400&ssl=1 2x, https:\/\/i0.wp.com\/kotrla.com\/pmpro\/wp-content\/uploads\/2021\/07\/llibor_sostak_muj_rezavy_svet_IMGP1237-150x150.jpg?resize=1050%2C600&ssl=1 3x, https:\/\/i0.wp.com\/kotrla.com\/pmpro\/wp-content\/uploads\/2021\/07\/llibor_sostak_muj_rezavy_svet_IMGP1237-150x150.jpg?resize=1400%2C800&ssl=1 4x"},"classes":[]},{"id":1353,"url":"https:\/\/kotrla.com\/pmpro\/2003\/05\/wernisch-wernisch\/","url_meta":{"origin":13408,"position":2},"title":"Wernisch, Wernisch&#8230;","author":"Pavel Kotrla","date":"7.5.2003","format":false,"excerpt":"Tak jsem se kone\u010dn\u011b stal \u0161\u0165astn\u00fdm vlastn\u00edkem Blbeck\u00e9 poezie Ivana Wernische. Svazek je to \u00factyhodn\u011b rozs\u00e1hl\u00fd a shrnuje autorovu poezii ze sedmdes\u00e1t\u00fdch a osmdes\u00e1t\u00fdch let, tedy z obdob\u00ed, kdy nemohl ofici\u00e1ln\u011b publikovat. Pravda, kniha to nen\u00ed nejlevn\u011bj\u0161\u00ed (cca 630,- K\u010d), ale asi by nem\u011bla chyb\u011bt v knihovni\u010dce. P\u0159inejmen\u0161\u00edm toho, kdo\u2026","rel":"","context":"V \u201eNeza\u0159azen\u00e9\u201c","block_context":{"text":"Neza\u0159azen\u00e9","link":"https:\/\/kotrla.com\/pmpro\/category\/nezarazene\/"},"img":{"alt_text":"","src":"","width":0,"height":0},"classes":[]},{"id":1388,"url":"https:\/\/kotrla.com\/pmpro\/2003\/03\/me-sliby-a-michail-baru\/","url_meta":{"origin":13408,"position":3},"title":"M\u00e9 sliby a Michail Baru","author":"Pavel Kotrla","date":"21.3.2003","format":false,"excerpt":"Tak jsem za\u010dal plnit jeden z p\u0159ed \u010dasem dan\u00fdch slib\u016f. Tento jsem dal rusk\u00e9mu b\u00e1sn\u00edku a chemikovi Michailu Baru, kter\u00e9 mi zaslal sv\u00e9 knihy. P\u0159ekvapen\u00edm pro mne bylo, \u017ee nakladatelstv\u00ed Heligon Plus je vydalo pomoc\u00ed\u00a0 Print-on-demand. Tisk na vy\u017e\u00e1d\u00e1n\u00ed. V \u010desk\u00fdch zem\u00edch se o tomto sice v\u00ed, ale nev\u00edm, \u017ee\u2026","rel":"","context":"V \u201eP\u0159eklady\u201c","block_context":{"text":"P\u0159eklady","link":"https:\/\/kotrla.com\/pmpro\/category\/preklady\/"},"img":{"alt_text":"","src":"","width":0,"height":0},"classes":[]},{"id":36,"url":"https:\/\/kotrla.com\/pmpro\/2013\/06\/k-vs-k\/","url_meta":{"origin":13408,"position":4},"title":"K. vs. K.","author":"Pavel Kotrla","date":"13.6.2013","format":false,"excerpt":"V minul\u00e9m p\u0159\u00edsp\u011bvku jsem p\u016fvodn\u011b cht\u011bl tak\u00e9 p\u0159ipsat, kdy\u017e jsem zahl\u00e9d v tir\u00e1\u017ei, \u017ee Romboid vyd\u00e1va Asoci\u00e1cia organiz\u00e1ci\u00ed spisovate\u013eov Slovenska, \u017ee je to ten typ \u010dasopisu, kter\u00fd si dovedu p\u0159edstavit, \u017ee by mohl b\u00fdt vyd\u00e1v\u00e1n Obc\u00ed spisovatel\u016f i u n\u00e1s. To mne donutilo, po fakt dlouh\u00e9m \u010dase, pod\u00edvat se na\u2026","rel":"","context":"V \u201eLiteratura\u201c","block_context":{"text":"Literatura","link":"https:\/\/kotrla.com\/pmpro\/category\/literatura\/"},"img":{"alt_text":"","src":"","width":0,"height":0},"classes":[]},{"id":181,"url":"https:\/\/kotrla.com\/pmpro\/2010\/10\/amazon-kindle\/","url_meta":{"origin":13408,"position":5},"title":"Amazon Kindle","author":"Pavel Kotrla","date":"20.10.2010","format":false,"excerpt":"ps\u00e1no pro Host 8\/2010 Tak tady jsem v\u00e1hal, kterou verzi d\u00e1t. Zda tu p\u016fvodn\u00ed, nebo tu, kter\u00e1 vy\u0161la po redak\u010dn\u00ed \u00faprav\u011b. Osobn\u011b bych tvar \"i-book\" nenapsal. Amazon Kindle a n\u00e1stup i-book\u016f Dnes se u\u017e i v regionech objevuj\u00ed knihovny, kde si m\u016f\u017eete n\u011bjakou tu \u010dte\u010dku knih p\u016fj\u010dit. Pokud tou\u017e\u00edte po\u2026","rel":"","context":"V \u201eInternet\u201c","block_context":{"text":"Internet","link":"https:\/\/kotrla.com\/pmpro\/category\/internet\/"},"img":{"alt_text":"Amazon Kindle","src":"https:\/\/i0.wp.com\/kotrla.com\/pmpro\/images\/uploads\/kindle.jpg?resize=350%2C200&ssl=1","width":350,"height":200},"classes":[]}],"jetpack_sharing_enabled":true,"_links":{"self":[{"href":"https:\/\/kotrla.com\/pmpro\/wp-json\/wp\/v2\/posts\/13408","targetHints":{"allow":["GET"]}}],"collection":[{"href":"https:\/\/kotrla.com\/pmpro\/wp-json\/wp\/v2\/posts"}],"about":[{"href":"https:\/\/kotrla.com\/pmpro\/wp-json\/wp\/v2\/types\/post"}],"author":[{"embeddable":true,"href":"https:\/\/kotrla.com\/pmpro\/wp-json\/wp\/v2\/users\/1"}],"replies":[{"embeddable":true,"href":"https:\/\/kotrla.com\/pmpro\/wp-json\/wp\/v2\/comments?post=13408"}],"version-history":[{"count":0,"href":"https:\/\/kotrla.com\/pmpro\/wp-json\/wp\/v2\/posts\/13408\/revisions"}],"wp:attachment":[{"href":"https:\/\/kotrla.com\/pmpro\/wp-json\/wp\/v2\/media?parent=13408"}],"wp:term":[{"taxonomy":"category","embeddable":true,"href":"https:\/\/kotrla.com\/pmpro\/wp-json\/wp\/v2\/categories?post=13408"},{"taxonomy":"post_tag","embeddable":true,"href":"https:\/\/kotrla.com\/pmpro\/wp-json\/wp\/v2\/tags?post=13408"}],"curies":[{"name":"wp","href":"https:\/\/api.w.org\/{rel}","templated":true}]}}