{"id":1346,"date":"2003-05-16T10:30:17","date_gmt":"2003-05-16T09:30:17","guid":{"rendered":"http:\/\/kotrla.com\/wordpress\/?p=1346"},"modified":"2019-11-30T08:14:54","modified_gmt":"2019-11-30T07:14:54","slug":"ze-by-muj-napad-pomohl-vylepsit-jyxo-cz","status":"publish","type":"post","link":"https:\/\/kotrla.com\/pmpro\/2003\/05\/ze-by-muj-napad-pomohl-vylepsit-jyxo-cz\/","title":{"rendered":"\u017de by m\u016fj n\u00e1pad pomohl vylep\u0161it Jyxo.cz? ;-)"},"content":{"rendered":"<p>Mo\u017en\u00e1. P\u0159ed n\u011bjak\u00fdm \u010dasem jsem toti\u017e zaslal <a href=\"https:\/\/web.archive.org\/web\/20120223063003\/http:\/\/jyxo.vybereme.cz\/\">Jyxu.cz<\/a> e-mail s \u017e\u00e1dost\u00ed o indexaci m\u00e9 dom\u00e9ny, proto\u017ee le\u017e\u00ed mimo CZ. Pot\u011b\u0161ilo mne, \u017ee Jyxo opravdu nyn\u00ed m\u00e9 str\u00e1nky indexuje.<br \/>\nV e-mailu <!-- 1.4.03 ?@kotrla.com -->jsem psal Michalovi Illichovi i n\u00e1sleduj\u00edc\u00ed:<br \/>\n<i>&#8230;Nepremyslel jste nad implementaci slovniku synonym, ktery by nabizel alternativy k hledanym vyrazum? Napriklad ze vznikajiciho slovniku projektu OpenOffice (i kdyz ten je zatim hodne maly).<\/i><br \/>\nA vida Jyxo u\u017e synonyma nab\u00edz\u00ed. Netvrd\u00edm, \u017ee je to mou z\u00e1sluhou, ani \u017ee ta my\u0161lenka byla p\u016fvodn\u00ed, ale snad jsem k tomu aspo\u0148 \u010d\u00e1ste\u010dn\u011b p\u0159isp\u011bl. Jyxo je, podle m\u00e9ho n\u00e1zoru, v tuto chv\u00edli asi nejlep\u0161\u00ed tuzemsk\u00fd vyhled\u00e1va\u010d. Ale <a href=\"http:\/\/www.morfeo.cz\">Morfeo<\/a> (b\u00fdval\u00fd Webfast) mu zdatn\u011b \u0161lape na paty a synonyma nab\u00edz\u00ed taky. Kone\u010dn\u011b se v\u00fdrazn\u011b zlep\u0161uje pr\u00e1ce s \u010de\u0161tinou.<br \/>\nAle jednu v\u00fdhradu k Jyxu m\u00e1m. Nab\u00edz\u00ed vyhled\u00e1v\u00e1n\u00ed e-mailov\u00fdch adres. Funkce sice u\u017eite\u010dn\u00e1, ale i bez n\u00ed m\u00e1m v e-mailov\u00e9 schr\u00e1nce spamu v\u00edc ne\u017e dost.<\/p>\n","protected":false},"excerpt":{"rendered":"<p>Mo\u017en\u00e1. P\u0159ed n\u011bjak\u00fdm \u010dasem jsem toti\u017e zaslal Jyxu.cz e-mail s \u017e\u00e1dost\u00ed o indexaci m\u00e9 dom\u00e9ny, proto\u017ee le\u017e\u00ed mimo CZ. Pot\u011b\u0161ilo mne, \u017ee Jyxo opravdu nyn\u00ed m\u00e9 str\u00e1nky indexuje. V e-mailu jsem psal Michalovi Illichovi i n\u00e1sleduj\u00edc\u00ed: &#8230;Nepremyslel jste nad implementaci slovniku synonym, ktery by nabizel alternativy k hledanym vyrazum? Napriklad ze vznikajiciho slovniku projektu OpenOffice [&hellip;]<\/p>\n","protected":false},"author":1,"featured_media":0,"comment_status":"open","ping_status":"open","sticky":false,"template":"","format":"standard","meta":{"site-sidebar-layout":"default","site-content-layout":"","ast-site-content-layout":"default","site-content-style":"default","site-sidebar-style":"default","ast-global-header-display":"","ast-banner-title-visibility":"","ast-main-header-display":"","ast-hfb-above-header-display":"","ast-hfb-below-header-display":"","ast-hfb-mobile-header-display":"","site-post-title":"","ast-breadcrumbs-content":"","ast-featured-img":"","footer-sml-layout":"","ast-disable-related-posts":"","theme-transparent-header-meta":"","adv-header-id-meta":"","stick-header-meta":"","header-above-stick-meta":"","header-main-stick-meta":"","header-below-stick-meta":"","astra-migrate-meta-layouts":"default","ast-page-background-enabled":"default","ast-page-background-meta":{"desktop":{"background-color":"var(--ast-global-color-5)","background-image":"","background-repeat":"repeat","background-position":"center center","background-size":"auto","background-attachment":"scroll","background-type":"","background-media":"","overlay-type":"","overlay-color":"","overlay-opacity":"","overlay-gradient":""},"tablet":{"background-color":"","background-image":"","background-repeat":"repeat","background-position":"center center","background-size":"auto","background-attachment":"scroll","background-type":"","background-media":"","overlay-type":"","overlay-color":"","overlay-opacity":"","overlay-gradient":""},"mobile":{"background-color":"","background-image":"","background-repeat":"repeat","background-position":"center center","background-size":"auto","background-attachment":"scroll","background-type":"","background-media":"","overlay-type":"","overlay-color":"","overlay-opacity":"","overlay-gradient":""}},"ast-content-background-meta":{"desktop":{"background-color":"var(--ast-global-color-4)","background-image":"","background-repeat":"repeat","background-position":"center center","background-size":"auto","background-attachment":"scroll","background-type":"","background-media":"","overlay-type":"","overlay-color":"","overlay-opacity":"","overlay-gradient":""},"tablet":{"background-color":"var(--ast-global-color-4)","background-image":"","background-repeat":"repeat","background-position":"center center","background-size":"auto","background-attachment":"scroll","background-type":"","background-media":"","overlay-type":"","overlay-color":"","overlay-opacity":"","overlay-gradient":""},"mobile":{"background-color":"var(--ast-global-color-4)","background-image":"","background-repeat":"repeat","background-position":"center center","background-size":"auto","background-attachment":"scroll","background-type":"","background-media":"","overlay-type":"","overlay-color":"","overlay-opacity":"","overlay-gradient":""}},"jetpack_post_was_ever_published":false,"_jetpack_newsletter_access":"","_jetpack_dont_email_post_to_subs":false,"_jetpack_newsletter_tier_id":0,"_jetpack_memberships_contains_paywalled_content":false,"_jetpack_memberships_contains_paid_content":false,"footnotes":""},"categories":[1],"tags":[],"class_list":["post-1346","post","type-post","status-publish","format-standard","hentry","category-nezarazene"],"jetpack_featured_media_url":"","jetpack_shortlink":"https:\/\/wp.me\/p4mLP7-lI","jetpack-related-posts":[{"id":562,"url":"https:\/\/kotrla.com\/pmpro\/2006\/05\/lexikon-teorie-literatury-a-kultury\/","url_meta":{"origin":1346,"position":0},"title":"Lexikon teorie literatury a kultury","author":"Pavel Kotrla","date":"13.5.2006","format":false,"excerpt":"Krom toho, \u017ee jsem se zda\u0159ile sna\u017eil tento t\u00fdden aspo\u0148 po pr\u00e1ci vyh\u00fdbat po\u010d\u00edta\u010di, jsem si ud\u011blal radost dal\u0161\u00ed slovn\u00edkem. V\u00edce ne\u017e dva t\u00fddny jsem sice \u010dekal na to, a\u017e pojede k\u00fd\u017een\u00fd kni\u017en\u00ed distributor kolem vset\u00ednsk\u00e9ho knihkupectv\u00ed. Nakonec tedy jel a poklidn\u011b si pro\u010d\u00edt\u00e1m t\u011bch cca dev\u011bt stovek stran Lexikonu\u2026","rel":"","context":"V \u201eLiteratura\u201c","block_context":{"text":"Literatura","link":"https:\/\/kotrla.com\/pmpro\/category\/literatura\/"},"img":{"alt_text":"Lexikon teorie literatury a kultury","src":"https:\/\/i0.wp.com\/kotrla.com\/pmpro\/images\/uploads\/lexikon_teorie_literatury_a_kultury.jpg?resize=350%2C200&ssl=1","width":350,"height":200},"classes":[]},{"id":214,"url":"https:\/\/kotrla.com\/pmpro\/2010\/04\/kloaka-1-22010\/","url_meta":{"origin":1346,"position":1},"title":"Kloaka 1-2\/2010","author":"Pavel Kotrla","date":"22.4.2010","format":false,"excerpt":"Tento t\u00fdden jsem poprv\u00e9 narazil na slovensk\u00fd magaz\u00edn experiment\u00e1ln\u00ed a nekonven\u010dn\u00ed tvorby, jeho\u017e prvn\u00ed v\u00edce ne\u017e stostr\u00e1nkov\u00e9 dvoj\u010d\u00edslo si v PDF m\u016f\u017eete st\u00e1hnou na adrese http:\/\/kloaka.membrana.sk. Nejv\u011bt\u0161\u00ed prostor dostala poezie (v\u010detn\u011b tvorby \u010desk\u00fdch autor\u016f), ale \u010d\u00edslo p\u0159in\u00e1\u0161\u00ed i rozhovor, teoretick\u00e9 texty, recenzi, pr\u00f3zu. Pravdou je, \u017ee ne v\u0161echny texty mne\u2026","rel":"","context":"V \u201e\u010cten\u00e1\u0159sk\u00fd den\u00edk\u201c","block_context":{"text":"\u010cten\u00e1\u0159sk\u00fd den\u00edk","link":"https:\/\/kotrla.com\/pmpro\/category\/ctenarsky-denik\/"},"img":{"alt_text":"Kloaka","src":"https:\/\/i0.wp.com\/kotrla.com\/pmpro\/images\/uploads\/kloaka.gif?resize=350%2C200&ssl=1","width":350,"height":200},"classes":[]},{"id":1355,"url":"https:\/\/kotrla.com\/pmpro\/2003\/05\/proc-je-muj-vztah-ke-karlu-marxovi-a-sorenu-kerkegardovi-vic-nez-pozitivn\/","url_meta":{"origin":1346,"position":2},"title":"Pro\u010d je m\u016fj vztah ke Karlu Marxovi a S\u00f6renu Kerkegardovi v\u00edc ne\u017e pozitivn&amp;#","author":"Pavel Kotrla","date":"6.5.2003","format":false,"excerpt":"Odpov\u011b\u010f je jednoduch\u00e1. Proto\u017ee se narodili ve stejn\u00fd den jako j\u00e1. Kdybych to nebyl b\u00fdval zjistil teprve v\u010dera, tak u\u017e jsem je m\u011bl r\u00e1d snad i na z\u00e1kladn\u00ed \u0161kole. Tady m\u00e1m na mysli sp\u00ed\u0161 Karla. Sice jsem p\u0159elouskal n\u011bjak\u00e9 \u00faryvky z jeho knih, ale m\u016fj ve\u010dern\u00ed\u010dek to zrovna nen\u00ed. To\u2026","rel":"","context":"V \u201eNeza\u0159azen\u00e9\u201c","block_context":{"text":"Neza\u0159azen\u00e9","link":"https:\/\/kotrla.com\/pmpro\/category\/nezarazene\/"},"img":{"alt_text":"","src":"","width":0,"height":0},"classes":[]},{"id":9960,"url":"https:\/\/kotrla.com\/pmpro\/2022\/10\/uzitecne-nastroje-pro-boj-s-cestinou\/","url_meta":{"origin":1346,"position":3},"title":"U\u017eite\u010dn\u00e9 n\u00e1stroje pro boj s \u010de\u0161tinou","author":"Pavel Kotrla","date":"6.10.2022","format":false,"excerpt":"Redaktor\u016fm, korektor\u016fm, editor\u016fm, saze\u010d\u016fm se n\u011bjak\u00e1 ta pomoc, co upozorn\u00ed aspo\u0148 na \u010d\u00e1st nedostatk\u016f text\u016f, v\u017edycky hod\u00ed. N\u00e1sleduj\u00edc\u00ed si p\u00ed\u0161u tak trochu i pro sebe, abych nezapom\u00ednal a nemusel pracn\u011b dohled\u00e1vat, ale t\u0159eba se tak\u00e9 n\u011bkomu budou hodit. Ve Wordu (nebo jin\u00e9m editoru) a v Adobe InDesignu se ur\u010dit\u011b hod\u00ed\u2026","rel":"","context":"V \u201e\u010ce\u0161tiny\u201c","block_context":{"text":"\u010ce\u0161tiny","link":"https:\/\/kotrla.com\/pmpro\/category\/cestiny\/"},"img":{"alt_text":"Jednoznakovky.cz","src":"https:\/\/i0.wp.com\/kotrla.com\/pmpro\/wp-content\/uploads\/2022\/10\/jednoznakovky_cz-scaled.jpg?resize=350%2C200&ssl=1","width":350,"height":200,"srcset":"https:\/\/i0.wp.com\/kotrla.com\/pmpro\/wp-content\/uploads\/2022\/10\/jednoznakovky_cz-scaled.jpg?resize=350%2C200&ssl=1 1x, https:\/\/i0.wp.com\/kotrla.com\/pmpro\/wp-content\/uploads\/2022\/10\/jednoznakovky_cz-scaled.jpg?resize=525%2C300&ssl=1 1.5x, https:\/\/i0.wp.com\/kotrla.com\/pmpro\/wp-content\/uploads\/2022\/10\/jednoznakovky_cz-scaled.jpg?resize=700%2C400&ssl=1 2x, https:\/\/i0.wp.com\/kotrla.com\/pmpro\/wp-content\/uploads\/2022\/10\/jednoznakovky_cz-scaled.jpg?resize=1050%2C600&ssl=1 3x, https:\/\/i0.wp.com\/kotrla.com\/pmpro\/wp-content\/uploads\/2022\/10\/jednoznakovky_cz-scaled.jpg?resize=1400%2C800&ssl=1 4x"},"classes":[]},{"id":6933,"url":"https:\/\/kotrla.com\/pmpro\/2020\/11\/dubenkovy-inkoust-podruhe-a-potreti-zaludovy-inkoust\/","url_meta":{"origin":1346,"position":4},"title":"Dub\u011bnkov\u00fd inkoust podruh\u00e9 a pot\u0159et\u00ed, \u017ealudov\u00fd inkoust","author":"Pavel Kotrla","date":"15.11.2020","format":false,"excerpt":"Tady nejprve ud\u011bl\u00e1m malou odbo\u010dku k dub\u011bnk\u00e1m, proto\u017ee se uk\u00e1zalo, \u017ee ne v\u0161ichni je znaj\u00ed. Nejedn\u00e1 se o plody, ale o h\u00e1lky, kter\u00e9 zp\u016fsobuj\u00ed \u017elabatky. Dub\u011bnky pak vznikaj\u00ed jako obrann\u00e1 reakce rostlin, zde konkr\u00e9tn\u011b dubu, na po\u0161kozen\u00ed hmyzem. Larva se v h\u00e1lce vyl\u00edhne a opust\u00ed ji. A n\u00e1m tak z\u016fst\u00e1vaj\u00ed\u2026","rel":"","context":"V \u201ePlnic\u00ed pera a inkousty\u201c","block_context":{"text":"Plnic\u00ed pera a inkousty","link":"https:\/\/kotrla.com\/pmpro\/category\/plnici-pera\/"},"img":{"alt_text":"","src":"https:\/\/i0.wp.com\/kotrla.com\/pmpro\/wp-content\/uploads\/2020\/11\/zaludy.jpg?resize=350%2C200&ssl=1","width":350,"height":200,"srcset":"https:\/\/i0.wp.com\/kotrla.com\/pmpro\/wp-content\/uploads\/2020\/11\/zaludy.jpg?resize=350%2C200&ssl=1 1x, https:\/\/i0.wp.com\/kotrla.com\/pmpro\/wp-content\/uploads\/2020\/11\/zaludy.jpg?resize=525%2C300&ssl=1 1.5x, https:\/\/i0.wp.com\/kotrla.com\/pmpro\/wp-content\/uploads\/2020\/11\/zaludy.jpg?resize=700%2C400&ssl=1 2x, https:\/\/i0.wp.com\/kotrla.com\/pmpro\/wp-content\/uploads\/2020\/11\/zaludy.jpg?resize=1050%2C600&ssl=1 3x, https:\/\/i0.wp.com\/kotrla.com\/pmpro\/wp-content\/uploads\/2020\/11\/zaludy.jpg?resize=1400%2C800&ssl=1 4x"},"classes":[]},{"id":525,"url":"https:\/\/kotrla.com\/pmpro\/2006\/09\/literarni-casopisy-na-pocatku-skolniho-roku\/","url_meta":{"origin":1346,"position":5},"title":"Liter\u00e1rn\u00ed \u010dasopisy na po\u010d\u00e1tku \u0161koln\u00edho roku","author":"Pavel Kotrla","date":"8.9.2006","format":false,"excerpt":"Moje kdysi pom\u011brn\u011b pravideln\u00e1 \u010dasopiseck\u00e1 hl\u00eddka tu ji\u017e del\u0161\u00ed dobu nebyla. Nen\u00ed to t\u00edm, \u017ee by v\u0161echny p\u0159estaly vych\u00e1zet, by\u0165 l\u00e9to je tradi\u010dn\u00edm oddechov\u00fdm \u010dasem pro Host nebo Tvar. Jenom se mi zd\u00e1lo, \u017ee nen\u00ed n\u011bjak o \u010dem ps\u00e1t. Za\u010dalo to t\u00edm, \u017ee jsem si p\u0159ed n\u011bkolika t\u00fddny pod dlouh\u00e9m\u2026","rel":"","context":"V \u201e\u010cten\u00e1\u0159sk\u00fd den\u00edk\u201c","block_context":{"text":"\u010cten\u00e1\u0159sk\u00fd den\u00edk","link":"https:\/\/kotrla.com\/pmpro\/category\/ctenarsky-denik\/"},"img":{"alt_text":"\u017divel 27","src":"https:\/\/i0.wp.com\/kotrla.com\/pmpro\/images\/uploads\/zivel_27.gif?resize=350%2C200&ssl=1","width":350,"height":200},"classes":[]}],"jetpack_sharing_enabled":true,"_links":{"self":[{"href":"https:\/\/kotrla.com\/pmpro\/wp-json\/wp\/v2\/posts\/1346","targetHints":{"allow":["GET"]}}],"collection":[{"href":"https:\/\/kotrla.com\/pmpro\/wp-json\/wp\/v2\/posts"}],"about":[{"href":"https:\/\/kotrla.com\/pmpro\/wp-json\/wp\/v2\/types\/post"}],"author":[{"embeddable":true,"href":"https:\/\/kotrla.com\/pmpro\/wp-json\/wp\/v2\/users\/1"}],"replies":[{"embeddable":true,"href":"https:\/\/kotrla.com\/pmpro\/wp-json\/wp\/v2\/comments?post=1346"}],"version-history":[{"count":0,"href":"https:\/\/kotrla.com\/pmpro\/wp-json\/wp\/v2\/posts\/1346\/revisions"}],"wp:attachment":[{"href":"https:\/\/kotrla.com\/pmpro\/wp-json\/wp\/v2\/media?parent=1346"}],"wp:term":[{"taxonomy":"category","embeddable":true,"href":"https:\/\/kotrla.com\/pmpro\/wp-json\/wp\/v2\/categories?post=1346"},{"taxonomy":"post_tag","embeddable":true,"href":"https:\/\/kotrla.com\/pmpro\/wp-json\/wp\/v2\/tags?post=1346"}],"curies":[{"name":"wp","href":"https:\/\/api.w.org\/{rel}","templated":true}]}}