{"id":1352,"date":"2003-05-09T13:30:45","date_gmt":"2003-05-09T12:30:45","guid":{"rendered":"http:\/\/kotrla.com\/wordpress\/?p=1352"},"modified":"2019-11-20T22:23:29","modified_gmt":"2019-11-20T21:23:29","slug":"svantovitovy-skaly","status":"publish","type":"post","link":"https:\/\/kotrla.com\/pmpro\/2003\/05\/svantovitovy-skaly\/","title":{"rendered":"Svantov\u00edtovy sk\u00e1ly"},"content":{"rendered":"<p><img loading=\"lazy\" decoding=\"async\" src=\"https:\/\/kotrla.com\/pmpro\/images\/uploads\/svantovitovy_skaly.jpg\" border=\"0\" alt=\"Svantov\u00edtovy sk\u00e1ly\" name=\"Svantov\u00edtovy sk\u00e1ly\" width=\"420\" height=\"280\" \/> <\/p>\n<p>P\u0159ed ned\u00e1vnem byla u <a href=\"http:\/\/www.bystricka.cz\">n\u00e1s<\/a> zprovozn\u011bna nov\u00e1 nau\u010dn\u00e1 stezka Klenov &#8211; Du\u0161n\u00e1. M\u00e1m z n\u00ed i nem\u00e1m radost. D\u016fvod je vlastn\u011b jedin\u00fd: odbo\u010dka z n\u00ed vede ke Svantov\u00edtov\u00fdm skal\u00e1m, kter\u00e9 byly p\u0159ece jenom doned\u00e1vna tak tro\u0161ku stranou. Sk\u00e1ly se jmenuj\u00ed podle slovansk\u00e9ho boha Svantov\u00edta, jeho\u017e kult pr\u00fd vrcholil ve 12. stolet\u00ed. Na orienta\u010dn\u00ed ceduli je sice p\u0159ips\u00e1no, \u017ee pohansk\u00fdm boh\u016fm se p\u0159in\u00e1\u0161ely i lidsk\u00e9 ob\u011bti, ale nev\u00edm o \u017e\u00e1dn\u00fdch kostern\u00edch poz\u016fstatc\u00edch v okol\u00ed. O tom by mi kamar\u00e1di archeologov\u00e9 asi nezapomn\u011bli \u0159\u00edct. \ud83d\ude42<br \/>\nNa prot\u011bj\u0161\u00edm kopci o n\u011bco pozd\u011bji st\u00e1l templ\u00e1\u0159sk\u00fd hrad Freundsberg a ve skal\u00e1ch v okol\u00ed jsou, podle pov\u011bst\u00ed, ukryt\u00e9 poklady zbojn\u00edk\u016f. Tak\u017ee i pov\u011bsti o propadl\u00e9m hradu maj\u00ed jak\u00fdsi re\u00e1ln\u00fd podklad. Jinak doporu\u010duji knihu Jana Kobz\u00e1n\u011b O zbojn\u00edkoch a o pokladoch, kde je \u010d\u00e1st z t\u011bchto pov\u011bst\u00ed zaznamen\u00e1na.<br \/>\nV knize Josefa Va\u0161ice Eseje a studie ze star\u0161\u00ed \u010desk\u00e9 literatury jsem dokonce narazil na p\u0159eti\u0161t\u011bnou domn\u011bnku Franti\u0161ka Stejskala, <i>&#8222;\u017ee sv. V\u00edt byl zvolen za patrona pra\u017esk\u00e9ho chr\u00e1mu, aby tak byla odstran\u011bna \u00facta modly Svantov\u00edta.&#8220;<\/i> Co je na t\u00e9to domn\u011bnce pravdiv\u00e9ho nev\u00edm.<br \/>\nJe ale fakt, \u017ee o dva kopce d\u00e1l, na Radho\u0161ti st\u00e1vala d\u0159ev\u011bn\u00e1 modla jin\u00e9ho slovansk\u00e9ho boha &#8211; Radegasta, kterou p\u0159i sv\u00e9m p\u0159\u00edchodu na Moravu nechali sk\u00e1cet v\u011brozv\u011bstov\u00e9 Cyril a Metod\u011bj. Proto je docela pravd\u011bpodobn\u00e9, \u017ee sv\u00e9 jm\u00e9no maj\u00ed Svantov\u00edtovy sk\u00e1ly opr\u00e1vn\u011bn\u011b. Ostatn\u011b bl\u00edzk\u00e9 okol\u00ed bylo os\u00eddleno ji\u017e v prav\u011bku.<\/p>\n<p>V\u011bt\u0161\u00ed fotografie si m\u016f\u017eete prohl\u00e9dnout, kdy\u017e kliknete na n\u00e1sleduj\u00edc\u00ed odkaz\n<\/p>\n<p><!--more--><\/p>\n<p>Fotografie Svantov\u00edtov\u00fdch skal:<\/p>\n<p><img loading=\"lazy\" decoding=\"async\" src=\"https:\/\/kotrla.com\/pmpro\/images\/uploads\/svantovit01.jpg\" border=\"0\" alt=\"Svantov\u00edtovy sk\u00e1ly\" name=\"Svantov\u00edtovy sk\u00e1ly\" width=\"420\" height=\"560\" \/> <\/p>\n<p><img loading=\"lazy\" decoding=\"async\" src=\"https:\/\/kotrla.com\/pmpro\/images\/uploads\/svantovit02.jpg\" border=\"0\" alt=\"Svantov\u00edtovy sk\u00e1ly\" name=\"Svantov\u00edtovy sk\u00e1ly\" width=\"420\" height=\"560\" \/><\/p>\n","protected":false},"excerpt":{"rendered":"<p>P\u0159ed ned\u00e1vnem byla u n\u00e1s zprovozn\u011bna nov\u00e1 nau\u010dn\u00e1 stezka Klenov &#8211; Du\u0161n\u00e1. M\u00e1m z n\u00ed i nem\u00e1m radost. D\u016fvod je vlastn\u011b jedin\u00fd: odbo\u010dka z n\u00ed vede ke Svantov\u00edtov\u00fdm skal\u00e1m, kter\u00e9 byly p\u0159ece jenom doned\u00e1vna tak tro\u0161ku stranou. Sk\u00e1ly se jmenuj\u00ed podle slovansk\u00e9ho boha Svantov\u00edta, jeho\u017e kult pr\u00fd vrcholil ve 12. stolet\u00ed. Na orienta\u010dn\u00ed ceduli je [&hellip;]<\/p>\n","protected":false},"author":1,"featured_media":0,"comment_status":"open","ping_status":"open","sticky":false,"template":"","format":"standard","meta":{"site-sidebar-layout":"default","site-content-layout":"","ast-site-content-layout":"default","site-content-style":"default","site-sidebar-style":"default","ast-global-header-display":"","ast-banner-title-visibility":"","ast-main-header-display":"","ast-hfb-above-header-display":"","ast-hfb-below-header-display":"","ast-hfb-mobile-header-display":"","site-post-title":"","ast-breadcrumbs-content":"","ast-featured-img":"","footer-sml-layout":"","ast-disable-related-posts":"","theme-transparent-header-meta":"","adv-header-id-meta":"","stick-header-meta":"","header-above-stick-meta":"","header-main-stick-meta":"","header-below-stick-meta":"","astra-migrate-meta-layouts":"default","ast-page-background-enabled":"default","ast-page-background-meta":{"desktop":{"background-color":"var(--ast-global-color-5)","background-image":"","background-repeat":"repeat","background-position":"center center","background-size":"auto","background-attachment":"scroll","background-type":"","background-media":"","overlay-type":"","overlay-color":"","overlay-opacity":"","overlay-gradient":""},"tablet":{"background-color":"","background-image":"","background-repeat":"repeat","background-position":"center center","background-size":"auto","background-attachment":"scroll","background-type":"","background-media":"","overlay-type":"","overlay-color":"","overlay-opacity":"","overlay-gradient":""},"mobile":{"background-color":"","background-image":"","background-repeat":"repeat","background-position":"center center","background-size":"auto","background-attachment":"scroll","background-type":"","background-media":"","overlay-type":"","overlay-color":"","overlay-opacity":"","overlay-gradient":""}},"ast-content-background-meta":{"desktop":{"background-color":"var(--ast-global-color-4)","background-image":"","background-repeat":"repeat","background-position":"center center","background-size":"auto","background-attachment":"scroll","background-type":"","background-media":"","overlay-type":"","overlay-color":"","overlay-opacity":"","overlay-gradient":""},"tablet":{"background-color":"var(--ast-global-color-4)","background-image":"","background-repeat":"repeat","background-position":"center center","background-size":"auto","background-attachment":"scroll","background-type":"","background-media":"","overlay-type":"","overlay-color":"","overlay-opacity":"","overlay-gradient":""},"mobile":{"background-color":"var(--ast-global-color-4)","background-image":"","background-repeat":"repeat","background-position":"center center","background-size":"auto","background-attachment":"scroll","background-type":"","background-media":"","overlay-type":"","overlay-color":"","overlay-opacity":"","overlay-gradient":""}},"jetpack_post_was_ever_published":false,"_jetpack_newsletter_access":"","_jetpack_dont_email_post_to_subs":false,"_jetpack_newsletter_tier_id":0,"_jetpack_memberships_contains_paywalled_content":false,"_jetpack_memberships_contains_paid_content":false,"footnotes":""},"categories":[1],"tags":[],"class_list":["post-1352","post","type-post","status-publish","format-standard","hentry","category-nezarazene"],"jetpack_featured_media_url":"","jetpack_shortlink":"https:\/\/wp.me\/p4mLP7-lO","jetpack-related-posts":[{"id":1284,"url":"https:\/\/kotrla.com\/pmpro\/2003\/07\/jarcovska-kula\/","url_meta":{"origin":1352,"position":0},"title":"Jarcovsk\u00e1 kula","author":"Pavel Kotrla","date":"18.7.2003","format":false,"excerpt":"Tak jsem tento t\u00fdden kone\u010dn\u011b vyfotil posledn\u00ed skaln\u00ed \u00fatvar v bl\u00edzk\u00e9m okol\u00ed Byst\u0159i\u010dky. \u017d\u00e1dn\u00fd velik\u00e1n to nen\u00ed. Asi jenom 9 metr\u016f, ale chyb\u011bl mi do sb\u00edrky. Nav\u00edc je to p\u0159\u00edrodn\u00ed pam\u00e1tka. Byla by tu ostatn\u011b je\u0161t\u011b jedna, kdyby ji p\u0159ed v\u00edce ne\u017e stolet\u00edm a p\u016fl nenechal majitel pozemku rozst\u0159\u00edlet. Podle\u2026","rel":"","context":"V \u201eNeza\u0159azen\u00e9\u201c","block_context":{"text":"Neza\u0159azen\u00e9","link":"https:\/\/kotrla.com\/pmpro\/category\/nezarazene\/"},"img":{"alt_text":"image","src":"https:\/\/i0.wp.com\/kotrla.com\/pmpro\/images\/uploads\/jarcovska_kula.jpg?resize=350%2C200&ssl=1","width":350,"height":200},"classes":[]},{"id":397,"url":"https:\/\/kotrla.com\/pmpro\/2007\/11\/kryci-jmeno-betoven\/","url_meta":{"origin":1352,"position":1},"title":"Kryc\u00ed jm\u00e9no B\u00e9toven","author":"Pavel Kotrla","date":"22.11.2007","format":false,"excerpt":"M\u00e1 holou hlavu, hlobok\u00fd hlas a ned\u00e1vno se za\u010dal jako \u0159idi\u010d autobusu pohybovat v okol\u00ed m\u011bst Vset\u00edn - Vala\u0161sk\u00e9 Mezi\u0159\u00ed\u010d\u00ed - Ro\u017enov. Je tu kr\u00e1tce a koluj\u00ed o n\u011bm pov\u011bsti. Omladina u\u017e zd\u00e1li konsternovan\u011b vyhl\u00ed\u017e\u00ed jeho p\u0159\u00edjezd. V jejich tv\u00e1\u0159\u00edch se zra\u010d\u00ed \u00fadiv z nepoznan\u00e9ho. Autobusem zn\u00ed HUDBA. \u017d\u00e1dn\u00fd \u010desk\u00fd\u2026","rel":"","context":"V \u201eOsobn\u00ed\u201c","block_context":{"text":"Osobn\u00ed","link":"https:\/\/kotrla.com\/pmpro\/category\/osobni\/"},"img":{"alt_text":"","src":"","width":0,"height":0},"classes":[]},{"id":780,"url":"https:\/\/kotrla.com\/pmpro\/2005\/04\/moudrost-starych-valachu\/","url_meta":{"origin":1352,"position":2},"title":"Moudrost star\u00fdch Valach\u016f","author":"Pavel Kotrla","date":"5.4.2005","format":false,"excerpt":"Dnes jedna recenze na knihu, kterou vydalo nakladatelstv\u00ed m\u00e9ho kamar\u00e1da Dalibora Maliny a ze kter\u00e9 jsme v Textech p\u0159inesli uk\u00e1zku. Moudrost star\u00fdch Valach\u016f Neb\u00fdv\u00e1 pravidlem, aby v nevelk\u00e9m m\u011bst\u011b p\u016fsobilo nakladatelstv\u00ed, kter\u00e9 se systematicky mapovalo kulturu dan\u00e9ho regionu. Vset\u00edn to \u0161t\u011bst\u00ed m\u00e1. Je zde nakladatelstv\u00ed knihkupce Dalibora Maliny, kter\u00e9 podobnou\u2026","rel":"","context":"V \u201eLiteratura\u201c","block_context":{"text":"Literatura","link":"https:\/\/kotrla.com\/pmpro\/category\/literatura\/"},"img":{"alt_text":"Moudrost star\u00fdch Valach\u016f","src":"https:\/\/i0.wp.com\/kotrla.com\/pmpro\/images\/uploads\/moudrost.jpg?resize=350%2C200&ssl=1","width":350,"height":200},"classes":[]},{"id":434,"url":"https:\/\/kotrla.com\/pmpro\/2007\/06\/vasen-podle-terezy\/","url_meta":{"origin":1352,"position":3},"title":"V\u00e1\u0161e\u0148 podle Terezy","author":"Pavel Kotrla","date":"26.6.2007","format":false,"excerpt":"Detektivky jsem narozd\u00edl od sci-fi a rodokaps\u016f za\u010dal \u010d\u00edst pom\u011brn\u011b pozd\u011b, vlastn\u011b a\u017e n\u011bkdy ve druh\u00e9m t\u0159et\u00edm ro\u010dn\u00edku gymn\u00e1zia, tedy pokud pominu p\u0159\u00edb\u011bhy Doylova nejslavn\u011bj\u0161\u00edho detektiva. Ale pak jsem zhltal p\u00e1r reg\u00e1l\u016f knihovny. No, \u010dlov\u011bk se toho \u010dasem trochu nasyt\u00ed. Ale stejn\u011b existuj\u00ed knihy autor\u016f, na kter\u00e9 se t\u011b\u0161\u00edm a\u2026","rel":"","context":"V \u201e\u010cten\u00e1\u0159sk\u00fd den\u00edk\u201c","block_context":{"text":"\u010cten\u00e1\u0159sk\u00fd den\u00edk","link":"https:\/\/kotrla.com\/pmpro\/category\/ctenarsky-denik\/"},"img":{"alt_text":"Daniel Pennac: V\u00e1\u0161e\u0148 podle Terezy","src":"https:\/\/i0.wp.com\/kotrla.com\/pmpro\/images\/uploads\/pennac_vasen.gif?resize=350%2C200&ssl=1","width":350,"height":200},"classes":[]},{"id":349,"url":"https:\/\/kotrla.com\/pmpro\/2008\/05\/z-bloku-01-ctenar-casopisu-na-konci-obdobi-zimniho-spanku\/","url_meta":{"origin":1352,"position":4},"title":"Z bloku 01: \u010cten\u00e1\u0159 \u010dasopis\u016f na konci obdob\u00ed zimn\u00edho sp\u00e1nku","author":"Pavel Kotrla","date":"16.5.2008","format":false,"excerpt":"Tak jsem se nechal ukecat. \u0158\u00edkal jsem si, \u017ee po t\u0159\u00edap\u016fllet\u00e9m psan\u00ed sloupk\u016f (snad se dokopu k tomu, aby tam bylo \u010dasem v\u0161ech t\u0159iat\u0159icet) pro Host u\u017e do toho jen tak nep\u016fjdu. No, ale pro Tvar jsem v\u017edycky m\u011bl tak trochu slabost. Sloupek vy\u0161el v Tvaru \u010d.9 (01.05.2008) \u010cten\u00e1\u0159 \u010dasopis\u016f\u2026","rel":"","context":"V \u201eSloupky pro Tvar\u201c","block_context":{"text":"Sloupky pro Tvar","link":"https:\/\/kotrla.com\/pmpro\/category\/sloupky-pro-tvar\/"},"img":{"alt_text":"","src":"","width":0,"height":0},"classes":[]},{"id":384,"url":"https:\/\/kotrla.com\/pmpro\/2008\/01\/smutek-geologa\/","url_meta":{"origin":1352,"position":5},"title":"Smutek geologa","author":"Pavel Kotrla","date":"16.1.2008","format":false,"excerpt":"Ze mne\u2026 Asi p\u0159ed \u010dtvrt rokem mi volal geolog, jeho\u017e jm\u00e9no jsem poh\u0159bil n\u011bkde v z\u00e1vitech \u0161ed\u00e9 k\u016fry mozkov\u00e9. Pr\u00fd za Franti\u0161ka Josefa vy\u0161la v odborn\u00e9m \u010dasopisu studie popisuj\u00edc\u00ed zkamen\u011blinu z Byst\u0159i\u010dky, z okol\u00ed Vanduchova ml\u00fdna. Ve zdej\u0161\u00edch geologick\u00fdch vrstv\u00e1ch podivn\u00e9. Smutn\u00fd musel b\u00fdt, kdy\u017e jsem mu teda popisoval sv\u00e9\u2026","rel":"","context":"V \u201eFotografie\u201c","block_context":{"text":"Fotografie","link":"https:\/\/kotrla.com\/pmpro\/category\/fotografie\/"},"img":{"alt_text":"Vanduch\u016fm ml\u00fdn","src":"https:\/\/i0.wp.com\/kotrla.com\/pmpro\/images\/uploads\/vanduchuv_mlyn.jpg?resize=350%2C200&ssl=1","width":350,"height":200},"classes":[]}],"jetpack_sharing_enabled":true,"_links":{"self":[{"href":"https:\/\/kotrla.com\/pmpro\/wp-json\/wp\/v2\/posts\/1352","targetHints":{"allow":["GET"]}}],"collection":[{"href":"https:\/\/kotrla.com\/pmpro\/wp-json\/wp\/v2\/posts"}],"about":[{"href":"https:\/\/kotrla.com\/pmpro\/wp-json\/wp\/v2\/types\/post"}],"author":[{"embeddable":true,"href":"https:\/\/kotrla.com\/pmpro\/wp-json\/wp\/v2\/users\/1"}],"replies":[{"embeddable":true,"href":"https:\/\/kotrla.com\/pmpro\/wp-json\/wp\/v2\/comments?post=1352"}],"version-history":[{"count":0,"href":"https:\/\/kotrla.com\/pmpro\/wp-json\/wp\/v2\/posts\/1352\/revisions"}],"wp:attachment":[{"href":"https:\/\/kotrla.com\/pmpro\/wp-json\/wp\/v2\/media?parent=1352"}],"wp:term":[{"taxonomy":"category","embeddable":true,"href":"https:\/\/kotrla.com\/pmpro\/wp-json\/wp\/v2\/categories?post=1352"},{"taxonomy":"post_tag","embeddable":true,"href":"https:\/\/kotrla.com\/pmpro\/wp-json\/wp\/v2\/tags?post=1352"}],"curies":[{"name":"wp","href":"https:\/\/api.w.org\/{rel}","templated":true}]}}