{"id":1359,"date":"2003-04-30T07:00:50","date_gmt":"2003-04-30T06:00:50","guid":{"rendered":"http:\/\/kotrla.com\/wordpress\/?p=1359"},"modified":"2019-11-20T22:23:29","modified_gmt":"2019-11-20T21:23:29","slug":"tak-nam-ji-vypusti","status":"publish","type":"post","link":"https:\/\/kotrla.com\/pmpro\/2003\/04\/tak-nam-ji-vypusti\/","title":{"rendered":"Tak n\u00e1m ji vypust\u00ed!"},"content":{"rendered":"<p><img loading=\"lazy\" decoding=\"async\" src=\"https:\/\/kotrla.com\/pmpro\/images\/uploads\/prehrada1.jpg\" border=\"0\" alt=\"image\" name=\"image\" width=\"420\" height=\"315\" \/> <\/p>\n<p>Tak na podzim n\u00e1m za\u010dnou vypou\u0161t\u011bt p\u0159ehradu. Pr\u00fd bude pr\u00e1zdn\u00e1 tak dvy, t\u0159i roky. Hold u\u017e pot\u0159ebuje n\u011bjakou tu opravu. Sta\u0159enka. Budeme tak ochuzeni o davy turist\u016f a ucpan\u00e9 cesty okolo p\u0159ehrady v tepl\u00fdch a slune\u010dn\u00fdch dnech. Dobr\u00e1 zpr\u00e1va pro cyklisty! Tak\u017ee i pro mne. \ud83d\ude42\n<\/p>\n<p><!--more--><\/p>\n<p>Fotografie na tituln\u00ed str\u00e1nce si na historickou jenom hraje (Gimp a Photoshop). Fotka z pond\u011bln\u00edho ve\u010dera vypadala p\u016fvodn\u011b takto:<\/p>\n<p><img loading=\"lazy\" decoding=\"async\" src=\"https:\/\/kotrla.com\/pmpro\/images\/uploads\/prehrada2.jpg\" border=\"0\" alt=\"image\" name=\"image\" width=\"420\" height=\"315\" \/> <\/p>\n<p><b>Odkaz na historick\u00e9 fotografie a historii:<\/b>\n<\/p>\n<ul>\n<li><a href=\"http:\/\/www.bystricka.cz\/prehrada.html\">http:\/\/www.bystricka.cz\/prehrada.html<\/a><\/li>\n<\/ul>\n<p>&nbsp;<\/p>\n","protected":false},"excerpt":{"rendered":"<p>Tak na podzim n\u00e1m za\u010dnou vypou\u0161t\u011bt p\u0159ehradu. Pr\u00fd bude pr\u00e1zdn\u00e1 tak dvy, t\u0159i roky. Hold u\u017e pot\u0159ebuje n\u011bjakou tu opravu. Sta\u0159enka. Budeme tak ochuzeni o davy turist\u016f a ucpan\u00e9 cesty okolo p\u0159ehrady v tepl\u00fdch a slune\u010dn\u00fdch dnech. Dobr\u00e1 zpr\u00e1va pro cyklisty! Tak\u017ee i pro mne. \ud83d\ude42<\/p>\n","protected":false},"author":1,"featured_media":0,"comment_status":"open","ping_status":"open","sticky":false,"template":"","format":"standard","meta":{"site-sidebar-layout":"default","site-content-layout":"","ast-site-content-layout":"default","site-content-style":"default","site-sidebar-style":"default","ast-global-header-display":"","ast-banner-title-visibility":"","ast-main-header-display":"","ast-hfb-above-header-display":"","ast-hfb-below-header-display":"","ast-hfb-mobile-header-display":"","site-post-title":"","ast-breadcrumbs-content":"","ast-featured-img":"","footer-sml-layout":"","ast-disable-related-posts":"","theme-transparent-header-meta":"","adv-header-id-meta":"","stick-header-meta":"","header-above-stick-meta":"","header-main-stick-meta":"","header-below-stick-meta":"","astra-migrate-meta-layouts":"default","ast-page-background-enabled":"default","ast-page-background-meta":{"desktop":{"background-color":"var(--ast-global-color-5)","background-image":"","background-repeat":"repeat","background-position":"center center","background-size":"auto","background-attachment":"scroll","background-type":"","background-media":"","overlay-type":"","overlay-color":"","overlay-opacity":"","overlay-gradient":""},"tablet":{"background-color":"","background-image":"","background-repeat":"repeat","background-position":"center center","background-size":"auto","background-attachment":"scroll","background-type":"","background-media":"","overlay-type":"","overlay-color":"","overlay-opacity":"","overlay-gradient":""},"mobile":{"background-color":"","background-image":"","background-repeat":"repeat","background-position":"center center","background-size":"auto","background-attachment":"scroll","background-type":"","background-media":"","overlay-type":"","overlay-color":"","overlay-opacity":"","overlay-gradient":""}},"ast-content-background-meta":{"desktop":{"background-color":"var(--ast-global-color-4)","background-image":"","background-repeat":"repeat","background-position":"center center","background-size":"auto","background-attachment":"scroll","background-type":"","background-media":"","overlay-type":"","overlay-color":"","overlay-opacity":"","overlay-gradient":""},"tablet":{"background-color":"var(--ast-global-color-4)","background-image":"","background-repeat":"repeat","background-position":"center center","background-size":"auto","background-attachment":"scroll","background-type":"","background-media":"","overlay-type":"","overlay-color":"","overlay-opacity":"","overlay-gradient":""},"mobile":{"background-color":"var(--ast-global-color-4)","background-image":"","background-repeat":"repeat","background-position":"center center","background-size":"auto","background-attachment":"scroll","background-type":"","background-media":"","overlay-type":"","overlay-color":"","overlay-opacity":"","overlay-gradient":""}},"jetpack_post_was_ever_published":false,"_jetpack_newsletter_access":"","_jetpack_dont_email_post_to_subs":false,"_jetpack_newsletter_tier_id":0,"_jetpack_memberships_contains_paywalled_content":false,"_jetpack_memberships_contains_paid_content":false,"footnotes":""},"categories":[5],"tags":[],"class_list":["post-1359","post","type-post","status-publish","format-standard","hentry","category-bystricka"],"jetpack_featured_media_url":"","jetpack_shortlink":"https:\/\/wp.me\/p4mLP7-lV","jetpack-related-posts":[{"id":1368,"url":"https:\/\/kotrla.com\/pmpro\/2003\/04\/fotografovani-s-digitalnim-fotoaparatem\/","url_meta":{"origin":1359,"position":0},"title":"Fotografov\u00e1n\u00ed s digit\u00e1ln\u00edm fotoapar\u00e1tem","author":"Pavel Kotrla","date":"14.4.2003","format":false,"excerpt":"P\u0159izn\u00e1m se, \u017ee k publikaci Institutu digit\u00e1ln\u00ed fotografie Fotografov\u00e1n\u00ed s digit\u00e1ln\u00edm fotoapar\u00e1tem autor\u016f Ond\u0159eje Neffa, Jana B\u0159eziny a Petra Podhajsk\u00e9ho (jinak Institut digit\u00e1ln\u00ed fotografie) jsem p\u0159istupoval s lehkou ned\u016fv\u011brou. Snad je to t\u00edm, \u017ee je na internetu n\u011bjak \u201ep\u0159eneffov\u00e1no\u201c. Ale byl jsem p\u0159\u00edjemn\u011b p\u0159ekvapen. P\u0159\u00edru\u010dka vy\u0161la v edici Praktick\u00e1 fotografie\u2026","rel":"","context":"V \u201eNeza\u0159azen\u00e9\u201c","block_context":{"text":"Neza\u0159azen\u00e9","link":"https:\/\/kotrla.com\/pmpro\/category\/nezarazene\/"},"img":{"alt_text":"","src":"","width":0,"height":0},"classes":[]},{"id":229,"url":"https:\/\/kotrla.com\/pmpro\/2010\/01\/nejlepsi-fotograficky-a-nejlepsi-literarni-casopis-roku-2009\/","url_meta":{"origin":1359,"position":1},"title":"Nejlep\u0161\u00ed fotografick\u00fd a nejlep\u0161\u00ed liter\u00e1rn\u00ed \u010dasopis roku 2009","author":"Pavel Kotrla","date":"13.1.2010","format":false,"excerpt":"\u017deb\u0159\u00ed\u010dky popul\u00e1rnosti jsou v\u017edycky o\u0161emetn\u00e9. Ale koneckonc\u016f, kde jinde bych m\u011bl prezentovat sv\u016fj n\u00e1zor ne\u017e zde ;) Shodou okolnost\u00ed je to pro mne jeden a t\u00fd\u017e \u010dasopis: Host. Po z\u00e1niku \u010dasopis\u016f PhotoArt a Magaz\u00ednu Fotografie se portfolio \u010dasopis\u016f smrsklo, a tak m\u00e1me DigiFoto, FotoVideo, Digit\u00e1ln\u00ed foto a PhotoLife. V\u011bt\u0161\u00ed \u010d\u00e1st\u2026","rel":"","context":"V \u201e\u010cten\u00e1\u0159sk\u00fd den\u00edk\u201c","block_context":{"text":"\u010cten\u00e1\u0159sk\u00fd den\u00edk","link":"https:\/\/kotrla.com\/pmpro\/category\/ctenarsky-denik\/"},"img":{"alt_text":"\u010dasopis Host","src":"https:\/\/i0.wp.com\/kotrla.com\/pmpro\/images\/uploads\/host_2010_10.jpg?resize=350%2C200&ssl=1","width":350,"height":200},"classes":[]},{"id":700,"url":"https:\/\/kotrla.com\/pmpro\/2005\/08\/napustena-jeste-ze-je-hnusne\/","url_meta":{"origin":1359,"position":2},"title":"Napu\u0161t\u011bn\u00e1: je\u0161t\u011b \u017ee je hnusn\u011b","author":"Pavel Kotrla","date":"16.8.2005","format":false,"excerpt":"Kdy\u017e u\u017e n\u00e1m to l\u00e9to tak n\u011bjak skon\u010dilo ;) ,\u00a0 tak se m\u016f\u017eu radovat aspo\u0148 z napu\u0161t\u011bn\u00e9 p\u0159ehrady. Pohled ze lhoteck\u00e9 strany.","rel":"","context":"V \u201eByst\u0159i\u010dka\u201c","block_context":{"text":"Byst\u0159i\u010dka","link":"https:\/\/kotrla.com\/pmpro\/category\/bystricka\/"},"img":{"alt_text":"P\u0159ehrada Byst\u0159i\u010dka 2005 - napu\u0161t\u011bn\u00e1","src":"https:\/\/i0.wp.com\/kotrla.com\/pmpro\/images\/uploads\/napustena_srpen_2005.jpg?resize=350%2C200&ssl=1","width":350,"height":200},"classes":[]},{"id":12900,"url":"https:\/\/kotrla.com\/pmpro\/2025\/06\/fotografie-z-vecirku-nakladatelstvi-klenov\/","url_meta":{"origin":1359,"position":3},"title":"Fotografie z ve\u010d\u00edrku nakladatelstv\u00ed Klenov","author":"Pavel Kotrla","date":"10.6.2025","format":false,"excerpt":"Fotografie z ve\u010d\u00edrku Klenova 5. 6. 2024 na Vset\u00edn\u011b, z autorsk\u00fdch \u010dten\u00ed, z uveden\u00ed nov\u00fdch knih, a t\u00e9\u017e z jedn\u00e9 oslavy narozenin. P\u0159\u00e1tel\u00e9, \u017ee bude a\u017e tak narv\u00e1no jsem netu\u0161il. D\u00edky v\u00e1m v\u0161em, co jste p\u0159i\u0161li! A je\u0161t\u011b jednou d\u00edky Hance \u0160karpov\u00e9, kter\u00e1 pro n\u00e1s bistro na Pan\u010dav\u011b po \u0161esti\u2026","rel":"","context":"V \u201eFotografie\u201c","block_context":{"text":"Fotografie","link":"https:\/\/kotrla.com\/pmpro\/category\/fotografie\/"},"img":{"alt_text":"","src":"https:\/\/i0.wp.com\/kotrla.com\/pmpro\/wp-content\/uploads\/2025\/06\/vecirek_klenova_IMGP7648-150x150.jpg?resize=350%2C200&ssl=1","width":350,"height":200,"srcset":"https:\/\/i0.wp.com\/kotrla.com\/pmpro\/wp-content\/uploads\/2025\/06\/vecirek_klenova_IMGP7648-150x150.jpg?resize=350%2C200&ssl=1 1x, https:\/\/i0.wp.com\/kotrla.com\/pmpro\/wp-content\/uploads\/2025\/06\/vecirek_klenova_IMGP7648-150x150.jpg?resize=525%2C300&ssl=1 1.5x, https:\/\/i0.wp.com\/kotrla.com\/pmpro\/wp-content\/uploads\/2025\/06\/vecirek_klenova_IMGP7648-150x150.jpg?resize=700%2C400&ssl=1 2x, https:\/\/i0.wp.com\/kotrla.com\/pmpro\/wp-content\/uploads\/2025\/06\/vecirek_klenova_IMGP7648-150x150.jpg?resize=1050%2C600&ssl=1 3x, https:\/\/i0.wp.com\/kotrla.com\/pmpro\/wp-content\/uploads\/2025\/06\/vecirek_klenova_IMGP7648-150x150.jpg?resize=1400%2C800&ssl=1 4x"},"classes":[]},{"id":820,"url":"https:\/\/kotrla.com\/pmpro\/2005\/02\/casopisecka-hlidka-v-unoru\/","url_meta":{"origin":1359,"position":4},"title":"\u010casopiseck\u00e1 hl\u00eddka v \u00fanoru","author":"Pavel Kotrla","date":"10.2.2005","format":false,"excerpt":"U\u017e tu dlouho nebyla. Na \u010dasopisy jsem ale nezanev\u0159el. S pravidelnou ro\u010dn\u00ed periodou k n\u00e1m p\u0159ibyl nov\u00fd Labyrint (v\u0161iml si i AKb@large). Tentokr\u00e1t je v\u011bnov\u00e1n utopi\u00edm. Celkem jsem si po\u010detl, ale nejv\u00edc se mi stejn\u011b l\u00edbily p\u0159eti\u0161t\u011bn\u00e9 p\u016fvodn\u00ed ilustrace k Nezn\u00e1lkovi. Fotografie st\u00e1rnouc\u00edm dvoj\u010dat na ob\u00e1lce, mne akor\u00e1t znerv\u00f3z\u0148ovala. A\u2026","rel":"","context":"V \u201eNeza\u0159azen\u00e9\u201c","block_context":{"text":"Neza\u0159azen\u00e9","link":"https:\/\/kotrla.com\/pmpro\/category\/nezarazene\/"},"img":{"alt_text":"","src":"","width":0,"height":0},"classes":[]},{"id":257,"url":"https:\/\/kotrla.com\/pmpro\/2009\/08\/svitani\/","url_meta":{"origin":1359,"position":5},"title":"Sv\u00edt\u00e1n\u00ed","author":"Pavel Kotrla","date":"12.8.2009","format":false,"excerpt":"V p\u00e1tek se n\u00e1m poda\u0159ilo s Jirkou po v\u00edc ne\u017e roce sej\u00edt spole\u010dn\u011b s i rodinami. Skoro mal\u00fd z\u00e1zrak. Je nutn\u00e9 si takov\u00e9to ud\u00e1losti u\u017e\u00edt, a tak v sobotu r\u00e1no jsem p\u0159ed pl\u00e1novan\u00fdm vst\u00e1v\u00e1n\u00edm dal p\u0159ednost pohodl\u00ed a bud\u00edk na mobilu navzdory kom\u00e1\u0159\u00edmu p\u00edsk\u00e1n\u00ed zase t\u00edpl. P\u0159i\u0161el jsem tak o\u2026","rel":"","context":"V \u201eByst\u0159i\u010dka\u201c","block_context":{"text":"Byst\u0159i\u010dka","link":"https:\/\/kotrla.com\/pmpro\/category\/bystricka\/"},"img":{"alt_text":"Sv\u00edt\u00e1n\u00ed nad Byst\u0159i\u010dkou","src":"https:\/\/i0.wp.com\/kotrla.com\/pmpro\/images\/uploads\/svitani_IGP9262_3_4_5_6.jpg?resize=350%2C200&ssl=1","width":350,"height":200},"classes":[]}],"jetpack_sharing_enabled":true,"_links":{"self":[{"href":"https:\/\/kotrla.com\/pmpro\/wp-json\/wp\/v2\/posts\/1359","targetHints":{"allow":["GET"]}}],"collection":[{"href":"https:\/\/kotrla.com\/pmpro\/wp-json\/wp\/v2\/posts"}],"about":[{"href":"https:\/\/kotrla.com\/pmpro\/wp-json\/wp\/v2\/types\/post"}],"author":[{"embeddable":true,"href":"https:\/\/kotrla.com\/pmpro\/wp-json\/wp\/v2\/users\/1"}],"replies":[{"embeddable":true,"href":"https:\/\/kotrla.com\/pmpro\/wp-json\/wp\/v2\/comments?post=1359"}],"version-history":[{"count":0,"href":"https:\/\/kotrla.com\/pmpro\/wp-json\/wp\/v2\/posts\/1359\/revisions"}],"wp:attachment":[{"href":"https:\/\/kotrla.com\/pmpro\/wp-json\/wp\/v2\/media?parent=1359"}],"wp:term":[{"taxonomy":"category","embeddable":true,"href":"https:\/\/kotrla.com\/pmpro\/wp-json\/wp\/v2\/categories?post=1359"},{"taxonomy":"post_tag","embeddable":true,"href":"https:\/\/kotrla.com\/pmpro\/wp-json\/wp\/v2\/tags?post=1359"}],"curies":[{"name":"wp","href":"https:\/\/api.w.org\/{rel}","templated":true}]}}