{"id":1365,"date":"2003-04-22T19:27:57","date_gmt":"2003-04-22T18:27:57","guid":{"rendered":"http:\/\/kotrla.com\/wordpress\/?p=1365"},"modified":"2019-11-20T22:23:30","modified_gmt":"2019-11-20T21:23:30","slug":"tvar-82003","status":"publish","type":"post","link":"https:\/\/kotrla.com\/pmpro\/2003\/04\/tvar-82003\/","title":{"rendered":"Tvar 8\/2003"},"content":{"rendered":"<p>Tak to u\u017e jsem neza\u017eil dlouho, aby si komer\u010dn\u00ed r\u00e1dio vzpomn\u011blo na v\u00fdro\u010d\u00ed n\u011bkter\u00e9ho ze spisovatel\u016f. Apollo se ale pochlapilo a p\u0159ekvapilo, a tak jsem se dozv\u011bd\u011bl, \u017ee v Petrohradu se chyst\u00e1 instalace Ha\u0161kovy bronzov\u00e9 sochy. Stejn\u011b sice zas p\u0159elad\u00edm na Vltavu. Ale i tak drobn\u00fd d\u00edk, na tuto d\u016fle\u017eitou informaci jsem v posledn\u00edm <a href=\"http:\/\/www.itvar.cz\">Tvaru<\/a> n\u011bjak nenarazil. Posledn\u00ed \u010d\u00edslo (8\/2003) je mu toti\u017e tak\u0159ka kompletn\u011b v\u011bnov\u00e1no. Teda a\u017e na pravidelnou recenzn\u00ed p\u0159\u00edlohu a posledn\u00ed stranu \u010dasopisu s obl\u00edben\u00fdm comicsem Zl\u00e1 ovce Michala Jare\u0161e. Toho ostatn\u011b m\u016f\u017eete zn\u00e1t i jako autora &#8222;Umbertovsk\u00e9ho&#8220; comicsu z <a href=\"http:\/\/casopis-texty.cz\/texty\">Text\u016f<\/a> A pro\u010d vlastn\u011b ha\u0161kovsk\u00e9 \u010d\u00edslo? Jaroslav Ha\u0161ek &#8211; *30. dubna 1883 v Praze \/ + 3. ledna 1923 v Lipnici.<br \/>\nTro\u0161ku mne p\u0159ekvapila strana 17, na kter\u00e9 je oti\u0161t\u011bn v\u00fdb\u011br odkaz\u016f na str\u00e1nky s ha\u0161kovskou t\u00e9matikou. Ale pro\u010d ne. Mezi perli\u010dky pat\u0159\u00ed nap\u0159\u00edklad rusk\u00e1 str\u00e1nka <a href=\"http:\/\/lib.ru\/GASHEK\/\">http:\/\/lib.ru\/GASHEK\/<\/a> z velmi zn\u00e1m\u00e9 a v\u00fdborn\u00e9 (!!!) Bibliot\u00e9ky Maxima Mo\u0161kova, ale i \u0159ada dal\u0161\u00edch tip\u016f.<br \/>\nJen tak na okraj: Ha\u0161kovy pov\u00eddky m\u00e1m rad\u011bji.<\/p>\n","protected":false},"excerpt":{"rendered":"<p>Tak to u\u017e jsem neza\u017eil dlouho, aby si komer\u010dn\u00ed r\u00e1dio vzpomn\u011blo na v\u00fdro\u010d\u00ed n\u011bkter\u00e9ho ze spisovatel\u016f. Apollo se ale pochlapilo a p\u0159ekvapilo, a tak jsem se dozv\u011bd\u011bl, \u017ee v Petrohradu se chyst\u00e1 instalace Ha\u0161kovy bronzov\u00e9 sochy. Stejn\u011b sice zas p\u0159elad\u00edm na Vltavu. Ale i tak drobn\u00fd d\u00edk, na tuto d\u016fle\u017eitou informaci jsem v posledn\u00edm Tvaru [&hellip;]<\/p>\n","protected":false},"author":1,"featured_media":0,"comment_status":"open","ping_status":"open","sticky":false,"template":"","format":"standard","meta":{"site-sidebar-layout":"default","site-content-layout":"","ast-site-content-layout":"default","site-content-style":"default","site-sidebar-style":"default","ast-global-header-display":"","ast-banner-title-visibility":"","ast-main-header-display":"","ast-hfb-above-header-display":"","ast-hfb-below-header-display":"","ast-hfb-mobile-header-display":"","site-post-title":"","ast-breadcrumbs-content":"","ast-featured-img":"","footer-sml-layout":"","ast-disable-related-posts":"","theme-transparent-header-meta":"","adv-header-id-meta":"","stick-header-meta":"","header-above-stick-meta":"","header-main-stick-meta":"","header-below-stick-meta":"","astra-migrate-meta-layouts":"default","ast-page-background-enabled":"default","ast-page-background-meta":{"desktop":{"background-color":"var(--ast-global-color-5)","background-image":"","background-repeat":"repeat","background-position":"center center","background-size":"auto","background-attachment":"scroll","background-type":"","background-media":"","overlay-type":"","overlay-color":"","overlay-opacity":"","overlay-gradient":""},"tablet":{"background-color":"","background-image":"","background-repeat":"repeat","background-position":"center center","background-size":"auto","background-attachment":"scroll","background-type":"","background-media":"","overlay-type":"","overlay-color":"","overlay-opacity":"","overlay-gradient":""},"mobile":{"background-color":"","background-image":"","background-repeat":"repeat","background-position":"center center","background-size":"auto","background-attachment":"scroll","background-type":"","background-media":"","overlay-type":"","overlay-color":"","overlay-opacity":"","overlay-gradient":""}},"ast-content-background-meta":{"desktop":{"background-color":"var(--ast-global-color-4)","background-image":"","background-repeat":"repeat","background-position":"center center","background-size":"auto","background-attachment":"scroll","background-type":"","background-media":"","overlay-type":"","overlay-color":"","overlay-opacity":"","overlay-gradient":""},"tablet":{"background-color":"var(--ast-global-color-4)","background-image":"","background-repeat":"repeat","background-position":"center center","background-size":"auto","background-attachment":"scroll","background-type":"","background-media":"","overlay-type":"","overlay-color":"","overlay-opacity":"","overlay-gradient":""},"mobile":{"background-color":"var(--ast-global-color-4)","background-image":"","background-repeat":"repeat","background-position":"center center","background-size":"auto","background-attachment":"scroll","background-type":"","background-media":"","overlay-type":"","overlay-color":"","overlay-opacity":"","overlay-gradient":""}},"jetpack_post_was_ever_published":false,"_jetpack_newsletter_access":"","_jetpack_dont_email_post_to_subs":false,"_jetpack_newsletter_tier_id":0,"_jetpack_memberships_contains_paywalled_content":false,"_jetpack_memberships_contains_paid_content":false,"footnotes":""},"categories":[1],"tags":[],"class_list":["post-1365","post","type-post","status-publish","format-standard","hentry","category-nezarazene"],"jetpack_featured_media_url":"","jetpack_shortlink":"https:\/\/wp.me\/p4mLP7-m1","jetpack-related-posts":[{"id":1228,"url":"https:\/\/kotrla.com\/pmpro\/2003\/09\/novy-host-72003\/","url_meta":{"origin":1365,"position":0},"title":"Nov\u00fd Host 7\/2003","author":"Pavel Kotrla","date":"11.9.2003","format":false,"excerpt":"Nov\u00e9 \u010d\u00edslo Hosta pot\u011b\u0161ilo. U\u017e t\u0159eba jenom rozhovorem s Miloslavem Topinkou. U\u017e ten n\u00e1zev: \u201eKdo si za\u010dal s poezi\u00ed, mus\u00ed si polo\u017eit z\u00e1kladn\u00ed ot\u00e1zku: pro\u010d Rimbaud p\u0159estal ps\u00e1t?\u201c JO! Tomu \u0159\u00edk\u00e1m spr\u00e1vn\u011b formulovan\u00fd dotaz. \u0160koda, \u017ee jeho posledn\u00ed sb\u00edrka nen\u00ed nejlevn\u011bj\u0161\u00ed. Na \u010dten\u00ed je toho v \u010d\u00edsle dost. Doporu\u010d\u00edm pozornosti\u2026","rel":"","context":"V \u201eNeza\u0159azen\u00e9\u201c","block_context":{"text":"Neza\u0159azen\u00e9","link":"https:\/\/kotrla.com\/pmpro\/category\/nezarazene\/"},"img":{"alt_text":"","src":"","width":0,"height":0},"classes":[]},{"id":1101,"url":"https:\/\/kotrla.com\/pmpro\/2004\/01\/ctenar-casopisu-v-lednu\/","url_meta":{"origin":1365,"position":1},"title":"\u010cten\u00e1\u0159 \u010dasopis\u016f v lednu","author":"Pavel Kotrla","date":"22.1.2004","format":false,"excerpt":"Ne \u017ee bych posledn\u00ed dobou ne\u010detl \u010dasopisy, jenom jsem se n\u011bjak nedostal k tomu, abych o nich n\u011bco napsal. Obr\u00e1cen\u00e1 strana M\u011bs\u00edce 1\/04 Druh\u00e9 \u010d\u00edslo nov\u00e9 ostravsk\u00e9 revue p\u0159in\u00e1\u0161\u00ed b\u00e1sn\u011b Ivana Martina Jirouse \u010di Josifa Brodsk\u00e9ho. Onehd\u00e1 jsem v hospod\u011b dr\u017eel v rukou tento \u010dasopis v ti\u0161t\u011bn\u00e9 podob\u011b. P\u011bkn\u00e9, mil\u00e9.\u2026","rel":"","context":"V \u201eNeza\u0159azen\u00e9\u201c","block_context":{"text":"Neza\u0159azen\u00e9","link":"https:\/\/kotrla.com\/pmpro\/category\/nezarazene\/"},"img":{"alt_text":"","src":"","width":0,"height":0},"classes":[]},{"id":525,"url":"https:\/\/kotrla.com\/pmpro\/2006\/09\/literarni-casopisy-na-pocatku-skolniho-roku\/","url_meta":{"origin":1365,"position":2},"title":"Liter\u00e1rn\u00ed \u010dasopisy na po\u010d\u00e1tku \u0161koln\u00edho roku","author":"Pavel Kotrla","date":"8.9.2006","format":false,"excerpt":"Moje kdysi pom\u011brn\u011b pravideln\u00e1 \u010dasopiseck\u00e1 hl\u00eddka tu ji\u017e del\u0161\u00ed dobu nebyla. Nen\u00ed to t\u00edm, \u017ee by v\u0161echny p\u0159estaly vych\u00e1zet, by\u0165 l\u00e9to je tradi\u010dn\u00edm oddechov\u00fdm \u010dasem pro Host nebo Tvar. Jenom se mi zd\u00e1lo, \u017ee nen\u00ed n\u011bjak o \u010dem ps\u00e1t. Za\u010dalo to t\u00edm, \u017ee jsem si p\u0159ed n\u011bkolika t\u00fddny pod dlouh\u00e9m\u2026","rel":"","context":"V \u201e\u010cten\u00e1\u0159sk\u00fd den\u00edk\u201c","block_context":{"text":"\u010cten\u00e1\u0159sk\u00fd den\u00edk","link":"https:\/\/kotrla.com\/pmpro\/category\/ctenarsky-denik\/"},"img":{"alt_text":"\u017divel 27","src":"https:\/\/i0.wp.com\/kotrla.com\/pmpro\/images\/uploads\/zivel_27.gif?resize=350%2C200&ssl=1","width":350,"height":200},"classes":[]},{"id":36,"url":"https:\/\/kotrla.com\/pmpro\/2013\/06\/k-vs-k\/","url_meta":{"origin":1365,"position":3},"title":"K. vs. K.","author":"Pavel Kotrla","date":"13.6.2013","format":false,"excerpt":"V minul\u00e9m p\u0159\u00edsp\u011bvku jsem p\u016fvodn\u011b cht\u011bl tak\u00e9 p\u0159ipsat, kdy\u017e jsem zahl\u00e9d v tir\u00e1\u017ei, \u017ee Romboid vyd\u00e1va Asoci\u00e1cia organiz\u00e1ci\u00ed spisovate\u013eov Slovenska, \u017ee je to ten typ \u010dasopisu, kter\u00fd si dovedu p\u0159edstavit, \u017ee by mohl b\u00fdt vyd\u00e1v\u00e1n Obc\u00ed spisovatel\u016f i u n\u00e1s. To mne donutilo, po fakt dlouh\u00e9m \u010dase, pod\u00edvat se na\u2026","rel":"","context":"V \u201eLiteratura\u201c","block_context":{"text":"Literatura","link":"https:\/\/kotrla.com\/pmpro\/category\/literatura\/"},"img":{"alt_text":"","src":"","width":0,"height":0},"classes":[]},{"id":1343,"url":"https:\/\/kotrla.com\/pmpro\/2003\/05\/kam-kracite-literarni-casopisy\/","url_meta":{"origin":1365,"position":4},"title":"Kam kr\u00e1\u010d\u00edte, liter\u00e1rn\u00ed \u010dasopisy?","author":"Pavel Kotrla","date":"21.5.2003","format":false,"excerpt":"Jsem pravideln\u00fdm \u010dten\u00e1\u0159em v\u011bt\u0161iny liter\u00e1rn\u00edch periodik, kter\u00e1 u n\u00e1s je\u0161t\u011b vych\u00e1zej\u00ed a nebo jsou v m\u00e9m okol\u00ed k dosa\u017een\u00ed. Za posledn\u00ed dva roky jsem se ale ale bu\u010f zm\u011bnil j\u00e1, nebo m\u00e9 obl\u00edben\u00e9 \u010dasopisy. Pominu v tuto chv\u00edli Liter\u00e1rn\u00ed noviny, o kter\u00fd jsem u\u017e na t\u011bchto str\u00e1nk\u00e1ch i jinde psal\u2026","rel":"","context":"V \u201eNeza\u0159azen\u00e9\u201c","block_context":{"text":"Neza\u0159azen\u00e9","link":"https:\/\/kotrla.com\/pmpro\/category\/nezarazene\/"},"img":{"alt_text":"","src":"","width":0,"height":0},"classes":[]},{"id":1372,"url":"https:\/\/kotrla.com\/pmpro\/2003\/04\/dobra-adresa-042003-a-tvar-72003\/","url_meta":{"origin":1365,"position":5},"title":"Dobr\u00e1 adresa 04\/2003 a Tvar 7\/2003","author":"Pavel Kotrla","date":"8.4.2003","format":false,"excerpt":"Cel\u00fd nat\u011b\u0161en\u00fd jsem za\u010dal \u010d\u00edst posledn\u00ed \u010d\u00edsla t\u011bchto liter\u00e1rn\u00edch \u010dasopis\u016f.\u00a0 Dobr\u00e1 adresa mne ale p\u0159\u00edli\u0161 nep\u0159esv\u011bd\u010dila. Nest\u00e1v\u00e1 se to u tohoto \u010dasopisu \u010dasto, ale dubnov\u00e9 \u010d\u00edslo je takov\u00e9 n\u011bjak\u00e9 plan\u00e9. \u017de by ub\u00fdvalo sil? T\u011b\u017eko odhadnout. Vy\u0161lo pozd\u011bji ne\u017e je obvykl\u00e9. I kdy\u017e dva dny zpo\u017ed\u011bn\u00ed nen\u00ed v p\u0159\u00edpad\u011b liter\u00e1rn\u00edch\u2026","rel":"","context":"V \u201eNeza\u0159azen\u00e9\u201c","block_context":{"text":"Neza\u0159azen\u00e9","link":"https:\/\/kotrla.com\/pmpro\/category\/nezarazene\/"},"img":{"alt_text":"","src":"","width":0,"height":0},"classes":[]}],"jetpack_sharing_enabled":true,"_links":{"self":[{"href":"https:\/\/kotrla.com\/pmpro\/wp-json\/wp\/v2\/posts\/1365","targetHints":{"allow":["GET"]}}],"collection":[{"href":"https:\/\/kotrla.com\/pmpro\/wp-json\/wp\/v2\/posts"}],"about":[{"href":"https:\/\/kotrla.com\/pmpro\/wp-json\/wp\/v2\/types\/post"}],"author":[{"embeddable":true,"href":"https:\/\/kotrla.com\/pmpro\/wp-json\/wp\/v2\/users\/1"}],"replies":[{"embeddable":true,"href":"https:\/\/kotrla.com\/pmpro\/wp-json\/wp\/v2\/comments?post=1365"}],"version-history":[{"count":0,"href":"https:\/\/kotrla.com\/pmpro\/wp-json\/wp\/v2\/posts\/1365\/revisions"}],"wp:attachment":[{"href":"https:\/\/kotrla.com\/pmpro\/wp-json\/wp\/v2\/media?parent=1365"}],"wp:term":[{"taxonomy":"category","embeddable":true,"href":"https:\/\/kotrla.com\/pmpro\/wp-json\/wp\/v2\/categories?post=1365"},{"taxonomy":"post_tag","embeddable":true,"href":"https:\/\/kotrla.com\/pmpro\/wp-json\/wp\/v2\/tags?post=1365"}],"curies":[{"name":"wp","href":"https:\/\/api.w.org\/{rel}","templated":true}]}}