{"id":1370,"date":"2003-04-11T18:56:34","date_gmt":"2003-04-11T17:56:34","guid":{"rendered":"http:\/\/kotrla.com\/wordpress\/?p=1370"},"modified":"2019-11-20T22:23:30","modified_gmt":"2019-11-20T21:23:30","slug":"muj-pritel-paralen","status":"publish","type":"post","link":"https:\/\/kotrla.com\/pmpro\/2003\/04\/muj-pritel-paralen\/","title":{"rendered":"M\u016fj p\u0159\u00edtel Paralen"},"content":{"rendered":"<p><img loading=\"lazy\" decoding=\"async\" src=\"https:\/\/kotrla.com\/pmpro\/images\/uploads\/paralen.jpg\" border=\"0\" alt=\"paralen\" name=\"paralen\" width=\"420\" height=\"315\" \/> <\/p>\n<p>Za\u010d\u00edn\u00e1m m\u00edt dojem, \u017ee Paralen je z\u00e1zra\u010dn\u00fd l\u00e9k. Neb\u00fdv\u00e1v\u00e1m nemocen a v\u011bren rodov\u00e9 sedl\u00e1ck\u00e9 tradici pr\u00e1\u0161ky tak\u0159ka nekonzumuju. P\u0159esto  jsem v l\u00e9ka\u0159sk\u00e9 ordinaci vesnick\u00e9ho l\u00e9ka\u0159e pravideln\u011b obdarov\u00e1v\u00e1n n\u011bkolika krabi\u010dkami tohoto univerz\u00e1ln\u00edho vyh\u00e1n\u011b\u010de \u010f\u00e1bla. P\u0159i pohledu na sk\u0159\u00ed\u0148 nacpanou t\u00edmto l\u00e9kem si \u0159\u00edk\u00e1m, \u017ee L\u00e9\u010diva a.s., Doln\u00ed M\u011bcholupy by aspo\u0148 k V\u00e1noc\u016fm mohly zaslat na\u0161emu panu doktorovi d\u011bkovn\u00fd dopis.<\/p>\n<p>Ale lhal bych s\u00e1m sob\u011b, kdybych nep\u0159ipustil, \u017ee p\u0159i pohledu na b\u00edl\u00e9 pilulky, v p\u016fli rozd\u011blen\u00e9 ryskou, ve mn\u011b nevyvol\u00e1vaj\u00ed pocit nostalgie a smutku, za jin\u00fdm jeho p\u0159\u00edbuzn\u00fdm &#8211; Acylpyrinem. Nebo\u0165 to je ta chu\u0165 d\u011btsk\u00fdch nemoc\u00ed, propocen\u00fdch prost\u011bradel a tajemn\u00e9ho kysela na jazyku, kterou postr\u00e1d\u00e1m<\/p>\n<p>PS:<br \/>\nK na\u0161emu panu doktorovi m\u00e1m pozitivn\u00ed vztah. P\u0159ed l\u00e9ty mi na ambulanci za\u0161il cca 30 cm tr\u017en\u00fdch ran po zubech n\u011bmeck\u00e9ho ov\u010d\u00e1ka, se kter\u00fdm jsem j\u00e1, neatletick\u00e9 d\u00edtko, dok\u00e1zal vy\u0161plhat do koruny jablon\u011b, ne\u017e se teda ob\u010derstven sva\u010dinou pustil. Tak\u017ee douf\u00e1m, \u017ee kdyby se m\u00e9 nachlazen\u00ed p\u0159ece jenom zvrtlo v n\u011bco nep\u0159\u00edjemn\u011bj\u0161\u00edho, tak \u017ee bude aspo\u0148 ten paralen.<\/p>\n","protected":false},"excerpt":{"rendered":"<p>Za\u010d\u00edn\u00e1m m\u00edt dojem, \u017ee Paralen je z\u00e1zra\u010dn\u00fd l\u00e9k. Neb\u00fdv\u00e1v\u00e1m nemocen a v\u011bren rodov\u00e9 sedl\u00e1ck\u00e9 tradici pr\u00e1\u0161ky tak\u0159ka nekonzumuju. P\u0159esto jsem v l\u00e9ka\u0159sk\u00e9 ordinaci vesnick\u00e9ho l\u00e9ka\u0159e pravideln\u011b obdarov\u00e1v\u00e1n n\u011bkolika krabi\u010dkami tohoto univerz\u00e1ln\u00edho vyh\u00e1n\u011b\u010de \u010f\u00e1bla. P\u0159i pohledu na sk\u0159\u00ed\u0148 nacpanou t\u00edmto l\u00e9kem si \u0159\u00edk\u00e1m, \u017ee L\u00e9\u010diva a.s., Doln\u00ed M\u011bcholupy by aspo\u0148 k V\u00e1noc\u016fm mohly zaslat na\u0161emu panu [&hellip;]<\/p>\n","protected":false},"author":1,"featured_media":0,"comment_status":"open","ping_status":"open","sticky":false,"template":"","format":"standard","meta":{"site-sidebar-layout":"default","site-content-layout":"","ast-site-content-layout":"default","site-content-style":"default","site-sidebar-style":"default","ast-global-header-display":"","ast-banner-title-visibility":"","ast-main-header-display":"","ast-hfb-above-header-display":"","ast-hfb-below-header-display":"","ast-hfb-mobile-header-display":"","site-post-title":"","ast-breadcrumbs-content":"","ast-featured-img":"","footer-sml-layout":"","ast-disable-related-posts":"","theme-transparent-header-meta":"","adv-header-id-meta":"","stick-header-meta":"","header-above-stick-meta":"","header-main-stick-meta":"","header-below-stick-meta":"","astra-migrate-meta-layouts":"default","ast-page-background-enabled":"default","ast-page-background-meta":{"desktop":{"background-color":"var(--ast-global-color-5)","background-image":"","background-repeat":"repeat","background-position":"center center","background-size":"auto","background-attachment":"scroll","background-type":"","background-media":"","overlay-type":"","overlay-color":"","overlay-opacity":"","overlay-gradient":""},"tablet":{"background-color":"","background-image":"","background-repeat":"repeat","background-position":"center center","background-size":"auto","background-attachment":"scroll","background-type":"","background-media":"","overlay-type":"","overlay-color":"","overlay-opacity":"","overlay-gradient":""},"mobile":{"background-color":"","background-image":"","background-repeat":"repeat","background-position":"center center","background-size":"auto","background-attachment":"scroll","background-type":"","background-media":"","overlay-type":"","overlay-color":"","overlay-opacity":"","overlay-gradient":""}},"ast-content-background-meta":{"desktop":{"background-color":"var(--ast-global-color-4)","background-image":"","background-repeat":"repeat","background-position":"center center","background-size":"auto","background-attachment":"scroll","background-type":"","background-media":"","overlay-type":"","overlay-color":"","overlay-opacity":"","overlay-gradient":""},"tablet":{"background-color":"var(--ast-global-color-4)","background-image":"","background-repeat":"repeat","background-position":"center center","background-size":"auto","background-attachment":"scroll","background-type":"","background-media":"","overlay-type":"","overlay-color":"","overlay-opacity":"","overlay-gradient":""},"mobile":{"background-color":"var(--ast-global-color-4)","background-image":"","background-repeat":"repeat","background-position":"center center","background-size":"auto","background-attachment":"scroll","background-type":"","background-media":"","overlay-type":"","overlay-color":"","overlay-opacity":"","overlay-gradient":""}},"jetpack_post_was_ever_published":false,"_jetpack_newsletter_access":"","_jetpack_dont_email_post_to_subs":false,"_jetpack_newsletter_tier_id":0,"_jetpack_memberships_contains_paywalled_content":false,"_jetpack_memberships_contains_paid_content":false,"footnotes":""},"categories":[1],"tags":[],"class_list":["post-1370","post","type-post","status-publish","format-standard","hentry","category-nezarazene"],"jetpack_featured_media_url":"","jetpack_shortlink":"https:\/\/wp.me\/p4mLP7-m6","jetpack-related-posts":[{"id":1327,"url":"https:\/\/kotrla.com\/pmpro\/2003\/06\/literarni-strepy\/","url_meta":{"origin":1370,"position":0},"title":"Liter\u00e1rn\u00ed st\u0159epy","author":"Pavel Kotrla","date":"9.6.2003","format":false,"excerpt":"Tak dne\u0161n\u00ed \u010d\u00edslo Liter\u00e1rn\u00edch novin se p\u0159ece jenom dostalo k tomu, aby referovalo o zl\u00ednk\u00e9m festivalu, na kter\u00e9m m\u011bly sv\u00e9ho z\u00e1stupce. Jsem teda tro\u0161ku zklam\u00e1n, nebo\u0165 jsem o\u010dek\u00e1val reflexi pr\u00e1v\u011b z pera Magdal\u00e9ny Platzov\u00e9. Ale kdepak. Prostor byl nab\u00eddnut organiz\u00e1tork\u00e1m festivalu, kter\u00e9 nab\u00eddly dva pohledy na z\u00e1kulis\u00ed. T\u0159et\u00ed report\u00e1\u017e je\u2026","rel":"","context":"V \u201eNeza\u0159azen\u00e9\u201c","block_context":{"text":"Neza\u0159azen\u00e9","link":"https:\/\/kotrla.com\/pmpro\/category\/nezarazene\/"},"img":{"alt_text":"","src":"","width":0,"height":0},"classes":[]},{"id":322,"url":"https:\/\/kotrla.com\/pmpro\/2008\/10\/z-bloku-04-horke-konce-leta\/","url_meta":{"origin":1370,"position":1},"title":"Z bloku 04: Ho\u0159k\u00e9 konce l\u00e9ta","author":"Pavel Kotrla","date":"22.10.2008","format":false,"excerpt":"Sloupek vy\u0161el v Tvaru \u010d. 15 (18.09.2008) P\u016fvodn\u011b jsem cht\u011bl zabrousit ke konkurenci a do oblasti designu a grafick\u00e9 \u00fapravy, proto\u017ee nov\u00e9 Ps\u00ed v\u00edno, kter\u00e9 se v pr\u016fb\u011bhu l\u00e9ta objevilo, mne zastihlo nep\u0159ipraven\u00e9ho a p\u0159ekvapilo u\u017e p\u0159i prvn\u00edm pohledu. Nov\u00e1, pon\u011bkud nesourod\u00e1 a nahodil\u00e1 \u00faprava. Elegance \u00fapravy Petra Palar\u010d\u00edka ta\u2026","rel":"","context":"V \u201eSloupky pro Tvar\u201c","block_context":{"text":"Sloupky pro Tvar","link":"https:\/\/kotrla.com\/pmpro\/category\/sloupky-pro-tvar\/"},"img":{"alt_text":"","src":"","width":0,"height":0},"classes":[]},{"id":1347,"url":"https:\/\/kotrla.com\/pmpro\/2003\/05\/potrat\/","url_meta":{"origin":1370,"position":2},"title":"Potrat","author":"Pavel Kotrla","date":"14.5.2003","format":false,"excerpt":"Poda\u0159ilo se mi n\u00e1hodou p\u0159ed n\u011bkolika dny naladit rozhlasovou stanici Proglas. N\u011bkdy o v\u00edkendu jsem na n\u00ed poslouchal po\u0159ad v\u011bnovan\u00fd problematice potratu. V ned\u00e1vn\u00fdch t\u00fddnech hojn\u011b diskutovan\u00e1 ot\u00e1zka, kter\u00e1 souvis\u00ed s nov\u011b navrhovan\u00fdm z\u00e1konem. Netroufal bych si vynucovat sv\u016fj n\u00e1zor tak, jak se te\u010f chce pokusit mal\u00e1 skupina lid\u00ed. A\u0165\u2026","rel":"","context":"V \u201eNeza\u0159azen\u00e9\u201c","block_context":{"text":"Neza\u0159azen\u00e9","link":"https:\/\/kotrla.com\/pmpro\/category\/nezarazene\/"},"img":{"alt_text":"","src":"","width":0,"height":0},"classes":[]},{"id":202,"url":"https:\/\/kotrla.com\/pmpro\/2010\/06\/ostravska-bila-kniha\/","url_meta":{"origin":1370,"position":3},"title":"Ostravsk\u00e1 B\u00edl\u00e1 kniha","author":"Pavel Kotrla","date":"18.6.2010","format":false,"excerpt":"Nejsem m\u011bstsk\u00fd typ. Prahu r\u00e1d nem\u00e1m, Olomouc mi k srdci p\u0159\u00edli\u0161 nep\u0159irostla, ostan\u00edmi s\u00eddly jen proj\u00ed\u017ed\u00edm, malom\u011bsta nepo\u010d\u00edt\u00e1m. Mo\u017en\u00e1 tak je\u0161t\u011b z m\u00e9ho pohledu toleruju venkovsky rustik\u00e1ln\u00ed Brno. Nakonec je (\u010di sp\u00ed\u0161e byla) Ostrava asi jedin\u00e9 velk\u00e9 m\u011bsto, se kter\u00fdm jsem byl ochoten se sm\u00ed\u0159it (Amsterodam tu nem\u00e1me). Asi hlavn\u011b\u2026","rel":"","context":"V \u201eLiteratura\u201c","block_context":{"text":"Literatura","link":"https:\/\/kotrla.com\/pmpro\/category\/literatura\/"},"img":{"alt_text":"B\u00edl\u00e1 kniha ostravsk\u00e9 kultury","src":"https:\/\/i0.wp.com\/kotrla.com\/pmpro\/images\/uploads\/bila_kniha_ostravske_kultury.jpg?resize=350%2C200&ssl=1","width":350,"height":200},"classes":[]},{"id":320,"url":"https:\/\/kotrla.com\/pmpro\/2008\/11\/z-bloku-05-prazdna-mista-na-okraji\/","url_meta":{"origin":1370,"position":4},"title":"Z bloku 05: Pr\u00e1zdn\u00e1 m\u00edsta na okraji","author":"Pavel Kotrla","date":"4.11.2008","format":false,"excerpt":"Sloupek vy\u0161el v Tvaru \u010d. 17 (16.10.2008). Ohlas pak v pond\u011bln\u00edku Vladim\u00edra Novotn\u00e9ho Hroz\u00ed n\u00e1m tis\u00edce \u0160pirit\u016f? P\u0159i brouzd\u00e1n\u00ed, kter\u00e9 se mi v l\u00e9t\u011b a na podzim poda\u0159ilo na\u0161t\u011bst\u00ed omezit na nejnutn\u011bj\u0161\u00ed minimum, jsem narazil sv\u00e9ho \u010dasu na rusk\u00e9 str\u00e1nky, kter\u00e9 se v\u011bnovaly geografick\u00e9mu rozm\u00edst\u011bn\u00ed spisovatel\u016f v t\u00e9to rozs\u00e1hl\u00e9 zemi.\u2026","rel":"","context":"V \u201eSloupky pro Tvar\u201c","block_context":{"text":"Sloupky pro Tvar","link":"https:\/\/kotrla.com\/pmpro\/category\/sloupky-pro-tvar\/"},"img":{"alt_text":"","src":"","width":0,"height":0},"classes":[]},{"id":812,"url":"https:\/\/kotrla.com\/pmpro\/2005\/02\/kdo-je-autorem-nasledujicich-versu-77\/","url_meta":{"origin":1370,"position":5},"title":"Kdo je autorem n\u00e1sleduj\u00edc\u00edch ver\u0161\u016f? (77)","author":"Pavel Kotrla","date":"21.2.2005","format":false,"excerpt":"Op\u011bt pravideln\u00e1 pond\u011bln\u00ed ot\u00e1zka. Pou\u0165 k \u010dern\u00e9 Madon\u011b na Loretu Kter\u00fdpak b\u00e1sn\u00edk nen\u00ed negrem? (Marina Cv\u011btajevov\u00e1) K tob\u011b te\u010f s prosbou jdu, m\u00e1 \u010dern\u00e1 Matko z Lorety, nebo\u0165 jsem \u010dern\u00fd jako ty a z ur\u010dit\u00e9ho pohledu jsem negr od hlavy a\u017e po paty, dle jist\u00fdch n\u00e1hled\u016f jsem negr, negr proklat\u00fd,\u2026","rel":"","context":"V \u201eKdo je autorem?\u201c","block_context":{"text":"Kdo je autorem?","link":"https:\/\/kotrla.com\/pmpro\/category\/kdo-je-autorem\/"},"img":{"alt_text":"","src":"","width":0,"height":0},"classes":[]}],"jetpack_sharing_enabled":true,"_links":{"self":[{"href":"https:\/\/kotrla.com\/pmpro\/wp-json\/wp\/v2\/posts\/1370","targetHints":{"allow":["GET"]}}],"collection":[{"href":"https:\/\/kotrla.com\/pmpro\/wp-json\/wp\/v2\/posts"}],"about":[{"href":"https:\/\/kotrla.com\/pmpro\/wp-json\/wp\/v2\/types\/post"}],"author":[{"embeddable":true,"href":"https:\/\/kotrla.com\/pmpro\/wp-json\/wp\/v2\/users\/1"}],"replies":[{"embeddable":true,"href":"https:\/\/kotrla.com\/pmpro\/wp-json\/wp\/v2\/comments?post=1370"}],"version-history":[{"count":0,"href":"https:\/\/kotrla.com\/pmpro\/wp-json\/wp\/v2\/posts\/1370\/revisions"}],"wp:attachment":[{"href":"https:\/\/kotrla.com\/pmpro\/wp-json\/wp\/v2\/media?parent=1370"}],"wp:term":[{"taxonomy":"category","embeddable":true,"href":"https:\/\/kotrla.com\/pmpro\/wp-json\/wp\/v2\/categories?post=1370"},{"taxonomy":"post_tag","embeddable":true,"href":"https:\/\/kotrla.com\/pmpro\/wp-json\/wp\/v2\/tags?post=1370"}],"curies":[{"name":"wp","href":"https:\/\/api.w.org\/{rel}","templated":true}]}}