{"id":1382,"date":"2003-03-27T14:30:53","date_gmt":"2003-03-27T13:30:53","guid":{"rendered":"http:\/\/kotrla.com\/wordpress\/?p=1382"},"modified":"2019-11-20T22:23:31","modified_gmt":"2019-11-20T21:23:31","slug":"mandrake-9-1","status":"publish","type":"post","link":"https:\/\/kotrla.com\/pmpro\/2003\/03\/mandrake-9-1\/","title":{"rendered":"Mandrake 9.1"},"content":{"rendered":"<p>Moje obl\u00edben\u00e1 distribuce Linuxu se do\u010dkala dal\u0161\u00ed verze. Zat\u00edm jsem ji nainstaloval na dva po\u010d\u00edta\u010de. Prvn\u00ed zku\u0161enosti jsou celkem pozitivn\u00ed. Scanner (Microtek) rozeznal bez probl\u00e9m\u016f, tisk\u00e1rny taky. Dokonce USB dok\u00e1zalo ur\u010dit spr\u00e1vn\u011b typ m\u00e9ho digit\u00e1ln\u00edho fo\u0165\u00e1ku. Ale jak z n\u011bj dostat obr\u00e1zky do prohl\u00ed\u017ee\u010de, na to jsem zat\u00edm nep\u0159i\u0161el. Asi je \u010das na p\u0159e\u010dten\u00ed n\u011bjak\u00e9ho manu\u00e1lu.<br \/>\nZa necelou hodinu byl <a href=\"http:\/\/www.mandrake.cz\">Mandrake<\/a> nainstalov\u00e1n a p\u0159ipraven k pou\u017eit\u00ed. A to i s m\u00fdm obl\u00edben\u00fdm kancel\u00e1\u0159sk\u00fdm bal\u00edkem <a href=\"http:\/\/www.openoffice.org\">OpenOffice<\/a>, v\u010detn\u011b \u010desk\u00e9ho korektoru a vznikaj\u00edc\u00edho slovn\u00edku synonym. Tento bal\u00edk si jinak m\u016f\u017eete st\u00e1hnout na adrese <a href=\"http:\/\/oo-cs.sourceforge.net\/\">http:\/\/oo-cs.sourceforge.net\/<\/a>, v \u010desk\u00e9 verzi.<br \/>\nCelkov\u011b doznal Mandrake p\u0159\u00edjemn\u00fdch zm\u011bn. P\u00edsmena na obrazovce jsou vyhlazen\u00e1. Grafick\u00e9 prost\u0159ed\u00ed je st\u0159\u00edzliv\u011bj\u0161\u00ed. K pr\u00e1ci nechyb\u00ed nic podstatn\u00e9ho. Filmy se te\u010f daj\u00ed p\u0159ehr\u00e1vat i pomoc\u00ed <a href=\"http:\/\/www.mplayerhq.hu\">mplayeru<\/a>. Nechyb\u00ed nic podstatn\u00e9ho pro tvorbu internetov\u00fdch str\u00e1nek, ani pro \u00fapravu obr\u00e1zk\u016f. Dokonce je tu pro sazbu i <a href=\"http:\/\/web2.altmuehlnet.de\/fschmid\/\">Scribus<\/a>. Z m\u00fdch obl\u00edben\u00fdch v\u011bc\u00ed chyb\u00ed snad jenom vektorov\u00fd editor <a href=\"http:\/\/sodipodi.sf.net\">Sodipodi<\/a>. M\u016f\u017eu jenom doporu\u010dit.<\/p>\n","protected":false},"excerpt":{"rendered":"<p>Moje obl\u00edben\u00e1 distribuce Linuxu se do\u010dkala dal\u0161\u00ed verze. Zat\u00edm jsem ji nainstaloval na dva po\u010d\u00edta\u010de. Prvn\u00ed zku\u0161enosti jsou celkem pozitivn\u00ed. Scanner (Microtek) rozeznal bez probl\u00e9m\u016f, tisk\u00e1rny taky. Dokonce USB dok\u00e1zalo ur\u010dit spr\u00e1vn\u011b typ m\u00e9ho digit\u00e1ln\u00edho fo\u0165\u00e1ku. Ale jak z n\u011bj dostat obr\u00e1zky do prohl\u00ed\u017ee\u010de, na to jsem zat\u00edm nep\u0159i\u0161el. Asi je \u010das na p\u0159e\u010dten\u00ed n\u011bjak\u00e9ho [&hellip;]<\/p>\n","protected":false},"author":1,"featured_media":0,"comment_status":"open","ping_status":"open","sticky":false,"template":"","format":"standard","meta":{"site-sidebar-layout":"default","site-content-layout":"","ast-site-content-layout":"default","site-content-style":"default","site-sidebar-style":"default","ast-global-header-display":"","ast-banner-title-visibility":"","ast-main-header-display":"","ast-hfb-above-header-display":"","ast-hfb-below-header-display":"","ast-hfb-mobile-header-display":"","site-post-title":"","ast-breadcrumbs-content":"","ast-featured-img":"","footer-sml-layout":"","ast-disable-related-posts":"","theme-transparent-header-meta":"","adv-header-id-meta":"","stick-header-meta":"","header-above-stick-meta":"","header-main-stick-meta":"","header-below-stick-meta":"","astra-migrate-meta-layouts":"default","ast-page-background-enabled":"default","ast-page-background-meta":{"desktop":{"background-color":"var(--ast-global-color-5)","background-image":"","background-repeat":"repeat","background-position":"center center","background-size":"auto","background-attachment":"scroll","background-type":"","background-media":"","overlay-type":"","overlay-color":"","overlay-opacity":"","overlay-gradient":""},"tablet":{"background-color":"","background-image":"","background-repeat":"repeat","background-position":"center center","background-size":"auto","background-attachment":"scroll","background-type":"","background-media":"","overlay-type":"","overlay-color":"","overlay-opacity":"","overlay-gradient":""},"mobile":{"background-color":"","background-image":"","background-repeat":"repeat","background-position":"center center","background-size":"auto","background-attachment":"scroll","background-type":"","background-media":"","overlay-type":"","overlay-color":"","overlay-opacity":"","overlay-gradient":""}},"ast-content-background-meta":{"desktop":{"background-color":"var(--ast-global-color-4)","background-image":"","background-repeat":"repeat","background-position":"center center","background-size":"auto","background-attachment":"scroll","background-type":"","background-media":"","overlay-type":"","overlay-color":"","overlay-opacity":"","overlay-gradient":""},"tablet":{"background-color":"var(--ast-global-color-4)","background-image":"","background-repeat":"repeat","background-position":"center center","background-size":"auto","background-attachment":"scroll","background-type":"","background-media":"","overlay-type":"","overlay-color":"","overlay-opacity":"","overlay-gradient":""},"mobile":{"background-color":"var(--ast-global-color-4)","background-image":"","background-repeat":"repeat","background-position":"center center","background-size":"auto","background-attachment":"scroll","background-type":"","background-media":"","overlay-type":"","overlay-color":"","overlay-opacity":"","overlay-gradient":""}},"jetpack_post_was_ever_published":false,"_jetpack_newsletter_access":"","_jetpack_dont_email_post_to_subs":false,"_jetpack_newsletter_tier_id":0,"_jetpack_memberships_contains_paywalled_content":false,"_jetpack_memberships_contains_paid_content":false,"footnotes":""},"categories":[1],"tags":[],"class_list":["post-1382","post","type-post","status-publish","format-standard","hentry","category-nezarazene"],"jetpack_featured_media_url":"","jetpack_shortlink":"https:\/\/wp.me\/p4mLP7-mi","jetpack-related-posts":[{"id":1054,"url":"https:\/\/kotrla.com\/pmpro\/2004\/03\/mandrake-10-community-aneb-hraji-si-a-jsem-neverny-literature\/","url_meta":{"origin":1382,"position":0},"title":"Mandrake 10 Community aneb Hraji si a jsem nev\u011brn\u00fd literatu\u0159e","author":"Pavel Kotrla","date":"13.3.2004","format":false,"excerpt":"Tento t\u00fdden jsem byl literatu\u0159e celkem nev\u011brn\u00fd. Hned v pond\u011bl\u00ed to za\u010dalo t\u00edm, \u017ee jsem doma zkou\u0161el live CD s FreeBSD. Pod grafick\u00fdm povrchem se asi skr\u00fdv\u00e1 proti Linuxu hodn\u011b zm\u011bn, ostatn\u011b se o nich lze do\u010d\u00edst v cyklu \u010dl\u00e1nk\u016f na Root.cz, ale vzhledem k tomu, \u017ee CD obsahovalo KDE\u2026","rel":"","context":"V \u201eNeza\u0159azen\u00e9\u201c","block_context":{"text":"Neza\u0159azen\u00e9","link":"https:\/\/kotrla.com\/pmpro\/category\/nezarazene\/"},"img":{"alt_text":"","src":"","width":0,"height":0},"classes":[]},{"id":128,"url":"https:\/\/kotrla.com\/pmpro\/2011\/10\/ctenar-casopisu-kontexty-protestant-kulturni-noviny\/","url_meta":{"origin":1382,"position":1},"title":"\u010cten\u00e1\u0159 \u010dasopis\u016f: Kontexty, Protestant, Kulturn\u00ed noviny","author":"Pavel Kotrla","date":"25.10.2011","format":false,"excerpt":"Posledn\u00ed dobou mne zaujala dv\u011b periodika. Sv\u00fdm zp\u016fsobem si jsou bl\u00edzk\u00e1, na druhou stranu p\u0159edstavuj\u00ed ur\u010ditou opozici. A ani jedno nen\u00ed p\u0159\u00edmo liter\u00e1rn\u00ed, mo\u017en\u00e1, \u017ee ku prosp\u011bchu v\u011bci. Prvn\u00edm je brn\u011bnsk\u00e1 revue Kontexty, kter\u00e1 vznikla slou\u010den\u00edm St\u0159edn\u00ed Evropy, Proglasu a Revue Politika. Z ka\u017ed\u00e9ho nov\u00e9ho \u010d\u00edsla m\u00e1m radost, \u010dtu s\u2026","rel":"","context":"V \u201e\u010cten\u00e1\u0159sk\u00fd den\u00edk\u201c","block_context":{"text":"\u010cten\u00e1\u0159sk\u00fd den\u00edk","link":"https:\/\/kotrla.com\/pmpro\/category\/ctenarsky-denik\/"},"img":{"alt_text":"","src":"","width":0,"height":0},"classes":[]},{"id":1300,"url":"https:\/\/kotrla.com\/pmpro\/2003\/07\/archivni-zabery-bystricky\/","url_meta":{"origin":1382,"position":2},"title":"Archivn\u00ed z\u00e1b\u011bry Byst\u0159i\u010dky","author":"Pavel Kotrla","date":"2.7.2003","format":false,"excerpt":"Moje galerie fotografi\u00ed bude muset po\u010dkat. Noci jsou kr\u00e1tk\u00e9 a nespln\u011bn\u00fdch \u00fakol\u016f mnoho. Ale pokud m\u00e1te r\u00e1di archivn\u00ed fotografie, tak m\u016f\u017eete nav\u0161t\u00edvit odkaz http:\/\/www.bystricka.cz\/foto\/index.php Jsou zde k vid\u011bn\u00ed pohlednice (zat\u00edm) zachycuj\u00edc\u00ed prom\u011bny m\u00e9 rodn\u00e9 obce v pr\u016fb\u011bhu minul\u00e9ho stolet\u00ed. Nechyb\u00ed ani z\u00e1b\u011bry dokumentuj\u00edc\u00ed stav p\u0159ed zapo\u010det\u00edm v\u00fdstavby p\u0159ehrady. Pokud n\u011bkdo\u2026","rel":"","context":"V \u201eNeza\u0159azen\u00e9\u201c","block_context":{"text":"Neza\u0159azen\u00e9","link":"https:\/\/kotrla.com\/pmpro\/category\/nezarazene\/"},"img":{"alt_text":"","src":"","width":0,"height":0},"classes":[]},{"id":48,"url":"https:\/\/kotrla.com\/pmpro\/2013\/04\/cesta-do-zatim-kratkych-dejin-elektronicke-literatury\/","url_meta":{"origin":1382,"position":3},"title":"Cesta do zat\u00edm kr\u00e1tk\u00fdch d\u011bjin elektronick\u00e9 literatury","author":"Pavel Kotrla","date":"17.4.2013","format":false,"excerpt":"ps\u00e1no pro Host 09\/2012. Co je to eliteratura? P\u0159ed patn\u00e1cti lety by na\u0161e odpov\u011b\u010f byla jin\u00e1 ne\u017e p\u0159ed lety deseti nebo dnes. A za p\u00e1r let bude op\u011bt jin\u00e1, mo\u017en\u00e1 u\u017e zbyte\u010dn\u00e1, proto\u017ee t\u0159eba ji\u017e nebudeme rozli\u0161ovat. Ale pravd\u011bpodobn\u011b ne zbyte\u010dn\u00e1 z d\u016fvodu, \u017ee by se p\u0159estalo \u010d\u00edst. Ostatn\u011b prozat\u00edm\u2026","rel":"","context":"V \u201eInternet\u201c","block_context":{"text":"Internet","link":"https:\/\/kotrla.com\/pmpro\/category\/internet\/"},"img":{"alt_text":"eliterature.org","src":"https:\/\/i0.wp.com\/kotrla.com\/pmpro\/images\/uploads\/eliterature.jpg?resize=350%2C200&ssl=1","width":350,"height":200},"classes":[]},{"id":1337,"url":"https:\/\/kotrla.com\/pmpro\/2003\/05\/casopisecka-hlidka-na-konci-kvetna\/","url_meta":{"origin":1382,"position":4},"title":"\u010casopiseck\u00e1 hl\u00eddka na konci kv\u011btna","author":"Pavel Kotrla","date":"27.5.2003","format":false,"excerpt":"Posledn\u00edch \u010dtrn\u00e1ct dn\u00ed bylo pom\u011brn\u011b \u00fasp\u011b\u0161n\u00fdch na nov\u00e1 \u010d\u00edsla \u010dasopis\u016f, kter\u00e1 se mi dostala pod br\u00fdle. Tak\u017ee popo\u0159ad\u011b. Weles 16 - \u010d\u00edslo je to tlust\u00e9, stostr\u00e1nkov\u00e9. Grafiku na ob\u00e1lce nahradila fotografie, bl\u00ed\u017ee neidentifikovateln\u00e1. Mo\u017en\u00e1 tedy ano, ale j\u00e1 nev\u00edm, co to je. Budu se muset Vojty zeptat. Rozs\u00e1hl\u00fd blok je\u2026","rel":"","context":"V \u201eNeza\u0159azen\u00e9\u201c","block_context":{"text":"Neza\u0159azen\u00e9","link":"https:\/\/kotrla.com\/pmpro\/category\/nezarazene\/"},"img":{"alt_text":"","src":"","width":0,"height":0},"classes":[]},{"id":482,"url":"https:\/\/kotrla.com\/pmpro\/2007\/01\/probirka\/","url_meta":{"origin":1382,"position":5},"title":"Prob\u00edrka","author":"Pavel Kotrla","date":"29.1.2007","format":false,"excerpt":"St\u016fl m\u00e1m zasyp\u00e1n nov\u00fdmi knihami. V\u0161echny jsem zat\u00edm ani nestihl p\u0159e\u010d\u00edst. Tak\u017ee je \u010das aspo\u0148 na malou prob\u00edrku n\u011bkter\u00fdmi. Jan V\u00e1lek: Rozk\u0159\u00eddlil se pt\u00e1k na trnce plan\u00e9 Kniha, ze kter\u00e9 m\u00e1m radost, proto\u017ee je to posmrtn\u011b vydan\u00e1 sb\u00edrka na\u0161eho vset\u00ednsk\u00e9ho kamar\u00e1da, p\u0159isp\u011bvatele Text\u016f (vydalo nakladatelstv\u00ed Dalibor Malina). \u0160EROSVIT Tehda jsem\u2026","rel":"","context":"V \u201e\u010cten\u00e1\u0159sk\u00fd den\u00edk\u201c","block_context":{"text":"\u010cten\u00e1\u0159sk\u00fd den\u00edk","link":"https:\/\/kotrla.com\/pmpro\/category\/ctenarsky-denik\/"},"img":{"alt_text":"","src":"","width":0,"height":0},"classes":[]}],"jetpack_sharing_enabled":true,"_links":{"self":[{"href":"https:\/\/kotrla.com\/pmpro\/wp-json\/wp\/v2\/posts\/1382","targetHints":{"allow":["GET"]}}],"collection":[{"href":"https:\/\/kotrla.com\/pmpro\/wp-json\/wp\/v2\/posts"}],"about":[{"href":"https:\/\/kotrla.com\/pmpro\/wp-json\/wp\/v2\/types\/post"}],"author":[{"embeddable":true,"href":"https:\/\/kotrla.com\/pmpro\/wp-json\/wp\/v2\/users\/1"}],"replies":[{"embeddable":true,"href":"https:\/\/kotrla.com\/pmpro\/wp-json\/wp\/v2\/comments?post=1382"}],"version-history":[{"count":0,"href":"https:\/\/kotrla.com\/pmpro\/wp-json\/wp\/v2\/posts\/1382\/revisions"}],"wp:attachment":[{"href":"https:\/\/kotrla.com\/pmpro\/wp-json\/wp\/v2\/media?parent=1382"}],"wp:term":[{"taxonomy":"category","embeddable":true,"href":"https:\/\/kotrla.com\/pmpro\/wp-json\/wp\/v2\/categories?post=1382"},{"taxonomy":"post_tag","embeddable":true,"href":"https:\/\/kotrla.com\/pmpro\/wp-json\/wp\/v2\/tags?post=1382"}],"curies":[{"name":"wp","href":"https:\/\/api.w.org\/{rel}","templated":true}]}}