{"id":1384,"date":"2003-03-25T15:31:49","date_gmt":"2003-03-25T14:31:49","guid":{"rendered":"http:\/\/kotrla.com\/wordpress\/?p=1384"},"modified":"2019-11-20T22:23:31","modified_gmt":"2019-11-20T21:23:31","slug":"literarni-festival-literarni-kveten","status":"publish","type":"post","link":"https:\/\/kotrla.com\/pmpro\/2003\/03\/literarni-festival-literarni-kveten\/","title":{"rendered":"Liter\u00e1rn\u00ed festival Liter\u00e1rn\u00ed kv\u011bten"},"content":{"rendered":"<p>Druh\u00fd ro\u010dn\u00edk liter\u00e1rn\u00edho festivalu Liter\u00e1rn\u00ed kv\u011bten 2003 se bude konat od 20.5. do 23.5. ve Zl\u00edn\u011b. Festival organizuj\u00ed studenti <a href=\"http:\/\/www.fmk.utb.cz\/\">Fakulty multimedi\u00e1ln\u00edch komunikac\u00ed Univerzity Tom\u00e1\u0161e Bati<\/a>. M\u00e1m to za kopcem, a tak douf\u00e1m, \u017ee se z\u00fa\u010dastn\u00edm.<br \/>\nDruh\u00fd ro\u010dn\u00edk festivalu by mohl obsahovat n\u00e1sleduj\u00edc\u00ed t\u00e9matick\u00e9 celky: <i>Alkohol, hospoda a literatura; pocta Bohumilu Hrabalovi (ve\u010der vzpom\u00ednek na B. H.), Erotika v literatu\u0159e, Nakladatel a jeho autor, Poetick\u00e1 \u010dajovna, Diskuse nad liter\u00e1rn\u00edmi \u010dasopisy a setk\u00e1n\u00ed mlad\u00fdch autor\u016f<\/i>. Sou\u010d\u00e1st\u00ed festivalu budou autorsk\u00e1 \u010dten\u00ed, autogrami\u00e1dy, workshopy (tv\u016fr\u010d\u00ed d\u00edlny) a v\u00fdstava kaligrafi\u00ed vytvo\u0159en\u00fdch studenty grafick\u00e9ho designu a fotografi\u00ed z minul\u00e9ho ro\u010dn\u00edku.<br \/>\nV p\u00e1tek 23. kv\u011btna by pak m\u011bla prob\u011bhnout Diskuse nad liter\u00e1rn\u00edmi \u010dasopisy a setk\u00e1n\u00ed mlad\u00fdch autor\u016f. Doufejme, \u017ee do t\u00e9 doby ty zat\u00edm existuj\u00edc\u00ed vydr\u017e\u00ed. Sta\u010d\u00ed se pod\u00edvat na &#8222;aktualizovan\u00e9&#8220; str\u00e1nky <a href=\"http:\/\/www.itvar.cz\">Tvaru<\/a>, nebo hledat neexistuj\u00edc\u00ed str\u00e1nky Liter\u00e1rn\u00edch novin. V\u0161em je hned jasn\u00e9, \u017ee liter\u00e1rn\u00ed \u010dasopisy u n\u00e1s maj\u00ed na r\u016f\u017e\u00edch ustl\u00e1no. Nic proti ministru divadeln\u00edkovi, ale t\u011b\u0161\u00edm se, \u017ee tam n\u011bkdy usedne i n\u011bkdo, kdo m\u00e1 k literatu\u0159e o n\u011bco bl\u00ed\u017e.<\/p>\n","protected":false},"excerpt":{"rendered":"<p>Druh\u00fd ro\u010dn\u00edk liter\u00e1rn\u00edho festivalu Liter\u00e1rn\u00ed kv\u011bten 2003 se bude konat od 20.5. do 23.5. ve Zl\u00edn\u011b. Festival organizuj\u00ed studenti Fakulty multimedi\u00e1ln\u00edch komunikac\u00ed Univerzity Tom\u00e1\u0161e Bati. M\u00e1m to za kopcem, a tak douf\u00e1m, \u017ee se z\u00fa\u010dastn\u00edm. Druh\u00fd ro\u010dn\u00edk festivalu by mohl obsahovat n\u00e1sleduj\u00edc\u00ed t\u00e9matick\u00e9 celky: Alkohol, hospoda a literatura; pocta Bohumilu Hrabalovi (ve\u010der vzpom\u00ednek na B. [&hellip;]<\/p>\n","protected":false},"author":1,"featured_media":0,"comment_status":"open","ping_status":"open","sticky":false,"template":"","format":"standard","meta":{"site-sidebar-layout":"default","site-content-layout":"","ast-site-content-layout":"default","site-content-style":"default","site-sidebar-style":"default","ast-global-header-display":"","ast-banner-title-visibility":"","ast-main-header-display":"","ast-hfb-above-header-display":"","ast-hfb-below-header-display":"","ast-hfb-mobile-header-display":"","site-post-title":"","ast-breadcrumbs-content":"","ast-featured-img":"","footer-sml-layout":"","ast-disable-related-posts":"","theme-transparent-header-meta":"","adv-header-id-meta":"","stick-header-meta":"","header-above-stick-meta":"","header-main-stick-meta":"","header-below-stick-meta":"","astra-migrate-meta-layouts":"default","ast-page-background-enabled":"default","ast-page-background-meta":{"desktop":{"background-color":"var(--ast-global-color-5)","background-image":"","background-repeat":"repeat","background-position":"center center","background-size":"auto","background-attachment":"scroll","background-type":"","background-media":"","overlay-type":"","overlay-color":"","overlay-opacity":"","overlay-gradient":""},"tablet":{"background-color":"","background-image":"","background-repeat":"repeat","background-position":"center center","background-size":"auto","background-attachment":"scroll","background-type":"","background-media":"","overlay-type":"","overlay-color":"","overlay-opacity":"","overlay-gradient":""},"mobile":{"background-color":"","background-image":"","background-repeat":"repeat","background-position":"center center","background-size":"auto","background-attachment":"scroll","background-type":"","background-media":"","overlay-type":"","overlay-color":"","overlay-opacity":"","overlay-gradient":""}},"ast-content-background-meta":{"desktop":{"background-color":"var(--ast-global-color-4)","background-image":"","background-repeat":"repeat","background-position":"center center","background-size":"auto","background-attachment":"scroll","background-type":"","background-media":"","overlay-type":"","overlay-color":"","overlay-opacity":"","overlay-gradient":""},"tablet":{"background-color":"var(--ast-global-color-4)","background-image":"","background-repeat":"repeat","background-position":"center center","background-size":"auto","background-attachment":"scroll","background-type":"","background-media":"","overlay-type":"","overlay-color":"","overlay-opacity":"","overlay-gradient":""},"mobile":{"background-color":"var(--ast-global-color-4)","background-image":"","background-repeat":"repeat","background-position":"center center","background-size":"auto","background-attachment":"scroll","background-type":"","background-media":"","overlay-type":"","overlay-color":"","overlay-opacity":"","overlay-gradient":""}},"jetpack_post_was_ever_published":false,"_jetpack_newsletter_access":"","_jetpack_dont_email_post_to_subs":false,"_jetpack_newsletter_tier_id":0,"_jetpack_memberships_contains_paywalled_content":false,"_jetpack_memberships_contains_paid_content":false,"footnotes":""},"categories":[1],"tags":[],"class_list":["post-1384","post","type-post","status-publish","format-standard","hentry","category-nezarazene"],"jetpack_featured_media_url":"","jetpack_shortlink":"https:\/\/wp.me\/p4mLP7-mk","jetpack-related-posts":[{"id":1344,"url":"https:\/\/kotrla.com\/pmpro\/2003\/05\/program-festivalu-literarni-kveten-2003\/","url_meta":{"origin":1384,"position":0},"title":"Program festivalu Liter\u00e1rn\u00ed kv\u011bten 2003","author":"Pavel Kotrla","date":"19.5.2003","format":false,"excerpt":"Pokud se chcete setkat se \u010dleny redakce \u010dasopisu Texty a p\u0159\u00e1telsky naklon\u011bn\u00fdch redakc\u00ed \u010dasopis\u016f Weles a Aluze, tak m\u00e1te mo\u017enost. Budeme na festivalu Liter\u00e1rn\u00ed kv\u011bten 2003, kter\u00fd se po\u0159\u00e1d\u00e1 v n\u00e1sleduj\u00edc\u00edch dnech ve Zl\u00edn\u011b. A tak \u010dtvrtek a p\u00e1tek jsou dny, kdy na n\u00e1s bude mo\u017eno narazit. Tak\u00e9 si budete\u2026","rel":"","context":"V \u201eNeza\u0159azen\u00e9\u201c","block_context":{"text":"Neza\u0159azen\u00e9","link":"https:\/\/kotrla.com\/pmpro\/category\/nezarazene\/"},"img":{"alt_text":"","src":"","width":0,"height":0},"classes":[]},{"id":1330,"url":"https:\/\/kotrla.com\/pmpro\/2003\/06\/cesky-rozhlas-o-festivalu-literarni-kveten-2003\/","url_meta":{"origin":1384,"position":1},"title":"\u010cesk\u00fd rozhlas o festivalu Liter\u00e1rn\u00ed kv\u011bten 2003","author":"Pavel Kotrla","date":"3.6.2003","format":false,"excerpt":"Alena Bla\u017eejovsk\u00e1 ve stru\u010dnosti referuje o d\u011bn\u00ed na festivalu. V\u0161\u00edm\u00e1 si i \u201elehk\u00e9ho pobaven\u00ed\u201c p\u0159i vystoupen\u00ed z\u00e1stupkyn\u011b Liter\u00e1rn\u00edch novin Magdaleny Platzov\u00e9. J\u00e1 se bavil hodn\u011b. Ostatn\u011b si m\u016f\u017eete toto vystoupen\u00ed poslechnout. \u00dasudek si ud\u011blejte sami. V sobotu 7. \u010dervna v 17.00 si pak m\u016f\u017eete v Zeln\u00e9m rynku poslechnout cel\u00fd po\u0159ad.\u2026","rel":"","context":"V \u201eNeza\u0159azen\u00e9\u201c","block_context":{"text":"Neza\u0159azen\u00e9","link":"https:\/\/kotrla.com\/pmpro\/category\/nezarazene\/"},"img":{"alt_text":"","src":"","width":0,"height":0},"classes":[]},{"id":756,"url":"https:\/\/kotrla.com\/pmpro\/2005\/05\/literarni-kveten-zmeny\/","url_meta":{"origin":1384,"position":2},"title":"Liter\u00e1rn\u00ed kv\u011bten &#8211; zm\u011bny","author":"Pavel Kotrla","date":"25.5.2005","format":false,"excerpt":"M\u00e1m dojem, \u017ee organiz\u00e1to\u0159i leto\u0161n\u00edho ro\u010dn\u00edku maj\u00ed r\u00e1di zm\u011bny na pochodu. Podud se chyst\u00e1te na dne\u0161n\u00ed besedu do vset\u00ednsk\u00e9 knihovny, kterou budu moderovat a na kterou jsem v\u00e1s p\u0159ed \u010dasem zval, tak se setk\u00e1te s Jaroslavem Viesem, Janou \u010cervenkovou, \u0159editelem nakladatelstv\u00ed MF Ji\u0159\u00edm Kole\u010dkem a redaktorem nakladatelstv\u00ed Robertem Kub\u00e1nkem. Str\u00e1nky\u2026","rel":"","context":"V \u201eNeza\u0159azen\u00e9\u201c","block_context":{"text":"Neza\u0159azen\u00e9","link":"https:\/\/kotrla.com\/pmpro\/category\/nezarazene\/"},"img":{"alt_text":"","src":"","width":0,"height":0},"classes":[]},{"id":1340,"url":"https:\/\/kotrla.com\/pmpro\/2003\/05\/po-festivalu\/","url_meta":{"origin":1384,"position":3},"title":"Po festivalu","author":"Pavel Kotrla","date":"25.5.2003","format":false,"excerpt":"Ur\u010dit\u011b m\u016f\u017eete o\u010dek\u00e1vat n\u011bjakou moj\u00ed reflexi a fotky ze zl\u00ednsk\u00e9ho festivalu Liter\u00e1rn\u00ed kv\u011bten 2003. Ale fotek je v\u00edc, tak\u017ee to zabere \u010das. A nav\u00edc mus\u00edm dopsat dv\u011b recenze. Tak\u017ee snad poz\u00edt\u0159\u00ed.","rel":"","context":"V \u201eNeza\u0159azen\u00e9\u201c","block_context":{"text":"Neza\u0159azen\u00e9","link":"https:\/\/kotrla.com\/pmpro\/category\/nezarazene\/"},"img":{"alt_text":"","src":"","width":0,"height":0},"classes":[]},{"id":995,"url":"https:\/\/kotrla.com\/pmpro\/2004\/06\/ohlednuti-za-literarnim-kvetnem\/","url_meta":{"origin":1384,"position":4},"title":"Ohl\u00e9dnut\u00ed za Liter\u00e1rn\u00edm kv\u011btnem","author":"Pavel Kotrla","date":"2.6.2004","format":false,"excerpt":"Zl\u00ednsk\u00fd Liter\u00e1rn\u00ed kv\u011bten je jeden z m\u00e1la liter\u00e1rn\u00edch festival\u016f, kter\u00e9 m\u00e1m v oblib\u011b. Za hlavn\u00ed klad pova\u017euji, \u017ee nen\u00ed organizov\u00e1n samotn\u00fdmi liter\u00e1ty, ale studenty multimedi\u00e1ln\u00edch komunikac\u00ed. Spojen\u00ed, kter\u00e9 je mo\u017en\u00e1 zar\u00e1\u017eej\u00edc\u00ed, ale kter\u00e9 se vypl\u00e1c\u00ed. Festival funguje velmi dob\u0159e, bez z\u00e1drhel\u016f, kter\u00e9 by byly patrn\u00e9 \u00fa\u010dastn\u00edk\u016fm. Jen tak d\u00e1l! Na\u2026","rel":"","context":"V \u201eNeza\u0159azen\u00e9\u201c","block_context":{"text":"Neza\u0159azen\u00e9","link":"https:\/\/kotrla.com\/pmpro\/category\/nezarazene\/"},"img":{"alt_text":"","src":"","width":0,"height":0},"classes":[]},{"id":1327,"url":"https:\/\/kotrla.com\/pmpro\/2003\/06\/literarni-strepy\/","url_meta":{"origin":1384,"position":5},"title":"Liter\u00e1rn\u00ed st\u0159epy","author":"Pavel Kotrla","date":"9.6.2003","format":false,"excerpt":"Tak dne\u0161n\u00ed \u010d\u00edslo Liter\u00e1rn\u00edch novin se p\u0159ece jenom dostalo k tomu, aby referovalo o zl\u00ednk\u00e9m festivalu, na kter\u00e9m m\u011bly sv\u00e9ho z\u00e1stupce. Jsem teda tro\u0161ku zklam\u00e1n, nebo\u0165 jsem o\u010dek\u00e1val reflexi pr\u00e1v\u011b z pera Magdal\u00e9ny Platzov\u00e9. Ale kdepak. Prostor byl nab\u00eddnut organiz\u00e1tork\u00e1m festivalu, kter\u00e9 nab\u00eddly dva pohledy na z\u00e1kulis\u00ed. T\u0159et\u00ed report\u00e1\u017e je\u2026","rel":"","context":"V \u201eNeza\u0159azen\u00e9\u201c","block_context":{"text":"Neza\u0159azen\u00e9","link":"https:\/\/kotrla.com\/pmpro\/category\/nezarazene\/"},"img":{"alt_text":"","src":"","width":0,"height":0},"classes":[]}],"jetpack_sharing_enabled":true,"_links":{"self":[{"href":"https:\/\/kotrla.com\/pmpro\/wp-json\/wp\/v2\/posts\/1384","targetHints":{"allow":["GET"]}}],"collection":[{"href":"https:\/\/kotrla.com\/pmpro\/wp-json\/wp\/v2\/posts"}],"about":[{"href":"https:\/\/kotrla.com\/pmpro\/wp-json\/wp\/v2\/types\/post"}],"author":[{"embeddable":true,"href":"https:\/\/kotrla.com\/pmpro\/wp-json\/wp\/v2\/users\/1"}],"replies":[{"embeddable":true,"href":"https:\/\/kotrla.com\/pmpro\/wp-json\/wp\/v2\/comments?post=1384"}],"version-history":[{"count":0,"href":"https:\/\/kotrla.com\/pmpro\/wp-json\/wp\/v2\/posts\/1384\/revisions"}],"wp:attachment":[{"href":"https:\/\/kotrla.com\/pmpro\/wp-json\/wp\/v2\/media?parent=1384"}],"wp:term":[{"taxonomy":"category","embeddable":true,"href":"https:\/\/kotrla.com\/pmpro\/wp-json\/wp\/v2\/categories?post=1384"},{"taxonomy":"post_tag","embeddable":true,"href":"https:\/\/kotrla.com\/pmpro\/wp-json\/wp\/v2\/tags?post=1384"}],"curies":[{"name":"wp","href":"https:\/\/api.w.org\/{rel}","templated":true}]}}