{"id":1386,"date":"2003-03-24T09:50:21","date_gmt":"2003-03-24T08:50:21","guid":{"rendered":"http:\/\/kotrla.com\/wordpress\/?p=1386"},"modified":"2019-11-20T22:23:31","modified_gmt":"2019-11-20T21:23:31","slug":"vesmir-v-breznu","status":"publish","type":"post","link":"https:\/\/kotrla.com\/pmpro\/2003\/03\/vesmir-v-breznu\/","title":{"rendered":"Vesm\u00edr v b\u0159eznu"},"content":{"rendered":"<p>M\u016fj obl\u00edben\u00fd \u010dasopis Vesm\u00edr se ned\u00e1vno p\u0159est\u011bhoval na <a href=\"http:\/\/www.vesmir.cz\">novou adresu<\/a>: <a href=\"http:\/\/www.vesmir.cz\">[url=http:\/\/www.vesmir.cz]http:\/\/www.vesmir.cz<\/a>[\/url] Z ka\u017ed\u00e9ho \u010d\u00edsla jsou dostupn\u00e9 i vybran\u00e9 \u010dl\u00e1nky. Jeden z t\u011bch aktu\u00e1ln\u00edch si dovoluju doporu\u010dit: <a href=\"http:\/\/www.vesmir.cz\/03_2003\/156.htm\">Zbran\u011b, kter\u00e9 nezab\u00edjej\u00ed<\/a>. U\u017e aby to bylo.<\/p>\n","protected":false},"excerpt":{"rendered":"<p>M\u016fj obl\u00edben\u00fd \u010dasopis Vesm\u00edr se ned\u00e1vno p\u0159est\u011bhoval na novou adresu: [url=http:\/\/www.vesmir.cz]http:\/\/www.vesmir.cz[\/url] Z ka\u017ed\u00e9ho \u010d\u00edsla jsou dostupn\u00e9 i vybran\u00e9 \u010dl\u00e1nky. Jeden z t\u011bch aktu\u00e1ln\u00edch si dovoluju doporu\u010dit: Zbran\u011b, kter\u00e9 nezab\u00edjej\u00ed. U\u017e aby to bylo.<\/p>\n","protected":false},"author":1,"featured_media":0,"comment_status":"open","ping_status":"open","sticky":false,"template":"","format":"standard","meta":{"site-sidebar-layout":"default","site-content-layout":"","ast-site-content-layout":"default","site-content-style":"default","site-sidebar-style":"default","ast-global-header-display":"","ast-banner-title-visibility":"","ast-main-header-display":"","ast-hfb-above-header-display":"","ast-hfb-below-header-display":"","ast-hfb-mobile-header-display":"","site-post-title":"","ast-breadcrumbs-content":"","ast-featured-img":"","footer-sml-layout":"","ast-disable-related-posts":"","theme-transparent-header-meta":"","adv-header-id-meta":"","stick-header-meta":"","header-above-stick-meta":"","header-main-stick-meta":"","header-below-stick-meta":"","astra-migrate-meta-layouts":"default","ast-page-background-enabled":"default","ast-page-background-meta":{"desktop":{"background-color":"var(--ast-global-color-5)","background-image":"","background-repeat":"repeat","background-position":"center center","background-size":"auto","background-attachment":"scroll","background-type":"","background-media":"","overlay-type":"","overlay-color":"","overlay-opacity":"","overlay-gradient":""},"tablet":{"background-color":"","background-image":"","background-repeat":"repeat","background-position":"center center","background-size":"auto","background-attachment":"scroll","background-type":"","background-media":"","overlay-type":"","overlay-color":"","overlay-opacity":"","overlay-gradient":""},"mobile":{"background-color":"","background-image":"","background-repeat":"repeat","background-position":"center center","background-size":"auto","background-attachment":"scroll","background-type":"","background-media":"","overlay-type":"","overlay-color":"","overlay-opacity":"","overlay-gradient":""}},"ast-content-background-meta":{"desktop":{"background-color":"var(--ast-global-color-4)","background-image":"","background-repeat":"repeat","background-position":"center center","background-size":"auto","background-attachment":"scroll","background-type":"","background-media":"","overlay-type":"","overlay-color":"","overlay-opacity":"","overlay-gradient":""},"tablet":{"background-color":"var(--ast-global-color-4)","background-image":"","background-repeat":"repeat","background-position":"center center","background-size":"auto","background-attachment":"scroll","background-type":"","background-media":"","overlay-type":"","overlay-color":"","overlay-opacity":"","overlay-gradient":""},"mobile":{"background-color":"var(--ast-global-color-4)","background-image":"","background-repeat":"repeat","background-position":"center center","background-size":"auto","background-attachment":"scroll","background-type":"","background-media":"","overlay-type":"","overlay-color":"","overlay-opacity":"","overlay-gradient":""}},"jetpack_post_was_ever_published":false,"_jetpack_newsletter_access":"","_jetpack_dont_email_post_to_subs":false,"_jetpack_newsletter_tier_id":0,"_jetpack_memberships_contains_paywalled_content":false,"_jetpack_memberships_contains_paid_content":false,"footnotes":""},"categories":[1],"tags":[],"class_list":["post-1386","post","type-post","status-publish","format-standard","hentry","category-nezarazene"],"jetpack_featured_media_url":"","jetpack_shortlink":"https:\/\/wp.me\/p4mLP7-mm","jetpack-related-posts":[{"id":1216,"url":"https:\/\/kotrla.com\/pmpro\/2003\/09\/barevnejsi-vesmir\/","url_meta":{"origin":1386,"position":0},"title":"Barevn\u011bj\u0161\u00ed Vesm\u00edr","author":"Pavel Kotrla","date":"20.9.2003","format":false,"excerpt":"M\u016fj obl\u00edben\u00fd p\u0159\u00edrodov\u011bdeck\u00fd Vesm\u00edr je o n\u011bco barevn\u011bj\u0161\u00ed ne\u017e b\u00fdval. Na\u0161t\u011bst\u00ed kvalita \u010dl\u00e1nk\u016f z\u016fstala zachov\u00e1na a \u017e\u00e1dn\u00fd krok k fotografick\u00fdm americk\u00fdm magaz\u00edn\u016fm nebyl u\u010din\u011bn. (Na malou \u010dtivost \u010desk\u00e9 verze National Geographicu si ostatn\u011b u\u017e n\u011bkolik koleg\u016f bloger\u016f st\u011b\u017eovalo. A v tomto s nimi souhlas\u00edm). Zaujalo mne, \u017ee s p\u0159edplatn\u00fdm na\u2026","rel":"","context":"V \u201eNeza\u0159azen\u00e9\u201c","block_context":{"text":"Neza\u0159azen\u00e9","link":"https:\/\/kotrla.com\/pmpro\/category\/nezarazene\/"},"img":{"alt_text":"","src":"","width":0,"height":0},"classes":[]},{"id":1181,"url":"https:\/\/kotrla.com\/pmpro\/2003\/10\/vcely\/","url_meta":{"origin":1386,"position":1},"title":"V\u010dely","author":"Pavel Kotrla","date":"24.10.2003","format":false,"excerpt":"P\u0159ed l\u00e9ty jsem nad sv\u00fdm bratrem vyhr\u00e1l s\u00e1zku. Vyhr\u00e1l. Ale nebyla to nejchyt\u0159ej\u0161\u00ed s\u00e1zka, nebo\u0165 spo\u010d\u00edvala v tom, \u017ee projdu nah\u00fd v\u010del\u00ednem, kde pr\u00e1v\u011b d\u011bde\u010dek to\u010dil med. Je s podivem, \u017ee mne p\u00edchla pouze v\u010delka jedin\u00e1. Zato v\u0161ak do n\u011bjak\u00e9ho nervu na hlav\u011b, kter\u00fd zp\u016fsobil, \u017ee jsem \u010d\u00e1ste\u010dn\u011b asi na\u2026","rel":"","context":"V \u201eNeza\u0159azen\u00e9\u201c","block_context":{"text":"Neza\u0159azen\u00e9","link":"https:\/\/kotrla.com\/pmpro\/category\/nezarazene\/"},"img":{"alt_text":"","src":"","width":0,"height":0},"classes":[]},{"id":569,"url":"https:\/\/kotrla.com\/pmpro\/2006\/04\/ze-stavby-valasske-autostrady\/","url_meta":{"origin":1386,"position":2},"title":"Ze stavby vala\u0161sk\u00e9 autostr\u00e1dy","author":"Pavel Kotrla","date":"23.4.2006","format":false,"excerpt":"Tak tato fotka je jeden z d\u016fvod\u016f, pro\u010d letos budu, tak jako ostatn\u011b v minulosti, op\u011bt volit zelen\u00e9. Letos se tam t\u0159eba dostanou :) Nejsem odp\u016frce nov\u00e9 vala\u0161sk\u00e9 autostr\u00e1dy, ale trochu mi vad\u00ed jej\u00ed podoba, kter\u00e1 by mohla v\u00edce respektovat r\u00e1z krajiny a nezab\u00edrat tu nejkvalitn\u011bj\u0161\u00ed hospod\u00e1\u0159skou p\u016fdu. Jsem na\u2026","rel":"","context":"V \u201eFotografie\u201c","block_context":{"text":"Fotografie","link":"https:\/\/kotrla.com\/pmpro\/category\/fotografie\/"},"img":{"alt_text":"Vala\u0161sk\u00e1 autostr\u00e1da","src":"https:\/\/i0.wp.com\/kotrla.com\/pmpro\/images\/uploads\/autostrada.jpg?resize=350%2C200&ssl=1","width":350,"height":200},"classes":[]},{"id":853,"url":"https:\/\/kotrla.com\/pmpro\/2004\/12\/osdn-ovci-sexualne-dimorfni-jadro\/","url_meta":{"origin":1386,"position":3},"title":"oSDN &#8211; ov\u010d\u00ed sexu\u00e1ln\u011b dimorfn\u00ed j\u00e1dro","author":"Pavel Kotrla","date":"26.12.2004","format":false,"excerpt":"\u010cl\u00e1nek s n\u00e1zvem Vrozen\u00e1 sexualita beran\u016f, kter\u00fd p\u0159inesl leto\u0161n\u00ed posledn\u00ed Vesm\u00edr popisuje ov\u010d\u00ed sexu\u00e1ln\u011b dimorfn\u00ed j\u00e1dro (oSDN), co\u017e je shluk nervov\u00fdch bun\u011bk v hypotalamu, kter\u00e9 je zodpov\u011bdn\u00e9 za osmiprocentn\u00ed homosexu\u00e1ln\u00ed chov\u00e1n\u00ed beran\u016f. Co\u017e je dvakr\u00e1t v\u00edc ne\u017e u lid\u00ed. Heterosexu\u00e1ln\u00ed berani maj\u00ed toto j\u00e1dro v\u011bt\u0161\u00ed. Jo,jo, to jsem zv\u011bdav, jak\u2026","rel":"","context":"V \u201eNeza\u0159azen\u00e9\u201c","block_context":{"text":"Neza\u0159azen\u00e9","link":"https:\/\/kotrla.com\/pmpro\/category\/nezarazene\/"},"img":{"alt_text":"","src":"","width":0,"height":0},"classes":[]},{"id":449,"url":"https:\/\/kotrla.com\/pmpro\/2007\/05\/k-poznani-se-probolime-ne-prosmejeme\/","url_meta":{"origin":1386,"position":4},"title":"&#8222;K pozn\u00e1n\u00ed se probol\u00edme, ne prosm\u011bjeme&#8220;","author":"Pavel Kotrla","date":"27.5.2007","format":false,"excerpt":"Zaj\u00edmav\u00fd rozhovor Aleny Sojkov\u00e9 s Borisem Jirk\u016f v T\u00fdden\u00edku Rozhlas 20\/2007 M\u00e1te vyhran\u011bn\u00e9 n\u00e1zory na takzvan\u00e9 modern\u00ed um\u011bn\u00ed... Nem\u00e1m r\u00e1d ty, kte\u0159\u00ed za ka\u017edou cenu ru\u0161\u00ed pravidla, napodobuj\u00ed a vykr\u00e1daj\u00ed. To jsou lid\u00e9, kte\u0159\u00ed p\u0159ijdou na hokejov\u00e9 h\u0159i\u0161t\u011b, zast\u0159el\u00ed rozhod\u010d\u00edho, zn\u00e1siln\u00ed brank\u00e1\u0159e a led\u011b vykopou d\u00edru. Je to zaj\u00edmav\u00e9. Ale\u2026","rel":"","context":"V \u201e\u010cten\u00e1\u0159sk\u00fd den\u00edk\u201c","block_context":{"text":"\u010cten\u00e1\u0159sk\u00fd den\u00edk","link":"https:\/\/kotrla.com\/pmpro\/category\/ctenarsky-denik\/"},"img":{"alt_text":"","src":"","width":0,"height":0},"classes":[]},{"id":232,"url":"https:\/\/kotrla.com\/pmpro\/2009\/12\/aluze-22009\/","url_meta":{"origin":1386,"position":5},"title":"Aluze 2\/2009","author":"Pavel Kotrla","date":"29.12.2009","format":false,"excerpt":"Pr\u00e1v\u011b jsme vydali druh\u00e9 leto\u0161n\u00ed \u010d\u00edslo revue Aluze. V\u0161e jako obvykle najdete na adrese http:\/\/aluze.cz P\u0159\u00edjemn\u00e9 po\u010dten\u00ed. Obsah \u010d\u00edsla: Poezie Bill Shields: Americk\u00fd hrdina Pr\u00f3za Herman Charles Bosman: Maraton v Bekkersdalu Rozhovor Pavel Zahr\u00e1dka: M\u016f\u017ee spot\u0159ebn\u00ed kultura nahradit vysokou kulturu? (Rozhovor s Wolfgangem Ullrichem) Studie Julio Cort\u00e1zar: N\u011bkter\u00e9 aspekty pov\u00eddky\u2026","rel":"","context":"V \u201eLiteratura\u201c","block_context":{"text":"Literatura","link":"https:\/\/kotrla.com\/pmpro\/category\/literatura\/"},"img":{"alt_text":"Aluze 2\/2009","src":"https:\/\/i0.wp.com\/kotrla.com\/pmpro\/images\/uploads\/obalka2009_2.png?resize=350%2C200&ssl=1","width":350,"height":200},"classes":[]}],"jetpack_sharing_enabled":true,"_links":{"self":[{"href":"https:\/\/kotrla.com\/pmpro\/wp-json\/wp\/v2\/posts\/1386","targetHints":{"allow":["GET"]}}],"collection":[{"href":"https:\/\/kotrla.com\/pmpro\/wp-json\/wp\/v2\/posts"}],"about":[{"href":"https:\/\/kotrla.com\/pmpro\/wp-json\/wp\/v2\/types\/post"}],"author":[{"embeddable":true,"href":"https:\/\/kotrla.com\/pmpro\/wp-json\/wp\/v2\/users\/1"}],"replies":[{"embeddable":true,"href":"https:\/\/kotrla.com\/pmpro\/wp-json\/wp\/v2\/comments?post=1386"}],"version-history":[{"count":0,"href":"https:\/\/kotrla.com\/pmpro\/wp-json\/wp\/v2\/posts\/1386\/revisions"}],"wp:attachment":[{"href":"https:\/\/kotrla.com\/pmpro\/wp-json\/wp\/v2\/media?parent=1386"}],"wp:term":[{"taxonomy":"category","embeddable":true,"href":"https:\/\/kotrla.com\/pmpro\/wp-json\/wp\/v2\/categories?post=1386"},{"taxonomy":"post_tag","embeddable":true,"href":"https:\/\/kotrla.com\/pmpro\/wp-json\/wp\/v2\/tags?post=1386"}],"curies":[{"name":"wp","href":"https:\/\/api.w.org\/{rel}","templated":true}]}}