{"id":1393,"date":"2003-03-16T09:59:36","date_gmt":"2003-03-16T08:59:36","guid":{"rendered":"http:\/\/kotrla.com\/wordpress\/?p=1393"},"modified":"2019-11-20T22:23:32","modified_gmt":"2019-11-20T21:23:32","slug":"autogramiada-jakuba-chrobaka","status":"publish","type":"post","link":"https:\/\/kotrla.com\/pmpro\/2003\/03\/autogramiada-jakuba-chrobaka\/","title":{"rendered":"Autogrami\u00e1da Jakuba Chrob\u00e1ka"},"content":{"rendered":"<p>Ve sv\u00e9 p\u0159ede\u0161l\u00e9 pozn\u00e1mce jsem zapomn\u011bl na jednu d\u016fle\u017eitou v\u011bc. Autogrami\u00e1da knihy Jakuba Chrob\u00e1ka bude 3. dubna v 17.30 na Vset\u00edn\u011b v knihkupectv\u00ed a galerii Dalibora Maliny. Hudbou by m\u011bla ve\u010der doprovodit skupina <b>Le\u017e\u00e9rn\u011b a v le\u017ee<\/b>, pro kterou Jakub slo\u017eil n\u011bkter\u00e9 z text\u016f p\u00edsni. Ostatn\u011b pravideln\u00ed n\u00e1v\u0161t\u011bvn\u00edci <i>textovsk\u00fdch<\/i> ve\u010d\u00edrk\u016f ji zcela jist\u011b znaj\u00ed.<\/p>\n","protected":false},"excerpt":{"rendered":"<p>Ve sv\u00e9 p\u0159ede\u0161l\u00e9 pozn\u00e1mce jsem zapomn\u011bl na jednu d\u016fle\u017eitou v\u011bc. Autogrami\u00e1da knihy Jakuba Chrob\u00e1ka bude 3. dubna v 17.30 na Vset\u00edn\u011b v knihkupectv\u00ed a galerii Dalibora Maliny. Hudbou by m\u011bla ve\u010der doprovodit skupina Le\u017e\u00e9rn\u011b a v le\u017ee, pro kterou Jakub slo\u017eil n\u011bkter\u00e9 z text\u016f p\u00edsni. Ostatn\u011b pravideln\u00ed n\u00e1v\u0161t\u011bvn\u00edci textovsk\u00fdch ve\u010d\u00edrk\u016f ji zcela jist\u011b znaj\u00ed.<\/p>\n","protected":false},"author":1,"featured_media":0,"comment_status":"open","ping_status":"open","sticky":false,"template":"","format":"standard","meta":{"site-sidebar-layout":"default","site-content-layout":"","ast-site-content-layout":"default","site-content-style":"default","site-sidebar-style":"default","ast-global-header-display":"","ast-banner-title-visibility":"","ast-main-header-display":"","ast-hfb-above-header-display":"","ast-hfb-below-header-display":"","ast-hfb-mobile-header-display":"","site-post-title":"","ast-breadcrumbs-content":"","ast-featured-img":"","footer-sml-layout":"","ast-disable-related-posts":"","theme-transparent-header-meta":"","adv-header-id-meta":"","stick-header-meta":"","header-above-stick-meta":"","header-main-stick-meta":"","header-below-stick-meta":"","astra-migrate-meta-layouts":"default","ast-page-background-enabled":"default","ast-page-background-meta":{"desktop":{"background-color":"var(--ast-global-color-5)","background-image":"","background-repeat":"repeat","background-position":"center center","background-size":"auto","background-attachment":"scroll","background-type":"","background-media":"","overlay-type":"","overlay-color":"","overlay-opacity":"","overlay-gradient":""},"tablet":{"background-color":"","background-image":"","background-repeat":"repeat","background-position":"center center","background-size":"auto","background-attachment":"scroll","background-type":"","background-media":"","overlay-type":"","overlay-color":"","overlay-opacity":"","overlay-gradient":""},"mobile":{"background-color":"","background-image":"","background-repeat":"repeat","background-position":"center center","background-size":"auto","background-attachment":"scroll","background-type":"","background-media":"","overlay-type":"","overlay-color":"","overlay-opacity":"","overlay-gradient":""}},"ast-content-background-meta":{"desktop":{"background-color":"var(--ast-global-color-4)","background-image":"","background-repeat":"repeat","background-position":"center center","background-size":"auto","background-attachment":"scroll","background-type":"","background-media":"","overlay-type":"","overlay-color":"","overlay-opacity":"","overlay-gradient":""},"tablet":{"background-color":"var(--ast-global-color-4)","background-image":"","background-repeat":"repeat","background-position":"center center","background-size":"auto","background-attachment":"scroll","background-type":"","background-media":"","overlay-type":"","overlay-color":"","overlay-opacity":"","overlay-gradient":""},"mobile":{"background-color":"var(--ast-global-color-4)","background-image":"","background-repeat":"repeat","background-position":"center center","background-size":"auto","background-attachment":"scroll","background-type":"","background-media":"","overlay-type":"","overlay-color":"","overlay-opacity":"","overlay-gradient":""}},"jetpack_post_was_ever_published":false,"_jetpack_newsletter_access":"","_jetpack_dont_email_post_to_subs":false,"_jetpack_newsletter_tier_id":0,"_jetpack_memberships_contains_paywalled_content":false,"_jetpack_memberships_contains_paid_content":false,"footnotes":""},"categories":[1],"tags":[],"class_list":["post-1393","post","type-post","status-publish","format-standard","hentry","category-nezarazene"],"jetpack_featured_media_url":"","jetpack_shortlink":"https:\/\/wp.me\/p4mLP7-mt","jetpack-related-posts":[{"id":12104,"url":"https:\/\/kotrla.com\/pmpro\/2024\/09\/uvedeni-sbirky-jakuba-chrobaka-pan-buh-se-nejspis-musel-narodit-v-luzne\/","url_meta":{"origin":1393,"position":0},"title":"Uveden\u00ed sb\u00edrky Jakuba Chrob\u00e1ka P\u00e1n B\u016fh se nejsp\u00ed\u0161 musel narodit v Lu\u017en\u00e9","author":"Pavel Kotrla","date":"4.9.2024","format":false,"excerpt":"Ohl\u00e9dnut\u00ed za sobotou. Uveden\u00ed sb\u00edrky Jakuba Chrob\u00e1ka P\u00e1n B\u016fh se nejsp\u00ed\u0161 musel narodit v Lu\u017en\u00e9 (vydalo nakladatelstv\u00ed Dauphin), kter\u00e9 doprov\u00e1z\u00ed fotografie Roberta Gol\u00e1n\u011b, se povedlo. Jakub sice mohl b\u00fdt p\u0159\u00edtomn\u00fd pouze p\u0159es videokonferenci, ale nov\u00e1 ledvina je d\u00e1rek, na kter\u00fd ur\u010dit\u011b tou\u017eebn\u011b \u010dekal a kter\u00e1 absenci pln\u011b ospravedlnila.","rel":"","context":"V \u201eFotografie\u201c","block_context":{"text":"Fotografie","link":"https:\/\/kotrla.com\/pmpro\/category\/fotografie\/"},"img":{"alt_text":"","src":"https:\/\/i0.wp.com\/kotrla.com\/pmpro\/wp-content\/uploads\/2024\/09\/luzna_IMGP3865-150x150.jpg?resize=350%2C200&ssl=1","width":350,"height":200,"srcset":"https:\/\/i0.wp.com\/kotrla.com\/pmpro\/wp-content\/uploads\/2024\/09\/luzna_IMGP3865-150x150.jpg?resize=350%2C200&ssl=1 1x, https:\/\/i0.wp.com\/kotrla.com\/pmpro\/wp-content\/uploads\/2024\/09\/luzna_IMGP3865-150x150.jpg?resize=525%2C300&ssl=1 1.5x, https:\/\/i0.wp.com\/kotrla.com\/pmpro\/wp-content\/uploads\/2024\/09\/luzna_IMGP3865-150x150.jpg?resize=700%2C400&ssl=1 2x, https:\/\/i0.wp.com\/kotrla.com\/pmpro\/wp-content\/uploads\/2024\/09\/luzna_IMGP3865-150x150.jpg?resize=1050%2C600&ssl=1 3x, https:\/\/i0.wp.com\/kotrla.com\/pmpro\/wp-content\/uploads\/2024\/09\/luzna_IMGP3865-150x150.jpg?resize=1400%2C800&ssl=1 4x"},"classes":[]},{"id":9397,"url":"https:\/\/kotrla.com\/pmpro\/2022\/02\/krvaviny-jakuba-chrobaka-nominovany-na-cenu-jantar\/","url_meta":{"origin":1393,"position":1},"title":"Krvaviny Jakuba Chrob\u00e1ka nominov\u00e1ny na Cenu Jantar","author":"Pavel Kotrla","date":"4.2.2022","format":false,"excerpt":"Mezi nominovan\u00fdmi knihami na Cenu Jantar za literaturu je i sb\u00edrka Jakuba Chrob\u00e1ka Krvaviny, kterou vydalo m\u00e9 jednomu\u017en\u00e9 nakladatelstv\u00ed Klenov vydalo z\u00e1v\u011brem lo\u0148sk\u00e9ho roku. Gratuluji i dal\u0161\u00edm nominovan\u00fdm.","rel":"","context":"V \u201eKnihy\u201c","block_context":{"text":"Knihy","link":"https:\/\/kotrla.com\/pmpro\/category\/knihy\/"},"img":{"alt_text":"","src":"https:\/\/i0.wp.com\/kotrla.com\/pmpro\/wp-content\/uploads\/2022\/02\/ceny-jantar-nominace-za-literaturu-2021.jpg?resize=350%2C200&ssl=1","width":350,"height":200,"srcset":"https:\/\/i0.wp.com\/kotrla.com\/pmpro\/wp-content\/uploads\/2022\/02\/ceny-jantar-nominace-za-literaturu-2021.jpg?resize=350%2C200&ssl=1 1x, https:\/\/i0.wp.com\/kotrla.com\/pmpro\/wp-content\/uploads\/2022\/02\/ceny-jantar-nominace-za-literaturu-2021.jpg?resize=525%2C300&ssl=1 1.5x, https:\/\/i0.wp.com\/kotrla.com\/pmpro\/wp-content\/uploads\/2022\/02\/ceny-jantar-nominace-za-literaturu-2021.jpg?resize=700%2C400&ssl=1 2x, https:\/\/i0.wp.com\/kotrla.com\/pmpro\/wp-content\/uploads\/2022\/02\/ceny-jantar-nominace-za-literaturu-2021.jpg?resize=1050%2C600&ssl=1 3x, https:\/\/i0.wp.com\/kotrla.com\/pmpro\/wp-content\/uploads\/2022\/02\/ceny-jantar-nominace-za-literaturu-2021.jpg?resize=1400%2C800&ssl=1 4x"},"classes":[]},{"id":204,"url":"https:\/\/kotrla.com\/pmpro\/2010\/05\/fotky-z-vecirku-textu-a-krtu-adres-jakuba-chrobaka\/","url_meta":{"origin":1393,"position":2},"title":"Fotky z ve\u010d\u00edrku Text\u016f a k\u0159tu Adres Jakuba Chrob\u00e1ka","author":"Pavel Kotrla","date":"23.5.2010","format":false,"excerpt":"Fotky z p\u00e1te\u010dn\u00edho ve\u010d\u00edrku \u010dasopisu Texty najdete na adrese: http:\/\/texty.kotrla.com\/2010vecirek\/ Fotka kmotra (Petr Hru\u0161ka) s autorem (Jakub Chrob\u00e1k):","rel":"","context":"V \u201eFotografie\u201c","block_context":{"text":"Fotografie","link":"https:\/\/kotrla.com\/pmpro\/category\/fotografie\/"},"img":{"alt_text":"Petr a Jakub","src":"https:\/\/i0.wp.com\/kotrla.com\/pmpro\/images\/uploads\/petr_a_jakub_IGP1862.jpg?resize=350%2C200&ssl=1","width":350,"height":200},"classes":[]},{"id":9247,"url":"https:\/\/kotrla.com\/pmpro\/2021\/12\/jakub-chrobak-v-krvavinach-ostravske-uvedeni-knihy\/","url_meta":{"origin":1393,"position":3},"title":"Jakub Chrob\u00e1k &#8211; V krvavin\u00e1ch &#8211; ostravsk\u00e9 uveden\u00ed knihy","author":"Pavel Kotrla","date":"21.12.2021","format":false,"excerpt":"Dne\u0161n\u00ed uveden\u00ed sb\u00edrky Jakuba Chrob\u00e1ka z produkce m\u00e9ho nakladatelstv\u00ed Klenov.","rel":"","context":"V \u201eNakladatelstv\u00ed Klenov\u201c","block_context":{"text":"Nakladatelstv\u00ed Klenov","link":"https:\/\/kotrla.com\/pmpro\/category\/nakladatelstvi-klenov\/"},"img":{"alt_text":"","src":"https:\/\/i0.wp.com\/kotrla.com\/pmpro\/wp-content\/uploads\/2021\/12\/chrobak_v_krvavinach_plakat.jpg?resize=350%2C200&ssl=1","width":350,"height":200,"srcset":"https:\/\/i0.wp.com\/kotrla.com\/pmpro\/wp-content\/uploads\/2021\/12\/chrobak_v_krvavinach_plakat.jpg?resize=350%2C200&ssl=1 1x, https:\/\/i0.wp.com\/kotrla.com\/pmpro\/wp-content\/uploads\/2021\/12\/chrobak_v_krvavinach_plakat.jpg?resize=525%2C300&ssl=1 1.5x, https:\/\/i0.wp.com\/kotrla.com\/pmpro\/wp-content\/uploads\/2021\/12\/chrobak_v_krvavinach_plakat.jpg?resize=700%2C400&ssl=1 2x, https:\/\/i0.wp.com\/kotrla.com\/pmpro\/wp-content\/uploads\/2021\/12\/chrobak_v_krvavinach_plakat.jpg?resize=1050%2C600&ssl=1 3x, https:\/\/i0.wp.com\/kotrla.com\/pmpro\/wp-content\/uploads\/2021\/12\/chrobak_v_krvavinach_plakat.jpg?resize=1400%2C800&ssl=1 4x"},"classes":[]},{"id":278,"url":"https:\/\/kotrla.com\/pmpro\/2009\/05\/jakub-chrobak-zpev\/","url_meta":{"origin":1393,"position":4},"title":"Jakub Chrob\u00e1k: Zp\u011bv","author":"Pavel Kotrla","date":"5.5.2009","format":false,"excerpt":"Uk\u00e1zka z p\u0159ipravovan\u00e9 druh\u00e9 sb\u00edrky Jakuba Chrob\u00e1ka. ZP\u011aV Ta tajupln\u00e1 jm\u00e9na d\u00e1van\u00e1 v mezi\u010dasech kraden\u00fdch, kdy t\u00e1n\u00ed ti\u0161e st\u00e9n\u00e1. Ta tmav\u00e1 jarn\u00ed sena vetkan\u00e1 v k\u0159iv\u00fdch v\u011btvov\u00edch. Noc jemn\u011b rozost\u0159en\u00e1... A bol\u00ed d\u00fdchavi\u010dn\u00fd sn\u00edh i voda prost\u0159\u00edb\u0159en\u00e1 a\u017e na dno rukou sv\u00fdch, v nich\u017e z\u016fst\u00e1vaj\u00ed uzav\u0159ena ta tajupln\u00e1 jm\u00e9na za\u2026","rel":"","context":"V \u201eFotografie\u201c","block_context":{"text":"Fotografie","link":"https:\/\/kotrla.com\/pmpro\/category\/fotografie\/"},"img":{"alt_text":"Jakub Chrob\u00e1k","src":"https:\/\/i0.wp.com\/kotrla.com\/pmpro\/images\/uploads\/chrobak_jakub.jpg?resize=350%2C200&ssl=1","width":350,"height":200},"classes":[]},{"id":9204,"url":"https:\/\/kotrla.com\/pmpro\/2021\/11\/dnes-vecer\/","url_meta":{"origin":1393,"position":5},"title":"Dnes ve\u010der","author":"Pavel Kotrla","date":"28.11.2021","format":false,"excerpt":"Mimo jin\u00e9 dnes ve\u010der v Lese: Rozhovor Moniky Hors\u00e1kov\u00e9 a Pavla Hru\u0161ky s liter\u00e1rn\u00edm historikem a b\u00e1sn\u00edkem Jakubem Chrob\u00e1kem a nakladatelem Pavlem Kotrlou a k\u0159est b\u00e1snick\u00e9 sb\u00edrky Jakuba Chrob\u00e1ka V krvavin\u00e1ch.","rel":"","context":"V \u201eKnihy\u201c","block_context":{"text":"Knihy","link":"https:\/\/kotrla.com\/pmpro\/category\/knihy\/"},"img":{"alt_text":"","src":"https:\/\/i0.wp.com\/kotrla.com\/pmpro\/wp-content\/uploads\/2021\/11\/radio_les_20211128.jpg?resize=350%2C200&ssl=1","width":350,"height":200,"srcset":"https:\/\/i0.wp.com\/kotrla.com\/pmpro\/wp-content\/uploads\/2021\/11\/radio_les_20211128.jpg?resize=350%2C200&ssl=1 1x, https:\/\/i0.wp.com\/kotrla.com\/pmpro\/wp-content\/uploads\/2021\/11\/radio_les_20211128.jpg?resize=525%2C300&ssl=1 1.5x, https:\/\/i0.wp.com\/kotrla.com\/pmpro\/wp-content\/uploads\/2021\/11\/radio_les_20211128.jpg?resize=700%2C400&ssl=1 2x, https:\/\/i0.wp.com\/kotrla.com\/pmpro\/wp-content\/uploads\/2021\/11\/radio_les_20211128.jpg?resize=1050%2C600&ssl=1 3x, https:\/\/i0.wp.com\/kotrla.com\/pmpro\/wp-content\/uploads\/2021\/11\/radio_les_20211128.jpg?resize=1400%2C800&ssl=1 4x"},"classes":[]}],"jetpack_sharing_enabled":true,"_links":{"self":[{"href":"https:\/\/kotrla.com\/pmpro\/wp-json\/wp\/v2\/posts\/1393","targetHints":{"allow":["GET"]}}],"collection":[{"href":"https:\/\/kotrla.com\/pmpro\/wp-json\/wp\/v2\/posts"}],"about":[{"href":"https:\/\/kotrla.com\/pmpro\/wp-json\/wp\/v2\/types\/post"}],"author":[{"embeddable":true,"href":"https:\/\/kotrla.com\/pmpro\/wp-json\/wp\/v2\/users\/1"}],"replies":[{"embeddable":true,"href":"https:\/\/kotrla.com\/pmpro\/wp-json\/wp\/v2\/comments?post=1393"}],"version-history":[{"count":0,"href":"https:\/\/kotrla.com\/pmpro\/wp-json\/wp\/v2\/posts\/1393\/revisions"}],"wp:attachment":[{"href":"https:\/\/kotrla.com\/pmpro\/wp-json\/wp\/v2\/media?parent=1393"}],"wp:term":[{"taxonomy":"category","embeddable":true,"href":"https:\/\/kotrla.com\/pmpro\/wp-json\/wp\/v2\/categories?post=1393"},{"taxonomy":"post_tag","embeddable":true,"href":"https:\/\/kotrla.com\/pmpro\/wp-json\/wp\/v2\/tags?post=1393"}],"curies":[{"name":"wp","href":"https:\/\/api.w.org\/{rel}","templated":true}]}}