{"id":1394,"date":"2003-03-15T15:40:28","date_gmt":"2003-03-15T14:40:28","guid":{"rendered":"http:\/\/kotrla.com\/wordpress\/?p=1394"},"modified":"2019-11-20T22:23:32","modified_gmt":"2019-11-20T21:23:32","slug":"az-dopiju-tak-zaplatim","status":"publish","type":"post","link":"https:\/\/kotrla.com\/pmpro\/2003\/03\/az-dopiju-tak-zaplatim\/","title":{"rendered":"&#8222;A\u017e dopiju, tak zaplat\u00edm.&#8220;"},"content":{"rendered":"<p><img loading=\"lazy\" decoding=\"async\" src=\"https:\/\/kotrla.com\/pmpro\/images\/uploads\/jakub_chrobak.jpg\" border=\"0\" alt=\"Jakub Chrob\u00e1k\" name=\"Jakub Chrob\u00e1k\" width=\"245\" height=\"300\" \/><img loading=\"lazy\" decoding=\"async\" src=\"https:\/\/kotrla.com\/pmpro\/images\/uploads\/jakub_kniha.gif\" border=\"0\" alt=\"kniha A\u017e dopiju&#8230;\" name=\"kniha A\u017e dopiju&#8230;\" width=\"174\" height=\"300\" \/>&nbsp; <\/p>\n<p>V\u010dera odpoledne ji p\u0159ivezli z tisk\u00e1rny. Je\u0161t\u011b von\u00ed schnouc\u00ed tiska\u0159skou \u010dern\u00ed. A j\u00e1 m\u00e1m jeden z prvn\u00edch v\u00fdtisk\u016f, dokonce s v\u011bnov\u00e1n\u00edm, b\u00e1snick\u00e9 prvotiny m\u00e9ho p\u0159\u00edtele a kamar\u00e1da Jakuba Chrob\u00e1ka.<br \/>\nPro pravideln\u00e9 \u010dten\u00e1\u0159e na\u0161eho \u010dasopisu <a href=\"http:\/\/casopis-texty.cz\/texty\">Texty<\/a> nebude asi Jakubova poezie \u017e\u00e1dn\u00fdm p\u0159ekvapen\u00edm, proto\u017ee \u010d\u00e1st jeho ver\u0161\u016f budou ur\u010dit\u011b zn\u00e1t. Jakub je ostatn\u011b spoluzakladatelem \u010dasopisu a \u010dlenem redakce.<br \/>\nSb\u00edrka bude v prodeji od pond\u011bl\u00ed. Ale u\u017e te\u010f m\u016f\u017eete emailovat, telefonovat a jinak kontaktovat Dalibora Malinu, dal\u0161\u00edho z m\u00fdch p\u0159\u00e1tel, jinak osv\u00edcen\u00e9ho knihkupce a nakladatele, kter\u00fd knihu vydal ve sv\u00e9m nakladatelstv\u00ed.<\/p>\n<p>e-mail: <a href=\"https:\/\/kotrla.com\/pmpro\/index.php?URL=mailto%3Aknihkup%40vsnet.cz\">knihkup@vsnet.cz<\/a><br \/>\ntel.: 571 419 531<\/p>\n","protected":false},"excerpt":{"rendered":"<p>&nbsp; V\u010dera odpoledne ji p\u0159ivezli z tisk\u00e1rny. Je\u0161t\u011b von\u00ed schnouc\u00ed tiska\u0159skou \u010dern\u00ed. A j\u00e1 m\u00e1m jeden z prvn\u00edch v\u00fdtisk\u016f, dokonce s v\u011bnov\u00e1n\u00edm, b\u00e1snick\u00e9 prvotiny m\u00e9ho p\u0159\u00edtele a kamar\u00e1da Jakuba Chrob\u00e1ka. Pro pravideln\u00e9 \u010dten\u00e1\u0159e na\u0161eho \u010dasopisu Texty nebude asi Jakubova poezie \u017e\u00e1dn\u00fdm p\u0159ekvapen\u00edm, proto\u017ee \u010d\u00e1st jeho ver\u0161\u016f budou ur\u010dit\u011b zn\u00e1t. Jakub je ostatn\u011b spoluzakladatelem \u010dasopisu a [&hellip;]<\/p>\n","protected":false},"author":1,"featured_media":0,"comment_status":"open","ping_status":"open","sticky":false,"template":"","format":"standard","meta":{"site-sidebar-layout":"default","site-content-layout":"","ast-site-content-layout":"default","site-content-style":"default","site-sidebar-style":"default","ast-global-header-display":"","ast-banner-title-visibility":"","ast-main-header-display":"","ast-hfb-above-header-display":"","ast-hfb-below-header-display":"","ast-hfb-mobile-header-display":"","site-post-title":"","ast-breadcrumbs-content":"","ast-featured-img":"","footer-sml-layout":"","ast-disable-related-posts":"","theme-transparent-header-meta":"","adv-header-id-meta":"","stick-header-meta":"","header-above-stick-meta":"","header-main-stick-meta":"","header-below-stick-meta":"","astra-migrate-meta-layouts":"default","ast-page-background-enabled":"default","ast-page-background-meta":{"desktop":{"background-color":"var(--ast-global-color-5)","background-image":"","background-repeat":"repeat","background-position":"center center","background-size":"auto","background-attachment":"scroll","background-type":"","background-media":"","overlay-type":"","overlay-color":"","overlay-opacity":"","overlay-gradient":""},"tablet":{"background-color":"","background-image":"","background-repeat":"repeat","background-position":"center center","background-size":"auto","background-attachment":"scroll","background-type":"","background-media":"","overlay-type":"","overlay-color":"","overlay-opacity":"","overlay-gradient":""},"mobile":{"background-color":"","background-image":"","background-repeat":"repeat","background-position":"center center","background-size":"auto","background-attachment":"scroll","background-type":"","background-media":"","overlay-type":"","overlay-color":"","overlay-opacity":"","overlay-gradient":""}},"ast-content-background-meta":{"desktop":{"background-color":"var(--ast-global-color-4)","background-image":"","background-repeat":"repeat","background-position":"center center","background-size":"auto","background-attachment":"scroll","background-type":"","background-media":"","overlay-type":"","overlay-color":"","overlay-opacity":"","overlay-gradient":""},"tablet":{"background-color":"var(--ast-global-color-4)","background-image":"","background-repeat":"repeat","background-position":"center center","background-size":"auto","background-attachment":"scroll","background-type":"","background-media":"","overlay-type":"","overlay-color":"","overlay-opacity":"","overlay-gradient":""},"mobile":{"background-color":"var(--ast-global-color-4)","background-image":"","background-repeat":"repeat","background-position":"center center","background-size":"auto","background-attachment":"scroll","background-type":"","background-media":"","overlay-type":"","overlay-color":"","overlay-opacity":"","overlay-gradient":""}},"jetpack_post_was_ever_published":false,"_jetpack_newsletter_access":"","_jetpack_dont_email_post_to_subs":false,"_jetpack_newsletter_tier_id":0,"_jetpack_memberships_contains_paywalled_content":false,"_jetpack_memberships_contains_paid_content":false,"footnotes":""},"categories":[1],"tags":[],"class_list":["post-1394","post","type-post","status-publish","format-standard","hentry","category-nezarazene"],"jetpack_featured_media_url":"","jetpack_shortlink":"https:\/\/wp.me\/p4mLP7-mu","jetpack-related-posts":[{"id":488,"url":"https:\/\/kotrla.com\/pmpro\/2007\/01\/osm-32006\/","url_meta":{"origin":1394,"position":0},"title":"OSM 3\/2006","author":"Pavel Kotrla","date":"13.1.2007","format":false,"excerpt":"Kamar\u00e1di mi z Ostravy poslali \u010derstv\u011b vyti\u0161t\u011bnou Obr\u00e1cenou stranu m\u011bs\u00edce 3\/2003. V tuto chv\u00edli je\u0161t\u011b nen\u00ed PDF tohoto \u010d\u00edsla na str\u00e1nk\u00e1ch \u010dasopisu, ale doporu\u010duju sledov\u00e1n\u00ed a pozornosti. Uplynul ji\u017e v\u00edce ne\u017e rok od \u00famrt\u00ed b\u00e1sn\u00edka Petra Kabe\u0161e a redakce \u010dasopisu ve spolupr\u00e1ci s jeho man\u017eelkou Annou Kareninovou, jinak zn\u00e1mou p\u0159ekladatelkou,\u2026","rel":"","context":"V \u201eLiteratura\u201c","block_context":{"text":"Literatura","link":"https:\/\/kotrla.com\/pmpro\/category\/literatura\/"},"img":{"alt_text":"","src":"","width":0,"height":0},"classes":[]},{"id":1387,"url":"https:\/\/kotrla.com\/pmpro\/2003\/03\/pozapominane-blogy\/","url_meta":{"origin":1394,"position":1},"title":"Pozapom\u00ednan\u00e9 blogy","author":"Pavel Kotrla","date":"24.3.2003","format":false,"excerpt":"Je to marn\u00e9, n\u011bkter\u00e9 z m\u00fdch obl\u00edben\u00fdch blog\u016f prost\u011b v \u017e\u00e1dn\u00e9m \u017eeb\u0159\u00ed\u010dku n\u00e1v\u0161t\u011bvnosti nenajdu. Prost\u011b tam nejsou. Tak mi tam chyb\u00ed Welenoviny, on-line p\u0159\u00edloha \u010dasopisu Weles. Dal\u0161\u00ed dva blogy m\u00e1m v oblib\u011b, proto\u017ee jejich auto\u0159i jsou z mn\u011b bl\u00edzk\u00e9ho kraje.\u00a0 Je to Zahradn\u00edk\u016fv rok a pak Shishinka. To je jeden\u2026","rel":"","context":"V \u201eNeza\u0159azen\u00e9\u201c","block_context":{"text":"Neza\u0159azen\u00e9","link":"https:\/\/kotrla.com\/pmpro\/category\/nezarazene\/"},"img":{"alt_text":"","src":"","width":0,"height":0},"classes":[]},{"id":287,"url":"https:\/\/kotrla.com\/pmpro\/2009\/03\/nabirajici-na-sile\/","url_meta":{"origin":1394,"position":2},"title":"Nab\u00edraj\u00edc\u00ed na s\u00edle","author":"Pavel Kotrla","date":"24.3.2009","format":false,"excerpt":"P\u0159i pohledu na prvn\u00ed t\u0159i leto\u0161n\u00ed \u010d\u00edsla \u010dasopisu Host m\u016f\u017ee m\u00edt \u010dten\u00e1\u0159 radost. Nejenom s postupn\u011b nar\u016fstaj\u00edc\u00edho po\u010dtu stran (112, 132, 136) a tedy z minim\u00e1ln\u011b nar\u016fstaj\u00edc\u00ed s\u00edly h\u0159betu, ale p\u0159edev\u0161\u00edm z celkov\u00e9 prom\u011bny Hosta. Kdy\u017e u\u017e je po n\u00ed, rozum\u011bj po t\u00e9 lo\u0148sk\u00e9, tak u\u017e m\u016f\u017eu zak\u0159ep\u010dit radostn\u011b na\u2026","rel":"","context":"V \u201e\u010cten\u00e1\u0159sk\u00fd den\u00edk\u201c","block_context":{"text":"\u010cten\u00e1\u0159sk\u00fd den\u00edk","link":"https:\/\/kotrla.com\/pmpro\/category\/ctenarsky-denik\/"},"img":{"alt_text":"\u010casopis Host","src":"https:\/\/i0.wp.com\/kotrla.com\/pmpro\/images\/uploads\/host-2009_03.jpg?resize=350%2C200&ssl=1","width":350,"height":200},"classes":[]},{"id":349,"url":"https:\/\/kotrla.com\/pmpro\/2008\/05\/z-bloku-01-ctenar-casopisu-na-konci-obdobi-zimniho-spanku\/","url_meta":{"origin":1394,"position":3},"title":"Z bloku 01: \u010cten\u00e1\u0159 \u010dasopis\u016f na konci obdob\u00ed zimn\u00edho sp\u00e1nku","author":"Pavel Kotrla","date":"16.5.2008","format":false,"excerpt":"Tak jsem se nechal ukecat. \u0158\u00edkal jsem si, \u017ee po t\u0159\u00edap\u016fllet\u00e9m psan\u00ed sloupk\u016f (snad se dokopu k tomu, aby tam bylo \u010dasem v\u0161ech t\u0159iat\u0159icet) pro Host u\u017e do toho jen tak nep\u016fjdu. No, ale pro Tvar jsem v\u017edycky m\u011bl tak trochu slabost. Sloupek vy\u0161el v Tvaru \u010d.9 (01.05.2008) \u010cten\u00e1\u0159 \u010dasopis\u016f\u2026","rel":"","context":"V \u201eSloupky pro Tvar\u201c","block_context":{"text":"Sloupky pro Tvar","link":"https:\/\/kotrla.com\/pmpro\/category\/sloupky-pro-tvar\/"},"img":{"alt_text":"","src":"","width":0,"height":0},"classes":[]},{"id":12,"url":"https:\/\/kotrla.com\/pmpro\/2013\/11\/fotografie-ze-17-vecirku-casopisu-texty-a-krtu-knih\/","url_meta":{"origin":1394,"position":4},"title":"Fotografie ze 17. ve\u010d\u00edrku \u010dasopisu Texty a k\u0159tu knih","author":"Pavel Kotrla","date":"27.11.2013","format":false,"excerpt":"Fotografie z p\u00e1te\u010dn\u00edho ve\u010d\u00edrku \u010dasopisu Texty a k\u0159t\u016f naleznete na str\u00e1nce http:\/\/casopis-texty.cz\/vyrocni-vecirky\/17-vecirek-textu-22-11-2013\/","rel":"","context":"V \u201eLiteratura\u201c","block_context":{"text":"Literatura","link":"https:\/\/kotrla.com\/pmpro\/category\/literatura\/"},"img":{"alt_text":"","src":"","width":0,"height":0},"classes":[]},{"id":30,"url":"https:\/\/kotrla.com\/pmpro\/2013\/07\/texty-61-nove-cislo-literarniho-casopisu\/","url_meta":{"origin":1394,"position":5},"title":"Texty 61 &#8211; nov\u00e9 \u010d\u00edslo liter\u00e1rn\u00edho \u010dasopisu","author":"Pavel Kotrla","date":"20.7.2013","format":false,"excerpt":"Nov\u00e9 \u010d\u00edslo \u010dasopisu Texty m\u016f\u017eete v PDF stahovat z nov\u00fdch str\u00e1nek: http:\/\/casopis-texty.cz\/ Pr\u00e1ce na nov\u00e9m \u010d\u00edsle ji\u017e tak\u00e9 za\u010daly, tak\u017ee se nebojte sv\u00e9 poslat sv\u00e9 p\u0159\u00edsp\u011bvky. Pokud se n\u00e1m budou l\u00edbit, r\u00e1di je otiskneme.","rel":"","context":"V \u201eLiteratura\u201c","block_context":{"text":"Literatura","link":"https:\/\/kotrla.com\/pmpro\/category\/literatura\/"},"img":{"alt_text":"\u010dasopis Texty","src":"https:\/\/i0.wp.com\/kotrla.com\/pmpro\/images\/uploads\/texty_logo.gif?resize=350%2C200&ssl=1","width":350,"height":200},"classes":[]}],"jetpack_sharing_enabled":true,"_links":{"self":[{"href":"https:\/\/kotrla.com\/pmpro\/wp-json\/wp\/v2\/posts\/1394","targetHints":{"allow":["GET"]}}],"collection":[{"href":"https:\/\/kotrla.com\/pmpro\/wp-json\/wp\/v2\/posts"}],"about":[{"href":"https:\/\/kotrla.com\/pmpro\/wp-json\/wp\/v2\/types\/post"}],"author":[{"embeddable":true,"href":"https:\/\/kotrla.com\/pmpro\/wp-json\/wp\/v2\/users\/1"}],"replies":[{"embeddable":true,"href":"https:\/\/kotrla.com\/pmpro\/wp-json\/wp\/v2\/comments?post=1394"}],"version-history":[{"count":0,"href":"https:\/\/kotrla.com\/pmpro\/wp-json\/wp\/v2\/posts\/1394\/revisions"}],"wp:attachment":[{"href":"https:\/\/kotrla.com\/pmpro\/wp-json\/wp\/v2\/media?parent=1394"}],"wp:term":[{"taxonomy":"category","embeddable":true,"href":"https:\/\/kotrla.com\/pmpro\/wp-json\/wp\/v2\/categories?post=1394"},{"taxonomy":"post_tag","embeddable":true,"href":"https:\/\/kotrla.com\/pmpro\/wp-json\/wp\/v2\/tags?post=1394"}],"curies":[{"name":"wp","href":"https:\/\/api.w.org\/{rel}","templated":true}]}}