{"id":1395,"date":"2003-03-14T15:33:29","date_gmt":"2003-03-14T14:33:29","guid":{"rendered":"http:\/\/kotrla.com\/wordpress\/?p=1395"},"modified":"2019-11-21T12:19:39","modified_gmt":"2019-11-21T11:19:39","slug":"czilla-a-muj-sidebar","status":"publish","type":"post","link":"https:\/\/kotrla.com\/pmpro\/2003\/03\/czilla-a-muj-sidebar\/","title":{"rendered":"Czilla a m\u016fj sidebar"},"content":{"rendered":"<p><a href=\"http:\/\/www.czilla.cz\">Czilla<\/a> je \u010desk\u00fd server, kter\u00fd se sna\u017e\u00ed roz\u0161\u00ed\u0159it pov\u011bdom\u00ed o prohl\u00ed\u017ee\u010di <a href=\"http:\/\/www.mozilla.org\">Mozilla<\/a> a jeho mo\u017enostech. Na str\u00e1nce <a href=\"https:\/\/web.archive.org\/web\/20050403162457\/http:\/\/www.czilla.cz:80\/sidebars\/\">http:\/\/www.czilla.cz\/sidebars\/<\/a> te\u010f najdete i m\u016fj sidebar.<br \/>\nJ\u00e1 m\u016f\u017eu Mozillu jenom doporu\u010dit. Dneska ostatn\u011b vy\u0161la nov\u00e1 verze. A pokud nepot\u0159ebujete v\u0161echny funkce, kter\u00e9 nab\u00edz\u00ed, m\u016f\u017eete vyzkou\u0161et &#8222;o\u0159ezanou&#8220; verzi: <a href=\"http:\/\/www.mozilla.org\/projects\/phoenix\/\">Phoenix<\/a>.<\/p>\n","protected":false},"excerpt":{"rendered":"<p>Czilla je \u010desk\u00fd server, kter\u00fd se sna\u017e\u00ed roz\u0161\u00ed\u0159it pov\u011bdom\u00ed o prohl\u00ed\u017ee\u010di Mozilla a jeho mo\u017enostech. Na str\u00e1nce http:\/\/www.czilla.cz\/sidebars\/ te\u010f najdete i m\u016fj sidebar. J\u00e1 m\u016f\u017eu Mozillu jenom doporu\u010dit. Dneska ostatn\u011b vy\u0161la nov\u00e1 verze. A pokud nepot\u0159ebujete v\u0161echny funkce, kter\u00e9 nab\u00edz\u00ed, m\u016f\u017eete vyzkou\u0161et &#8222;o\u0159ezanou&#8220; verzi: Phoenix.<\/p>\n","protected":false},"author":1,"featured_media":0,"comment_status":"open","ping_status":"open","sticky":false,"template":"","format":"standard","meta":{"site-sidebar-layout":"default","site-content-layout":"","ast-site-content-layout":"default","site-content-style":"default","site-sidebar-style":"default","ast-global-header-display":"","ast-banner-title-visibility":"","ast-main-header-display":"","ast-hfb-above-header-display":"","ast-hfb-below-header-display":"","ast-hfb-mobile-header-display":"","site-post-title":"","ast-breadcrumbs-content":"","ast-featured-img":"","footer-sml-layout":"","ast-disable-related-posts":"","theme-transparent-header-meta":"","adv-header-id-meta":"","stick-header-meta":"","header-above-stick-meta":"","header-main-stick-meta":"","header-below-stick-meta":"","astra-migrate-meta-layouts":"default","ast-page-background-enabled":"default","ast-page-background-meta":{"desktop":{"background-color":"var(--ast-global-color-5)","background-image":"","background-repeat":"repeat","background-position":"center center","background-size":"auto","background-attachment":"scroll","background-type":"","background-media":"","overlay-type":"","overlay-color":"","overlay-opacity":"","overlay-gradient":""},"tablet":{"background-color":"","background-image":"","background-repeat":"repeat","background-position":"center center","background-size":"auto","background-attachment":"scroll","background-type":"","background-media":"","overlay-type":"","overlay-color":"","overlay-opacity":"","overlay-gradient":""},"mobile":{"background-color":"","background-image":"","background-repeat":"repeat","background-position":"center center","background-size":"auto","background-attachment":"scroll","background-type":"","background-media":"","overlay-type":"","overlay-color":"","overlay-opacity":"","overlay-gradient":""}},"ast-content-background-meta":{"desktop":{"background-color":"var(--ast-global-color-4)","background-image":"","background-repeat":"repeat","background-position":"center center","background-size":"auto","background-attachment":"scroll","background-type":"","background-media":"","overlay-type":"","overlay-color":"","overlay-opacity":"","overlay-gradient":""},"tablet":{"background-color":"var(--ast-global-color-4)","background-image":"","background-repeat":"repeat","background-position":"center center","background-size":"auto","background-attachment":"scroll","background-type":"","background-media":"","overlay-type":"","overlay-color":"","overlay-opacity":"","overlay-gradient":""},"mobile":{"background-color":"var(--ast-global-color-4)","background-image":"","background-repeat":"repeat","background-position":"center center","background-size":"auto","background-attachment":"scroll","background-type":"","background-media":"","overlay-type":"","overlay-color":"","overlay-opacity":"","overlay-gradient":""}},"jetpack_post_was_ever_published":false,"_jetpack_newsletter_access":"","_jetpack_dont_email_post_to_subs":false,"_jetpack_newsletter_tier_id":0,"_jetpack_memberships_contains_paywalled_content":false,"_jetpack_memberships_contains_paid_content":false,"footnotes":""},"categories":[1],"tags":[],"class_list":["post-1395","post","type-post","status-publish","format-standard","hentry","category-nezarazene"],"jetpack_featured_media_url":"","jetpack_shortlink":"https:\/\/wp.me\/p4mLP7-mv","jetpack-related-posts":[{"id":8865,"url":"https:\/\/kotrla.com\/pmpro\/2021\/07\/libor-sostak-muj-rezavy-svet\/","url_meta":{"origin":1395,"position":0},"title":"Libor So\u0161\u0165\u00e1k &#8211; M\u016fj rezav\u00fd sv\u011bt","author":"Pavel Kotrla","date":"1.7.2021","format":false,"excerpt":"Do konce \u0159\u00edjna m\u016f\u017eete nav\u0161t\u00edvit ve Zbra\u0161ovsk\u00fdch aragonitov\u00fdch jeskyn\u00edch v\u00fdstavu m\u00e9ho p\u0159\u00edtele Libora So\u0161\u0165\u00e1ka \u201eM\u016fj rezav\u00fd kv\u011bt.\u201c Pokud v\u00fdstavu nav\u0161t\u00edv\u00edte v\u00edckr\u00e1t, ur\u010dit\u011b budete moci pozorovat postupn\u00e9 p\u0159ib\u00fdv\u00e1n\u00ed rzi. A tak\u00e9 si st\u00e1le m\u016f\u017eete zakoupit jeho knihu Pa\u0159\u00ed\u017esk\u00fd skic\u00e1k nebo mou sb\u00edrku, kterou ilustroval. Ob\u011b vydalo nakladatelstv\u00ed Klenov.","rel":"","context":"V \u201eOsobn\u00ed\u201c","block_context":{"text":"Osobn\u00ed","link":"https:\/\/kotrla.com\/pmpro\/category\/osobni\/"},"img":{"alt_text":"","src":"https:\/\/i0.wp.com\/kotrla.com\/pmpro\/wp-content\/uploads\/2021\/07\/llibor_sostak_muj_rezavy_svet_IMGP1237-150x150.jpg?resize=350%2C200&ssl=1","width":350,"height":200,"srcset":"https:\/\/i0.wp.com\/kotrla.com\/pmpro\/wp-content\/uploads\/2021\/07\/llibor_sostak_muj_rezavy_svet_IMGP1237-150x150.jpg?resize=350%2C200&ssl=1 1x, https:\/\/i0.wp.com\/kotrla.com\/pmpro\/wp-content\/uploads\/2021\/07\/llibor_sostak_muj_rezavy_svet_IMGP1237-150x150.jpg?resize=525%2C300&ssl=1 1.5x, https:\/\/i0.wp.com\/kotrla.com\/pmpro\/wp-content\/uploads\/2021\/07\/llibor_sostak_muj_rezavy_svet_IMGP1237-150x150.jpg?resize=700%2C400&ssl=1 2x, https:\/\/i0.wp.com\/kotrla.com\/pmpro\/wp-content\/uploads\/2021\/07\/llibor_sostak_muj_rezavy_svet_IMGP1237-150x150.jpg?resize=1050%2C600&ssl=1 3x, https:\/\/i0.wp.com\/kotrla.com\/pmpro\/wp-content\/uploads\/2021\/07\/llibor_sostak_muj_rezavy_svet_IMGP1237-150x150.jpg?resize=1400%2C800&ssl=1 4x"},"classes":[]},{"id":3808,"url":"https:\/\/kotrla.com\/pmpro\/2018\/08\/muj-cas-psat-nastal-az-ted-rozhovor-s-alenou-mornstajnovou\/","url_meta":{"origin":1395,"position":1},"title":"M\u016fj \u010das ps\u00e1t nastal a\u017e te\u010f: rozhovor s Alenou Morn\u0161tajnovou","author":"Pavel Kotrla","date":"27.8.2018","format":false,"excerpt":"Rozhovor, kter\u00fd jsem v hork\u00fdch letn\u00edch dnech po\u0159\u00eddil s Alenou Morn\u0161tajnovou, si m\u016f\u017eete p\u0159e\u010d\u00edst v aktu\u00e1ln\u00edm \u010d\u00edsle T\u00fdden\u00edku Rozhlas.","rel":"","context":"V \u201eFotografie\u201c","block_context":{"text":"Fotografie","link":"https:\/\/kotrla.com\/pmpro\/category\/fotografie\/"},"img":{"alt_text":"T\u00fdden\u00edk Rozhlas 2018\/36","src":"https:\/\/i0.wp.com\/kotrla.com\/pmpro\/wp-content\/uploads\/2018\/08\/tydenik_rozhlas_2018_36.jpg?resize=350%2C200&ssl=1","width":350,"height":200,"srcset":"https:\/\/i0.wp.com\/kotrla.com\/pmpro\/wp-content\/uploads\/2018\/08\/tydenik_rozhlas_2018_36.jpg?resize=350%2C200&ssl=1 1x, https:\/\/i0.wp.com\/kotrla.com\/pmpro\/wp-content\/uploads\/2018\/08\/tydenik_rozhlas_2018_36.jpg?resize=525%2C300&ssl=1 1.5x"},"classes":[]},{"id":1355,"url":"https:\/\/kotrla.com\/pmpro\/2003\/05\/proc-je-muj-vztah-ke-karlu-marxovi-a-sorenu-kerkegardovi-vic-nez-pozitivn\/","url_meta":{"origin":1395,"position":2},"title":"Pro\u010d je m\u016fj vztah ke Karlu Marxovi a S\u00f6renu Kerkegardovi v\u00edc ne\u017e pozitivn&amp;#","author":"Pavel Kotrla","date":"6.5.2003","format":false,"excerpt":"Odpov\u011b\u010f je jednoduch\u00e1. Proto\u017ee se narodili ve stejn\u00fd den jako j\u00e1. Kdybych to nebyl b\u00fdval zjistil teprve v\u010dera, tak u\u017e jsem je m\u011bl r\u00e1d snad i na z\u00e1kladn\u00ed \u0161kole. Tady m\u00e1m na mysli sp\u00ed\u0161 Karla. Sice jsem p\u0159elouskal n\u011bjak\u00e9 \u00faryvky z jeho knih, ale m\u016fj ve\u010dern\u00ed\u010dek to zrovna nen\u00ed. To\u2026","rel":"","context":"V \u201eNeza\u0159azen\u00e9\u201c","block_context":{"text":"Neza\u0159azen\u00e9","link":"https:\/\/kotrla.com\/pmpro\/category\/nezarazene\/"},"img":{"alt_text":"","src":"","width":0,"height":0},"classes":[]},{"id":499,"url":"https:\/\/kotrla.com\/pmpro\/2006\/12\/stari-dobri-jiri-tranovsky-tranoscius-cxiv\/","url_meta":{"origin":1395,"position":3},"title":"STA\u0158\u00cd DOB\u0158\u00cd: Ji\u0159\u00ed T\u0159anovsk\u00fd (Tranoscius) (CXIV.)","author":"Pavel Kotrla","date":"3.12.2006","format":false,"excerpt":"Evangelick\u00fd kn\u011bz, spisovatel (27. b\u0159ezna nebo 9. dubna 1592, T\u011b\u0161\u00edn \u2013 29. kv\u011btna 1637, Liptovsk\u00fd Mikul\u00e1\u0161), autor kancion\u00e1lu Cithara Sanctorum, kter\u00fd v\u00fdrazn\u011b ovlivnil \u010deskou duchovn\u00ed tvorbu. V\u00edce informac\u00ed nab\u00edz\u00ed nap\u0159. heslo na \u010desk\u00e9 Wikipedii, kter\u00e9 by v n\u011bkter\u00fdm m\u00edstech zaslou\u017eilo roz\u0161i\u0159it a poopravit. Zde p\u0159ipojen\u00fd portr\u00e9t zachycuje asi dvacetilet\u00e9ho autora\u2026","rel":"","context":"V \u201eSta\u0159\u00ed dob\u0159\u00ed\u201c","block_context":{"text":"Sta\u0159\u00ed dob\u0159\u00ed","link":"https:\/\/kotrla.com\/pmpro\/category\/stari-dobri\/"},"img":{"alt_text":"Ji\u0159\u00ed T\u0159anovsk\u00fd (Tranoscius)","src":"https:\/\/i0.wp.com\/kotrla.com\/pmpro\/images\/uploads\/jiri_tranovsky.jpg?resize=350%2C200&ssl=1","width":350,"height":200},"classes":[]},{"id":275,"url":"https:\/\/kotrla.com\/pmpro\/2009\/05\/z-ctenarskeho-deniku-buh-muj-blizni\/","url_meta":{"origin":1395,"position":4},"title":"Z \u010dten\u00e1\u0159sk\u00e9ho den\u00edku: B\u016fh &#8211; m\u016fj bli\u017en\u00ed","author":"Pavel Kotrla","date":"16.5.2009","format":false,"excerpt":"Dnes \u017e\u00e1dn\u00e1 pr\u00f3za, poezie, ani \u010dasopisy. By\u0165 ani tyto knihy jsem v posledn\u00ed dob\u011b nezanedb\u00e1val. Na rovinu p\u0159izn\u00e1v\u00e1m, \u017ee kdybych knihu B\u016fh \u2013 m\u016fj bli\u017en\u00ed (vydal Ml\u00fdn) nedostal od jej\u00edho p\u0159ekladatele Martina F\u00e9ra, jinak far\u00e1\u0159e na\u0161eho evangelick\u00e9ho sboru a m\u00e9ho kamar\u00e1da, byla by pravd\u011bpodobnost, \u017ee po n\u00ed s\u00e1hnu celkem mal\u00e1.\u2026","rel":"","context":"V \u201e\u010cten\u00e1\u0159sk\u00fd den\u00edk\u201c","block_context":{"text":"\u010cten\u00e1\u0159sk\u00fd den\u00edk","link":"https:\/\/kotrla.com\/pmpro\/category\/ctenarsky-denik\/"},"img":{"alt_text":"B\u016fh \u2013 m\u016fj bli\u017en\u00ed","src":"https:\/\/i0.wp.com\/kotrla.com\/pmpro\/images\/uploads\/buh.jpg?resize=350%2C200&ssl=1","width":350,"height":200},"classes":[]},{"id":1346,"url":"https:\/\/kotrla.com\/pmpro\/2003\/05\/ze-by-muj-napad-pomohl-vylepsit-jyxo-cz\/","url_meta":{"origin":1395,"position":5},"title":"\u017de by m\u016fj n\u00e1pad pomohl vylep\u0161it Jyxo.cz? ;-)","author":"Pavel Kotrla","date":"16.5.2003","format":false,"excerpt":"Mo\u017en\u00e1. P\u0159ed n\u011bjak\u00fdm \u010dasem jsem toti\u017e zaslal Jyxu.cz e-mail s \u017e\u00e1dost\u00ed o indexaci m\u00e9 dom\u00e9ny, proto\u017ee le\u017e\u00ed mimo CZ. Pot\u011b\u0161ilo mne, \u017ee Jyxo opravdu nyn\u00ed m\u00e9 str\u00e1nky indexuje. V e-mailu jsem psal Michalovi Illichovi i n\u00e1sleduj\u00edc\u00ed: ...Nepremyslel jste nad implementaci slovniku synonym, ktery by nabizel alternativy k hledanym vyrazum? Napriklad\u2026","rel":"","context":"V \u201eNeza\u0159azen\u00e9\u201c","block_context":{"text":"Neza\u0159azen\u00e9","link":"https:\/\/kotrla.com\/pmpro\/category\/nezarazene\/"},"img":{"alt_text":"","src":"","width":0,"height":0},"classes":[]}],"jetpack_sharing_enabled":true,"_links":{"self":[{"href":"https:\/\/kotrla.com\/pmpro\/wp-json\/wp\/v2\/posts\/1395","targetHints":{"allow":["GET"]}}],"collection":[{"href":"https:\/\/kotrla.com\/pmpro\/wp-json\/wp\/v2\/posts"}],"about":[{"href":"https:\/\/kotrla.com\/pmpro\/wp-json\/wp\/v2\/types\/post"}],"author":[{"embeddable":true,"href":"https:\/\/kotrla.com\/pmpro\/wp-json\/wp\/v2\/users\/1"}],"replies":[{"embeddable":true,"href":"https:\/\/kotrla.com\/pmpro\/wp-json\/wp\/v2\/comments?post=1395"}],"version-history":[{"count":0,"href":"https:\/\/kotrla.com\/pmpro\/wp-json\/wp\/v2\/posts\/1395\/revisions"}],"wp:attachment":[{"href":"https:\/\/kotrla.com\/pmpro\/wp-json\/wp\/v2\/media?parent=1395"}],"wp:term":[{"taxonomy":"category","embeddable":true,"href":"https:\/\/kotrla.com\/pmpro\/wp-json\/wp\/v2\/categories?post=1395"},{"taxonomy":"post_tag","embeddable":true,"href":"https:\/\/kotrla.com\/pmpro\/wp-json\/wp\/v2\/tags?post=1395"}],"curies":[{"name":"wp","href":"https:\/\/api.w.org\/{rel}","templated":true}]}}