{"id":1396,"date":"2003-03-14T07:40:01","date_gmt":"2003-03-14T06:40:01","guid":{"rendered":"http:\/\/kotrla.com\/wordpress\/?p=1396"},"modified":"2019-11-25T08:55:19","modified_gmt":"2019-11-25T07:55:19","slug":"jak-na-sidebar-v-mozille-a-hotlist-v-opere","status":"publish","type":"post","link":"https:\/\/kotrla.com\/pmpro\/2003\/03\/jak-na-sidebar-v-mozille-a-hotlist-v-opere\/","title":{"rendered":"Jak na sidebar v Mozille a hotlist v Ope\u0159e"},"content":{"rendered":"<p>\u010ctu a p\u00ed\u0161u. Sl\u00edbil jsem, po\u0161lu recenzi do Aluze a T\u00fdden\u00edku Rozhlas, o jin\u00fdch slibech ani nemluv\u011b. Ale p\u0159esto mi to ned\u00e1, abych nevrtal do t\u011bchto str\u00e1nek.<\/p>\n<p><!--more--><\/p>\n<p>Jak u\u017e jsem psal, RSS je dobr\u00e1 a velmi u\u017eite\u010dn\u00e1 v\u011bc. S jist\u00fdm omezen\u00edm, ne ka\u017ed\u00e9mu vyhovuje zp\u016fsob, kdy by m\u011bl nadpisy \u010dl\u00e1nk\u016f p\u0159ej\u00edmat do sv\u00fdch str\u00e1nek, nebo si je \u010d\u00edst pomoc\u00ed dal\u0161\u00edho software. Pro\u010d k tomu nevyu\u017e\u00edt n\u011bkter\u00fd z prohl\u00ed\u017ee\u010d\u016f? Pro Mozillu je tu sidebar a pro Operu hotlist. Pro IE nic. No, co se d\u00e1 d\u011blat, stejn\u011b ho nepou\u017e\u00edv\u00e1m.<br \/>\nPokud um\u00edte n\u011bjak\u00fdm zp\u016fsobem RSS interpretovat, tak m\u00e1te vyhr\u00e1no. Pokud ne, pak i pro v\u00e1s mohou b\u00fdt n\u00e1sleduj\u00edc\u00ed \u0159\u00e1dky u\u017eite\u010dn\u00e9.<\/p>\n<p><b>Hranat\u00e9 z\u00e1vorky zde byly pou\u017eity pouze pro tento \u010dl\u00e1nek. Pro vlastn\u00ed pot\u0159ebu je nezapome\u0148te nahradit obvykl\u00fdmi z\u00e1vorkami z HTML dokumnet\u016f.<\/b><\/p>\n<p><b>Sidebar pro Mozillu<\/b><\/p>\n<p>N\u00e1vod v anglick\u00e9m jazyce naleznete v \u010dl\u00e1nku <a href=\"https:\/\/web.archive.org\/web\/20041204090358\/http:\/\/devedge.netscape.com:80\/viewsource\/2002\/sidebar\/\">My Sidebar Developer&#8217;s Guide<\/a> na str\u00e1nk\u00e1ch spole\u010dnosti Netscape. V\u010detn\u011b dal\u0161\u00edch odkaz\u016f.<br \/>\nPokud se v\u00e1m nechce touto problematikou prob\u00edrat, pak mo\u017en\u00e1 vysta\u010d\u00edte i s m\u00fdm n\u00e1sleduj\u00edc\u00edm \u0159e\u0161en\u00edm:<\/p>\n<p>Nejprve je dobr\u00e9 v\u011bd\u011bt, \u017ee obsahem sidebaru je oby\u010dejn\u00fd HTML soubor. J\u00e1 do n\u011bj na\u010d\u00edt\u00e1m obsah sv\u00e9ho RSS souboru, kter\u00fd je automaticky generov\u00e1n s ka\u017ed\u00fdm nov\u00fdm \u010dl\u00e1nkem. Sidebarem se HTML soubor stane pom\u011brn\u011b jednodu\u0161e. Sta\u010d\u00ed k tomu n\u011bkolik \u0159\u00e1dk\u016f JavaScriptu. Posta\u010d\u00ed zkop\u00edrovat n\u00e1sleduj\u00edc\u00ed \u0159\u00e1dky do textov\u00e9ho editoru a ulo\u017e\u00edt jako soubor s n\u00e1zvem sidebar.js<\/p>\n<p><code><br \/>\n\/* from Netscape Sidebar Developer&#8217;s Guide *\/<\/p>\n<p>function enableSidebar() {<\/p>\n<p>if ((typeof window.sidebar == \"object\") &amp;&amp; <\/p>\n<p>(typeof window.sidebar.addPanel == \"function\")) {<\/p>\n<p>window.sidebar.addPanel (\"N\u00c1ZEV SIDEBARU\",<\/p>\n<p>\"http:\/\/www.vaseadresa.cz\/soubor.html\",\"\");<\/p>\n<p>}&nbsp; else  { <\/p>\n<p>var rv = window.confirm(\"Sidebar je ur\u010den pouze pro prohl\u00ed\u017ee\u010d \" +<\/p>\n<p>\"Mozilla nebo kompatibiln\u00ed. \" +<\/p>\n<p>\"Chcete si st\u00e1hnout Mozillu?\");<\/p>\n<p>if (rv)<\/p>\n<p>document.location.href = \"http:\/\/www.mozilla.org\/\";<\/p>\n<p>}<\/p>\n<p>}<\/p>\n<p><\/code><\/p>\n<p>Nyn\u00ed sta\u010d\u00ed nahradit dodnoty <b>N\u00c1ZEV SIDEBARU<\/b> a <b>http:\/\/www.vaseadresa.cz\/soubor.html<\/b> vlastn\u00edmi hodnotami. V soubor.html je vlastn\u00ed obsah sidebaru. <\/p>\n<p>Zb\u00fdv\u00e1 jedin\u00e9. Do p\u0159\u00edslu\u0161n\u00e9 str\u00e1nky, odkud chcete, aby sidebar byl vol\u00e1n vlo\u017eit n\u00e1sleduj\u00edc\u00ed k\u00f3d do hlavi\u010dky HTML souboru.<\/p>\n<p><code>[script type=&#8220;text\/javascript&#8221; src=&#8220;sidebar.js&#8221;][\/script]<\/code><\/p>\n<p>a do t\u011bla str\u00e1nky n\u00e1sleduj\u00edc\u00ed.<\/p>\n<p><code>[a href=&#8220;javascript:enableSidebar();&#8221;]sidebar pro Mozillu[\/a]<\/code><\/p>\n<p>To je v\u00edcem\u00e9n\u011b v\u0161e. Pro odkaz na sidebar m\u016f\u017eete pou\u017e\u00edt taky obr\u00e1zek, kter\u00fd naleznete na v\u00fd\u0161e uveden\u00e9 adrese firmy Netscape.<\/p>\n<p><b>Hotlist pro Operu<\/b><\/p>\n<p>S Operou je je\u0161t\u011b to m\u00e9n\u011b komplikovan\u00e9.<\/p>\n<p><code><br \/>\n[url=http:\/\/www.vaseadresa.cz\/soubor.html rel=&#8220;sidebar&#8221; title=&#8220;N\u00c1ZEV SIDEBARU&#8221;]hotlist <br \/>\npro Opera[\/url]\n<\/code>&nbsp; <\/p>\n<p>Magick\u00e9 spojen\u00ed <i>rel=&#8220;sidebar&#8221;<\/i> uvnit\u0159 odkazu za\u0159\u00edd\u00ed v\u0161e pot\u0159ebn\u00e9. <\/p>\n<p>\n<b>URL<\/b> v uveden\u00fdch p\u0159\u00edkladech je shodn\u00fd s tagem <b>A<\/b> v  HTML.<\/p>\n<p><b>Mal\u00fd dodatek<\/b><br \/>\nPokud chcete, aby se V\u00e1m odkazy ze sidebaru a hotlistu otev\u00edraly v okn\u011b prohl\u00ed\u017ee\u010de, nezapome\u0148te u odkaz\u016f doplnit atribut <code> [a href=&#8220;odkaz.html&#8221; target=&#8220;_content&#8221;]odkaz[\/a]<\/code><\/p>\n<p>P\u0159\u00edklady tohoto \u0159e\u0161en\u00ed ostatn\u011b najdete na tituln\u00ed str\u00e1nce tohoto blogu. Grafika teda je\u0161t\u011b nen\u00ed zcela OK, ani u obsahu, ani u ikonek, ale to dopiluji pozd\u011bji. Te\u010f je \u010das na literaturu a pln\u011bn\u00ed slib\u016f. <\/p>\n<p><b>Te\u010dkovi:<\/b> D\u00edky za korekturu!<\/p>\n","protected":false},"excerpt":{"rendered":"<p>\u010ctu a p\u00ed\u0161u. Sl\u00edbil jsem, po\u0161lu recenzi do Aluze a T\u00fdden\u00edku Rozhlas, o jin\u00fdch slibech ani nemluv\u011b. Ale p\u0159esto mi to ned\u00e1, abych nevrtal do t\u011bchto str\u00e1nek.<\/p>\n","protected":false},"author":1,"featured_media":0,"comment_status":"open","ping_status":"open","sticky":false,"template":"","format":"standard","meta":{"site-sidebar-layout":"default","site-content-layout":"","ast-site-content-layout":"default","site-content-style":"default","site-sidebar-style":"default","ast-global-header-display":"","ast-banner-title-visibility":"","ast-main-header-display":"","ast-hfb-above-header-display":"","ast-hfb-below-header-display":"","ast-hfb-mobile-header-display":"","site-post-title":"","ast-breadcrumbs-content":"","ast-featured-img":"","footer-sml-layout":"","ast-disable-related-posts":"","theme-transparent-header-meta":"","adv-header-id-meta":"","stick-header-meta":"","header-above-stick-meta":"","header-main-stick-meta":"","header-below-stick-meta":"","astra-migrate-meta-layouts":"default","ast-page-background-enabled":"default","ast-page-background-meta":{"desktop":{"background-color":"var(--ast-global-color-5)","background-image":"","background-repeat":"repeat","background-position":"center center","background-size":"auto","background-attachment":"scroll","background-type":"","background-media":"","overlay-type":"","overlay-color":"","overlay-opacity":"","overlay-gradient":""},"tablet":{"background-color":"","background-image":"","background-repeat":"repeat","background-position":"center center","background-size":"auto","background-attachment":"scroll","background-type":"","background-media":"","overlay-type":"","overlay-color":"","overlay-opacity":"","overlay-gradient":""},"mobile":{"background-color":"","background-image":"","background-repeat":"repeat","background-position":"center center","background-size":"auto","background-attachment":"scroll","background-type":"","background-media":"","overlay-type":"","overlay-color":"","overlay-opacity":"","overlay-gradient":""}},"ast-content-background-meta":{"desktop":{"background-color":"var(--ast-global-color-4)","background-image":"","background-repeat":"repeat","background-position":"center center","background-size":"auto","background-attachment":"scroll","background-type":"","background-media":"","overlay-type":"","overlay-color":"","overlay-opacity":"","overlay-gradient":""},"tablet":{"background-color":"var(--ast-global-color-4)","background-image":"","background-repeat":"repeat","background-position":"center center","background-size":"auto","background-attachment":"scroll","background-type":"","background-media":"","overlay-type":"","overlay-color":"","overlay-opacity":"","overlay-gradient":""},"mobile":{"background-color":"var(--ast-global-color-4)","background-image":"","background-repeat":"repeat","background-position":"center center","background-size":"auto","background-attachment":"scroll","background-type":"","background-media":"","overlay-type":"","overlay-color":"","overlay-opacity":"","overlay-gradient":""}},"jetpack_post_was_ever_published":false,"_jetpack_newsletter_access":"","_jetpack_dont_email_post_to_subs":false,"_jetpack_newsletter_tier_id":0,"_jetpack_memberships_contains_paywalled_content":false,"_jetpack_memberships_contains_paid_content":false,"footnotes":""},"categories":[1],"tags":[],"class_list":["post-1396","post","type-post","status-publish","format-standard","hentry","category-nezarazene"],"jetpack_featured_media_url":"","jetpack_shortlink":"https:\/\/wp.me\/p4mLP7-mw","jetpack-related-posts":[{"id":23,"url":"https:\/\/kotrla.com\/pmpro\/2013\/09\/ctenarsky-denik-balint-harcos-naivni-rostlina\/","url_meta":{"origin":1396,"position":0},"title":"\u010cten\u00e1\u0159sk\u00fd den\u00edk: B\u00e1lint Harcos &#8211; Naivn\u00ed rostlina","author":"Pavel Kotrla","date":"5.9.2013","format":false,"excerpt":"Znepokojuj\u00edc\u00ed kniha, u kter\u00e9 jsem si klad ot\u00e1zku pro\u010d ji v\u016fbec autor napsal a jestli mi st\u00e1lo za to ji p\u0159e\u010d\u00edst. D\u016fvod, pro\u010d jsem tuhle knihu, vydanou nakladatelstv\u00edm Protimluv, p\u0159e\u010detl j\u00e1 je ale jasn\u00fd. Proto\u017ee ji p\u0159elo\u017eil m\u016fj kamar\u00e1d Tom\u00e1\u0161 Va\u0161ut. A jako obvykle dob\u0159e. Nav\u00edc jazyk je pro tuto\u2026","rel":"","context":"V \u201e\u010cten\u00e1\u0159sk\u00fd den\u00edk\u201c","block_context":{"text":"\u010cten\u00e1\u0159sk\u00fd den\u00edk","link":"https:\/\/kotrla.com\/pmpro\/category\/ctenarsky-denik\/"},"img":{"alt_text":"B\u00e1lint Harcos - Naivn\u00ed rostlina","src":"https:\/\/i0.wp.com\/kotrla.com\/pmpro\/images\/uploads\/balint_harcos_naivni_rostlina.jpg?resize=350%2C200&ssl=1","width":350,"height":200},"classes":[]},{"id":1415,"url":"https:\/\/kotrla.com\/pmpro\/2014\/02\/sbohem-expressionengine\/","url_meta":{"origin":1396,"position":1},"title":"Sbohem, ExpressionEngine&#8230;","author":"Pavel Kotrla","date":"20.2.2014","format":false,"excerpt":"V roce 2003 byly blogy v \u010desk\u00fdch zem\u00edch teprve na vzestupu. Kr\u00e1lem skript\u016f byl pro blogy byl v t\u00e9 dob\u011b (hlavn\u011b v zahrani\u010d\u00ed) MovableType. WordPress je\u0161t\u011b neexistoval. S\u00e1hl jsem tedy po pMachine a pozd\u011bji po n\u00e1stupci ExpressionEngine. A ani v t\u00e9to chv\u00edli nebylo nic, co by mi chyb\u011blo. A byl\u2026","rel":"","context":"V \u201eExpressionEngine \/ pMachine\u201c","block_context":{"text":"ExpressionEngine \/ pMachine","link":"https:\/\/kotrla.com\/pmpro\/category\/expressionengine-pmachine\/"},"img":{"alt_text":"","src":"","width":0,"height":0},"classes":[]},{"id":349,"url":"https:\/\/kotrla.com\/pmpro\/2008\/05\/z-bloku-01-ctenar-casopisu-na-konci-obdobi-zimniho-spanku\/","url_meta":{"origin":1396,"position":2},"title":"Z bloku 01: \u010cten\u00e1\u0159 \u010dasopis\u016f na konci obdob\u00ed zimn\u00edho sp\u00e1nku","author":"Pavel Kotrla","date":"16.5.2008","format":false,"excerpt":"Tak jsem se nechal ukecat. \u0158\u00edkal jsem si, \u017ee po t\u0159\u00edap\u016fllet\u00e9m psan\u00ed sloupk\u016f (snad se dokopu k tomu, aby tam bylo \u010dasem v\u0161ech t\u0159iat\u0159icet) pro Host u\u017e do toho jen tak nep\u016fjdu. No, ale pro Tvar jsem v\u017edycky m\u011bl tak trochu slabost. Sloupek vy\u0161el v Tvaru \u010d.9 (01.05.2008) \u010cten\u00e1\u0159 \u010dasopis\u016f\u2026","rel":"","context":"V \u201eSloupky pro Tvar\u201c","block_context":{"text":"Sloupky pro Tvar","link":"https:\/\/kotrla.com\/pmpro\/category\/sloupky-pro-tvar\/"},"img":{"alt_text":"","src":"","width":0,"height":0},"classes":[]},{"id":592,"url":"https:\/\/kotrla.com\/pmpro\/2006\/03\/ktere-literarni-weblogy-ctu\/","url_meta":{"origin":1396,"position":3},"title":"Kter\u00e9 liter\u00e1rn\u00ed weblogy \u010dtu?","author":"Pavel Kotrla","date":"19.3.2006","format":false,"excerpt":"P\u0159evod star\u00fdch str\u00e1nek z pMachine na ExpressionEngine je v\u00edcem\u00e9n\u011b u konce (pokud nepo\u010d\u00edt\u00e1m je\u0161t\u011b st\u00e1le nedokon\u010denou \u010de\u0161tinu syst\u00e9mu). Zda zprovozn\u00edm p\u016fvodn\u00ed sidebary pro Operu a Mozillu je\u0161t\u011b nev\u00edm, ale kone\u010dn\u011b jsem p\u0159evedl (a hlavn\u011b aktualizoval) m\u016fj star\u00fd seznam \u010desk\u00fdch a sv\u011btov\u00fdch blog\u016f, kter\u00e9 \u010dtu. Nejsou v\u0161echny, zat\u00edm chyb\u00ed t\u0159eba ty\u2026","rel":"","context":"V \u201eOsobn\u00ed\u201c","block_context":{"text":"Osobn\u00ed","link":"https:\/\/kotrla.com\/pmpro\/category\/osobni\/"},"img":{"alt_text":"","src":"","width":0,"height":0},"classes":[]},{"id":1368,"url":"https:\/\/kotrla.com\/pmpro\/2003\/04\/fotografovani-s-digitalnim-fotoaparatem\/","url_meta":{"origin":1396,"position":4},"title":"Fotografov\u00e1n\u00ed s digit\u00e1ln\u00edm fotoapar\u00e1tem","author":"Pavel Kotrla","date":"14.4.2003","format":false,"excerpt":"P\u0159izn\u00e1m se, \u017ee k publikaci Institutu digit\u00e1ln\u00ed fotografie Fotografov\u00e1n\u00ed s digit\u00e1ln\u00edm fotoapar\u00e1tem autor\u016f Ond\u0159eje Neffa, Jana B\u0159eziny a Petra Podhajsk\u00e9ho (jinak Institut digit\u00e1ln\u00ed fotografie) jsem p\u0159istupoval s lehkou ned\u016fv\u011brou. Snad je to t\u00edm, \u017ee je na internetu n\u011bjak \u201ep\u0159eneffov\u00e1no\u201c. Ale byl jsem p\u0159\u00edjemn\u011b p\u0159ekvapen. P\u0159\u00edru\u010dka vy\u0161la v edici Praktick\u00e1 fotografie\u2026","rel":"","context":"V \u201eNeza\u0159azen\u00e9\u201c","block_context":{"text":"Neza\u0159azen\u00e9","link":"https:\/\/kotrla.com\/pmpro\/category\/nezarazene\/"},"img":{"alt_text":"","src":"","width":0,"height":0},"classes":[]},{"id":1399,"url":"https:\/\/kotrla.com\/pmpro\/2003\/03\/proc-pmachine\/","url_meta":{"origin":1396,"position":5},"title":"Pro\u010d pMachine?","author":"Pavel Kotrla","date":"11.3.2003","format":false,"excerpt":"pMachine nepat\u0159\u00ed mezi nejroz\u0161\u00ed\u0159en\u011bj\u0161\u00ed on-line publika\u010dn\u00ed syst\u00e9my. Mo\u017en\u00e1 ani nebude. To ale neznamen\u00e1, \u017ee by v n\u011b\u010dem byl hor\u0161\u00ed. V\u011bt\u0161ina u\u017eivatel\u016f asi pou\u017e\u00edv\u00e1 Blogger (nap\u0159. i Welenoviny). Kdy\u017e\u00a0 tak koukn\u011bte na srovn\u00e1vac\u00ed tabulku na Converteru, kter\u00e1 v\u00e1m t\u0159eba pom\u016f\u017ee ve v\u00fdb\u011bru. Domn\u00edv\u00e1m se, \u017ee pro rozhodov\u00e1n\u00ed je d\u016fle\u017eit\u00e1 podpora ze\u2026","rel":"","context":"V \u201eExpressionEngine \/ pMachine\u201c","block_context":{"text":"ExpressionEngine \/ pMachine","link":"https:\/\/kotrla.com\/pmpro\/category\/expressionengine-pmachine\/"},"img":{"alt_text":"pMachine","src":"https:\/\/i0.wp.com\/kotrla.com\/pmpro\/images\/uploads\/pm01.gif?resize=350%2C200&ssl=1","width":350,"height":200},"classes":[]}],"jetpack_sharing_enabled":true,"_links":{"self":[{"href":"https:\/\/kotrla.com\/pmpro\/wp-json\/wp\/v2\/posts\/1396","targetHints":{"allow":["GET"]}}],"collection":[{"href":"https:\/\/kotrla.com\/pmpro\/wp-json\/wp\/v2\/posts"}],"about":[{"href":"https:\/\/kotrla.com\/pmpro\/wp-json\/wp\/v2\/types\/post"}],"author":[{"embeddable":true,"href":"https:\/\/kotrla.com\/pmpro\/wp-json\/wp\/v2\/users\/1"}],"replies":[{"embeddable":true,"href":"https:\/\/kotrla.com\/pmpro\/wp-json\/wp\/v2\/comments?post=1396"}],"version-history":[{"count":0,"href":"https:\/\/kotrla.com\/pmpro\/wp-json\/wp\/v2\/posts\/1396\/revisions"}],"wp:attachment":[{"href":"https:\/\/kotrla.com\/pmpro\/wp-json\/wp\/v2\/media?parent=1396"}],"wp:term":[{"taxonomy":"category","embeddable":true,"href":"https:\/\/kotrla.com\/pmpro\/wp-json\/wp\/v2\/categories?post=1396"},{"taxonomy":"post_tag","embeddable":true,"href":"https:\/\/kotrla.com\/pmpro\/wp-json\/wp\/v2\/tags?post=1396"}],"curies":[{"name":"wp","href":"https:\/\/api.w.org\/{rel}","templated":true}]}}