{"id":1401,"date":"2003-03-10T15:21:26","date_gmt":"2003-03-10T14:21:26","guid":{"rendered":"http:\/\/kotrla.com\/wordpress\/?p=1401"},"modified":"2019-11-20T22:23:32","modified_gmt":"2019-11-20T21:23:32","slug":"zivel-22","status":"publish","type":"post","link":"https:\/\/kotrla.com\/pmpro\/2003\/03\/zivel-22\/","title":{"rendered":"\u017divel 22"},"content":{"rendered":"<p>Tak kone\u010dn\u011b vy\u0161el nov\u00fd <a href=\"http:\/\/www.zivel.cz\">\u017divel<\/a>, \u010d. 22. Sice u\u017e nejsem na nov\u00e1 \u010d\u00edsla nat\u011b\u0161en jako kdysi, ale stejn\u011b si ho v\u017edycky koup\u00edm. CD m\u00e1 tentokr\u00e1t podtitul Reykjavik sound. Jako poslechovka to ujde. Prvn\u00ed t\u0159i skladby od Dan\u00edela \u00c1g\u00fasta se mi l\u00edbily, ale jinak jsem asi jinde a mimo.<br \/>\n\u010casopis jsem si zat\u00edm pouze prolistoval, ale t\u011b\u0161\u00edm se na \u010dl\u00e1nky Ivana Adamovi\u010de a na pov\u00eddku <a href=\"http:\/\/www.michaelswanwick.com\">Michaela Swanwicka<\/a>, dr\u017eitele ceny Hugo (3x!). Dobrou sci-fi jsem u\u017e teda ne\u010detl p\u011bkn\u011b dlouho. Uvid\u00edme.<br \/>\nVizu\u00e1ln\u011b je \u017divel na obvykl\u00e9 (dobr\u00e9) \u00farovni, m\u00edsty tro\u0161ku obt\u00ed\u017en\u011b \u010diteln\u00e9. Zn\u00e1te n\u011bkdo holandsk\u00fd Pulp? Kdyby m\u011bl \u017divel jeho form\u00e1t (cca o 1\/4 v\u011bt\u0161\u00ed), to by teprve bylo!<\/p>\n","protected":false},"excerpt":{"rendered":"<p>Tak kone\u010dn\u011b vy\u0161el nov\u00fd \u017divel, \u010d. 22. Sice u\u017e nejsem na nov\u00e1 \u010d\u00edsla nat\u011b\u0161en jako kdysi, ale stejn\u011b si ho v\u017edycky koup\u00edm. CD m\u00e1 tentokr\u00e1t podtitul Reykjavik sound. Jako poslechovka to ujde. Prvn\u00ed t\u0159i skladby od Dan\u00edela \u00c1g\u00fasta se mi l\u00edbily, ale jinak jsem asi jinde a mimo. \u010casopis jsem si zat\u00edm pouze prolistoval, ale [&hellip;]<\/p>\n","protected":false},"author":1,"featured_media":0,"comment_status":"open","ping_status":"open","sticky":false,"template":"","format":"standard","meta":{"site-sidebar-layout":"default","site-content-layout":"","ast-site-content-layout":"default","site-content-style":"default","site-sidebar-style":"default","ast-global-header-display":"","ast-banner-title-visibility":"","ast-main-header-display":"","ast-hfb-above-header-display":"","ast-hfb-below-header-display":"","ast-hfb-mobile-header-display":"","site-post-title":"","ast-breadcrumbs-content":"","ast-featured-img":"","footer-sml-layout":"","ast-disable-related-posts":"","theme-transparent-header-meta":"","adv-header-id-meta":"","stick-header-meta":"","header-above-stick-meta":"","header-main-stick-meta":"","header-below-stick-meta":"","astra-migrate-meta-layouts":"default","ast-page-background-enabled":"default","ast-page-background-meta":{"desktop":{"background-color":"var(--ast-global-color-5)","background-image":"","background-repeat":"repeat","background-position":"center center","background-size":"auto","background-attachment":"scroll","background-type":"","background-media":"","overlay-type":"","overlay-color":"","overlay-opacity":"","overlay-gradient":""},"tablet":{"background-color":"","background-image":"","background-repeat":"repeat","background-position":"center center","background-size":"auto","background-attachment":"scroll","background-type":"","background-media":"","overlay-type":"","overlay-color":"","overlay-opacity":"","overlay-gradient":""},"mobile":{"background-color":"","background-image":"","background-repeat":"repeat","background-position":"center center","background-size":"auto","background-attachment":"scroll","background-type":"","background-media":"","overlay-type":"","overlay-color":"","overlay-opacity":"","overlay-gradient":""}},"ast-content-background-meta":{"desktop":{"background-color":"var(--ast-global-color-4)","background-image":"","background-repeat":"repeat","background-position":"center center","background-size":"auto","background-attachment":"scroll","background-type":"","background-media":"","overlay-type":"","overlay-color":"","overlay-opacity":"","overlay-gradient":""},"tablet":{"background-color":"var(--ast-global-color-4)","background-image":"","background-repeat":"repeat","background-position":"center center","background-size":"auto","background-attachment":"scroll","background-type":"","background-media":"","overlay-type":"","overlay-color":"","overlay-opacity":"","overlay-gradient":""},"mobile":{"background-color":"var(--ast-global-color-4)","background-image":"","background-repeat":"repeat","background-position":"center center","background-size":"auto","background-attachment":"scroll","background-type":"","background-media":"","overlay-type":"","overlay-color":"","overlay-opacity":"","overlay-gradient":""}},"jetpack_post_was_ever_published":false,"_jetpack_newsletter_access":"","_jetpack_dont_email_post_to_subs":false,"_jetpack_newsletter_tier_id":0,"_jetpack_memberships_contains_paywalled_content":false,"_jetpack_memberships_contains_paid_content":false,"footnotes":""},"categories":[2],"tags":[],"class_list":["post-1401","post","type-post","status-publish","format-standard","hentry","category-literatura"],"jetpack_featured_media_url":"","jetpack_shortlink":"https:\/\/wp.me\/p4mLP7-mB","jetpack-related-posts":[{"id":1281,"url":"https:\/\/kotrla.com\/pmpro\/2003\/07\/kdo-si-hraje-nezlobi-zivel-25\/","url_meta":{"origin":1401,"position":0},"title":"Kdo si hraje, nezlob\u00ed: \u017divel 25","author":"Pavel Kotrla","date":"22.7.2003","format":false,"excerpt":"\u010cek\u00e1n\u00ed na nov\u00e9 \u010d\u00edslo \u017divlu je v\u017edycky oko\u0159en\u011bno jakousi neidentifikovatelnou d\u00e1vkou nejistoty. Vyjdou je\u0161t\u011b, nebo je ta pauza norm\u00e1ln\u00ed? Nakonec to zat\u00edm v\u017edycky byla na\u0161t\u011bst\u00ed jenom pauza. P\u011btadvac\u00edtka je v\u011bnov\u00e1na t\u00e9matice her. \u010cekal jsem sice o n\u011bco v\u00edc, ale vyhozen\u00e9 pen\u00edze to na\u0161t\u011bst\u00ed nebyly. Dokonce i p\u0159ilo\u017een\u00e9 CD p\u0159\u00edjemn\u011b p\u0159ekvapilo.\u2026","rel":"","context":"V \u201eNeza\u0159azen\u00e9\u201c","block_context":{"text":"Neza\u0159azen\u00e9","link":"https:\/\/kotrla.com\/pmpro\/category\/nezarazene\/"},"img":{"alt_text":"","src":"","width":0,"height":0},"classes":[]},{"id":763,"url":"https:\/\/kotrla.com\/pmpro\/2005\/05\/pout-novinovymi-stanky\/","url_meta":{"origin":1401,"position":1},"title":"Pou\u0165 novinov\u00fdmi st\u00e1nky","author":"Pavel Kotrla","date":"15.5.2005","format":false,"excerpt":"Opravdu jsem m\u011bl dobrou v\u016fli tento t\u00fdden n\u011bco napsat, ale nakonec se mi fakt necht\u011blo. Nen\u00ed to ani tak t\u00edm, \u017ee by nebylo o \u010dem. Jenom se mi necht\u011blo a nav\u00edc jsem \u010detl a \u010detl. Pro \u0161toury: ka\u017ed\u00fd den jednu knihu. Ale nov\u00e9 do\u0161ly :) Proto\u017ee jsem zahl\u00e9dl p\u0159ed \u010dasem\u2026","rel":"","context":"V \u201eNeza\u0159azen\u00e9\u201c","block_context":{"text":"Neza\u0159azen\u00e9","link":"https:\/\/kotrla.com\/pmpro\/category\/nezarazene\/"},"img":{"alt_text":"","src":"","width":0,"height":0},"classes":[]},{"id":1036,"url":"https:\/\/kotrla.com\/pmpro\/2004\/04\/zivel-24\/","url_meta":{"origin":1401,"position":2},"title":"\u017divel 24","author":"Pavel Kotrla","date":"5.4.2004","format":false,"excerpt":"Neuv\u011b\u0159iteln\u00e9! Mnohokr\u00e1t ohla\u0161ovan\u00fd \u017divel 24 je kone\u010dn\u011b venku. Cestou z redakce do tisk\u00e1rny nabral tedy po\u0159\u00e1dn\u00e9 zpo\u017ed\u011bn\u00ed, jak ostatn\u011b dokazuje datace 2003 na p\u0159ilo\u017een\u00e9m CD. O d\u016fvodech, kter\u00e9 k tomu vedly se ostatn\u011b v\u00edce do\u010dtete na domovsk\u00fdch str\u00e1nk\u00e1ch programu. Pro blogerskou ve\u0159ejnost bude pravd\u011bpodobn\u011b nejzaj\u00edmav\u011bj\u0161\u00ed \u010dl\u00e1nek Adama Jav\u016frka o fenom\u00e9nu\u2026","rel":"","context":"V \u201eNeza\u0159azen\u00e9\u201c","block_context":{"text":"Neza\u0159azen\u00e9","link":"https:\/\/kotrla.com\/pmpro\/category\/nezarazene\/"},"img":{"alt_text":"","src":"","width":0,"height":0},"classes":[]},{"id":320,"url":"https:\/\/kotrla.com\/pmpro\/2008\/11\/z-bloku-05-prazdna-mista-na-okraji\/","url_meta":{"origin":1401,"position":3},"title":"Z bloku 05: Pr\u00e1zdn\u00e1 m\u00edsta na okraji","author":"Pavel Kotrla","date":"4.11.2008","format":false,"excerpt":"Sloupek vy\u0161el v Tvaru \u010d. 17 (16.10.2008). Ohlas pak v pond\u011bln\u00edku Vladim\u00edra Novotn\u00e9ho Hroz\u00ed n\u00e1m tis\u00edce \u0160pirit\u016f? P\u0159i brouzd\u00e1n\u00ed, kter\u00e9 se mi v l\u00e9t\u011b a na podzim poda\u0159ilo na\u0161t\u011bst\u00ed omezit na nejnutn\u011bj\u0161\u00ed minimum, jsem narazil sv\u00e9ho \u010dasu na rusk\u00e9 str\u00e1nky, kter\u00e9 se v\u011bnovaly geografick\u00e9mu rozm\u00edst\u011bn\u00ed spisovatel\u016f v t\u00e9to rozs\u00e1hl\u00e9 zemi.\u2026","rel":"","context":"V \u201eSloupky pro Tvar\u201c","block_context":{"text":"Sloupky pro Tvar","link":"https:\/\/kotrla.com\/pmpro\/category\/sloupky-pro-tvar\/"},"img":{"alt_text":"","src":"","width":0,"height":0},"classes":[]},{"id":525,"url":"https:\/\/kotrla.com\/pmpro\/2006\/09\/literarni-casopisy-na-pocatku-skolniho-roku\/","url_meta":{"origin":1401,"position":4},"title":"Liter\u00e1rn\u00ed \u010dasopisy na po\u010d\u00e1tku \u0161koln\u00edho roku","author":"Pavel Kotrla","date":"8.9.2006","format":false,"excerpt":"Moje kdysi pom\u011brn\u011b pravideln\u00e1 \u010dasopiseck\u00e1 hl\u00eddka tu ji\u017e del\u0161\u00ed dobu nebyla. Nen\u00ed to t\u00edm, \u017ee by v\u0161echny p\u0159estaly vych\u00e1zet, by\u0165 l\u00e9to je tradi\u010dn\u00edm oddechov\u00fdm \u010dasem pro Host nebo Tvar. Jenom se mi zd\u00e1lo, \u017ee nen\u00ed n\u011bjak o \u010dem ps\u00e1t. Za\u010dalo to t\u00edm, \u017ee jsem si p\u0159ed n\u011bkolika t\u00fddny pod dlouh\u00e9m\u2026","rel":"","context":"V \u201e\u010cten\u00e1\u0159sk\u00fd den\u00edk\u201c","block_context":{"text":"\u010cten\u00e1\u0159sk\u00fd den\u00edk","link":"https:\/\/kotrla.com\/pmpro\/category\/ctenarsky-denik\/"},"img":{"alt_text":"\u017divel 27","src":"https:\/\/i0.wp.com\/kotrla.com\/pmpro\/images\/uploads\/zivel_27.gif?resize=350%2C200&ssl=1","width":350,"height":200},"classes":[]},{"id":520,"url":"https:\/\/kotrla.com\/pmpro\/2006\/09\/udelal-jsem-si-radost\/","url_meta":{"origin":1401,"position":5},"title":"Ud\u011blal jsem si radost","author":"Pavel Kotrla","date":"19.9.2006","format":false,"excerpt":"P\u0159\u00edb\u011bhy stalet\u00edmi vypr\u00e1v\u011bn\u00e9 autor\u016f Daniela Dr\u00e1paly, Richarda Sobotky a Vojt\u011bcha Bajera s podtitulem Drobn\u00e9 sakr\u00e1ln\u00ed pam\u00e1tky na Ro\u017enovsku jsou mal\u00e1 publikace ve form\u00e1tu A6. Sice u\u017e vy\u0161ly v roce 2004 v edici Ro\u017enovsk\u00e9 mal\u00e9 tisky, ale n\u00e1hodou jsem na n\u011b narazil a\u017e minul\u00fd t\u00fdden. Pravda, m\u00edsty by si kniha zaslou\u017eila\u2026","rel":"","context":"V \u201eLiteratura\u201c","block_context":{"text":"Literatura","link":"https:\/\/kotrla.com\/pmpro\/category\/literatura\/"},"img":{"alt_text":"P\u0159\u00edb\u011bhy stalet\u00edmi vypr\u00e1v\u011bn\u00e9","src":"https:\/\/i0.wp.com\/kotrla.com\/pmpro\/images\/uploads\/pribehy_staletimi_vypravene.png?resize=350%2C200&ssl=1","width":350,"height":200},"classes":[]}],"jetpack_sharing_enabled":true,"_links":{"self":[{"href":"https:\/\/kotrla.com\/pmpro\/wp-json\/wp\/v2\/posts\/1401","targetHints":{"allow":["GET"]}}],"collection":[{"href":"https:\/\/kotrla.com\/pmpro\/wp-json\/wp\/v2\/posts"}],"about":[{"href":"https:\/\/kotrla.com\/pmpro\/wp-json\/wp\/v2\/types\/post"}],"author":[{"embeddable":true,"href":"https:\/\/kotrla.com\/pmpro\/wp-json\/wp\/v2\/users\/1"}],"replies":[{"embeddable":true,"href":"https:\/\/kotrla.com\/pmpro\/wp-json\/wp\/v2\/comments?post=1401"}],"version-history":[{"count":0,"href":"https:\/\/kotrla.com\/pmpro\/wp-json\/wp\/v2\/posts\/1401\/revisions"}],"wp:attachment":[{"href":"https:\/\/kotrla.com\/pmpro\/wp-json\/wp\/v2\/media?parent=1401"}],"wp:term":[{"taxonomy":"category","embeddable":true,"href":"https:\/\/kotrla.com\/pmpro\/wp-json\/wp\/v2\/categories?post=1401"},{"taxonomy":"post_tag","embeddable":true,"href":"https:\/\/kotrla.com\/pmpro\/wp-json\/wp\/v2\/tags?post=1401"}],"curies":[{"name":"wp","href":"https:\/\/api.w.org\/{rel}","templated":true}]}}