{"id":1402,"date":"2003-03-07T10:32:26","date_gmt":"2003-03-07T09:32:26","guid":{"rendered":"http:\/\/kotrla.com\/wordpress\/?p=1402"},"modified":"2019-11-21T12:33:58","modified_gmt":"2019-11-21T11:33:58","slug":"cteni-petry-hulove","status":"publish","type":"post","link":"https:\/\/kotrla.com\/pmpro\/2003\/03\/cteni-petry-hulove\/","title":{"rendered":"\u010cten\u00ed Petry H\u016flov\u00e9"},"content":{"rendered":"<p><img loading=\"lazy\" decoding=\"async\" src=\"https:\/\/kotrla.com\/pmpro\/images\/uploads\/petra_hulova.jpg\" border=\"0\" alt=\"Petra H\u016flov\u00e1 (VS, 7. b\u0159ezna 2003)\" name=\"Petra H\u016flov\u00e1 (VS, 7. b\u0159ezna 2003)\" width=\"400\" height=\"300\" \/> <\/p>\n<p><b>Petra H\u016flov\u00e1<\/b> je zn\u00e1m\u00e1 a u m\u00e9di\u00ed obl\u00edben\u00e1 d\u00edky sv\u00e9 knize, prvotin\u011b, <b>Pam\u011b\u0165 moj\u00ed babi\u010dce<\/b>, vydal Torst (2002). Bohu\u017eel jsem si ji je\u0161t\u011b nesta\u010dil p\u0159e\u010d\u00edst. Ale uk\u00e1zky v pod\u00e1n\u00ed autorky byly p\u0159esv\u011bd\u010div\u00e9. Dokonce byl pln\u00fd s\u00e1l. P\u0159\u00edjemn\u00e9 p\u0159ekvapen\u00ed.<\/p>\n<p><a href=\"https:\/\/web.archive.org\/web\/20041226011250\/http:\/\/www.torst.cz:80\/czech\/review.asp?pubid=277\">http:\/\/www.torst.cz\/czech\/review.asp?pubid=277<\/a><br \/>\n<a href=\"http:\/\/www.iliteratura.cz\/knihy\/archiv\/autori\/hulova\/pameti.htm\">http:\/\/www.iliteratura.cz\/knihy\/archiv\/autori\/hulova\/pameti.htm<\/a><br \/>\n<a href=\"http:\/\/www.rozhlas.cz\/izurnal\/publ2na1\/_zprava\/52716\">http:\/\/www.rozhlas.cz\/izurnal\/publ2na1\/_zprava\/52716<\/a><\/p>\n","protected":false},"excerpt":{"rendered":"<p>Petra H\u016flov\u00e1 je zn\u00e1m\u00e1 a u m\u00e9di\u00ed obl\u00edben\u00e1 d\u00edky sv\u00e9 knize, prvotin\u011b, Pam\u011b\u0165 moj\u00ed babi\u010dce, vydal Torst (2002). Bohu\u017eel jsem si ji je\u0161t\u011b nesta\u010dil p\u0159e\u010d\u00edst. Ale uk\u00e1zky v pod\u00e1n\u00ed autorky byly p\u0159esv\u011bd\u010div\u00e9. Dokonce byl pln\u00fd s\u00e1l. P\u0159\u00edjemn\u00e9 p\u0159ekvapen\u00ed. http:\/\/www.torst.cz\/czech\/review.asp?pubid=277 http:\/\/www.iliteratura.cz\/knihy\/archiv\/autori\/hulova\/pameti.htm http:\/\/www.rozhlas.cz\/izurnal\/publ2na1\/_zprava\/52716<\/p>\n","protected":false},"author":1,"featured_media":0,"comment_status":"open","ping_status":"open","sticky":false,"template":"","format":"standard","meta":{"site-sidebar-layout":"default","site-content-layout":"","ast-site-content-layout":"default","site-content-style":"default","site-sidebar-style":"default","ast-global-header-display":"","ast-banner-title-visibility":"","ast-main-header-display":"","ast-hfb-above-header-display":"","ast-hfb-below-header-display":"","ast-hfb-mobile-header-display":"","site-post-title":"","ast-breadcrumbs-content":"","ast-featured-img":"","footer-sml-layout":"","ast-disable-related-posts":"","theme-transparent-header-meta":"","adv-header-id-meta":"","stick-header-meta":"","header-above-stick-meta":"","header-main-stick-meta":"","header-below-stick-meta":"","astra-migrate-meta-layouts":"default","ast-page-background-enabled":"default","ast-page-background-meta":{"desktop":{"background-color":"var(--ast-global-color-5)","background-image":"","background-repeat":"repeat","background-position":"center center","background-size":"auto","background-attachment":"scroll","background-type":"","background-media":"","overlay-type":"","overlay-color":"","overlay-opacity":"","overlay-gradient":""},"tablet":{"background-color":"","background-image":"","background-repeat":"repeat","background-position":"center center","background-size":"auto","background-attachment":"scroll","background-type":"","background-media":"","overlay-type":"","overlay-color":"","overlay-opacity":"","overlay-gradient":""},"mobile":{"background-color":"","background-image":"","background-repeat":"repeat","background-position":"center center","background-size":"auto","background-attachment":"scroll","background-type":"","background-media":"","overlay-type":"","overlay-color":"","overlay-opacity":"","overlay-gradient":""}},"ast-content-background-meta":{"desktop":{"background-color":"var(--ast-global-color-4)","background-image":"","background-repeat":"repeat","background-position":"center center","background-size":"auto","background-attachment":"scroll","background-type":"","background-media":"","overlay-type":"","overlay-color":"","overlay-opacity":"","overlay-gradient":""},"tablet":{"background-color":"var(--ast-global-color-4)","background-image":"","background-repeat":"repeat","background-position":"center center","background-size":"auto","background-attachment":"scroll","background-type":"","background-media":"","overlay-type":"","overlay-color":"","overlay-opacity":"","overlay-gradient":""},"mobile":{"background-color":"var(--ast-global-color-4)","background-image":"","background-repeat":"repeat","background-position":"center center","background-size":"auto","background-attachment":"scroll","background-type":"","background-media":"","overlay-type":"","overlay-color":"","overlay-opacity":"","overlay-gradient":""}},"jetpack_post_was_ever_published":false,"_jetpack_newsletter_access":"","_jetpack_dont_email_post_to_subs":false,"_jetpack_newsletter_tier_id":0,"_jetpack_memberships_contains_paywalled_content":false,"_jetpack_memberships_contains_paid_content":false,"footnotes":""},"categories":[2],"tags":[],"class_list":["post-1402","post","type-post","status-publish","format-standard","hentry","category-literatura"],"jetpack_featured_media_url":"","jetpack_shortlink":"https:\/\/wp.me\/p4mLP7-mC","jetpack-related-posts":[{"id":3405,"url":"https:\/\/kotrla.com\/pmpro\/2017\/11\/petra-hulova\/","url_meta":{"origin":1402,"position":0},"title":"Petra H\u016flov\u00e1","author":"Pavel Kotrla","date":"9.11.2017","format":false,"excerpt":"Z dne\u0161n\u00edho \u010dten\u00ed Petry H\u016flov\u00e9 ve vset\u00ednsk\u00e9 knihovn\u011b. N\u00e1vrat po v\u00edce ne\u017e \u010dtrn\u00e1cti letech (a jeden z prvn\u00edch p\u0159\u00edsp\u011bvk\u016f na blogu). A op\u011bt pom\u011brn\u011b po\u010detn\u00e9 publikum. Dobr\u00e1, na Vset\u00edn a na literaturu v\u00edc ne\u017e po\u010detn\u00e9. N\u011bkte\u0159\u00ed se sice o\u0161\u00edvali, ale... :)","rel":"","context":"V \u201eFotografie\u201c","block_context":{"text":"Fotografie","link":"https:\/\/kotrla.com\/pmpro\/category\/fotografie\/"},"img":{"alt_text":"Petra H\u016flov\u00e1","src":"https:\/\/i0.wp.com\/kotrla.com\/pmpro\/wp-content\/uploads\/2017\/11\/petra_hulova_IMGP1635.jpg?resize=350%2C200&ssl=1","width":350,"height":200,"srcset":"https:\/\/i0.wp.com\/kotrla.com\/pmpro\/wp-content\/uploads\/2017\/11\/petra_hulova_IMGP1635.jpg?resize=350%2C200&ssl=1 1x, https:\/\/i0.wp.com\/kotrla.com\/pmpro\/wp-content\/uploads\/2017\/11\/petra_hulova_IMGP1635.jpg?resize=525%2C300&ssl=1 1.5x, https:\/\/i0.wp.com\/kotrla.com\/pmpro\/wp-content\/uploads\/2017\/11\/petra_hulova_IMGP1635.jpg?resize=700%2C400&ssl=1 2x, https:\/\/i0.wp.com\/kotrla.com\/pmpro\/wp-content\/uploads\/2017\/11\/petra_hulova_IMGP1635.jpg?resize=1050%2C600&ssl=1 3x"},"classes":[]},{"id":631,"url":"https:\/\/kotrla.com\/pmpro\/2006\/01\/petra-hulova-potreti\/","url_meta":{"origin":1402,"position":1},"title":"Petra H\u016flov\u00e1 pot\u0159et\u00ed","author":"Pavel Kotrla","date":"7.1.2006","format":false,"excerpt":"Posledn\u00ed kniha Petry H\u016flov\u00e9 pozb\u00edrala v anket\u011b Lidov\u00fdch novin Kniha roku 2005 n\u011bjak\u00e9 ty hlasy. Mate mne pro\u010d. J\u00e1 z t\u00e9 knihy odv\u00e1zan\u00fd nebyl, viz aktu\u00e1ln\u011b moje recenze na port\u00e1lu \u010cesk\u00e9ho rozhlasu. Nev\u00edm, ale m\u00e1m takov\u00fd utkv\u011bl\u00fd pocit, \u017ee tuto knihu u\u017e podruh\u00e9 \u010d\u00edst nebudu.","rel":"","context":"V \u201eRecenze\u201c","block_context":{"text":"Recenze","link":"https:\/\/kotrla.com\/pmpro\/category\/recenze\/"},"img":{"alt_text":"Petra H\u016flov\u00e1: Cirkus Les M\u00e9moires ","src":"https:\/\/i0.wp.com\/kotrla.com\/pmpro\/images\/uploads\/hulova_cirkus.jpg?resize=350%2C200&ssl=1","width":350,"height":200},"classes":[]},{"id":3337,"url":"https:\/\/kotrla.com\/pmpro\/2017\/09\/kam-za-literaturou-podzim-2017\/","url_meta":{"origin":1402,"position":2},"title":"Kam za literaturou (podzim 2017)?","author":"Pavel Kotrla","date":"25.9.2017","format":false,"excerpt":"Bez n\u00e1rok\u016f na \u00faplnost, p\u0159ehled liter\u00e1rn\u00edch akci na Vala\u0161sku a v bl\u00edzk\u00e9m okol\u00ed. Na \u00favod tedy pozv\u00e1n\u00ed na jednu moji akci\u010dku, pak u\u017e v \u010dasov\u00e9 posloupnosti. JAK FILMOV\u00dd RE\u017dIS\u00c9R FRANTI\u0160EK \u010c\u00c1P K BESKYD\u00c1M A SLOVINSKU P\u0158I\u0160EL (BESEDY) 10. 10. 17 17:00, Spole\u010densk\u00fd s\u00e1l knihovny, Masarykova knihovna Vset\u00edn Komponovan\u00fd podve\u010der u\u2026","rel":"","context":"V \u201eLiteratura\u201c","block_context":{"text":"Literatura","link":"https:\/\/kotrla.com\/pmpro\/category\/literatura\/"},"img":{"alt_text":"","src":"","width":0,"height":0},"classes":[]},{"id":348,"url":"https:\/\/kotrla.com\/pmpro\/2008\/05\/ctenar-pismenek\/","url_meta":{"origin":1402,"position":3},"title":"\u010cten\u00e1\u0159 p\u00edsmenek","author":"Pavel Kotrla","date":"25.5.2008","format":false,"excerpt":"Dnes drobn\u00e9 pozn\u00e1mky nad p\u0159e\u010dten\u00fdmi knihami i \u010dasopisy pohromad\u011b. Tak Ps\u00ed v\u00edno m\u00e1 novou grafiku a typografickou \u00fapravu. Zm\u011bna k lep\u0161\u00edmu. Duch otce zakladatele se stejn\u011b vytratil a grafika byla sou\u010dasn\u00e9mu obsahu na obt\u00ed\u017e. \u010c\u00edslo p\u0159edchoz\u00ed mne p\u0159\u00edli\u0161 nezaujalo, to aktu\u00e1ln\u00ed je lep\u0161\u00ed. \u010casopis se op\u011bt v\u011bnuje poezii, tak jak\u2026","rel":"","context":"V \u201e\u010cten\u00e1\u0159sk\u00fd den\u00edk\u201c","block_context":{"text":"\u010cten\u00e1\u0159sk\u00fd den\u00edk","link":"https:\/\/kotrla.com\/pmpro\/category\/ctenarsky-denik\/"},"img":{"alt_text":"","src":"","width":0,"height":0},"classes":[]},{"id":311,"url":"https:\/\/kotrla.com\/pmpro\/2008\/12\/z-bloku-06-renesance\/","url_meta":{"origin":1402,"position":4},"title":"Z bloku 06: Renesance","author":"Pavel Kotrla","date":"16.12.2008","format":false,"excerpt":"Sloupek vy\u0161el v Tvaru \u010d. 19 (13.11.2008). Nejenom tento podzimu m\u00e1m dojem, \u017ee o literatu\u0159e se p\u00ed\u0161e v\u00edc ne\u017e se p\u00ed\u0161e literatura samotn\u00e1. A l\u00e1mu si hlavu, zda m\u00e1m trp\u011bt v\u00fd\u010ditkami sv\u011bdom\u00ed, \u017ee k tomu p\u0159isp\u00edv\u00e1m taky. Chvilku se pak v t\u00e9 souvislosti tr\u00e1p\u00edm, co zaj\u00edmav\u00e9ho jsem v posledn\u00edch m\u011bs\u00edc\u00edch\u2026","rel":"","context":"V \u201eLiteratura\u201c","block_context":{"text":"Literatura","link":"https:\/\/kotrla.com\/pmpro\/category\/literatura\/"},"img":{"alt_text":"","src":"","width":0,"height":0},"classes":[]}],"jetpack_sharing_enabled":true,"_links":{"self":[{"href":"https:\/\/kotrla.com\/pmpro\/wp-json\/wp\/v2\/posts\/1402","targetHints":{"allow":["GET"]}}],"collection":[{"href":"https:\/\/kotrla.com\/pmpro\/wp-json\/wp\/v2\/posts"}],"about":[{"href":"https:\/\/kotrla.com\/pmpro\/wp-json\/wp\/v2\/types\/post"}],"author":[{"embeddable":true,"href":"https:\/\/kotrla.com\/pmpro\/wp-json\/wp\/v2\/users\/1"}],"replies":[{"embeddable":true,"href":"https:\/\/kotrla.com\/pmpro\/wp-json\/wp\/v2\/comments?post=1402"}],"version-history":[{"count":0,"href":"https:\/\/kotrla.com\/pmpro\/wp-json\/wp\/v2\/posts\/1402\/revisions"}],"wp:attachment":[{"href":"https:\/\/kotrla.com\/pmpro\/wp-json\/wp\/v2\/media?parent=1402"}],"wp:term":[{"taxonomy":"category","embeddable":true,"href":"https:\/\/kotrla.com\/pmpro\/wp-json\/wp\/v2\/categories?post=1402"},{"taxonomy":"post_tag","embeddable":true,"href":"https:\/\/kotrla.com\/pmpro\/wp-json\/wp\/v2\/tags?post=1402"}],"curies":[{"name":"wp","href":"https:\/\/api.w.org\/{rel}","templated":true}]}}