{"id":142,"date":"2011-07-11T11:24:51","date_gmt":"2011-07-11T10:24:51","guid":{"rendered":"http:\/\/kotrla.com\/wordpress\/?p=142"},"modified":"2019-11-20T22:39:11","modified_gmt":"2019-11-20T21:39:11","slug":"zemrel-mojmir-travnicek","status":"publish","type":"post","link":"https:\/\/kotrla.com\/pmpro\/2011\/07\/zemrel-mojmir-travnicek\/","title":{"rendered":"Zem\u0159el Mojm\u00edr Tr\u00e1vn\u00ed\u010dek"},"content":{"rendered":"<p>Pan Tr\u00e1vn\u00ed\u010dek n\u00e1m ji\u017e \u017e\u00e1dn\u00fd p\u0159\u00edsp\u011bvek nepo\u0161le, zem\u0159el v p\u00e1tek 8. 7. 2011. <br \/>\n(Fotografie jsou z autogrami\u00e1dy jeho posledn\u00ed knihy v roce 2009.)<\/p>\n<p><img loading=\"lazy\" decoding=\"async\" src=\"https:\/\/kotrla.com\/pmpro\/images\/uploads\/mojmir_travnicek0001.jpg\" border=\"0\" alt=\"Mojm\u00edr Tr\u00e1vn\u00ed\u010dek\" width=\"420\" height=\"281\" \/><\/p>\n<p><img loading=\"lazy\" decoding=\"async\" src=\"https:\/\/kotrla.com\/pmpro\/images\/uploads\/mojmir_travnicek0006.jpg\" border=\"0\" alt=\"Mojm\u00edr Tr\u00e1vn\u00ed\u010dek\" width=\"420\" height=\"281\" \/><\/p>\n<p><img loading=\"lazy\" decoding=\"async\" src=\"https:\/\/kotrla.com\/pmpro\/images\/uploads\/mojmir_travnicek0007.jpg\" border=\"0\" alt=\"Mojm\u00edr Tr\u00e1vn\u00ed\u010dek\" width=\"420\" height=\"281\" \/><\/p>\n","protected":false},"excerpt":{"rendered":"<p>Pan Tr\u00e1vn\u00ed\u010dek n\u00e1m ji\u017e \u017e\u00e1dn\u00fd p\u0159\u00edsp\u011bvek nepo\u0161le, zem\u0159el v p\u00e1tek 8. 7. 2011. (Fotografie jsou z autogrami\u00e1dy jeho posledn\u00ed knihy v roce 2009.)<\/p>\n","protected":false},"author":1,"featured_media":0,"comment_status":"open","ping_status":"open","sticky":false,"template":"","format":"standard","meta":{"site-sidebar-layout":"default","site-content-layout":"","ast-site-content-layout":"default","site-content-style":"default","site-sidebar-style":"default","ast-global-header-display":"","ast-banner-title-visibility":"","ast-main-header-display":"","ast-hfb-above-header-display":"","ast-hfb-below-header-display":"","ast-hfb-mobile-header-display":"","site-post-title":"","ast-breadcrumbs-content":"","ast-featured-img":"","footer-sml-layout":"","ast-disable-related-posts":"","theme-transparent-header-meta":"","adv-header-id-meta":"","stick-header-meta":"","header-above-stick-meta":"","header-main-stick-meta":"","header-below-stick-meta":"","astra-migrate-meta-layouts":"default","ast-page-background-enabled":"default","ast-page-background-meta":{"desktop":{"background-color":"var(--ast-global-color-5)","background-image":"","background-repeat":"repeat","background-position":"center center","background-size":"auto","background-attachment":"scroll","background-type":"","background-media":"","overlay-type":"","overlay-color":"","overlay-opacity":"","overlay-gradient":""},"tablet":{"background-color":"","background-image":"","background-repeat":"repeat","background-position":"center center","background-size":"auto","background-attachment":"scroll","background-type":"","background-media":"","overlay-type":"","overlay-color":"","overlay-opacity":"","overlay-gradient":""},"mobile":{"background-color":"","background-image":"","background-repeat":"repeat","background-position":"center center","background-size":"auto","background-attachment":"scroll","background-type":"","background-media":"","overlay-type":"","overlay-color":"","overlay-opacity":"","overlay-gradient":""}},"ast-content-background-meta":{"desktop":{"background-color":"var(--ast-global-color-4)","background-image":"","background-repeat":"repeat","background-position":"center center","background-size":"auto","background-attachment":"scroll","background-type":"","background-media":"","overlay-type":"","overlay-color":"","overlay-opacity":"","overlay-gradient":""},"tablet":{"background-color":"var(--ast-global-color-4)","background-image":"","background-repeat":"repeat","background-position":"center center","background-size":"auto","background-attachment":"scroll","background-type":"","background-media":"","overlay-type":"","overlay-color":"","overlay-opacity":"","overlay-gradient":""},"mobile":{"background-color":"var(--ast-global-color-4)","background-image":"","background-repeat":"repeat","background-position":"center center","background-size":"auto","background-attachment":"scroll","background-type":"","background-media":"","overlay-type":"","overlay-color":"","overlay-opacity":"","overlay-gradient":""}},"jetpack_post_was_ever_published":false,"_jetpack_newsletter_access":"","_jetpack_dont_email_post_to_subs":false,"_jetpack_newsletter_tier_id":0,"_jetpack_memberships_contains_paywalled_content":false,"_jetpack_memberships_contains_paid_content":false,"footnotes":""},"categories":[7,2,3],"tags":[],"class_list":["post-142","post","type-post","status-publish","format-standard","hentry","category-fotografie","category-literatura","category-osobni"],"jetpack_featured_media_url":"","jetpack_shortlink":"https:\/\/wp.me\/p4mLP7-2i","jetpack-related-posts":[{"id":3032,"url":"https:\/\/kotrla.com\/pmpro\/2016\/12\/zemrel-zdenek-hartinger-1938-2016\/","url_meta":{"origin":142,"position":0},"title":"Zem\u0159el Zden\u011bk Hartinger (1938-2016)","author":"Pavel Kotrla","date":"3.12.2016","format":false,"excerpt":"Jedna smutn\u00e1 zpr\u00e1va z tohoto t\u00fddne. \u0160koda, \u017ee jedinou jeho vydanou knihou z\u016fst\u00e1v\u00e1 jen ta, kterou jsme spole\u010dn\u011b dali dohromady pro sol\u00e1\u0148skou edici (foto ze k\u0159tu). P\u0159itom z\u00e1b\u011br\u016f by bylo na n\u011bkolik dal\u0161\u00edch. A to nejenom vala\u0161sk\u00e9 krajiny, kter\u00e9 se v\u011bnoval nejv\u00edc. Sta\u010d\u00ed si vzpomenout na jeho retrospektivn\u00ed v\u00fdstavy sahaj\u00edc\u00ed\u2026","rel":"","context":"V \u201eFotografie\u201c","block_context":{"text":"Fotografie","link":"https:\/\/kotrla.com\/pmpro\/category\/fotografie\/"},"img":{"alt_text":"Zden\u011bk Hartinger (1938-2016)","src":"https:\/\/i0.wp.com\/kotrla.com\/pmpro\/wp-content\/uploads\/2016\/12\/zdenek_hartinger_IMG6375.jpg?resize=350%2C200&ssl=1","width":350,"height":200,"srcset":"https:\/\/i0.wp.com\/kotrla.com\/pmpro\/wp-content\/uploads\/2016\/12\/zdenek_hartinger_IMG6375.jpg?resize=350%2C200&ssl=1 1x, https:\/\/i0.wp.com\/kotrla.com\/pmpro\/wp-content\/uploads\/2016\/12\/zdenek_hartinger_IMG6375.jpg?resize=525%2C300&ssl=1 1.5x, https:\/\/i0.wp.com\/kotrla.com\/pmpro\/wp-content\/uploads\/2016\/12\/zdenek_hartinger_IMG6375.jpg?resize=700%2C400&ssl=1 2x, https:\/\/i0.wp.com\/kotrla.com\/pmpro\/wp-content\/uploads\/2016\/12\/zdenek_hartinger_IMG6375.jpg?resize=1050%2C600&ssl=1 3x"},"classes":[]},{"id":2603,"url":"https:\/\/kotrla.com\/pmpro\/2015\/11\/karel-vyslouzil-1927-2015\/","url_meta":{"origin":142,"position":1},"title":"Karel Vyslou\u017eil (1927\u20132015)","author":"Pavel Kotrla","date":"2.11.2015","format":false,"excerpt":"27. 10. 2015 zem\u0159el Karel Vyslou\u017eil, b\u00e1sn\u00edk a esejista.\u00a0Poh\u0159eb se uskute\u010dn\u00ed\u00a007. 11. 2015 v 14:30 ve vset\u00ednsk\u00e9m katolick\u00e9m\u00a0kostele. Profil Karla Vyslou\u017eila na\u00a0\u00dastavu pro studium totalitn\u00edch re\u017eim\u016f Recenze Dalibora Maliny na str\u00e1nk\u00e1ch Text\u016f Usedl-li kdy duch z nebe r\u00e1d na zemi, usedl na pas\u00ednku\u2026 (m\u016fj rozhovor s KV pro Host \u010d.\u2026","rel":"","context":"V \u201eFotografie\u201c","block_context":{"text":"Fotografie","link":"https:\/\/kotrla.com\/pmpro\/category\/fotografie\/"},"img":{"alt_text":"","src":"https:\/\/i0.wp.com\/kotrla.com\/pmpro\/wp-content\/uploads\/2015\/11\/Vyslouzil_Karel_3.jpg?resize=350%2C200&ssl=1","width":350,"height":200,"srcset":"https:\/\/i0.wp.com\/kotrla.com\/pmpro\/wp-content\/uploads\/2015\/11\/Vyslouzil_Karel_3.jpg?resize=350%2C200&ssl=1 1x, https:\/\/i0.wp.com\/kotrla.com\/pmpro\/wp-content\/uploads\/2015\/11\/Vyslouzil_Karel_3.jpg?resize=525%2C300&ssl=1 1.5x, https:\/\/i0.wp.com\/kotrla.com\/pmpro\/wp-content\/uploads\/2015\/11\/Vyslouzil_Karel_3.jpg?resize=700%2C400&ssl=1 2x, https:\/\/i0.wp.com\/kotrla.com\/pmpro\/wp-content\/uploads\/2015\/11\/Vyslouzil_Karel_3.jpg?resize=1050%2C600&ssl=1 3x"},"classes":[]},{"id":445,"url":"https:\/\/kotrla.com\/pmpro\/2007\/06\/zemrel-richard-rorty\/","url_meta":{"origin":142,"position":2},"title":"Zem\u0159el Richard Rorty","author":"Pavel Kotrla","date":"11.6.2007","format":false,"excerpt":"(4. \u0159\u00edjna 1931 - 8. \u010dervna 2007) Trochu se skluzem, ale v \u010cech\u00e1ch smrt tohoto v\u00fdznamn\u00e9ho americk\u00e9ho filozofa zat\u00edm unikla pozornosti; via NYTimes. V\u00edce o Rortymna anglick\u00e9 Wikipedii","rel":"","context":"V \u201eOstatn\u00ed\u201c","block_context":{"text":"Ostatn\u00ed","link":"https:\/\/kotrla.com\/pmpro\/category\/ostatni\/"},"img":{"alt_text":"","src":"","width":0,"height":0},"classes":[]},{"id":10114,"url":"https:\/\/kotrla.com\/pmpro\/2022\/12\/antonin-bajaja-1942-2022\/","url_meta":{"origin":142,"position":3},"title":"Anton\u00edn Bajaja (1942-2022)","author":"Pavel Kotrla","date":"17.12.2022","format":false,"excerpt":"\u201eP\u00e1jo, vol\u00e1 ti n\u011bjak\u00fd princ,\u201c oz\u00fdv\u00e1 se ze sm\u00edchem z hlubin d\u00e1vnov\u011bku a kr\u00e1lovstv\u00ed pevn\u00fdch linek moje \u0161vagrov\u00e1. Byla to za ta l\u00e9ta s Tondou vz\u00e1cn\u00e1 a radostn\u00e1 setk\u00e1n\u00ed. (A jen u n\u011bkter\u00fdch jsem m\u011bl fotoapar\u00e1t.) Princ u\u017e nezavol\u00e1. V\u010dera po dlouh\u00e9 nemoci zem\u0159el. Anton\u00edn Bajaja (30. kv\u011btna 1942 Zl\u00edn\u2026","rel":"","context":"V \u201eFotografie\u201c","block_context":{"text":"Fotografie","link":"https:\/\/kotrla.com\/pmpro\/category\/fotografie\/"},"img":{"alt_text":"","src":"https:\/\/i0.wp.com\/kotrla.com\/pmpro\/wp-content\/uploads\/2022\/12\/2003_zlinsky_kveten_2003_019-150x150.jpg?resize=350%2C200&ssl=1","width":350,"height":200,"srcset":"https:\/\/i0.wp.com\/kotrla.com\/pmpro\/wp-content\/uploads\/2022\/12\/2003_zlinsky_kveten_2003_019-150x150.jpg?resize=350%2C200&ssl=1 1x, https:\/\/i0.wp.com\/kotrla.com\/pmpro\/wp-content\/uploads\/2022\/12\/2003_zlinsky_kveten_2003_019-150x150.jpg?resize=525%2C300&ssl=1 1.5x, https:\/\/i0.wp.com\/kotrla.com\/pmpro\/wp-content\/uploads\/2022\/12\/2003_zlinsky_kveten_2003_019-150x150.jpg?resize=700%2C400&ssl=1 2x, https:\/\/i0.wp.com\/kotrla.com\/pmpro\/wp-content\/uploads\/2022\/12\/2003_zlinsky_kveten_2003_019-150x150.jpg?resize=1050%2C600&ssl=1 3x, https:\/\/i0.wp.com\/kotrla.com\/pmpro\/wp-content\/uploads\/2022\/12\/2003_zlinsky_kveten_2003_019-150x150.jpg?resize=1400%2C800&ssl=1 4x"},"classes":[]},{"id":394,"url":"https:\/\/kotrla.com\/pmpro\/2007\/12\/mojmir-travnicek-ziskal-cenu-pro-amicis\/","url_meta":{"origin":142,"position":4},"title":"Mojm\u00edr Tr\u00e1vn\u00ed\u010dek z\u00edskal cenu Pro Amicis","author":"Pavel Kotrla","date":"5.12.2007","format":false,"excerpt":"Liter\u00e1rn\u00ed kritik a historik Mojm\u00edr Tr\u00e1vn\u00ed\u010dek, kter\u00fd je i dlouholet\u00fdm p\u0159isp\u011bvatelem Text\u016f, v\u010dera z\u00edskal presti\u017en\u00ed cenu Zl\u00ednsk\u00e9ho kraje. Pro jednoduchost p\u0159ipojuji odkaz na dne\u0161n\u00ed zpr\u00e1vu z Vala\u0161sk\u00e9ho den\u00edku [a p\u0159eb\u00edr\u00e1m fotku Michala Mikulenky, kdy\u017e u\u017e na n\u00ed s Daliborem tak p\u011bkn\u011b s kn\u00ed\u017ekou vypad\u00e1me ;)]: http:\/\/valassky.denik.cz\/zpravy_region\/oceneni20071205.html Pro \u00faplnost pak dod\u00e1v\u00e1m,\u2026","rel":"","context":"V \u201eLiteratura\u201c","block_context":{"text":"Literatura","link":"https:\/\/kotrla.com\/pmpro\/category\/literatura\/"},"img":{"alt_text":"Nov\u00e1 kniha Mojm\u00edra Tr\u00e1vn\u00ed\u010dka","src":"https:\/\/i0.wp.com\/kotrla.com\/pmpro\/images\/uploads\/dm_pk.jpg?resize=350%2C200&ssl=1","width":350,"height":200},"classes":[]},{"id":721,"url":"https:\/\/kotrla.com\/pmpro\/2005\/07\/zemrel-petr-kabes\/","url_meta":{"origin":142,"position":5},"title":"Zem\u0159el Petr Kabe\u0161","author":"Pavel Kotrla","date":"10.7.2005","format":false,"excerpt":"B\u00e1sn\u00edk, kter\u00fd pat\u0159il k m\u00fdm nejmilej\u0161\u00edm, b\u00fdval\u00fd \u0161\u00e9fredaktor legend\u00e1rn\u00edho \u010dasopisy Se\u0161ity. O jeho \u0161patn\u00e9m zdravotn\u00edm stavu jsem v\u011bd\u011bl od sv\u00fdch kamar\u00e1d\u016f, ale p\u0159esto mne tato zpr\u00e1va p\u0159ekvapila. Tak si p\u0159ipome\u0148me jeho poezii aspo\u0148 m\u00fdm textem nejobl\u00edben\u011bj\u0161\u00edm. naposled sestoup\u00edm do kan\u00e1l\u016f je\u0161t\u011b mn\u011b podpatek p\u0159i\u0161l\u00e1pne prsty kter\u00fdmi nad sebou zatahuju ro\u0161t\u2026","rel":"","context":"V \u201eLiteratura\u201c","block_context":{"text":"Literatura","link":"https:\/\/kotrla.com\/pmpro\/category\/literatura\/"},"img":{"alt_text":"","src":"","width":0,"height":0},"classes":[]}],"jetpack_sharing_enabled":true,"_links":{"self":[{"href":"https:\/\/kotrla.com\/pmpro\/wp-json\/wp\/v2\/posts\/142","targetHints":{"allow":["GET"]}}],"collection":[{"href":"https:\/\/kotrla.com\/pmpro\/wp-json\/wp\/v2\/posts"}],"about":[{"href":"https:\/\/kotrla.com\/pmpro\/wp-json\/wp\/v2\/types\/post"}],"author":[{"embeddable":true,"href":"https:\/\/kotrla.com\/pmpro\/wp-json\/wp\/v2\/users\/1"}],"replies":[{"embeddable":true,"href":"https:\/\/kotrla.com\/pmpro\/wp-json\/wp\/v2\/comments?post=142"}],"version-history":[{"count":0,"href":"https:\/\/kotrla.com\/pmpro\/wp-json\/wp\/v2\/posts\/142\/revisions"}],"wp:attachment":[{"href":"https:\/\/kotrla.com\/pmpro\/wp-json\/wp\/v2\/media?parent=142"}],"wp:term":[{"taxonomy":"category","embeddable":true,"href":"https:\/\/kotrla.com\/pmpro\/wp-json\/wp\/v2\/categories?post=142"},{"taxonomy":"post_tag","embeddable":true,"href":"https:\/\/kotrla.com\/pmpro\/wp-json\/wp\/v2\/tags?post=142"}],"curies":[{"name":"wp","href":"https:\/\/api.w.org\/{rel}","templated":true}]}}