{"id":14320,"date":"2026-04-26T10:46:46","date_gmt":"2026-04-26T09:46:46","guid":{"rendered":"https:\/\/kotrla.com\/pmpro\/?p=14320"},"modified":"2026-04-26T10:46:46","modified_gmt":"2026-04-26T09:46:46","slug":"jakub-kostelnik-punkva","status":"publish","type":"post","link":"https:\/\/kotrla.com\/pmpro\/2026\/04\/jakub-kostelnik-punkva\/","title":{"rendered":"Jakub Kosteln\u00edk \u2013 Punkva"},"content":{"rendered":"<p>Ohl\u00e9dnut\u00ed za v\u010derej\u0161\u00edm b\u00e1snick\u00fdm ve\u010derem ve Schlattauerov\u011b kav\u00e1rn\u011b ve Vala\u0161sk\u00e9m Mezi\u0159\u00ed\u010d\u00ed, kde<a href=\"https:\/\/www.databazeknih.cz\/zivotopis\/jakub-kostelnik-9170\"> Jakub Kosteln\u00edk<\/a> p\u0159edstavil svou sb\u00edrku <a href=\"https:\/\/protimluv.net\/publikace\/punkva\/\">Punkva<\/a>. Tu v lo\u0148sk\u00e9m roce vydalo nakladatelstv\u00ed <a href=\"https:\/\/protimluv.net\/\">Protimluv<\/a>. O uveden\u00ed se postaral b\u00e1sn\u00edk <a href=\"https:\/\/www.databazeknih.cz\/autori\/zdenek-volf-4380\">Zden\u011bk Volf<\/a>. P\u0159\u00edtomn\u00fd byl tak\u00e9 autor grafick\u00e9ho doprovodu sb\u00edrky socha\u0159 <a href=\"https:\/\/cs.wikipedia.org\/wiki\/Patrik_Vl%C4%8Dek\">Patrik Vl\u010dek<\/a>, kter\u00fd n\u011bkter\u00e9 z Jakubov\u00fdch text\u016f zhudebnil.<\/p>\n<figure id=\"attachment_14312\" aria-describedby=\"caption-attachment-14312\" style=\"width: 1600px\" class=\"wp-caption alignnone\"><a href=\"https:\/\/kotrla.com\/pmpro\/wp-content\/uploads\/2026\/04\/jakub_kostelnik_punkva_IMGP2276.jpg\"><img loading=\"lazy\" decoding=\"async\" class=\"size-full wp-image-14312\" src=\"https:\/\/kotrla.com\/pmpro\/wp-content\/uploads\/2026\/04\/jakub_kostelnik_punkva_IMGP2276.jpg\" alt=\"\" width=\"1600\" height=\"1067\" srcset=\"https:\/\/kotrla.com\/pmpro\/wp-content\/uploads\/2026\/04\/jakub_kostelnik_punkva_IMGP2276.jpg 1600w, https:\/\/kotrla.com\/pmpro\/wp-content\/uploads\/2026\/04\/jakub_kostelnik_punkva_IMGP2276-300x200.jpg 300w, https:\/\/kotrla.com\/pmpro\/wp-content\/uploads\/2026\/04\/jakub_kostelnik_punkva_IMGP2276-1024x683.jpg 1024w, https:\/\/kotrla.com\/pmpro\/wp-content\/uploads\/2026\/04\/jakub_kostelnik_punkva_IMGP2276-1536x1024.jpg 1536w\" sizes=\"auto, (max-width: 1600px) 100vw, 1600px\" \/><\/a><figcaption id=\"caption-attachment-14312\" class=\"wp-caption-text\">Jakub Kosteln\u00edk: Punkva<\/figcaption><\/figure>\n<div id='gallery-1' class='gallery galleryid-14320 gallery-columns-3 gallery-size-thumbnail'><figure class='gallery-item'>\n\t\t\t<div class='gallery-icon landscape'>\n\t\t\t\t<a href='https:\/\/kotrla.com\/pmpro\/jakub_kostelnik_punkva_imgp2265\/'><img loading=\"lazy\" decoding=\"async\" width=\"150\" height=\"150\" src=\"https:\/\/kotrla.com\/pmpro\/wp-content\/uploads\/2026\/04\/jakub_kostelnik_punkva_IMGP2265-150x150.jpg\" class=\"attachment-thumbnail size-thumbnail\" alt=\"\" srcset=\"https:\/\/kotrla.com\/pmpro\/wp-content\/uploads\/2026\/04\/jakub_kostelnik_punkva_IMGP2265-150x150.jpg 150w, https:\/\/kotrla.com\/pmpro\/wp-content\/uploads\/2026\/04\/jakub_kostelnik_punkva_IMGP2265-50x50.jpg 50w\" sizes=\"auto, (max-width: 150px) 100vw, 150px\" \/><\/a>\n\t\t\t<\/div><\/figure><figure class='gallery-item'>\n\t\t\t<div class='gallery-icon landscape'>\n\t\t\t\t<a href='https:\/\/kotrla.com\/pmpro\/zdenek-volf-2\/'><img loading=\"lazy\" decoding=\"async\" width=\"150\" height=\"150\" src=\"https:\/\/kotrla.com\/pmpro\/wp-content\/uploads\/2026\/04\/jakub_kostelnik_punkva_IMGP2267-150x150.jpg\" class=\"attachment-thumbnail size-thumbnail\" alt=\"\" aria-describedby=\"gallery-1-14307\" srcset=\"https:\/\/kotrla.com\/pmpro\/wp-content\/uploads\/2026\/04\/jakub_kostelnik_punkva_IMGP2267-150x150.jpg 150w, https:\/\/kotrla.com\/pmpro\/wp-content\/uploads\/2026\/04\/jakub_kostelnik_punkva_IMGP2267-50x50.jpg 50w\" sizes=\"auto, (max-width: 150px) 100vw, 150px\" \/><\/a>\n\t\t\t<\/div>\n\t\t\t\t<figcaption class='wp-caption-text gallery-caption' id='gallery-1-14307'>\n\t\t\t\tZden\u011bk Volf\n\t\t\t\t<\/figcaption><\/figure><figure class='gallery-item'>\n\t\t\t<div class='gallery-icon landscape'>\n\t\t\t\t<a href='https:\/\/kotrla.com\/pmpro\/zdenek-volf-3\/'><img loading=\"lazy\" decoding=\"async\" width=\"150\" height=\"150\" src=\"https:\/\/kotrla.com\/pmpro\/wp-content\/uploads\/2026\/04\/jakub_kostelnik_punkva_IMGP2268-150x150.jpg\" class=\"attachment-thumbnail size-thumbnail\" alt=\"\" aria-describedby=\"gallery-1-14308\" srcset=\"https:\/\/kotrla.com\/pmpro\/wp-content\/uploads\/2026\/04\/jakub_kostelnik_punkva_IMGP2268-150x150.jpg 150w, https:\/\/kotrla.com\/pmpro\/wp-content\/uploads\/2026\/04\/jakub_kostelnik_punkva_IMGP2268-50x50.jpg 50w\" sizes=\"auto, (max-width: 150px) 100vw, 150px\" \/><\/a>\n\t\t\t<\/div>\n\t\t\t\t<figcaption class='wp-caption-text gallery-caption' id='gallery-1-14308'>\n\t\t\t\tZden\u011bk Volf\n\t\t\t\t<\/figcaption><\/figure><figure class='gallery-item'>\n\t\t\t<div class='gallery-icon landscape'>\n\t\t\t\t<a href='https:\/\/kotrla.com\/pmpro\/jakub-kostelnik-2\/'><img loading=\"lazy\" decoding=\"async\" width=\"150\" height=\"150\" src=\"https:\/\/kotrla.com\/pmpro\/wp-content\/uploads\/2026\/04\/jakub_kostelnik_punkva_IMGP2285-150x150.jpg\" class=\"attachment-thumbnail size-thumbnail\" alt=\"\" aria-describedby=\"gallery-1-14316\" srcset=\"https:\/\/kotrla.com\/pmpro\/wp-content\/uploads\/2026\/04\/jakub_kostelnik_punkva_IMGP2285-150x150.jpg 150w, https:\/\/kotrla.com\/pmpro\/wp-content\/uploads\/2026\/04\/jakub_kostelnik_punkva_IMGP2285-50x50.jpg 50w\" sizes=\"auto, (max-width: 150px) 100vw, 150px\" \/><\/a>\n\t\t\t<\/div>\n\t\t\t\t<figcaption class='wp-caption-text gallery-caption' id='gallery-1-14316'>\n\t\t\t\tJakub Kosteln\u00edk\n\t\t\t\t<\/figcaption><\/figure><figure class='gallery-item'>\n\t\t\t<div class='gallery-icon landscape'>\n\t\t\t\t<a href='https:\/\/kotrla.com\/pmpro\/jakub-kostelnik-zdenek-volf-patrik-vlcek\/'><img loading=\"lazy\" decoding=\"async\" width=\"150\" height=\"150\" src=\"https:\/\/kotrla.com\/pmpro\/wp-content\/uploads\/2026\/04\/jakub_kostelnik_punkva_IMGP2284-150x150.jpg\" class=\"attachment-thumbnail size-thumbnail\" alt=\"\" aria-describedby=\"gallery-1-14315\" srcset=\"https:\/\/kotrla.com\/pmpro\/wp-content\/uploads\/2026\/04\/jakub_kostelnik_punkva_IMGP2284-150x150.jpg 150w, https:\/\/kotrla.com\/pmpro\/wp-content\/uploads\/2026\/04\/jakub_kostelnik_punkva_IMGP2284-50x50.jpg 50w\" sizes=\"auto, (max-width: 150px) 100vw, 150px\" \/><\/a>\n\t\t\t<\/div>\n\t\t\t\t<figcaption class='wp-caption-text gallery-caption' id='gallery-1-14315'>\n\t\t\t\tJakub Kosteln\u00edk, Zden\u011bk Volf, Patrik Vl\u010dek\n\t\t\t\t<\/figcaption><\/figure><figure class='gallery-item'>\n\t\t\t<div class='gallery-icon landscape'>\n\t\t\t\t<a href='https:\/\/kotrla.com\/pmpro\/jakub_kostelnik_punkva_imgp2281\/'><img loading=\"lazy\" decoding=\"async\" width=\"150\" height=\"150\" src=\"https:\/\/kotrla.com\/pmpro\/wp-content\/uploads\/2026\/04\/jakub_kostelnik_punkva_IMGP2281-150x150.jpg\" class=\"attachment-thumbnail size-thumbnail\" alt=\"\" srcset=\"https:\/\/kotrla.com\/pmpro\/wp-content\/uploads\/2026\/04\/jakub_kostelnik_punkva_IMGP2281-150x150.jpg 150w, https:\/\/kotrla.com\/pmpro\/wp-content\/uploads\/2026\/04\/jakub_kostelnik_punkva_IMGP2281-50x50.jpg 50w\" sizes=\"auto, (max-width: 150px) 100vw, 150px\" \/><\/a>\n\t\t\t<\/div><\/figure><figure class='gallery-item'>\n\t\t\t<div class='gallery-icon landscape'>\n\t\t\t\t<a href='https:\/\/kotrla.com\/pmpro\/jakub-kostelnik-a-zdenek-volf\/'><img loading=\"lazy\" decoding=\"async\" width=\"150\" height=\"150\" src=\"https:\/\/kotrla.com\/pmpro\/wp-content\/uploads\/2026\/04\/jakub_kostelnik_punkva_IMGP2279-150x150.jpg\" class=\"attachment-thumbnail size-thumbnail\" alt=\"\" aria-describedby=\"gallery-1-14313\" srcset=\"https:\/\/kotrla.com\/pmpro\/wp-content\/uploads\/2026\/04\/jakub_kostelnik_punkva_IMGP2279-150x150.jpg 150w, https:\/\/kotrla.com\/pmpro\/wp-content\/uploads\/2026\/04\/jakub_kostelnik_punkva_IMGP2279-50x50.jpg 50w\" sizes=\"auto, (max-width: 150px) 100vw, 150px\" \/><\/a>\n\t\t\t<\/div>\n\t\t\t\t<figcaption class='wp-caption-text gallery-caption' id='gallery-1-14313'>\n\t\t\t\tJakub Kosteln\u00edk a Zden\u011bk Volf\n\t\t\t\t<\/figcaption><\/figure><figure class='gallery-item'>\n\t\t\t<div class='gallery-icon landscape'>\n\t\t\t\t<a href='https:\/\/kotrla.com\/pmpro\/jakub_kostelnik_punkva_imgp2275\/'><img loading=\"lazy\" decoding=\"async\" width=\"150\" height=\"150\" src=\"https:\/\/kotrla.com\/pmpro\/wp-content\/uploads\/2026\/04\/jakub_kostelnik_punkva_IMGP2275-150x150.jpg\" class=\"attachment-thumbnail size-thumbnail\" alt=\"\" srcset=\"https:\/\/kotrla.com\/pmpro\/wp-content\/uploads\/2026\/04\/jakub_kostelnik_punkva_IMGP2275-150x150.jpg 150w, https:\/\/kotrla.com\/pmpro\/wp-content\/uploads\/2026\/04\/jakub_kostelnik_punkva_IMGP2275-50x50.jpg 50w\" sizes=\"auto, (max-width: 150px) 100vw, 150px\" \/><\/a>\n\t\t\t<\/div><\/figure><figure class='gallery-item'>\n\t\t\t<div class='gallery-icon landscape'>\n\t\t\t\t<a href='https:\/\/kotrla.com\/pmpro\/jakub_kostelnik_punkva_imgp2274\/'><img loading=\"lazy\" decoding=\"async\" width=\"150\" height=\"150\" src=\"https:\/\/kotrla.com\/pmpro\/wp-content\/uploads\/2026\/04\/jakub_kostelnik_punkva_IMGP2274-150x150.jpg\" class=\"attachment-thumbnail size-thumbnail\" alt=\"\" srcset=\"https:\/\/kotrla.com\/pmpro\/wp-content\/uploads\/2026\/04\/jakub_kostelnik_punkva_IMGP2274-150x150.jpg 150w, https:\/\/kotrla.com\/pmpro\/wp-content\/uploads\/2026\/04\/jakub_kostelnik_punkva_IMGP2274-50x50.jpg 50w\" sizes=\"auto, (max-width: 150px) 100vw, 150px\" \/><\/a>\n\t\t\t<\/div><\/figure><figure class='gallery-item'>\n\t\t\t<div class='gallery-icon landscape'>\n\t\t\t\t<a href='https:\/\/kotrla.com\/pmpro\/jakub-kostelnik\/'><img loading=\"lazy\" decoding=\"async\" width=\"150\" height=\"150\" src=\"https:\/\/kotrla.com\/pmpro\/wp-content\/uploads\/2026\/04\/jakub_kostelnik_punkva_IMGP2273-150x150.jpg\" class=\"attachment-thumbnail size-thumbnail\" alt=\"\" aria-describedby=\"gallery-1-14309\" srcset=\"https:\/\/kotrla.com\/pmpro\/wp-content\/uploads\/2026\/04\/jakub_kostelnik_punkva_IMGP2273-150x150.jpg 150w, https:\/\/kotrla.com\/pmpro\/wp-content\/uploads\/2026\/04\/jakub_kostelnik_punkva_IMGP2273-50x50.jpg 50w\" sizes=\"auto, (max-width: 150px) 100vw, 150px\" \/><\/a>\n\t\t\t<\/div>\n\t\t\t\t<figcaption class='wp-caption-text gallery-caption' id='gallery-1-14309'>\n\t\t\t\tJakub Kosteln\u00edk\n\t\t\t\t<\/figcaption><\/figure><figure class='gallery-item'>\n\t\t\t<div class='gallery-icon landscape'>\n\t\t\t\t<a href='https:\/\/kotrla.com\/pmpro\/patrik-vlcek-2\/'><img loading=\"lazy\" decoding=\"async\" width=\"150\" height=\"150\" src=\"https:\/\/kotrla.com\/pmpro\/wp-content\/uploads\/2026\/04\/jakub_kostelnik_punkva_IMGP2290-150x150.jpg\" class=\"attachment-thumbnail size-thumbnail\" alt=\"\" aria-describedby=\"gallery-1-14318\" srcset=\"https:\/\/kotrla.com\/pmpro\/wp-content\/uploads\/2026\/04\/jakub_kostelnik_punkva_IMGP2290-150x150.jpg 150w, https:\/\/kotrla.com\/pmpro\/wp-content\/uploads\/2026\/04\/jakub_kostelnik_punkva_IMGP2290-50x50.jpg 50w\" sizes=\"auto, (max-width: 150px) 100vw, 150px\" \/><\/a>\n\t\t\t<\/div>\n\t\t\t\t<figcaption class='wp-caption-text gallery-caption' id='gallery-1-14318'>\n\t\t\t\tPatrik Vl\u010dek\n\t\t\t\t<\/figcaption><\/figure><figure class='gallery-item'>\n\t\t\t<div class='gallery-icon landscape'>\n\t\t\t\t<a href='https:\/\/kotrla.com\/pmpro\/patrik-vlcek\/'><img loading=\"lazy\" decoding=\"async\" width=\"150\" height=\"150\" src=\"https:\/\/kotrla.com\/pmpro\/wp-content\/uploads\/2026\/04\/jakub_kostelnik_punkva_IMGP2289-150x150.jpg\" class=\"attachment-thumbnail size-thumbnail\" alt=\"\" aria-describedby=\"gallery-1-14317\" srcset=\"https:\/\/kotrla.com\/pmpro\/wp-content\/uploads\/2026\/04\/jakub_kostelnik_punkva_IMGP2289-150x150.jpg 150w, https:\/\/kotrla.com\/pmpro\/wp-content\/uploads\/2026\/04\/jakub_kostelnik_punkva_IMGP2289-50x50.jpg 50w\" sizes=\"auto, (max-width: 150px) 100vw, 150px\" \/><\/a>\n\t\t\t<\/div>\n\t\t\t\t<figcaption class='wp-caption-text gallery-caption' id='gallery-1-14317'>\n\t\t\t\tPatrik Vl\u010dek\n\t\t\t\t<\/figcaption><\/figure>\n\t\t<\/div>\n\n","protected":false},"excerpt":{"rendered":"<p>Ohl\u00e9dnut\u00ed za v\u010derej\u0161\u00edm b\u00e1snick\u00fdm ve\u010derem ve Schlattauerov\u011b kav\u00e1rn\u011b ve Vala\u0161sk\u00e9m Mezi\u0159\u00ed\u010d\u00ed, kde Jakub Kosteln\u00edk p\u0159edstavil svou sb\u00edrku Punkva. Tu v lo\u0148sk\u00e9m roce vydalo nakladatelstv\u00ed Protimluv. O uveden\u00ed se postaral b\u00e1sn\u00edk Zden\u011bk Volf. P\u0159\u00edtomn\u00fd byl tak\u00e9 autor grafick\u00e9ho doprovodu sb\u00edrky socha\u0159 Patrik Vl\u010dek, kter\u00fd n\u011bkter\u00e9 z Jakubov\u00fdch text\u016f zhudebnil.<\/p>\n","protected":false},"author":1,"featured_media":0,"comment_status":"open","ping_status":"open","sticky":false,"template":"","format":"standard","meta":{"site-sidebar-layout":"default","site-content-layout":"","ast-site-content-layout":"default","site-content-style":"default","site-sidebar-style":"default","ast-global-header-display":"","ast-banner-title-visibility":"","ast-main-header-display":"","ast-hfb-above-header-display":"","ast-hfb-below-header-display":"","ast-hfb-mobile-header-display":"","site-post-title":"","ast-breadcrumbs-content":"","ast-featured-img":"","footer-sml-layout":"","ast-disable-related-posts":"","theme-transparent-header-meta":"default","adv-header-id-meta":"","stick-header-meta":"","header-above-stick-meta":"","header-main-stick-meta":"","header-below-stick-meta":"","astra-migrate-meta-layouts":"set","ast-page-background-enabled":"default","ast-page-background-meta":{"desktop":{"background-color":"var(--ast-global-color-5)","background-image":"","background-repeat":"repeat","background-position":"center center","background-size":"auto","background-attachment":"scroll","background-type":"","background-media":"","overlay-type":"","overlay-color":"","overlay-opacity":"","overlay-gradient":""},"tablet":{"background-color":"","background-image":"","background-repeat":"repeat","background-position":"center center","background-size":"auto","background-attachment":"scroll","background-type":"","background-media":"","overlay-type":"","overlay-color":"","overlay-opacity":"","overlay-gradient":""},"mobile":{"background-color":"","background-image":"","background-repeat":"repeat","background-position":"center center","background-size":"auto","background-attachment":"scroll","background-type":"","background-media":"","overlay-type":"","overlay-color":"","overlay-opacity":"","overlay-gradient":""}},"ast-content-background-meta":{"desktop":{"background-color":"var(--ast-global-color-4)","background-image":"","background-repeat":"repeat","background-position":"center center","background-size":"auto","background-attachment":"scroll","background-type":"","background-media":"","overlay-type":"","overlay-color":"","overlay-opacity":"","overlay-gradient":""},"tablet":{"background-color":"var(--ast-global-color-4)","background-image":"","background-repeat":"repeat","background-position":"center center","background-size":"auto","background-attachment":"scroll","background-type":"","background-media":"","overlay-type":"","overlay-color":"","overlay-opacity":"","overlay-gradient":""},"mobile":{"background-color":"var(--ast-global-color-4)","background-image":"","background-repeat":"repeat","background-position":"center center","background-size":"auto","background-attachment":"scroll","background-type":"","background-media":"","overlay-type":"","overlay-color":"","overlay-opacity":"","overlay-gradient":""}},"jetpack_post_was_ever_published":false,"_jetpack_newsletter_access":"","_jetpack_dont_email_post_to_subs":false,"_jetpack_newsletter_tier_id":0,"_jetpack_memberships_contains_paywalled_content":false,"_jetpack_memberships_contains_paid_content":false,"footnotes":""},"categories":[1],"tags":[],"class_list":["post-14320","post","type-post","status-publish","format-standard","hentry","category-nezarazene"],"jetpack_featured_media_url":"","jetpack_shortlink":"https:\/\/wp.me\/p4mLP7-3IY","jetpack-related-posts":[{"id":11856,"url":"https:\/\/kotrla.com\/pmpro\/2024\/07\/neodvypravene-pribehy-rajka-grlice-na-letni-filmove-skole\/","url_meta":{"origin":14320,"position":0},"title":"Neodvypr\u00e1v\u011bn\u00e9 p\u0159\u00edb\u011bhy Rajka Grli\u010de na Letn\u00ed filmov\u00e9 \u0161kole","author":"Pavel Kotrla","date":"25.7.2024","format":false,"excerpt":"29.7. \/ 16:00 \/ Stan literatury a Nov\u00e9 reality \/ Uhersk\u00e9 Hradi\u0161t\u011b \/ Letn\u00ed filmov\u00e1 \u0161kola Neodvypr\u00e1v\u011bn\u00e9 p\u0159\u00edb\u011bhy p\u0159edstav\u00ed \u010desk\u00e9 souvislosti ze \u017eivota filmov\u00e9ho re\u017eis\u00e9ra Rajka Grli\u010de na Letn\u00ed filmov\u00e9 \u0161kole v Uhersk\u00e9m Hradi\u0161ti. Uk\u00e1zky z \u010desk\u00e9ho vyd\u00e1n\u00ed knihy p\u0159e\u010dte jej\u00ed p\u0159ekladatel Jakub Novosad. Chorvatsk\u00fd re\u017eis\u00e9r a absolvent pra\u017esk\u00e9 FAMU,\u2026","rel":"","context":"V \u201eKnihy\u201c","block_context":{"text":"Knihy","link":"https:\/\/kotrla.com\/pmpro\/category\/knihy\/"},"img":{"alt_text":"","src":"https:\/\/i0.wp.com\/kotrla.com\/pmpro\/wp-content\/uploads\/2024\/07\/grlic_lfs.jpg?resize=350%2C200&ssl=1","width":350,"height":200,"srcset":"https:\/\/i0.wp.com\/kotrla.com\/pmpro\/wp-content\/uploads\/2024\/07\/grlic_lfs.jpg?resize=350%2C200&ssl=1 1x, https:\/\/i0.wp.com\/kotrla.com\/pmpro\/wp-content\/uploads\/2024\/07\/grlic_lfs.jpg?resize=525%2C300&ssl=1 1.5x, https:\/\/i0.wp.com\/kotrla.com\/pmpro\/wp-content\/uploads\/2024\/07\/grlic_lfs.jpg?resize=700%2C400&ssl=1 2x, https:\/\/i0.wp.com\/kotrla.com\/pmpro\/wp-content\/uploads\/2024\/07\/grlic_lfs.jpg?resize=1050%2C600&ssl=1 3x, https:\/\/i0.wp.com\/kotrla.com\/pmpro\/wp-content\/uploads\/2024\/07\/grlic_lfs.jpg?resize=1400%2C800&ssl=1 4x"},"classes":[]},{"id":3373,"url":"https:\/\/kotrla.com\/pmpro\/2017\/10\/z-vcerejsiho-capovskeho-vecera\/","url_meta":{"origin":14320,"position":1},"title":"Z v\u010derej\u0161\u00edho \u010d\u00e1povsk\u00e9ho ve\u010dera","author":"Pavel Kotrla","date":"11.10.2017","format":false,"excerpt":"V\u010derej\u0161\u00ed ve\u010der ve vset\u00ednsk\u00e9 knihovn\u011b s Franti\u0161kem \u010c\u00e1pem, jeho filmy, a taky filmov\u00fdm klubem a knihou, kterou jsme spole\u010dn\u011b vydali.","rel":"","context":"V \u201eKnihy\u201c","block_context":{"text":"Knihy","link":"https:\/\/kotrla.com\/pmpro\/category\/knihy\/"},"img":{"alt_text":"Ji\u0159\u00ed Fiala a Milan Kosteln\u00edk","src":"https:\/\/i0.wp.com\/kotrla.com\/pmpro\/wp-content\/uploads\/2017\/10\/vecer_cap_IMGP1221-150x150.jpg?resize=350%2C200&ssl=1","width":350,"height":200,"srcset":"https:\/\/i0.wp.com\/kotrla.com\/pmpro\/wp-content\/uploads\/2017\/10\/vecer_cap_IMGP1221-150x150.jpg?resize=350%2C200&ssl=1 1x, https:\/\/i0.wp.com\/kotrla.com\/pmpro\/wp-content\/uploads\/2017\/10\/vecer_cap_IMGP1221-150x150.jpg?resize=525%2C300&ssl=1 1.5x, https:\/\/i0.wp.com\/kotrla.com\/pmpro\/wp-content\/uploads\/2017\/10\/vecer_cap_IMGP1221-150x150.jpg?resize=700%2C400&ssl=1 2x, https:\/\/i0.wp.com\/kotrla.com\/pmpro\/wp-content\/uploads\/2017\/10\/vecer_cap_IMGP1221-150x150.jpg?resize=1050%2C600&ssl=1 3x, https:\/\/i0.wp.com\/kotrla.com\/pmpro\/wp-content\/uploads\/2017\/10\/vecer_cap_IMGP1221-150x150.jpg?resize=1400%2C800&ssl=1 4x"},"classes":[]},{"id":3136,"url":"https:\/\/kotrla.com\/pmpro\/2017\/04\/19-vsetinsky-filmovy-maraton\/","url_meta":{"origin":14320,"position":2},"title":"19. vset\u00ednsk\u00fd filmov\u00fd maraton","author":"Pavel Kotrla","date":"24.4.2017","format":false,"excerpt":"Devaten\u00e1ct\u00fd vset\u00ednsk\u00fd filmov\u00fd maraton, po\u0159\u00e1dan\u00fd Filmov\u00fdm klubem Vset\u00edn, byl v\u011bnov\u00e1n p\u0159edev\u0161\u00edm nov\u00e9mu slovinsk\u00e9mu filmu a pak i jeho v\u00fdznamn\u00e9 osobnosti, kter\u00e1 je neodmysliteln\u011b spojena i s \u010desk\u00fdm filmem, Franti\u0161ku \u010c\u00e1povi. Festival slavnostn\u011b zah\u00e1jilo prom\u00edt\u00e1n\u00ed filmu Slovinka, a to\u00a0za osobn\u00ed \u00fa\u010dasti re\u017eis\u00e9ra Damjana Kozoleho. Festival doprov\u00e1zely i dv\u011b v\u00fdstavy. Prvn\u00ed byla\u2026","rel":"","context":"V \u201eOsobn\u00ed\u201c","block_context":{"text":"Osobn\u00ed","link":"https:\/\/kotrla.com\/pmpro\/category\/osobni\/"},"img":{"alt_text":"","src":"https:\/\/i0.wp.com\/kotrla.com\/pmpro\/wp-content\/uploads\/2017\/04\/filmovy_maraton_IMGP0245.jpg?resize=350%2C200&ssl=1","width":350,"height":200,"srcset":"https:\/\/i0.wp.com\/kotrla.com\/pmpro\/wp-content\/uploads\/2017\/04\/filmovy_maraton_IMGP0245.jpg?resize=350%2C200&ssl=1 1x, https:\/\/i0.wp.com\/kotrla.com\/pmpro\/wp-content\/uploads\/2017\/04\/filmovy_maraton_IMGP0245.jpg?resize=525%2C300&ssl=1 1.5x, https:\/\/i0.wp.com\/kotrla.com\/pmpro\/wp-content\/uploads\/2017\/04\/filmovy_maraton_IMGP0245.jpg?resize=700%2C400&ssl=1 2x, https:\/\/i0.wp.com\/kotrla.com\/pmpro\/wp-content\/uploads\/2017\/04\/filmovy_maraton_IMGP0245.jpg?resize=1050%2C600&ssl=1 3x, https:\/\/i0.wp.com\/kotrla.com\/pmpro\/wp-content\/uploads\/2017\/04\/filmovy_maraton_IMGP0245.jpg?resize=1400%2C800&ssl=1 4x"},"classes":[]},{"id":3672,"url":"https:\/\/kotrla.com\/pmpro\/2018\/04\/jakub-rehak-ve-vsetine\/","url_meta":{"origin":14320,"position":3},"title":"Jakub \u0158eh\u00e1k ve Vset\u00edn\u011b","author":"Pavel Kotrla","date":"17.4.2018","format":false,"excerpt":"Ze \u010dten\u00ed ve vset\u00ednsk\u00e9 knihovn\u011b z 5. 4. 2018.","rel":"","context":"V \u201eFotografie\u201c","block_context":{"text":"Fotografie","link":"https:\/\/kotrla.com\/pmpro\/category\/fotografie\/"},"img":{"alt_text":"Jakub \u0158eh\u00e1k","src":"https:\/\/i0.wp.com\/kotrla.com\/pmpro\/wp-content\/uploads\/2018\/04\/jakub_rehak_IMGP4028.jpg?resize=350%2C200&ssl=1","width":350,"height":200,"srcset":"https:\/\/i0.wp.com\/kotrla.com\/pmpro\/wp-content\/uploads\/2018\/04\/jakub_rehak_IMGP4028.jpg?resize=350%2C200&ssl=1 1x, https:\/\/i0.wp.com\/kotrla.com\/pmpro\/wp-content\/uploads\/2018\/04\/jakub_rehak_IMGP4028.jpg?resize=525%2C300&ssl=1 1.5x, https:\/\/i0.wp.com\/kotrla.com\/pmpro\/wp-content\/uploads\/2018\/04\/jakub_rehak_IMGP4028.jpg?resize=700%2C400&ssl=1 2x, https:\/\/i0.wp.com\/kotrla.com\/pmpro\/wp-content\/uploads\/2018\/04\/jakub_rehak_IMGP4028.jpg?resize=1050%2C600&ssl=1 3x, https:\/\/i0.wp.com\/kotrla.com\/pmpro\/wp-content\/uploads\/2018\/04\/jakub_rehak_IMGP4028.jpg?resize=1400%2C800&ssl=1 4x"},"classes":[]},{"id":3250,"url":"https:\/\/kotrla.com\/pmpro\/2017\/07\/slovinsky-film-a-frantisek-cap\/","url_meta":{"origin":14320,"position":4},"title":"Slovinsk\u00fd film a Franti\u0161ek \u010c\u00e1p","author":"Pavel Kotrla","date":"31.7.2017","format":false,"excerpt":"T\u0159et\u00ed kniha m\u00e9ho jednomu\u017en\u00e9ho nakladatelstv\u00ed, tentokr\u00e1t vydan\u00e1 ve spolupr\u00e1ci s Filmov\u00fdm klubem Vset\u00edn. Jsem se letos n\u011bjak rozjel... (ale u\u017e brzd\u00edme). Inici\u00e1torem knihy je Milan Kosteln\u00edk, editorkou Marie Bare\u0161ov\u00e1, redaktorem Martin Luk\u00e1\u0161 a p\u0159eklady ze slovin\u0161tiny po\u0159\u00eddila Jana \u0160nytov\u00e1. K\u0159est knihy prob\u011bhne v r\u00e1mci vernis\u00e1\u017ee v\u00fdstavy Franti\u0161ek \u010c\u00e1p, a to\u2026","rel":"","context":"V \u201eKnihy\u201c","block_context":{"text":"Knihy","link":"https:\/\/kotrla.com\/pmpro\/category\/knihy\/"},"img":{"alt_text":"Slovinsk\u00fd film a Franti\u0161ek \u010c\u00e1p","src":"https:\/\/i0.wp.com\/kotrla.com\/pmpro\/wp-content\/uploads\/2017\/07\/slovinsky_film_a_frantisek_cap.png?resize=350%2C200&ssl=1","width":350,"height":200,"srcset":"https:\/\/i0.wp.com\/kotrla.com\/pmpro\/wp-content\/uploads\/2017\/07\/slovinsky_film_a_frantisek_cap.png?resize=350%2C200&ssl=1 1x, https:\/\/i0.wp.com\/kotrla.com\/pmpro\/wp-content\/uploads\/2017\/07\/slovinsky_film_a_frantisek_cap.png?resize=525%2C300&ssl=1 1.5x, https:\/\/i0.wp.com\/kotrla.com\/pmpro\/wp-content\/uploads\/2017\/07\/slovinsky_film_a_frantisek_cap.png?resize=700%2C400&ssl=1 2x, https:\/\/i0.wp.com\/kotrla.com\/pmpro\/wp-content\/uploads\/2017\/07\/slovinsky_film_a_frantisek_cap.png?resize=1050%2C600&ssl=1 3x, https:\/\/i0.wp.com\/kotrla.com\/pmpro\/wp-content\/uploads\/2017\/07\/slovinsky_film_a_frantisek_cap.png?resize=1400%2C800&ssl=1 4x"},"classes":[]},{"id":9690,"url":"https:\/\/kotrla.com\/pmpro\/2022\/06\/cetli-jsme-ve-zline\/","url_meta":{"origin":14320,"position":5},"title":"\u010cetli jsme ve Zl\u00edn\u011b","author":"Pavel Kotrla","date":"6.6.2022","format":false,"excerpt":"A \u010detli jsme s Kubou Chrob\u00e1kem i ve Zl\u00edn\u011b. Velkokav\u00e1rna Gulliver m\u00e1 skv\u011blou atmosf\u00e9ru a fajn majitele! N\u00e1v\u0161t\u011bvu doporu\u010duju!","rel":"","context":"V \u201eLiteratura\u201c","block_context":{"text":"Literatura","link":"https:\/\/kotrla.com\/pmpro\/category\/literatura\/"},"img":{"alt_text":"","src":"https:\/\/i0.wp.com\/kotrla.com\/pmpro\/wp-content\/uploads\/2022\/06\/cteni_zlin_IMGP0907.jpg?resize=350%2C200&ssl=1","width":350,"height":200,"srcset":"https:\/\/i0.wp.com\/kotrla.com\/pmpro\/wp-content\/uploads\/2022\/06\/cteni_zlin_IMGP0907.jpg?resize=350%2C200&ssl=1 1x, https:\/\/i0.wp.com\/kotrla.com\/pmpro\/wp-content\/uploads\/2022\/06\/cteni_zlin_IMGP0907.jpg?resize=525%2C300&ssl=1 1.5x, https:\/\/i0.wp.com\/kotrla.com\/pmpro\/wp-content\/uploads\/2022\/06\/cteni_zlin_IMGP0907.jpg?resize=700%2C400&ssl=1 2x, https:\/\/i0.wp.com\/kotrla.com\/pmpro\/wp-content\/uploads\/2022\/06\/cteni_zlin_IMGP0907.jpg?resize=1050%2C600&ssl=1 3x, https:\/\/i0.wp.com\/kotrla.com\/pmpro\/wp-content\/uploads\/2022\/06\/cteni_zlin_IMGP0907.jpg?resize=1400%2C800&ssl=1 4x"},"classes":[]}],"jetpack_sharing_enabled":true,"_links":{"self":[{"href":"https:\/\/kotrla.com\/pmpro\/wp-json\/wp\/v2\/posts\/14320","targetHints":{"allow":["GET"]}}],"collection":[{"href":"https:\/\/kotrla.com\/pmpro\/wp-json\/wp\/v2\/posts"}],"about":[{"href":"https:\/\/kotrla.com\/pmpro\/wp-json\/wp\/v2\/types\/post"}],"author":[{"embeddable":true,"href":"https:\/\/kotrla.com\/pmpro\/wp-json\/wp\/v2\/users\/1"}],"replies":[{"embeddable":true,"href":"https:\/\/kotrla.com\/pmpro\/wp-json\/wp\/v2\/comments?post=14320"}],"version-history":[{"count":1,"href":"https:\/\/kotrla.com\/pmpro\/wp-json\/wp\/v2\/posts\/14320\/revisions"}],"predecessor-version":[{"id":14321,"href":"https:\/\/kotrla.com\/pmpro\/wp-json\/wp\/v2\/posts\/14320\/revisions\/14321"}],"wp:attachment":[{"href":"https:\/\/kotrla.com\/pmpro\/wp-json\/wp\/v2\/media?parent=14320"}],"wp:term":[{"taxonomy":"category","embeddable":true,"href":"https:\/\/kotrla.com\/pmpro\/wp-json\/wp\/v2\/categories?post=14320"},{"taxonomy":"post_tag","embeddable":true,"href":"https:\/\/kotrla.com\/pmpro\/wp-json\/wp\/v2\/tags?post=14320"}],"curies":[{"name":"wp","href":"https:\/\/api.w.org\/{rel}","templated":true}]}}