{"id":146,"date":"2011-06-22T15:29:20","date_gmt":"2011-06-22T14:29:20","guid":{"rendered":"http:\/\/kotrla.com\/wordpress\/?p=146"},"modified":"2019-11-20T22:39:12","modified_gmt":"2019-11-20T21:39:12","slug":"kulturni-noviny-na-startu","status":"publish","type":"post","link":"https:\/\/kotrla.com\/pmpro\/2011\/06\/kulturni-noviny-na-startu\/","title":{"rendered":"Kulturn\u00ed noviny na startu"},"content":{"rendered":"<p><img loading=\"lazy\" decoding=\"async\" src=\"https:\/\/kotrla.com\/pmpro\/images\/uploads\/kulturni_noviny_2011.jpg\" border=\"0\" alt=\"Kulturn\u00ed noviny\" width=\"420\" height=\"81\" \/><\/p>\n<p>Minul\u00fd t\u00fdden jsme se do\u010dkali dlouho o\u010dek\u00e1van\u00e9ho pravideln\u00e9ho zah\u00e1jen\u00ed vyd\u00e1v\u00e1n\u00ed <a href=\"http:\/\/www.kulturni-noviny.cz\">Kulturn\u00edch novin<\/a>. Bylo to dlouh\u00e9 <a href=\"https:\/\/kotrla.com\/pmpro\/index.php\/site\/comments\/kulturni_noviny_v_bode_0\/\">\u010dek\u00e1n\u00ed<\/a>, ale t\u00fdm pod veden\u00edm Ji\u0159\u00edho Plocka sv\u016fj z\u00e1m\u011br prvn\u00edho medi\u00e1ln\u00edho dru\u017estva snad zd\u00e1rn\u011b dot\u00e1hl k prvn\u00edmu miln\u00edku a zah\u00e1jil vyd\u00e1v\u00e1n\u00ed nov\u00e9ho periodika s podtitulem <i>Prvn\u00ed dru\u017estevn\u00ed list pro spole\u010dnost, politiku, v\u011bdu a um\u011bn\u00ed<\/i>. \u010ctrn\u00e1ctidenn\u00edk zah\u00e1j\u00ed svou \u010dinnost pr\u00e1zdninov\u00fdmi dvoj\u010d\u00edsly, pravideln\u011b pak bude vych\u00e1zet od z\u00e1\u0159\u00ed. Avizovan\u00e1 cena je 29 K\u010d za vyd\u00e1n\u00ed, v p\u0159edplatn\u00e9m pak 25 K\u010d.<br \/>\nNov\u00fd titul to nebude m\u00edt lehk\u00e9. Humbuk okolo p\u0159evzet\u00ed Liter\u00e1rn\u00edch novin, kter\u00fd mu sv\u00e9ho \u010dasu mohl pomoci,  ji\u017e odezn\u011bl, medi\u00e1ln\u00ed z\u00e1jem je prozat\u00edm mal\u00fd. Liter\u00e1rn\u00ed noviny si tu svou udr\u017eely. A da\u0159\u00ed se jim p\u0159in\u00e1\u0161et jak zaj\u00edmav\u00e1 jm\u00e9na, tak i zaj\u00edmav\u00e1 t\u00e9mata, by\u0165 ne v\u017edy v ka\u017ed\u00e9m \u010d\u00edsle. <br \/>\nKulturn\u00ed noviny si svou \u010dten\u00e1\u0159skou z\u00e1kladnu budou teprve muset vybudovat. Nebude to nic lehk\u00e9ho. To, co m\u016f\u017ee p\u0159it\u00e1hnout, je zvolen\u00fd model dru\u017estva. M\u016f\u017ee b\u00fdt zaj\u00edmav\u00fdm. Ale tak\u00e9 nemus\u00ed. Bude z\u00e1le\u017eet na \u010dlenech, z\u00edskan\u00fdch financ\u00edch. Ot\u00e1zkou je tak\u00e9 distribuce. Sta\u010d\u00ed se pod\u00edvat na st\u00e1vaj\u00edc\u00ed situaci. Dvakr\u00e1t se titul neprod\u00e1 a pot\u0159et\u00ed ve st\u00e1nku hled\u00e1te marn\u011b. A p\u0159edplatit si titul?<br \/>\nAbych \u0159ekl pravdu, u prvn\u00edho regul\u00e9rn\u00edho \u010d\u00edsla jsem (vzhledem k \u010dek\u00e1n\u00ed)o\u010dek\u00e1val n\u011bjak\u00e9 v\u00fdrazn\u011bj\u0161\u00ed p\u0159\u00edsp\u011bvky, o kter\u00fdch by se dalo diskutovat a kter\u00e9 by vyvolaly \u0161ir\u0161\u00ed ohlas. Ty jsem zat\u00edm nena\u0161el. Ale na druhou stranu &#8211; nebyl jsem ani zklam\u00e1n. <br \/>\nPokud se mi n\u011bco nepozd\u00e1valo, tak zvolen\u00e9 p\u00edsmo. Dal bych p\u0159ednost n\u011bjak\u00e9mu se siln\u011bj\u0161\u00edmi tahy, za norm\u00e1ln\u00edch okolnost\u00ed asi posta\u010d\u00ed, ale t\u0159eba v autobusu se mi \u010detlo \u0161patn\u011b. A d\u00e1le mi trochu vadilo, \u017ee \u010dl\u00e1nek na tituln\u00ed stran\u011b neobsahuje odkaz na pokra\u010dov\u00e1n\u00ed a pokra\u010dov\u00e1n\u00ed na \u00favodn\u00ed \u010d\u00e1st. Ale to jsou jen d\u011btsk\u00e9 nemoci, kter\u00e9 snad pominou.<br \/>\nNa nov\u00e9 noviny se t\u011b\u0161\u00edm. Uvid\u00edme, jak se jim bude da\u0159it.<\/p>\n<p><img loading=\"lazy\" decoding=\"async\" src=\"https:\/\/kotrla.com\/pmpro\/images\/uploads\/jiri_plocek_IGP6077.jpg\" border=\"0\" alt=\"Ji\u0159\u00ed Plocek\" width=\"420\" height=\"287\" \/><\/p>\n<div align=\"center\"><i>\u0161\u00e9fredaktor Ji\u0159\u00ed Plocek<\/i><\/div>\n","protected":false},"excerpt":{"rendered":"<p>Minul\u00fd t\u00fdden jsme se do\u010dkali dlouho o\u010dek\u00e1van\u00e9ho pravideln\u00e9ho zah\u00e1jen\u00ed vyd\u00e1v\u00e1n\u00ed Kulturn\u00edch novin. Bylo to dlouh\u00e9 \u010dek\u00e1n\u00ed, ale t\u00fdm pod veden\u00edm Ji\u0159\u00edho Plocka sv\u016fj z\u00e1m\u011br prvn\u00edho medi\u00e1ln\u00edho dru\u017estva snad zd\u00e1rn\u011b dot\u00e1hl k prvn\u00edmu miln\u00edku a zah\u00e1jil vyd\u00e1v\u00e1n\u00ed nov\u00e9ho periodika s podtitulem Prvn\u00ed dru\u017estevn\u00ed list pro spole\u010dnost, politiku, v\u011bdu a um\u011bn\u00ed. \u010ctrn\u00e1ctidenn\u00edk zah\u00e1j\u00ed svou \u010dinnost pr\u00e1zdninov\u00fdmi dvoj\u010d\u00edsly, [&hellip;]<\/p>\n","protected":false},"author":1,"featured_media":0,"comment_status":"open","ping_status":"open","sticky":false,"template":"","format":"standard","meta":{"site-sidebar-layout":"default","site-content-layout":"","ast-site-content-layout":"default","site-content-style":"default","site-sidebar-style":"default","ast-global-header-display":"","ast-banner-title-visibility":"","ast-main-header-display":"","ast-hfb-above-header-display":"","ast-hfb-below-header-display":"","ast-hfb-mobile-header-display":"","site-post-title":"","ast-breadcrumbs-content":"","ast-featured-img":"","footer-sml-layout":"","ast-disable-related-posts":"","theme-transparent-header-meta":"","adv-header-id-meta":"","stick-header-meta":"","header-above-stick-meta":"","header-main-stick-meta":"","header-below-stick-meta":"","astra-migrate-meta-layouts":"default","ast-page-background-enabled":"default","ast-page-background-meta":{"desktop":{"background-color":"var(--ast-global-color-5)","background-image":"","background-repeat":"repeat","background-position":"center center","background-size":"auto","background-attachment":"scroll","background-type":"","background-media":"","overlay-type":"","overlay-color":"","overlay-opacity":"","overlay-gradient":""},"tablet":{"background-color":"","background-image":"","background-repeat":"repeat","background-position":"center center","background-size":"auto","background-attachment":"scroll","background-type":"","background-media":"","overlay-type":"","overlay-color":"","overlay-opacity":"","overlay-gradient":""},"mobile":{"background-color":"","background-image":"","background-repeat":"repeat","background-position":"center center","background-size":"auto","background-attachment":"scroll","background-type":"","background-media":"","overlay-type":"","overlay-color":"","overlay-opacity":"","overlay-gradient":""}},"ast-content-background-meta":{"desktop":{"background-color":"var(--ast-global-color-4)","background-image":"","background-repeat":"repeat","background-position":"center center","background-size":"auto","background-attachment":"scroll","background-type":"","background-media":"","overlay-type":"","overlay-color":"","overlay-opacity":"","overlay-gradient":""},"tablet":{"background-color":"var(--ast-global-color-4)","background-image":"","background-repeat":"repeat","background-position":"center center","background-size":"auto","background-attachment":"scroll","background-type":"","background-media":"","overlay-type":"","overlay-color":"","overlay-opacity":"","overlay-gradient":""},"mobile":{"background-color":"var(--ast-global-color-4)","background-image":"","background-repeat":"repeat","background-position":"center center","background-size":"auto","background-attachment":"scroll","background-type":"","background-media":"","overlay-type":"","overlay-color":"","overlay-opacity":"","overlay-gradient":""}},"jetpack_post_was_ever_published":false,"_jetpack_newsletter_access":"","_jetpack_dont_email_post_to_subs":false,"_jetpack_newsletter_tier_id":0,"_jetpack_memberships_contains_paywalled_content":false,"_jetpack_memberships_contains_paid_content":false,"footnotes":""},"categories":[6,7,2],"tags":[],"class_list":["post-146","post","type-post","status-publish","format-standard","hentry","category-ctenarsky-denik","category-fotografie","category-literatura"],"jetpack_featured_media_url":"","jetpack_shortlink":"https:\/\/wp.me\/p4mLP7-2m","jetpack-related-posts":[{"id":236,"url":"https:\/\/kotrla.com\/pmpro\/2009\/12\/kulturni-noviny-v-bode-nula\/","url_meta":{"origin":146,"position":0},"title":"Kulturn\u00ed noviny v bod\u011b nula","author":"Pavel Kotrla","date":"18.12.2009","format":false,"excerpt":"Tak i ke mn\u011b se kone\u010dn\u011b dostaly Kulturn\u00ed noviny (nult\u00e9 \u010d\u00edslo je zde ke sta\u017een\u00ed v PDF) spojen\u00e9 s lidmi z p\u0159edoran\u017eov\u00e1ch Liter\u00e1rn\u00edch novin. Jedn\u00e1 se o nult\u00e9 \u010d\u00edslo, kter\u00e9 je dostupn\u00e9 zdarma. Kde v\u0161ude a jak prob\u00edh\u00e1 distribuce nev\u00edm. Jedn\u00e1 se o projekt d\u0159\u00edve dostupn\u00fd na adrese http:\/\/polemos.cz ,\u2026","rel":"","context":"V \u201e\u010cten\u00e1\u0159sk\u00fd den\u00edk\u201c","block_context":{"text":"\u010cten\u00e1\u0159sk\u00fd den\u00edk","link":"https:\/\/kotrla.com\/pmpro\/category\/ctenarsky-denik\/"},"img":{"alt_text":"Tituln\u00ed str\u00e1nka nult\u00e9ho \u010d\u00edsla Kulturn\u00edch novin","src":"https:\/\/i0.wp.com\/kotrla.com\/pmpro\/images\/uploads\/kulturni_noviny_00.gif?resize=350%2C200&ssl=1","width":350,"height":200},"classes":[]},{"id":361,"url":"https:\/\/kotrla.com\/pmpro\/2008\/03\/na-okraj-starych-literarnich-novin\/","url_meta":{"origin":146,"position":1},"title":"Na okraj star\u00fdch Liter\u00e1rn\u00edch novin","author":"Pavel Kotrla","date":"16.3.2008","format":false,"excerpt":"V minul\u00fdch m\u011bs\u00edc\u00edch jsem kamar\u00e1d\u016fm ve sv\u00e9m okol\u00ed nab\u00edzel zhruba patn\u00e1ct ro\u010dn\u00edk\u016f Liter\u00e1rn\u00edch novin z konce a za\u010d\u00e1tku tis\u00edcilet\u00ed. P\u0159ece jenom, ani bar\u00e1k nen\u00ed nafukovac\u00ed. Necht\u011bl nikdo. N\u011bkomu tak\u00e9 le\u017e\u00ed ve sklep\u011b, jin\u00e9mu zak\u00e1zala \u017eena atd. No nic. D\u00e1t je do sb\u011bru je sice tak\u00e9 mo\u017enost, druhou je vyu\u017e\u00edt je\u2026","rel":"","context":"V \u201e\u010cten\u00e1\u0159sk\u00fd den\u00edk\u201c","block_context":{"text":"\u010cten\u00e1\u0159sk\u00fd den\u00edk","link":"https:\/\/kotrla.com\/pmpro\/category\/ctenarsky-denik\/"},"img":{"alt_text":"","src":"","width":0,"height":0},"classes":[]},{"id":223,"url":"https:\/\/kotrla.com\/pmpro\/2010\/02\/literarky-se-zas-daji-cist\/","url_meta":{"origin":146,"position":2},"title":"Liter\u00e1rky se zas daj\u00ed \u010d\u00edst","author":"Pavel Kotrla","date":"19.2.2010","format":false,"excerpt":"U\u017e jsem v to ani nedoufal, ale posledn\u00ed \u010d\u00edsla Liter\u00e1rn\u00edch novin mne znovu p\u0159esv\u011bd\u010dila o tom, \u017ee si zaslou\u017e\u00ed mou pozornost. Redesign do modern\u00ed a p\u0159ehledn\u00e9 typografie periodiku jedin\u011b prosp\u011bl, stejn\u011b tak i design jejich port\u00e1lu (postaven\u00fd na Joomla) zaslou\u017e\u00ed pochvalu. Pravda, cena 35 K\u010d za \u010d\u00edslo novin nepova\u017euji za\u2026","rel":"","context":"V \u201eLiteratura\u201c","block_context":{"text":"Literatura","link":"https:\/\/kotrla.com\/pmpro\/category\/literatura\/"},"img":{"alt_text":"Ti\u0161t\u011bn\u00e1 verze Liter\u00e1rn\u00edch novin 2010","src":"https:\/\/i0.wp.com\/kotrla.com\/pmpro\/images\/uploads\/ltn_2010_print.jpg?resize=350%2C200&ssl=1","width":350,"height":200},"classes":[]},{"id":128,"url":"https:\/\/kotrla.com\/pmpro\/2011\/10\/ctenar-casopisu-kontexty-protestant-kulturni-noviny\/","url_meta":{"origin":146,"position":3},"title":"\u010cten\u00e1\u0159 \u010dasopis\u016f: Kontexty, Protestant, Kulturn\u00ed noviny","author":"Pavel Kotrla","date":"25.10.2011","format":false,"excerpt":"Posledn\u00ed dobou mne zaujala dv\u011b periodika. Sv\u00fdm zp\u016fsobem si jsou bl\u00edzk\u00e1, na druhou stranu p\u0159edstavuj\u00ed ur\u010ditou opozici. A ani jedno nen\u00ed p\u0159\u00edmo liter\u00e1rn\u00ed, mo\u017en\u00e1, \u017ee ku prosp\u011bchu v\u011bci. Prvn\u00edm je brn\u011bnsk\u00e1 revue Kontexty, kter\u00e1 vznikla slou\u010den\u00edm St\u0159edn\u00ed Evropy, Proglasu a Revue Politika. Z ka\u017ed\u00e9ho nov\u00e9ho \u010d\u00edsla m\u00e1m radost, \u010dtu s\u2026","rel":"","context":"V \u201e\u010cten\u00e1\u0159sk\u00fd den\u00edk\u201c","block_context":{"text":"\u010cten\u00e1\u0159sk\u00fd den\u00edk","link":"https:\/\/kotrla.com\/pmpro\/category\/ctenarsky-denik\/"},"img":{"alt_text":"","src":"","width":0,"height":0},"classes":[]},{"id":8,"url":"https:\/\/kotrla.com\/pmpro\/2014\/02\/ctenar-casopisu-literarni-noviny-12014\/","url_meta":{"origin":146,"position":4},"title":"\u010cten\u00e1\u0159 \u010dasopis\u016f: Liter\u00e1rn\u00ed noviny 1\/2014","author":"Pavel Kotrla","date":"4.2.2014","format":false,"excerpt":"Kdy\u017e liter\u00e1rn\u00ed noviny ohl\u00e1sily z\u00e1v\u011brem lo\u0148sk\u00e9ho roku p\u0159echod z t\u00fdden\u00edku na periodu m\u011bs\u00ed\u010dn\u00ed, nepova\u017eoval jsem to za velkou trag\u00e9di\u00ed. M\u00e1lokdy jsem je stejn\u011b sta\u010dil p\u0159e\u010d\u00edst v posledn\u00edm roce cel\u00e9. Sp\u00ed\u0161 mne zpravidla \u010d\u00e1st obsahu neoslovila, nap\u0159\u00edklad pro mne zbytn\u00e1 p\u0159\u00edloha Harmonie. Sliboval jsem si, \u017ee budu sv\u011bdkem n\u011bjak\u00e9 z\u00e1sadn\u011bj\u0161\u00ed prom\u011bny,\u2026","rel":"","context":"V \u201e\u010cten\u00e1\u0159sk\u00fd den\u00edk\u201c","block_context":{"text":"\u010cten\u00e1\u0159sk\u00fd den\u00edk","link":"https:\/\/kotrla.com\/pmpro\/category\/ctenarsky-denik\/"},"img":{"alt_text":"","src":"","width":0,"height":0},"classes":[]},{"id":332,"url":"https:\/\/kotrla.com\/pmpro\/2008\/08\/z-bloku-03-binarni-svetlo-binarni-tma\/","url_meta":{"origin":146,"position":5},"title":"Z bloku 03: Bin\u00e1rn\u00ed sv\u011btlo, bin\u00e1rn\u00ed tma","author":"Pavel Kotrla","date":"15.8.2008","format":false,"excerpt":"Sloupek vy\u0161el v Tvaru \u010d. 13 (27.06.2008) Svou malou m\u011brou se pod\u00edl\u00edm na vyd\u00e1v\u00e1n\u00ed Aluze (http:\/\/aluze.cz), revue pro literaturu, filozofii a jin\u00e9, o kter\u00e9m pravd\u011bpodobn\u011b \u010d\u00e1st \u010dten\u00e1\u0159\u016f Tvaru minim\u00e1ln\u011b zaslechla. V lo\u0148sk\u00e9m roce do\u0161lo k drobn\u00e9 metamorf\u00f3ze. Jej\u00ed ti\u0161t\u011bn\u00e1 podoba zanikla a nyn\u00ed vych\u00e1z\u00ed jen v elektronick\u00e9 podob\u011b. Okolnosti, kter\u00e9\u2026","rel":"","context":"V \u201eSloupky pro Tvar\u201c","block_context":{"text":"Sloupky pro Tvar","link":"https:\/\/kotrla.com\/pmpro\/category\/sloupky-pro-tvar\/"},"img":{"alt_text":"","src":"","width":0,"height":0},"classes":[]}],"jetpack_sharing_enabled":true,"_links":{"self":[{"href":"https:\/\/kotrla.com\/pmpro\/wp-json\/wp\/v2\/posts\/146","targetHints":{"allow":["GET"]}}],"collection":[{"href":"https:\/\/kotrla.com\/pmpro\/wp-json\/wp\/v2\/posts"}],"about":[{"href":"https:\/\/kotrla.com\/pmpro\/wp-json\/wp\/v2\/types\/post"}],"author":[{"embeddable":true,"href":"https:\/\/kotrla.com\/pmpro\/wp-json\/wp\/v2\/users\/1"}],"replies":[{"embeddable":true,"href":"https:\/\/kotrla.com\/pmpro\/wp-json\/wp\/v2\/comments?post=146"}],"version-history":[{"count":0,"href":"https:\/\/kotrla.com\/pmpro\/wp-json\/wp\/v2\/posts\/146\/revisions"}],"wp:attachment":[{"href":"https:\/\/kotrla.com\/pmpro\/wp-json\/wp\/v2\/media?parent=146"}],"wp:term":[{"taxonomy":"category","embeddable":true,"href":"https:\/\/kotrla.com\/pmpro\/wp-json\/wp\/v2\/categories?post=146"},{"taxonomy":"post_tag","embeddable":true,"href":"https:\/\/kotrla.com\/pmpro\/wp-json\/wp\/v2\/tags?post=146"}],"curies":[{"name":"wp","href":"https:\/\/api.w.org\/{rel}","templated":true}]}}